{"id":95492,"date":"2019-08-13T15:36:09","date_gmt":"2019-08-13T13:36:09","guid":{"rendered":"http:\/\/www.radiopiu.net\/wordpress\/?p=95492"},"modified":"2019-08-13T15:36:09","modified_gmt":"2019-08-13T13:36:09","slug":"doposcuola-dopo-villabruna-anche-a-foen","status":"publish","type":"post","link":"https:\/\/www.radiopiu.net\/wordpress\/doposcuola-dopo-villabruna-anche-a-foen\/","title":{"rendered":"DOPOSCUOLA, DOPO VILLABRUNA ANCHE A FOEN\u00a0"},"content":{"rendered":"<h3><\/h3>\n<p><strong><a class=\"dt-pswp-item\" href=\"http:\/\/www.radiopiu.net\/wordpress\/wp-content\/uploads\/2019\/08\/IMG_20190811_113213.jpg\" data-dt-img-description=\"\" data-large_image_width=\"5312\" data-large_image_height=\"2988\"><img loading=\"lazy\" decoding=\"async\" class=\" wp-image-95490 alignleft\" src=\"http:\/\/www.radiopiu.net\/wordpress\/wp-content\/uploads\/2019\/08\/IMG_20190811_113213-300x169.jpg\" alt=\"\" width=\"250\" height=\"141\" srcset=\"https:\/\/www.radiopiu.net\/wordpress\/wp-content\/uploads\/2019\/08\/IMG_20190811_113213-300x169.jpg 300w, https:\/\/www.radiopiu.net\/wordpress\/wp-content\/uploads\/2019\/08\/IMG_20190811_113213-768x432.jpg 768w, https:\/\/www.radiopiu.net\/wordpress\/wp-content\/uploads\/2019\/08\/IMG_20190811_113213-1024x576.jpg 1024w\" sizes=\"auto, (max-width: 250px) 100vw, 250px\" \/><\/a>FELTRE<\/strong> Il Comune di Feltre, nell&#8217;ambito delle proprie politiche attive a favore delle famiglie e dell&#8217;infanzia, ha inteso alimentare i doposcuola nati e gestiti su iniziativa delle famiglie. Dopo la positiva esperienza del doposcuola di Villabruna, grazie al progetto &#8220;Luoghi e non luoghi. I bambini abitano il territorio&#8221;, selezionato dall&#8217;Impresa sociale \u201cCon i Bambini\u201d nell\u2019ambito del Fondo per il contrasto della povert\u00e0 educativa minorile, la Cooperativa Societ\u00e0 Nuova avvier\u00e0 un nuovo servizio di doposcuola nella frazione di Foen (presso la sala parrocchiale) e proseguir\u00e0 nell\u2019erogazione di quello gi\u00e0 attivato nella frazione di Villabruna, con rette agevolate.\u00a0 L&#8217;intento \u00e8 dare continuit\u00e0 ad un servizio ben funzionante e molto apprezzato a Villabruna (dai primi 6 iscritti del 2016 ai 25 del 2019) e sostenere le necessit\u00e0 espresse dai genitori della frazione di Foen, dove il servizio scolastico \u00e8 a tempo normale.<\/p>\n<blockquote><p><em>\u201cRaddoppiare il doposcuola offerto ai bambini e alle loro famiglie, con l\u2019avvio del servizio anche a Foen, costituisce per noi un duplice motivo di soddisfazione\u201d, sottolinea l\u2019assessora alle politiche sociali e della famiglia Debora Nicoletto. \u201cAnzitutto perch\u00e9 siamo cos\u00ec in grado di allargare la platea dei beneficiari di un servizio oggi fondamentale per molti nuclei familiari a tariffa agevolata e tale quindi da non incidere in maniera pesante sull\u2019economia domestica; in secondo luogo perch\u00e9 questa iniziativa costituisce un altro importante passo sulla via del coinvolgimento del territorio e dei cittadini per una gestione partecipativa delle politiche sociali e familiari, in cui l\u2019amministrazione comunale \u00e8 volano e facilitatore di una governance condivisa&#8221;<\/em><\/p><\/blockquote>\n","protected":false},"excerpt":{"rendered":"<p>FELTRE Il Comune di Feltre, nell&#8217;ambito delle proprie politiche attive a favore delle famiglie e dell&#8217;infanzia, ha inteso alimentare i doposcuola nati e gestiti su iniziativa delle famiglie. Dopo la positiva esperienza del doposcuola di Villabruna, grazie al progetto &#8220;Luoghi e non luoghi. I bambini abitano il territorio&#8221;, selezionato dall&#8217;Impresa sociale \u201cCon i Bambini\u201d nell\u2019ambito&hellip;<\/p>\n","protected":false},"author":1,"featured_media":95490,"comment_status":"closed","ping_status":"closed","sticky":false,"template":"","format":"standard","meta":{"_monsterinsights_skip_tracking":false,"_monsterinsights_sitenote_active":false,"_monsterinsights_sitenote_note":"","_monsterinsights_sitenote_category":0,"footnotes":""},"categories":[49],"tags":[],"class_list":["post-95492","post","type-post","status-publish","format-standard","has-post-thumbnail","hentry","category-news-18","category-49","description-off"],"img_url":"https:\/\/www.radiopiu.net\/wordpress\/wp-content\/uploads\/2019\/08\/IMG_20190811_113213.jpg","_links":{"self":[{"href":"https:\/\/www.radiopiu.net\/wordpress\/wp-json\/wp\/v2\/posts\/95492","targetHints":{"allow":["GET"]}}],"collection":[{"href":"https:\/\/www.radiopiu.net\/wordpress\/wp-json\/wp\/v2\/posts"}],"about":[{"href":"https:\/\/www.radiopiu.net\/wordpress\/wp-json\/wp\/v2\/types\/post"}],"author":[{"embeddable":true,"href":"https:\/\/www.radiopiu.net\/wordpress\/wp-json\/wp\/v2\/users\/1"}],"replies":[{"embeddable":true,"href":"https:\/\/www.radiopiu.net\/wordpress\/wp-json\/wp\/v2\/comments?post=95492"}],"version-history":[{"count":0,"href":"https:\/\/www.radiopiu.net\/wordpress\/wp-json\/wp\/v2\/posts\/95492\/revisions"}],"wp:featuredmedia":[{"embeddable":true,"href":"https:\/\/www.radiopiu.net\/wordpress\/wp-json\/wp\/v2\/media\/95490"}],"wp:attachment":[{"href":"https:\/\/www.radiopiu.net\/wordpress\/wp-json\/wp\/v2\/media?parent=95492"}],"wp:term":[{"taxonomy":"category","embeddable":true,"href":"https:\/\/www.radiopiu.net\/wordpress\/wp-json\/wp\/v2\/categories?post=95492"},{"taxonomy":"post_tag","embeddable":true,"href":"https:\/\/www.radiopiu.net\/wordpress\/wp-json\/wp\/v2\/tags?post=95492"}],"curies":[{"name":"wp","href":"https:\/\/api.w.org\/{rel}","templated":true}]}}