{"id":95508,"date":"2019-08-13T23:59:52","date_gmt":"2019-08-13T21:59:52","guid":{"rendered":"http:\/\/www.radiopiu.net\/wordpress\/?p=95508"},"modified":"2019-08-13T16:48:07","modified_gmt":"2019-08-13T14:48:07","slug":"ledizione-numero-35-a-cusighe-della-festa-del-pesce-con-isp-di-renato-bona","status":"publish","type":"post","link":"https:\/\/www.radiopiu.net\/wordpress\/ledizione-numero-35-a-cusighe-della-festa-del-pesce-con-isp-di-renato-bona\/","title":{"rendered":"L\u2019EDIZIONE NUMERO 35 A CUSIGHE DELLA \u201cFESTA DEL PESCE\u201d CON ISP di RENATO BONA"},"content":{"rendered":"<p>Trentacinquesima edizione a Cusighe di Belluno della classica \u201cFesta del pesce \u201c che i gruppi di volontariato missionario Isp \u201cInsieme si pu\u00f2\u2026 Onlus\u201d propongono da venerd\u00ec 23 a domenica 25 nelle collaudate strutture della Parrocchia di Cusighe guidata da don Gino Dal Borgo. L\u2019iniziativa si prefigge il nobile scopo di raccogliere fondi da devolvere a favore di un \u201cDormitorio femminile per le giovani studentesse del Palabek refugee settlement\u201d nel nord dell\u2019Uganda. Nel campo di Palabek &#8211; spiegano i promotori della festa &#8211; vivono centinaia di migliaia di rifugiati provenienti dal Sud Sudan e l\u201986 per cento sono giovani donne e bambini\u201d. I salesiani che operano in zona hanno riferito che \u00e8 un problema creare scuole per questi bambini e ragazzi (attualmente sono state realizzate tre scuole infanzia e primaria). La professionale che da poco \u00e8 stata avviata &#8211; si pu\u00f2 leggere in un pieghevole che annuncia la Festa &#8211; \u00e8 una risposta concreta alla progettazione pensata sullo sviluppo e non solo sulla mera fase di emergenza. Ora si evidenzia il problema della fruibilit\u00e0 di questa scuola e della garanzia di sicurezza per le ragazze e le giovani madri che la frequentano se \u00e8 vero come \u00e8 vero che le casette del campo dove molte di loro vivono dista dai 2 ai 6 chilometri dalla struttura. Nasce da qui l\u2019idea di collaborare &#8211; \u201cricordando Rodolfo\u201d &#8211; alla realizzazione di un dormitorio con ottanta posti-letto destinato appunto alle studentesse affinch\u00e9 possano rimanere all\u2019interno della scuola durante tutta la settimana scolastica, evitando i rischi degli spostamenti e \u201cla continua, costretta condivisione di spazi angusti con gente sconosciuta nelle proprie casette\u201d. L\u2019azione di \u201cInsieme si pu\u00f2\u2026\u201d \u00e8 fondata sulla cooperazione con le comunit\u00e0 e i partners locali nell\u2019attivazione di progetti di sviluppo sociale ed economico a lungo termine che coinvolgano le popolazioni beneficiarie dell\u2019aiuto, offrendo loro i mezzi per un sostentamento sostenibile e duraturo e nello stesso tempo chiamandole a partecipare direttamente al programma, al fine di una loro proficua responsabilizzazione Questo l\u2019organigramma di \u201cInsieme si pu\u00f2\u2026\u201d: Daniele Giaffredo, direttore; Piergiorgio Da Rold, coordinatore dei gruppi; Rita Battiston, amministrazione; Federica De Carli, formazione; Francesca Gaio, progetti locali; Mariachiara Luongo, sostegno a distanza; Davide Moro, raccolta fondi; presidente Luigi Da Corte; vicepresidente Edy Battiston; coordinamento: Diego Belli, Alessandro Burigo, Giuseppina Casagrande, Miriam Casanova, Carla Dazzi, Anna Della Lucia, Mauro Giatti, Sergio Lacedelli, Giorgio Roncada, Angela Rui; componenti dell\u2019organo di controllo i dottori: Francesco De Bortoli, Brigida Marta e Salvatore Sciortino. Ed eccoci al programma della Festa del pesce di Cusighe che contempla durante tutta la manifestazione la \u201cstorica pesca di beneficenza\u201d: venerd\u00ec 23 alle 19,30 apertura della cucina che proporr\u00e0 come specialit\u00e0 del giorno: polenta e baccal\u00e0, seppie con piselli, paella; dalle 21 \u201cPartyAmo con dj Set, Matteo Schiavinotto &amp; Matteo Bez\u201d. Sabato 24: alle 9 inizia il Torneo di calcio saponato; alle 19 apertura della cucina (specialit\u00e0 del giorno: paste con sughi di pesce, polenta e baccal\u00e0, seppie con piselli); dalle 21musica con dj Mema. Gran finale domenica 25: alle 12 apertura della cucina (specialit\u00e0 del giorno, anche per la sera: frittura mista, insalata di mare,paste con sughi di pesce, sarde alla griglia, seppie con piselli); dalle 17,30 la finalissima del torneo; alle 19 riapertura della cucina; alle 20.premiazioni del torneo; dalle 21 musica con \u201cI Jurassic\u201d.<\/p>\n\n\t\t\t<style type='text\/css'>\n\t\t\t\t#gallery-1 {\n\t\t\t\t\tmargin: auto;\n\t\t\t\t}\n\t\t\t\t#gallery-1 .gallery-item {\n\t\t\t\t\tfloat: left;\n\t\t\t\t\tmargin-top: 10px;\n\t\t\t\t\ttext-align: center;\n\t\t\t\t\twidth: 33%;\n\t\t\t\t}\n\t\t\t\t#gallery-1 img {\n\t\t\t\t\tborder: 2px solid #cfcfcf;\n\t\t\t\t}\n\t\t\t\t#gallery-1 .gallery-caption {\n\t\t\t\t\tmargin-left: 0;\n\t\t\t\t}\n\t\t\t\t\/* see gallery_shortcode() in wp-includes\/media.php *\/\n\t\t\t<\/style>\n\t\t<div id='gallery-1' class='dt-gallery-container gallery galleryid-95508 gallery-columns-3 gallery-size-thumbnail'><dl class='gallery-item'>\n\t\t\t\t<dt class='gallery-icon landscape'>\n\t\t\t\t\t<a class=\"rollover\" href='https:\/\/www.radiopiu.net\/wordpress\/ledizione-numero-35-a-cusighe-della-festa-del-pesce-con-isp-di-renato-bona\/69250072_488289498650738_1376928435917553664_n\/'><img loading=\"lazy\" decoding=\"async\" width=\"150\" height=\"150\" src=\"https:\/\/www.radiopiu.net\/wordpress\/wp-content\/uploads\/2019\/08\/69250072_488289498650738_1376928435917553664_n-150x150.jpg\" class=\"attachment-thumbnail size-thumbnail\" alt=\"\" \/><\/a>\n\t\t\t\t<\/dt><\/dl><dl class='gallery-item'>\n\t\t\t\t<dt class='gallery-icon landscape'>\n\t\t\t\t\t<a class=\"rollover\" href='https:\/\/www.radiopiu.net\/wordpress\/ledizione-numero-35-a-cusighe-della-festa-del-pesce-con-isp-di-renato-bona\/68441938_2287063041362854_6116800270144897024_n\/'><img loading=\"lazy\" decoding=\"async\" width=\"150\" height=\"150\" src=\"https:\/\/www.radiopiu.net\/wordpress\/wp-content\/uploads\/2019\/08\/68441938_2287063041362854_6116800270144897024_n-150x150.jpg\" class=\"attachment-thumbnail size-thumbnail\" alt=\"\" \/><\/a>\n\t\t\t\t<\/dt><\/dl><dl class='gallery-item'>\n\t\t\t\t<dt class='gallery-icon landscape'>\n\t\t\t\t\t<a class=\"rollover\" href='https:\/\/www.radiopiu.net\/wordpress\/ledizione-numero-35-a-cusighe-della-festa-del-pesce-con-isp-di-renato-bona\/67823512_2421314498081937_8698146524950953984_n\/'><img loading=\"lazy\" decoding=\"async\" width=\"150\" height=\"150\" src=\"https:\/\/www.radiopiu.net\/wordpress\/wp-content\/uploads\/2019\/08\/67823512_2421314498081937_8698146524950953984_n-150x150.jpg\" class=\"attachment-thumbnail size-thumbnail\" alt=\"\" srcset=\"https:\/\/www.radiopiu.net\/wordpress\/wp-content\/uploads\/2019\/08\/67823512_2421314498081937_8698146524950953984_n-150x150.jpg 150w, https:\/\/www.radiopiu.net\/wordpress\/wp-content\/uploads\/2019\/08\/67823512_2421314498081937_8698146524950953984_n-300x300.jpg 300w, https:\/\/www.radiopiu.net\/wordpress\/wp-content\/uploads\/2019\/08\/67823512_2421314498081937_8698146524950953984_n-768x765.jpg 768w, https:\/\/www.radiopiu.net\/wordpress\/wp-content\/uploads\/2019\/08\/67823512_2421314498081937_8698146524950953984_n.jpg 960w\" sizes=\"auto, (max-width: 150px) 100vw, 150px\" \/><\/a>\n\t\t\t\t<\/dt><\/dl><br style=\"clear: both\" \/><dl class='gallery-item'>\n\t\t\t\t<dt class='gallery-icon landscape'>\n\t\t\t\t\t<a class=\"rollover\" href='https:\/\/www.radiopiu.net\/wordpress\/ledizione-numero-35-a-cusighe-della-festa-del-pesce-con-isp-di-renato-bona\/68377213_350889205801438_1975064032738017280_n\/'><img loading=\"lazy\" decoding=\"async\" width=\"150\" height=\"150\" src=\"https:\/\/www.radiopiu.net\/wordpress\/wp-content\/uploads\/2019\/08\/68377213_350889205801438_1975064032738017280_n-150x150.jpg\" class=\"attachment-thumbnail size-thumbnail\" alt=\"\" \/><\/a>\n\t\t\t\t<\/dt><\/dl><dl class='gallery-item'>\n\t\t\t\t<dt class='gallery-icon landscape'>\n\t\t\t\t\t<a class=\"rollover\" href='https:\/\/www.radiopiu.net\/wordpress\/ledizione-numero-35-a-cusighe-della-festa-del-pesce-con-isp-di-renato-bona\/68748318_497697754138287_7235293651914457088_n\/'><img loading=\"lazy\" decoding=\"async\" width=\"150\" height=\"150\" src=\"https:\/\/www.radiopiu.net\/wordpress\/wp-content\/uploads\/2019\/08\/68748318_497697754138287_7235293651914457088_n-150x150.jpg\" class=\"attachment-thumbnail size-thumbnail\" alt=\"\" \/><\/a>\n\t\t\t\t<\/dt><\/dl><dl class='gallery-item'>\n\t\t\t\t<dt class='gallery-icon portrait'>\n\t\t\t\t\t<a class=\"rollover\" href='https:\/\/www.radiopiu.net\/wordpress\/ledizione-numero-35-a-cusighe-della-festa-del-pesce-con-isp-di-renato-bona\/67875006_1325597997616320_4052462846783520768_n\/'><img loading=\"lazy\" decoding=\"async\" width=\"150\" height=\"150\" src=\"https:\/\/www.radiopiu.net\/wordpress\/wp-content\/uploads\/2019\/08\/67875006_1325597997616320_4052462846783520768_n-150x150.jpg\" class=\"attachment-thumbnail size-thumbnail\" alt=\"\" \/><\/a>\n\t\t\t\t<\/dt><\/dl><br style=\"clear: both\" \/>\n\t\t\t<\/div>\n\n<p><strong>NELLE FOTO<\/strong> (Bellunopress Dolomiti, Adorable Belluno, Renato Bona, Sito 365giorni): L\u2019annuncio della festa di Cusighe; momenti di precedenti edizioni; le strutture della Parrocchia che ospiteranno la \u201ctre giorni Isp\u201d.<\/p>\n","protected":false},"excerpt":{"rendered":"<p>Trentacinquesima edizione a Cusighe di Belluno della classica \u201cFesta del pesce \u201c che i gruppi di volontariato missionario Isp \u201cInsieme si pu\u00f2\u2026 Onlus\u201d propongono da venerd\u00ec 23 a domenica 25 nelle collaudate strutture della Parrocchia di Cusighe guidata da don Gino Dal Borgo. L\u2019iniziativa si prefigge il nobile scopo di raccogliere fondi da devolvere a&hellip;<\/p>\n","protected":false},"author":1,"featured_media":95512,"comment_status":"closed","ping_status":"closed","sticky":false,"template":"","format":"standard","meta":{"_monsterinsights_skip_tracking":false,"_monsterinsights_sitenote_active":false,"_monsterinsights_sitenote_note":"","_monsterinsights_sitenote_category":0,"footnotes":""},"categories":[49],"tags":[],"class_list":["post-95508","post","type-post","status-publish","format-standard","has-post-thumbnail","hentry","category-news-18","category-49","description-off"],"img_url":"https:\/\/www.radiopiu.net\/wordpress\/wp-content\/uploads\/2019\/08\/69250072_488289498650738_1376928435917553664_n.jpg","_links":{"self":[{"href":"https:\/\/www.radiopiu.net\/wordpress\/wp-json\/wp\/v2\/posts\/95508","targetHints":{"allow":["GET"]}}],"collection":[{"href":"https:\/\/www.radiopiu.net\/wordpress\/wp-json\/wp\/v2\/posts"}],"about":[{"href":"https:\/\/www.radiopiu.net\/wordpress\/wp-json\/wp\/v2\/types\/post"}],"author":[{"embeddable":true,"href":"https:\/\/www.radiopiu.net\/wordpress\/wp-json\/wp\/v2\/users\/1"}],"replies":[{"embeddable":true,"href":"https:\/\/www.radiopiu.net\/wordpress\/wp-json\/wp\/v2\/comments?post=95508"}],"version-history":[{"count":0,"href":"https:\/\/www.radiopiu.net\/wordpress\/wp-json\/wp\/v2\/posts\/95508\/revisions"}],"wp:featuredmedia":[{"embeddable":true,"href":"https:\/\/www.radiopiu.net\/wordpress\/wp-json\/wp\/v2\/media\/95512"}],"wp:attachment":[{"href":"https:\/\/www.radiopiu.net\/wordpress\/wp-json\/wp\/v2\/media?parent=95508"}],"wp:term":[{"taxonomy":"category","embeddable":true,"href":"https:\/\/www.radiopiu.net\/wordpress\/wp-json\/wp\/v2\/categories?post=95508"},{"taxonomy":"post_tag","embeddable":true,"href":"https:\/\/www.radiopiu.net\/wordpress\/wp-json\/wp\/v2\/tags?post=95508"}],"curies":[{"name":"wp","href":"https:\/\/api.w.org\/{rel}","templated":true}]}}