{"id":95644,"date":"2019-08-14T23:59:15","date_gmt":"2019-08-14T21:59:15","guid":{"rendered":"http:\/\/www.radiopiu.net\/wordpress\/?p=95644"},"modified":"2019-08-16T06:05:17","modified_gmt":"2019-08-16T04:05:17","slug":"quando-a-radio-piu-le-opinioni-sono-importanti-al-pari-di-quelle-di-tecnici-politici-e-amministratori","status":"publish","type":"post","link":"https:\/\/www.radiopiu.net\/wordpress\/quando-a-radio-piu-le-opinioni-sono-importanti-al-pari-di-quelle-di-tecnici-politici-e-amministratori\/","title":{"rendered":"QUANDO A RADIO PIU&#8217; LE OPINIONI SONO IMPORTANTI AL PARI DI QUELLE DI TECNICI, POLITICI E AMMINISTRATORI"},"content":{"rendered":"<div class=\"moz-text-html\" lang=\"x-western\">\n<div><strong>DA FALCADE<\/strong><br \/>\n<strong>RODOLFO PELLEGRINON<\/strong><\/div>\n<div><\/div>\n<div dir=\"ltr\">\n<div><strong><em><span style=\"font-size: x-large;\">Mi riferisco all\u2019incrocio di Cencenighe che causa notevoli disagi alla viabilit\u00e0 Agordina.<\/span><\/em><\/strong><\/div>\n<div><strong><em><span style=\"font-size: x-large;\">In questi giorni assistiamo a code chilometriche gi\u00e0 dalla galleria di Listolade e sulla statale proveniente da Falcade. <\/span><\/em><\/strong><strong><em><span style=\"font-size: x-large;\">Mi chiedo: \u00e8 cos\u00ec difficoltoso per gli addetti ai lavori studiare una soluzione che metta fine a\u00a0 questa deplorevole situazione ?<\/span><\/em><\/strong><\/div>\n<div><strong><em><span style=\"font-size: x-large;\"><a class=\"dt-pswp-item\" href=\"http:\/\/www.radiopiu.net\/wordpress\/wp-content\/uploads\/2019\/08\/WhatsApp-Image-2019-08-10-at-12.13.35-1.jpeg\" data-dt-img-description=\"\" data-large_image_width=\"800\" data-large_image_height=\"1600\"><img loading=\"lazy\" decoding=\"async\" class=\"size-medium wp-image-95645 alignleft\" src=\"http:\/\/www.radiopiu.net\/wordpress\/wp-content\/uploads\/2019\/08\/WhatsApp-Image-2019-08-10-at-12.13.35-1-150x300.jpeg\" alt=\"\" width=\"150\" height=\"300\" srcset=\"https:\/\/www.radiopiu.net\/wordpress\/wp-content\/uploads\/2019\/08\/WhatsApp-Image-2019-08-10-at-12.13.35-1-150x300.jpeg 150w, https:\/\/www.radiopiu.net\/wordpress\/wp-content\/uploads\/2019\/08\/WhatsApp-Image-2019-08-10-at-12.13.35-1-768x1536.jpeg 768w, https:\/\/www.radiopiu.net\/wordpress\/wp-content\/uploads\/2019\/08\/WhatsApp-Image-2019-08-10-at-12.13.35-1-512x1024.jpeg 512w, https:\/\/www.radiopiu.net\/wordpress\/wp-content\/uploads\/2019\/08\/WhatsApp-Image-2019-08-10-at-12.13.35-1.jpeg 800w\" sizes=\"auto, (max-width: 150px) 100vw, 150px\" \/><\/a>Ricordo il bivio di Ponte nelle Alpi che causava altrettanti inconvenienti con disagi e perdite di tempo per tutti noi che salivamo dalla bassa verso il bellunese. Ebbene, anche se con ritardi inspiegabili, si \u00e8 trovata la soluzione. <\/span><\/em><\/strong><strong><em><span style=\"font-size: x-large;\">Per il nodo di Cencenighe sono anni che se ne parla. A questo punto sono convinto che politici, amministratori e burocrati vari dalle loro poltrone in un comodo ufficio non vedano o facciano finta di non vedere la gravit\u00e0 del problema.<\/span><\/em><\/strong><\/div>\n<\/div>\n<\/div>\n<div><\/div>\n<blockquote>\n<div>Anche stamane coda per pi\u00f9 di 2 ore da Agordo a Cencenighe, a passo d&#8217;uomo o bloccata all&#8217;imbocco della galleria. Motociclisti in sorpasso ben oltre la mezzeria e rischi di sinistri continui con i veicoli in direzione contraria. Per l&#8217;ennesima volta i furbi l&#8217;hanno fatta franca, ovvero coloro che hanno imboccato a Taibon la ciclabile per arrivare prima in coda a Listolade, un chilometro dopo rischiando di travolgere gruppi di ciclisti, un bimbo ci dicono e&#8217; finito nel prato per evitare l&#8217;imbecille di turno. SItuazione segnalata da inizio estate. Quante sanzioni sono state comminate? C&#8217;\u00e8 stato un minimo controllo? (mm)<\/div>\n<\/blockquote>\n","protected":false},"excerpt":{"rendered":"<p>DA FALCADE RODOLFO PELLEGRINON Mi riferisco all\u2019incrocio di Cencenighe che causa notevoli disagi alla viabilit\u00e0 Agordina. In questi giorni assistiamo a code chilometriche gi\u00e0 dalla galleria di Listolade e sulla statale proveniente da Falcade. Mi chiedo: \u00e8 cos\u00ec difficoltoso per gli addetti ai lavori studiare una soluzione che metta fine a\u00a0 questa deplorevole situazione ?&hellip;<\/p>\n","protected":false},"author":1,"featured_media":95645,"comment_status":"closed","ping_status":"closed","sticky":false,"template":"","format":"standard","meta":{"_monsterinsights_skip_tracking":false,"_monsterinsights_sitenote_active":false,"_monsterinsights_sitenote_note":"","_monsterinsights_sitenote_category":0,"footnotes":""},"categories":[103,49],"tags":[],"class_list":["post-95644","post","type-post","status-publish","format-standard","has-post-thumbnail","hentry","category-evidenza_2","category-news-18","category-103","category-49","description-off"],"img_url":"https:\/\/www.radiopiu.net\/wordpress\/wp-content\/uploads\/2019\/08\/WhatsApp-Image-2019-08-10-at-12.13.35-1.jpeg","_links":{"self":[{"href":"https:\/\/www.radiopiu.net\/wordpress\/wp-json\/wp\/v2\/posts\/95644","targetHints":{"allow":["GET"]}}],"collection":[{"href":"https:\/\/www.radiopiu.net\/wordpress\/wp-json\/wp\/v2\/posts"}],"about":[{"href":"https:\/\/www.radiopiu.net\/wordpress\/wp-json\/wp\/v2\/types\/post"}],"author":[{"embeddable":true,"href":"https:\/\/www.radiopiu.net\/wordpress\/wp-json\/wp\/v2\/users\/1"}],"replies":[{"embeddable":true,"href":"https:\/\/www.radiopiu.net\/wordpress\/wp-json\/wp\/v2\/comments?post=95644"}],"version-history":[{"count":0,"href":"https:\/\/www.radiopiu.net\/wordpress\/wp-json\/wp\/v2\/posts\/95644\/revisions"}],"wp:featuredmedia":[{"embeddable":true,"href":"https:\/\/www.radiopiu.net\/wordpress\/wp-json\/wp\/v2\/media\/95645"}],"wp:attachment":[{"href":"https:\/\/www.radiopiu.net\/wordpress\/wp-json\/wp\/v2\/media?parent=95644"}],"wp:term":[{"taxonomy":"category","embeddable":true,"href":"https:\/\/www.radiopiu.net\/wordpress\/wp-json\/wp\/v2\/categories?post=95644"},{"taxonomy":"post_tag","embeddable":true,"href":"https:\/\/www.radiopiu.net\/wordpress\/wp-json\/wp\/v2\/tags?post=95644"}],"curies":[{"name":"wp","href":"https:\/\/api.w.org\/{rel}","templated":true}]}}