{"id":95673,"date":"2019-08-15T18:07:51","date_gmt":"2019-08-15T16:07:51","guid":{"rendered":"http:\/\/www.radiopiu.net\/wordpress\/?p=95673"},"modified":"2019-08-17T06:23:23","modified_gmt":"2019-08-17T04:23:23","slug":"puntata-09-i-diari-del-pesce-rosso-parole-di-contrabbando-2019-seconda-collezione-radiopiu","status":"publish","type":"post","link":"https:\/\/www.radiopiu.net\/wordpress\/puntata-09-i-diari-del-pesce-rosso-parole-di-contrabbando-2019-seconda-collezione-radiopiu\/","title":{"rendered":"PUNTATA 09 I diari del Pesce Rosso \/ PAROLE di CONTRABBANDO \/ 2019 &#8211; seconda collezione RADIOPIU"},"content":{"rendered":"<p><em><a class=\"dt-pswp-item\" href=\"http:\/\/www.radiopiu.net\/wordpress\/wp-content\/uploads\/2019\/08\/009POSTdiarioDIVERSO.jpg\" data-dt-img-description=\"\" data-large_image_width=\"1315\" data-large_image_height=\"1920\"><img loading=\"lazy\" decoding=\"async\" class=\"size-medium wp-image-95675 alignleft\" src=\"http:\/\/www.radiopiu.net\/wordpress\/wp-content\/uploads\/2019\/08\/009POSTdiarioDIVERSO-205x300.jpg\" alt=\"\" width=\"205\" height=\"300\" srcset=\"https:\/\/www.radiopiu.net\/wordpress\/wp-content\/uploads\/2019\/08\/009POSTdiarioDIVERSO-205x300.jpg 205w, https:\/\/www.radiopiu.net\/wordpress\/wp-content\/uploads\/2019\/08\/009POSTdiarioDIVERSO-768x1121.jpg 768w, https:\/\/www.radiopiu.net\/wordpress\/wp-content\/uploads\/2019\/08\/009POSTdiarioDIVERSO-701x1024.jpg 701w, https:\/\/www.radiopiu.net\/wordpress\/wp-content\/uploads\/2019\/08\/009POSTdiarioDIVERSO.jpg 1315w\" sizes=\"auto, (max-width: 205px) 100vw, 205px\" \/><\/a><\/em><\/p>\n<p>&nbsp;<\/p>\n<p><em>Sono solo parole, pensieri lanciati nell\u2019etere, affinch\u00e9 ci si possa soffermare, per un istante e guardarci dentro. Perch\u00e9 il viaggio pi\u00f9 bello che possiamo fare \u00e8 quello dentro a noi stessi.<\/em><\/p>\n<p>&nbsp;<\/p>\n<p>9\/ La paura del diverso<\/p>\n<p>Quello che non conosciamo ci spaventa. Atavica paura di ci\u00f2 che \u00e8 diverso e che pensiamo possa portare solo delle novit\u00e0 negative.<\/p>\n<p>&nbsp;<\/p>\n<p>&nbsp;<\/p>\n<p>&nbsp;<\/p>\n<p>&nbsp;<\/p>\n<audio class=\"wp-audio-shortcode\" id=\"audio-95673-1\" preload=\"none\" style=\"width: 100%;\" controls=\"controls\"><source type=\"audio\/mpeg\" src=\"http:\/\/www.radiopiu.net\/wordpress\/wp-content\/uploads\/2019\/08\/009-la-paura-el-diverso.mp3?_=1\" \/><a href=\"http:\/\/www.radiopiu.net\/wordpress\/wp-content\/uploads\/2019\/08\/009-la-paura-el-diverso.mp3\">http:\/\/www.radiopiu.net\/wordpress\/wp-content\/uploads\/2019\/08\/009-la-paura-el-diverso.mp3<\/a><\/audio>\n","protected":false},"excerpt":{"rendered":"<p>&nbsp; Sono solo parole, pensieri lanciati nell\u2019etere, affinch\u00e9 ci si possa soffermare, per un istante e guardarci dentro. Perch\u00e9 il viaggio pi\u00f9 bello che possiamo fare \u00e8 quello dentro a noi stessi. &nbsp; 9\/ La paura del diverso Quello che non conosciamo ci spaventa. Atavica paura di ci\u00f2 che \u00e8 diverso e che pensiamo possa&hellip;<\/p>\n","protected":false},"author":1,"featured_media":95675,"comment_status":"closed","ping_status":"closed","sticky":false,"template":"","format":"standard","meta":{"_monsterinsights_skip_tracking":false,"_monsterinsights_sitenote_active":false,"_monsterinsights_sitenote_note":"","_monsterinsights_sitenote_category":0,"footnotes":""},"categories":[36,103,49],"tags":[],"class_list":["post-95673","post","type-post","status-publish","format-standard","has-post-thumbnail","hentry","category-i-diari-del-pesce-rosso","category-evidenza_2","category-news-18","category-36","category-103","category-49","description-off"],"img_url":"https:\/\/www.radiopiu.net\/wordpress\/wp-content\/uploads\/2019\/08\/009POSTdiarioDIVERSO.jpg","_links":{"self":[{"href":"https:\/\/www.radiopiu.net\/wordpress\/wp-json\/wp\/v2\/posts\/95673","targetHints":{"allow":["GET"]}}],"collection":[{"href":"https:\/\/www.radiopiu.net\/wordpress\/wp-json\/wp\/v2\/posts"}],"about":[{"href":"https:\/\/www.radiopiu.net\/wordpress\/wp-json\/wp\/v2\/types\/post"}],"author":[{"embeddable":true,"href":"https:\/\/www.radiopiu.net\/wordpress\/wp-json\/wp\/v2\/users\/1"}],"replies":[{"embeddable":true,"href":"https:\/\/www.radiopiu.net\/wordpress\/wp-json\/wp\/v2\/comments?post=95673"}],"version-history":[{"count":0,"href":"https:\/\/www.radiopiu.net\/wordpress\/wp-json\/wp\/v2\/posts\/95673\/revisions"}],"wp:featuredmedia":[{"embeddable":true,"href":"https:\/\/www.radiopiu.net\/wordpress\/wp-json\/wp\/v2\/media\/95675"}],"wp:attachment":[{"href":"https:\/\/www.radiopiu.net\/wordpress\/wp-json\/wp\/v2\/media?parent=95673"}],"wp:term":[{"taxonomy":"category","embeddable":true,"href":"https:\/\/www.radiopiu.net\/wordpress\/wp-json\/wp\/v2\/categories?post=95673"},{"taxonomy":"post_tag","embeddable":true,"href":"https:\/\/www.radiopiu.net\/wordpress\/wp-json\/wp\/v2\/tags?post=95673"}],"curies":[{"name":"wp","href":"https:\/\/api.w.org\/{rel}","templated":true}]}}