{"id":95706,"date":"2019-08-16T05:27:51","date_gmt":"2019-08-16T03:27:51","guid":{"rendered":"http:\/\/www.radiopiu.net\/wordpress\/?p=95706"},"modified":"2019-08-16T10:10:15","modified_gmt":"2019-08-16T08:10:15","slug":"giornale-radiopiu-16-agosto-2019-direttore-mirko-mezzacasa","status":"publish","type":"post","link":"https:\/\/www.radiopiu.net\/wordpress\/giornale-radiopiu-16-agosto-2019-direttore-mirko-mezzacasa\/","title":{"rendered":"GIORNALE RADIOPIU 16 AGOSTO 2019 DIRETTORE MIRKO MEZZACASA"},"content":{"rendered":"<p>&nbsp;<\/p>\n<h2>ESCE PER SPOSTARE L&#8217;AUTO, MUORE COLTO DA INFARTO<\/h2>\n<div class=\"left\">\n<div class=\"corpo_articolo\"><strong>FELTRE<\/strong> Dramma in zona Pasquer, \u00e8 morto stroncato da infarto, Ennio Corso, 71 anni, lascia la moglie e 4 figli. Attorno alla mezzanotte di marted\u00ec era uscito di casa per spostare l&#8217;auto, preoccupato per la violenta grandinata in corso. Ha salutato la moglie dicendole che sarebbe tornato subito, ma a casa non \u00e8 pi\u00f9 rientrato.\u00a0 Sul posto i sanitari inviati dal 118, ma per\u00a0 l&#8217;uomo non c&#8217;\u00e8 stato nulla da fare.\u00a0 Sul posto anche i carabinieri di Feltre che\u00a0 hanno escluso responsabilit\u00e0 di terzi. Persona conosciuta a Feltre anche per il suo lavoro, per anni spazzacamino in Valbelluna e Feltrino. \u00a0I funerali sono previsti per oggi\u00a0 in forma privata.<\/div>\n<\/div>\n<div id=\"sliding_social\"><\/div>\n<div class=\"right\">\n<div>\n<div class=\"articoli_correlati\">\n<div class=\"article-correlati\">\n<div><\/div>\n<\/div>\n<\/div>\n<\/div>\n<\/div>\n<p>&nbsp;<\/p>\n<h2>INCIDENTE ALLA SAGRA DI RASAI<\/h2>\n<p><strong>FELTRE<\/strong> Un quarantottenne \u00e8 ricoverato in gravi condizioni all&#8217;ospedale di Feltre. Alla sagra di Rasai un uomo A.M., , attorno all&#8217;1.30 della notte\u00a0 ha perso l&#8217;equilibrio per cause che sono ancora in corso di accertamento da parte dei Carabinieri, ed \u00e8 caduto a terra, battendo la testa su un muretto.. E&#8217; ricoverato in gravi condizioni per un&#8217;emorragia cerebrale al Santa Maria del Prato di Feltre in prognosi riservata.<\/p>\n<p>&nbsp;<\/p>\n<p>&nbsp;<\/p>\n<h2>PRECIPITA COL PARAPENDIO<\/h2>\n<p><strong><a class=\"dt-pswp-item\" href=\"http:\/\/www.radiopiu.net\/wordpress\/wp-content\/uploads\/2018\/04\/soccorso-parapendio-300x225.jpg\" data-dt-img-description=\"\" data-large_image_width=\"300\" data-large_image_height=\"225\"><img loading=\"lazy\" decoding=\"async\" class=\" wp-image-46181 alignleft\" src=\"http:\/\/www.radiopiu.net\/wordpress\/wp-content\/uploads\/2018\/04\/soccorso-parapendio-300x225-300x225.jpg\" alt=\"\" width=\"251\" height=\"188\" \/><\/a>ALPAGO\u00a0 <\/strong>\u00a0Ieri\u00a0 alle 9.30 l&#8217;elicottero del Suem di Pieve di Cadore \u00e8 intervenuto a Garna per un parapendio precipitato in fase di atterraggio. Il pilota, 34 anni, belga, \u00e8 stato subito assistito dall&#8217;equipe medica e dal tecnico di elisoccorso sbarcati nelle vicinanze. Imbarellato, \u00e8 stato caricato a bordo e trasportato all&#8217;ospedale di Belluno per un\u00a0 trauma alla colonna.<\/p>\n<p><strong>SCIVOLA IN MEZZO AL BOSCO<\/strong><\/p>\n<p><strong>VIGO DI CADORE<\/strong> Attorno alle 14 il Soccorso alpino del Centro Cadore \u00e8 stato allertato, per una ragazza scivolata per alcune decine di metri in un ripido bosco in localit\u00e0 Rio Laggio. La giovane, I.P., 22 anni, di Pieve di Soligo (TV), che stava cercando funghi con altre quattro persone, \u00e8 stata geolocalizzata a circa 1.200 metri di quota, e raggiunta da una squadra e dall&#8217;elicottero del Suem di Pieve di Cadore. Sbarcati con un verricello di una cinquantina di metri medico, infermiere e tecnico di elisoccorso, alla giovane sono state prestate le prime cure. Una volta recuperata, l&#8217;infortunata con un\u00a0 trauma al volto, e stata trasportata all&#8217;ospedale.<\/p>\n<h2><\/h2>\n<p>&nbsp;<\/p>\n<h2>PERDE IL CONTROLLO DELLA VESPA, DUE FERITI<\/h2>\n<p><strong>FELTRE<\/strong> Ieri mattina in zona Casonetto un vicentino di 53 anni\u00a0 ha perso il controllo della Vespa a causa di un cane che ha improvvisamente\u00a0 attraversato la strada. G.P. per evitarlo ha sbandato\u00a0 finendo a terra, a bordo del mezzo anche\u00a0 la 53enne M.A. Entrambi sono stati ricoverati all&#8217;ospedale di Feltre, non in pericolo di vita.<\/p>\n<p>&nbsp;<\/p>\n<p>&nbsp;<\/p>\n<h2>FRONTALE IN CADORE, UN FERITO LIEVE<\/h2>\n<p><strong>CALALZO <\/strong>Attorno alle 7, invece, due auto si sono scontrate a Calalzo. L&#8217;incidente, un frontale, \u00e8 successo nei pressi della Botte del Re, lungo la strada statale che attraversa il paese. Un\u00a0 uomo cadorino\u00a0 \u00e8\u00a0 stato portato in ospedale a Pieve di Cadore\u00a0 con ferite lievi.<\/p>\n<p>&nbsp;<\/p>\n<p>&nbsp;<\/p>\n<h2>UBRIACO DI FERRAGOSTO AL VOLANTE<\/h2>\n<p><strong>DOMEGGE <\/strong>\u00a0 Un trevigiano di 45 anni \u00e8 stato \u00a0sorpreso al volante della sua Nissan\u00a0 con un tasso alcolemico di 1,88, ovvero quattro volte il consentito. I Carabinieri lo hanno denunciato in stato di libert\u00e0. Gli \u00e8 stata ritirata la patente.<\/p>\n<p>&nbsp;<\/p>\n<p>&nbsp;<\/p>\n<h2>DI NUOVO LA COLATA DETRITICA AD ACQUABONA<\/h2>\n<p><strong>CORTINA<\/strong> L&#8217;ultimo temporale di ferragosto ha interessato di nuovo la zona di Cortina, il violento nubifragio ieri sera alle 20\u00a0 ha provocato una colata detritica nella solita zona di\u00a0 Acquabona. Fortunatamente sulla carreggiata non sono scesi detriti solidi e la strada \u00e8 stata subito aperta. Sul posto i vigili del fuoco di Cortina e personale Anas.<\/p>\n<h2><\/h2>\n<p>&nbsp;<\/p>\n<h2>ABBANDONO DEL CANE SOTTO AL PONTE<\/h2>\n<p><strong>QUERO VAS<\/strong> Un odioso episodio di abbandono di animali; ieri mattina un cittadino ha chiamato il 112 per avvisare che sotto il ponte di Vas per Segusino vi era un cane legato e abbandonato. Sul posto i vigili del fuoco volontari e una pattuglia dei Carabinieri di Mel\u00a0 che provvedevano al recupero dell&#8217;animale\u00a0 per\u00a0 affidarlo al canile.<\/p>\n<h2><\/h2>\n<p>&nbsp;<\/p>\n<h2>LA FOTO&#8230; ATTORNO AL LAGO DI ALLEGHE<\/h2>\n<h2><a class=\"dt-pswp-item\" href=\"http:\/\/www.radiopiu.net\/wordpress\/wp-content\/uploads\/2019\/08\/WhatsApp-Image-2019-08-15-at-09.17.27.jpeg\" data-dt-img-description=\"\" data-large_image_width=\"1200\" data-large_image_height=\"1600\"><img loading=\"lazy\" decoding=\"async\" class=\"alignnone size-medium wp-image-95721\" src=\"http:\/\/www.radiopiu.net\/wordpress\/wp-content\/uploads\/2019\/08\/WhatsApp-Image-2019-08-15-at-09.17.27-225x300.jpeg\" alt=\"\" width=\"225\" height=\"300\" srcset=\"https:\/\/www.radiopiu.net\/wordpress\/wp-content\/uploads\/2019\/08\/WhatsApp-Image-2019-08-15-at-09.17.27-225x300.jpeg 225w, https:\/\/www.radiopiu.net\/wordpress\/wp-content\/uploads\/2019\/08\/WhatsApp-Image-2019-08-15-at-09.17.27-768x1024.jpeg 768w, https:\/\/www.radiopiu.net\/wordpress\/wp-content\/uploads\/2019\/08\/WhatsApp-Image-2019-08-15-at-09.17.27.jpeg 1200w\" sizes=\"auto, (max-width: 225px) 100vw, 225px\" \/><\/a><\/h2>\n<p>&nbsp;<\/p>\n<p>&nbsp;<\/p>\n<p>&nbsp;<\/p>\n<p>&nbsp;<\/p>\n<blockquote>\n<h2>PRONTO TELECOM&#8230; CI RISIAMO? &#8220;&#8230;MA DOMANI RISOLVIAMO&#8221;. DOMANI DI QUALE CALENDARIO?<\/h2>\n<p><a class=\"dt-pswp-item\" href=\"http:\/\/www.radiopiu.net\/wordpress\/wp-content\/uploads\/2019\/08\/WhatsApp-Image-2019-08-15-at-15.42.01.jpeg\" data-dt-img-description=\"\" data-large_image_width=\"1599\" data-large_image_height=\"799\"><img loading=\"lazy\" decoding=\"async\" class=\"alignnone wp-image-95771\" src=\"http:\/\/www.radiopiu.net\/wordpress\/wp-content\/uploads\/2019\/08\/WhatsApp-Image-2019-08-15-at-15.42.01-300x150.jpeg\" alt=\"\" width=\"394\" height=\"197\" srcset=\"https:\/\/www.radiopiu.net\/wordpress\/wp-content\/uploads\/2019\/08\/WhatsApp-Image-2019-08-15-at-15.42.01-300x150.jpeg 300w, https:\/\/www.radiopiu.net\/wordpress\/wp-content\/uploads\/2019\/08\/WhatsApp-Image-2019-08-15-at-15.42.01-768x384.jpeg 768w, https:\/\/www.radiopiu.net\/wordpress\/wp-content\/uploads\/2019\/08\/WhatsApp-Image-2019-08-15-at-15.42.01-1024x512.jpeg 1024w, https:\/\/www.radiopiu.net\/wordpress\/wp-content\/uploads\/2019\/08\/WhatsApp-Image-2019-08-15-at-15.42.01.jpeg 1599w\" sizes=\"auto, (max-width: 394px) 100vw, 394px\" \/><\/a><a class=\"dt-pswp-item\" href=\"http:\/\/www.radiopiu.net\/wordpress\/wp-content\/uploads\/2019\/08\/WhatsApp-Image-2019-08-15-at-15.35.52.jpeg\" data-dt-img-description=\"\" data-large_image_width=\"799\" data-large_image_height=\"1599\"><img loading=\"lazy\" decoding=\"async\" class=\"alignnone wp-image-95770\" src=\"http:\/\/www.radiopiu.net\/wordpress\/wp-content\/uploads\/2019\/08\/WhatsApp-Image-2019-08-15-at-15.35.52-150x300.jpeg\" alt=\"\" width=\"98\" height=\"196\" srcset=\"https:\/\/www.radiopiu.net\/wordpress\/wp-content\/uploads\/2019\/08\/WhatsApp-Image-2019-08-15-at-15.35.52-150x300.jpeg 150w, https:\/\/www.radiopiu.net\/wordpress\/wp-content\/uploads\/2019\/08\/WhatsApp-Image-2019-08-15-at-15.35.52-768x1537.jpeg 768w, https:\/\/www.radiopiu.net\/wordpress\/wp-content\/uploads\/2019\/08\/WhatsApp-Image-2019-08-15-at-15.35.52-512x1024.jpeg 512w, https:\/\/www.radiopiu.net\/wordpress\/wp-content\/uploads\/2019\/08\/WhatsApp-Image-2019-08-15-at-15.35.52.jpeg 799w\" sizes=\"auto, (max-width: 98px) 100vw, 98px\" \/><\/a><a class=\"dt-pswp-item\" href=\"http:\/\/www.radiopiu.net\/wordpress\/wp-content\/uploads\/2019\/08\/WhatsApp-Image-2019-08-15-at-15.35.25.jpeg\" data-dt-img-description=\"\" data-large_image_width=\"1599\" data-large_image_height=\"799\"><img loading=\"lazy\" decoding=\"async\" class=\"alignnone wp-image-95769\" src=\"http:\/\/www.radiopiu.net\/wordpress\/wp-content\/uploads\/2019\/08\/WhatsApp-Image-2019-08-15-at-15.35.25-300x150.jpeg\" alt=\"\" width=\"394\" height=\"197\" srcset=\"https:\/\/www.radiopiu.net\/wordpress\/wp-content\/uploads\/2019\/08\/WhatsApp-Image-2019-08-15-at-15.35.25-300x150.jpeg 300w, https:\/\/www.radiopiu.net\/wordpress\/wp-content\/uploads\/2019\/08\/WhatsApp-Image-2019-08-15-at-15.35.25-768x384.jpeg 768w, https:\/\/www.radiopiu.net\/wordpress\/wp-content\/uploads\/2019\/08\/WhatsApp-Image-2019-08-15-at-15.35.25-1024x512.jpeg 1024w, https:\/\/www.radiopiu.net\/wordpress\/wp-content\/uploads\/2019\/08\/WhatsApp-Image-2019-08-15-at-15.35.25.jpeg 1599w\" sizes=\"auto, (max-width: 394px) 100vw, 394px\" \/><\/a><\/p><\/blockquote>\n<p><strong>TAIBON<\/strong> Ci sono voluti nove giorni per il ritorno alla normalit\u00e0 nella sede Appia di Agordo, tanto \u00e8 rimasta senza linea telefonica in seguito ad un danno arrecato alle infrastrutture causato da un cantiere di lavoro. Sono gi\u00e0 7 i giorni di &#8220;buio&#8221; telefonico in Valle di San Lucano, dallo scorso sabato anche l&#8217;unica attivit\u00e0 commerciale della valle &#8220;Locanda Col di Pra&#8221; \u00e8 senza linea telefonica. Dai giorni di Vaia Telecom si \u00e8 limitata a posizionare un cavo volante a bordo strada appiccicato agli alberi che crescono o ai sassi che si muovono. La linea quella storica \u00e8 a terra e i pali desolatamente inclinati o collassati. Il peggio \u00e8 la presa in giro al call center &#8220;Il guasto sar\u00e0 riparato domani&#8221;, ma probabilmente in quegli uffici usano un calendario diverso da quello ufficiale dove le giornate sono caratterizzate dalle 24 ore.<\/p>\n<p>&nbsp;<\/p>\n<p>&nbsp;<\/p>\n<p>&nbsp;<\/p>\n<h1>STAMANE I FUNERALI DI BERTO CREMA<\/h1>\n<blockquote class=\"wp-embedded-content\" data-secret=\"RtOv4g29cQ\"><p><a href=\"http:\/\/www.radiopiu.net\/wordpress\/scomparso-a-101-anni-berto-crema-il-ricordo-di-renato-bona\/\">SCOMPARSO A 101 ANNI \u201cBERTO\u201d CREMA il ricordo di RENATO BONA<\/a><\/p><\/blockquote>\n<p><iframe loading=\"lazy\" title=\"&#8220;SCOMPARSO A 101 ANNI \u201cBERTO\u201d CREMA il ricordo di RENATO BONA&#8221; &#8212; Radio Pi\u00f9\" class=\"wp-embedded-content\" sandbox=\"allow-scripts\" security=\"restricted\" style=\"position: absolute; clip: rect(1px, 1px, 1px, 1px);\" src=\"http:\/\/www.radiopiu.net\/wordpress\/scomparso-a-101-anni-berto-crema-il-ricordo-di-renato-bona\/embed\/#?secret=RtOv4g29cQ\" data-secret=\"RtOv4g29cQ\" width=\"600\" height=\"338\" frameborder=\"0\" marginwidth=\"0\" marginheight=\"0\" scrolling=\"no\"><\/iframe><\/p>\n<p>&nbsp;<\/p>\n<p>&nbsp;<\/p>\n<p>&nbsp;<\/p>\n<h1>500 MEDICI SPECIALIZZANDI IN REGIONE CONTRO LA CARENZA DI CAMICI BIANCHI<\/h1>\n<h3><a class=\"dt-pswp-item\" href=\"http:\/\/www.radiopiu.net\/wordpress\/wp-content\/uploads\/2019\/08\/WhatsApp-Image-2019-08-14-at-11.45.59.jpeg\" data-dt-img-description=\"\" data-large_image_width=\"1600\" data-large_image_height=\"1200\"><img loading=\"lazy\" decoding=\"async\" class=\"alignnone wp-image-95758 size-large\" src=\"http:\/\/www.radiopiu.net\/wordpress\/wp-content\/uploads\/2019\/08\/WhatsApp-Image-2019-08-14-at-11.45.59-1024x768.jpeg\" alt=\"\" width=\"1024\" height=\"768\" srcset=\"https:\/\/www.radiopiu.net\/wordpress\/wp-content\/uploads\/2019\/08\/WhatsApp-Image-2019-08-14-at-11.45.59-1024x768.jpeg 1024w, https:\/\/www.radiopiu.net\/wordpress\/wp-content\/uploads\/2019\/08\/WhatsApp-Image-2019-08-14-at-11.45.59-300x225.jpeg 300w, https:\/\/www.radiopiu.net\/wordpress\/wp-content\/uploads\/2019\/08\/WhatsApp-Image-2019-08-14-at-11.45.59-768x576.jpeg 768w, https:\/\/www.radiopiu.net\/wordpress\/wp-content\/uploads\/2019\/08\/WhatsApp-Image-2019-08-14-at-11.45.59.jpeg 1600w\" sizes=\"auto, (max-width: 1024px) 100vw, 1024px\" \/><\/a><\/h3>\n<p><strong>VENEZIA.<\/strong> &#8220;La Regione Veneto ha deciso di giocare una carta \u201cpesante\u201d nella difficile partita del reperimento dei medici necessari al miglior funzionamento dei suoi ospedali, a fronte di una carenza ormai tanto storica, quanto preoccupante&#8221;. Lo scrive la stessa Regione Veneto in un comunicato. Previsti 25 milioni di budget per la formazione. Zaia: &#8220;Siamo apripista nazionali&#8221;. Lanzarin: &#8220;E&#8217; previsto nel piano nazionale, si pu\u00f2 fare&#8221;<\/p>\n<p><strong>IL GOVERNATORE LUCA ZAIA<\/strong><\/p>\n<audio class=\"wp-audio-shortcode\" id=\"audio-95706-1\" preload=\"none\" style=\"width: 100%;\" controls=\"controls\"><source type=\"audio\/mpeg\" src=\"http:\/\/www.radiopiu.net\/wordpress\/wp-content\/uploads\/2019\/08\/ZAIA.mp3?_=1\" \/><a href=\"http:\/\/www.radiopiu.net\/wordpress\/wp-content\/uploads\/2019\/08\/ZAIA.mp3\">http:\/\/www.radiopiu.net\/wordpress\/wp-content\/uploads\/2019\/08\/ZAIA.mp3<\/a><\/audio>\n<p><strong>L&#8217;ASSESSORE MANUELA LANZARIN\u00a0<\/strong><\/p>\n<audio class=\"wp-audio-shortcode\" id=\"audio-95706-2\" preload=\"none\" style=\"width: 100%;\" controls=\"controls\"><source type=\"audio\/mpeg\" src=\"http:\/\/www.radiopiu.net\/wordpress\/wp-content\/uploads\/2019\/08\/LANZARIN.mp3?_=2\" \/><a href=\"http:\/\/www.radiopiu.net\/wordpress\/wp-content\/uploads\/2019\/08\/LANZARIN.mp3\">http:\/\/www.radiopiu.net\/wordpress\/wp-content\/uploads\/2019\/08\/LANZARIN.mp3<\/a><\/audio>\n<p>&nbsp;<\/p>\n<p>&nbsp;<\/p>\n<p>&nbsp;<\/p>\n<p>&nbsp;<\/p>\n<h2>A PROPOSITO DELLA DEVASTAZIONE IN VALLE DI SAN LUCANO LA PRONTA RISPOSTA DEL SINDACO SILVIA TORMEN<\/h2>\n<p><strong><a class=\"dt-pswp-item\" href=\"http:\/\/www.radiopiu.net\/wordpress\/wp-content\/uploads\/2019\/08\/WhatsApp-Image-2019-08-14-at-13.15.12.jpeg\" data-dt-img-description=\"\" data-large_image_width=\"1599\" data-large_image_height=\"799\"><img loading=\"lazy\" decoding=\"async\" class=\"size-medium wp-image-95733 alignleft\" src=\"http:\/\/www.radiopiu.net\/wordpress\/wp-content\/uploads\/2019\/08\/WhatsApp-Image-2019-08-14-at-13.15.12-300x150.jpeg\" alt=\"\" width=\"300\" height=\"150\" srcset=\"https:\/\/www.radiopiu.net\/wordpress\/wp-content\/uploads\/2019\/08\/WhatsApp-Image-2019-08-14-at-13.15.12-300x150.jpeg 300w, https:\/\/www.radiopiu.net\/wordpress\/wp-content\/uploads\/2019\/08\/WhatsApp-Image-2019-08-14-at-13.15.12-768x384.jpeg 768w, https:\/\/www.radiopiu.net\/wordpress\/wp-content\/uploads\/2019\/08\/WhatsApp-Image-2019-08-14-at-13.15.12-1024x512.jpeg 1024w, https:\/\/www.radiopiu.net\/wordpress\/wp-content\/uploads\/2019\/08\/WhatsApp-Image-2019-08-14-at-13.15.12.jpeg 1599w\" sizes=\"auto, (max-width: 300px) 100vw, 300px\" \/><\/a>TAIBON<\/strong> Alla vigilia del ferragosto abbiamo pubblicato un dettagliato servizio su quello che succede sotto l&#8217;Agner, concetti che abbiamo proposto al primo cittadino che non ha mancato di farci avere il suo parere.<\/p>\n<h3>Nella foto: un&#8217;area parcheggio importante dotata di telecamere (che senza linea telefonica abbiamo seri dubbi funzioni&#8230;) e il furbetto di turno che preferisce parcheggiare nel prato&#8230;<\/h3>\n<h3><\/h3>\n<h3>SILVIA TORMEN<\/h3>\n<audio class=\"wp-audio-shortcode\" id=\"audio-95706-3\" preload=\"none\" style=\"width: 100%;\" controls=\"controls\"><source type=\"audio\/mpeg\" src=\"http:\/\/www.radiopiu.net\/wordpress\/wp-content\/uploads\/2019\/08\/SILVIA-A-MIRKO.mp3?_=3\" \/><a href=\"http:\/\/www.radiopiu.net\/wordpress\/wp-content\/uploads\/2019\/08\/SILVIA-A-MIRKO.mp3\">http:\/\/www.radiopiu.net\/wordpress\/wp-content\/uploads\/2019\/08\/SILVIA-A-MIRKO.mp3<\/a><\/audio>\n<p>&nbsp;<\/p>\n<h2>L&#8217;ARTICOLO PRECEDENTE<\/h2>\n<h3>NON C&#8217;E&#8217; PACE PER LA VALLE DI SAN LUCANO, DOPO VAIA FURTI E &#8220;CAFONI&#8221; CHE SNOBBANO LE ORDINANZE<\/h3>\n<p><strong><a class=\"dt-pswp-item\" href=\"http:\/\/www.radiopiu.net\/wordpress\/wp-content\/uploads\/2019\/08\/WhatsApp-Image-2019-08-14-at-13.15.12-1.jpeg\" data-dt-img-description=\"\" data-large_image_width=\"1599\" data-large_image_height=\"798\"><img loading=\"lazy\" decoding=\"async\" class=\"size-medium wp-image-95732 alignleft\" src=\"http:\/\/www.radiopiu.net\/wordpress\/wp-content\/uploads\/2019\/08\/WhatsApp-Image-2019-08-14-at-13.15.12-1-300x150.jpeg\" alt=\"\" width=\"300\" height=\"150\" srcset=\"https:\/\/www.radiopiu.net\/wordpress\/wp-content\/uploads\/2019\/08\/WhatsApp-Image-2019-08-14-at-13.15.12-1-300x150.jpeg 300w, https:\/\/www.radiopiu.net\/wordpress\/wp-content\/uploads\/2019\/08\/WhatsApp-Image-2019-08-14-at-13.15.12-1-768x383.jpeg 768w, https:\/\/www.radiopiu.net\/wordpress\/wp-content\/uploads\/2019\/08\/WhatsApp-Image-2019-08-14-at-13.15.12-1-1024x511.jpeg 1024w, https:\/\/www.radiopiu.net\/wordpress\/wp-content\/uploads\/2019\/08\/WhatsApp-Image-2019-08-14-at-13.15.12-1.jpeg 1599w\" sizes=\"auto, (max-width: 300px) 100vw, 300px\" \/><\/a>TAIBON<\/strong> Povera Valle di San Lucano dove gli alberi sono ancora tristemente a terra ma la nuova amministrazione \u00e8 operativa da poche settimane ed era prevedibile, chiss\u00e0 se il Commissario per l&#8217;emergenza se lo ricorda visto che sembrava tutto facile e risolvibile negli incontri mediatici. La strada per Pont (rifatto il primo tornante) \u00e8 sempre sbarrata con cancelli e cartelli,\u00a0 il\u00a0 recente\u00a0 temporale\u00a0 ha nuovamente spazzato via i guadi sul Tegnas.\u00a0 Adesso si\u00a0 aggiungono anche i furti. In prossimit\u00e0 della chiesa di San Lucano, nei giorni scorsi ad una signora \u00e8 stata rubata della borsetta lasciata nella Panda. Oltre al danno per il furto anche quello del vetro dell&#8217;auto finito in mille pezzi, il modo pi\u00f9 semplice per mettere le mani sulla borsa. Ci sono poi le ordinanze di divieto di transito verso il laghetto delle Peschiere e il divieto di accendere fuochi. Anche qui tempo sprecato per gli uffici comunali, ognuno fa quello che vuole, le ordinanze non vengono rispettate e ogni giorno c&#8217;\u00e8 chi arriva con l&#8217;auto fino sulla riva di quel che rimane alle Peschiere e non manca di accendere fuochi in barba alle ordinanze dell&#8217;inascoltato sindaco Silvia Tormen che fa quel che pu\u00f2, ma con il vigile urbano in ferie e la carenza di personale i controlli latitano. E per gli amanti dei funghi l&#8217;invito a cercare i pregiati miceti ben lontano dalle aree pic nic perche&#8217; sono frequentatissime ma mancando i bagni, uomini, donne, bambini, abbandonano i loro escrementi in mezzo al bosco ormai diventato un cesso a cielo aperto pieno di cattivi odori e carta igienica sparsa ovunque, perch\u00e8 quella, come l&#8217;acqua, lo zucchero e il caffe&#8217; i turisti se la portano sempre appresso che al supermarket di citt\u00e0 costa meno, mentre la legna la trovano sul posto, se va bene gi\u00e0 accatastata, male che vada in riva al Tegnas. (mm)<\/p>\n<p><a class=\"dt-pswp-item\" href=\"http:\/\/www.radiopiu.net\/wordpress\/wp-content\/uploads\/2019\/08\/WhatsApp-Image-2019-08-15-at-15.20.03.jpeg\" data-dt-img-description=\"\" data-large_image_width=\"1599\" data-large_image_height=\"799\"><img loading=\"lazy\" decoding=\"async\" class=\"alignnone wp-image-95768\" src=\"http:\/\/www.radiopiu.net\/wordpress\/wp-content\/uploads\/2019\/08\/WhatsApp-Image-2019-08-15-at-15.20.03-300x150.jpeg\" alt=\"\" width=\"456\" height=\"228\" srcset=\"https:\/\/www.radiopiu.net\/wordpress\/wp-content\/uploads\/2019\/08\/WhatsApp-Image-2019-08-15-at-15.20.03-300x150.jpeg 300w, https:\/\/www.radiopiu.net\/wordpress\/wp-content\/uploads\/2019\/08\/WhatsApp-Image-2019-08-15-at-15.20.03-768x384.jpeg 768w, https:\/\/www.radiopiu.net\/wordpress\/wp-content\/uploads\/2019\/08\/WhatsApp-Image-2019-08-15-at-15.20.03-1024x512.jpeg 1024w, https:\/\/www.radiopiu.net\/wordpress\/wp-content\/uploads\/2019\/08\/WhatsApp-Image-2019-08-15-at-15.20.03.jpeg 1599w\" sizes=\"auto, (max-width: 456px) 100vw, 456px\" \/><\/a><a class=\"dt-pswp-item\" href=\"http:\/\/www.radiopiu.net\/wordpress\/wp-content\/uploads\/2019\/08\/WhatsApp-Image-2019-08-15-at-15.19.53.jpeg\" data-dt-img-description=\"\" data-large_image_width=\"1599\" data-large_image_height=\"799\"><img loading=\"lazy\" decoding=\"async\" class=\"alignnone wp-image-95767\" src=\"http:\/\/www.radiopiu.net\/wordpress\/wp-content\/uploads\/2019\/08\/WhatsApp-Image-2019-08-15-at-15.19.53-300x150.jpeg\" alt=\"\" width=\"464\" height=\"232\" srcset=\"https:\/\/www.radiopiu.net\/wordpress\/wp-content\/uploads\/2019\/08\/WhatsApp-Image-2019-08-15-at-15.19.53-300x150.jpeg 300w, https:\/\/www.radiopiu.net\/wordpress\/wp-content\/uploads\/2019\/08\/WhatsApp-Image-2019-08-15-at-15.19.53-768x384.jpeg 768w, https:\/\/www.radiopiu.net\/wordpress\/wp-content\/uploads\/2019\/08\/WhatsApp-Image-2019-08-15-at-15.19.53-1024x512.jpeg 1024w, https:\/\/www.radiopiu.net\/wordpress\/wp-content\/uploads\/2019\/08\/WhatsApp-Image-2019-08-15-at-15.19.53.jpeg 1599w\" sizes=\"auto, (max-width: 464px) 100vw, 464px\" \/><\/a><\/p>\n<blockquote><p><em><strong>Laghetto Peschiere e l&#8217;Arena dall&#8217;alto&#8230;. che per\u00a0 l&#8217;ex vicesindaco originario di La Valle, ma eletto a Taibon Loris De Col, era scorretto definirla una &#8220;colata di cemento&#8221;&#8230; A voi giudicare. Gli alberi sono purtroppo ancora tutti a terra eccetto quelli spostati dalla strada ad opera dei volontari nei giorni successivi all&#8217;uragano autunnale.<\/strong><\/em><\/p><\/blockquote>\n<p>&nbsp;<\/p>\n<p>&nbsp;<\/p>\n<h2>POVERA VALLE DI SAN LUCANO<\/h2>\n<p><strong>a cura di Alessandro Savio<\/strong><\/p>\n<p><strong><a class=\"dt-pswp-item\" href=\"http:\/\/www.radiopiu.net\/wordpress\/wp-content\/uploads\/2019\/08\/baita-del-Tita.jpg\" data-dt-img-description=\"\" data-large_image_width=\"826\" data-large_image_height=\"1146\"><img loading=\"lazy\" decoding=\"async\" class=\" wp-image-95752 alignleft\" src=\"http:\/\/www.radiopiu.net\/wordpress\/wp-content\/uploads\/2019\/08\/baita-del-Tita-216x300.jpg\" alt=\"\" width=\"211\" height=\"293\" srcset=\"https:\/\/www.radiopiu.net\/wordpress\/wp-content\/uploads\/2019\/08\/baita-del-Tita-216x300.jpg 216w, https:\/\/www.radiopiu.net\/wordpress\/wp-content\/uploads\/2019\/08\/baita-del-Tita-768x1066.jpg 768w, https:\/\/www.radiopiu.net\/wordpress\/wp-content\/uploads\/2019\/08\/baita-del-Tita-738x1024.jpg 738w, https:\/\/www.radiopiu.net\/wordpress\/wp-content\/uploads\/2019\/08\/baita-del-Tita.jpg 826w\" sizes=\"auto, (max-width: 211px) 100vw, 211px\" \/><\/a>TAIBON<\/strong> L\u2019estate 2019 st\u00e0 ormai passando e per la Valle di San Lucano non \u00e8 cambiato nulla , alberi abbattuti ancora a terra,desolazione,strade disastrate,difese spondali inesistenti o provvisorie, un gran senso di abbandono. Anche la \u201cBaita del Tita\u201d si \u00e8 rassegnata , sono passati i tempi d\u2019oro quando la Valle era piena di turisti e valligiani, e alpinisti di fama internazionale si fermavano a mangiare la polenta del \u201cTita Bana\u201d. Ora anche la \u201cBaita\u201d \u00e8 l\u00ec solitaria , malinconica che guarda il Gigante di Pietra attraverso un improvvisato Guard Rail realizzato dai volontari con tronchi di abete post VAIA. Ormai i confronti di questa bellissima Valle dolomitica non si fanno pi\u00f9 con l\u2019Alto Adige , ma si fanno con la pi\u00f9 vicina e ridente valle di Gares in quanto per salire a Campigat \u00e8 pi\u00f9 semplice passare per Canale d\u2019Agordo che per Col di Pr\u00e0. Povera Valle di San Lucano,cos\u00ec unica e selvaggia e cos\u00ec degradata , con quelle aree da pic nic che potrebbero essere una risorsa economica per la Comunit\u00e0 di Taibon , lasciate in abbandono e senza controllo, in balia di decine di turisti mordi e fuggi che lasciano solo le immondizie. Ma a proposito di Alto Adige , non tanti sono a conoscenza che il Comune di Taibon risulta proprietario di una malga e di un appezzamento di terreno sulla sommit\u00e0 del Passo Valles, ebbene facciamo un confronto con il Passo Valles ed il Passo San Pellegrino. Passo San Pellegrino, provincia di Trento per parcheggiare una automobile sul grande piazzale si paga una modica e congrua cifra oraria o giornaliera. Con il grande afflusso di turisti a fine estate rimangono sicuramente alcune decine di migliaia di euro che entrano nelle casse del Comune trentino, ed inoltre il parcheggio \u00e8 ordinato, non ci sono auto nei prati ed il territorio \u00e8 presidiato. Passo Valles, un grande parcheggio gratuito di propriet\u00e0 del Comune di Taibon e automobili parcheggiate ovunque in modo disordinato , a fine estate l\u2019unica cosa che rimane \u00e8 l\u2019aria fresca che scende dal Mulaz e dalla Caviazza.<\/p>\n<blockquote><p><em><strong>Cartolina del 1968 anni d\u2019oro della Baita del Tita pioniere della ristorazione e ospitalit\u00e0 della Valle di San Lucano<\/strong><\/em><\/p><\/blockquote>\n<h2><\/h2>\n<p>&nbsp;<\/p>\n<h2><a class=\"dt-pswp-item\" href=\"http:\/\/www.radiopiu.net\/wordpress\/wp-content\/uploads\/2019\/08\/WhatsApp-Image-2019-08-15-at-09.43.33.jpeg\" data-dt-img-description=\"\" data-large_image_width=\"799\" data-large_image_height=\"1599\"><img loading=\"lazy\" decoding=\"async\" class=\" wp-image-95729 alignleft\" src=\"http:\/\/www.radiopiu.net\/wordpress\/wp-content\/uploads\/2019\/08\/WhatsApp-Image-2019-08-15-at-09.43.33-150x300.jpeg\" alt=\"\" width=\"87\" height=\"174\" srcset=\"https:\/\/www.radiopiu.net\/wordpress\/wp-content\/uploads\/2019\/08\/WhatsApp-Image-2019-08-15-at-09.43.33-150x300.jpeg 150w, https:\/\/www.radiopiu.net\/wordpress\/wp-content\/uploads\/2019\/08\/WhatsApp-Image-2019-08-15-at-09.43.33-768x1537.jpeg 768w, https:\/\/www.radiopiu.net\/wordpress\/wp-content\/uploads\/2019\/08\/WhatsApp-Image-2019-08-15-at-09.43.33-512x1024.jpeg 512w, https:\/\/www.radiopiu.net\/wordpress\/wp-content\/uploads\/2019\/08\/WhatsApp-Image-2019-08-15-at-09.43.33.jpeg 799w\" sizes=\"auto, (max-width: 87px) 100vw, 87px\" \/><\/a>DILLO A RADIO PIU&#8217;<\/h2>\n<blockquote><p>Una volta c&#8217;era lo sciacallaggio delle abitazioni ora c&#8217;\u00e8 quello del territorio perch\u00e9 quelli che sta succedendo in valle di San lucano \u00e8 un vero proprio furto : ci stanno rubando la bellezza della nostra Terra. E noi stiamo a guardare. Compresi gli abitanti non solo le istituzioni. Basterebbe un piccolo gruppo stile ronde cittadine e chiedere gentilmente a fine giornata che ognuno porti a casa i rifiuti compresi quelli umani. Oppure un bel wc chimico a monete come in Croazia ne ho visti molti. La sera si raccolgono i soldi per pagare lo svuotamento. Oppure una bella sbarra per l&#8217;accesso all&#8217;area pic nic con un parcometro oppure guardie locali, provinciali, forestali un po&#8217; pi\u00f9 presenti. Insomma volendo soluzioni si trovano.\u00a0 \u00a0<em> Roberta\u00a0<\/em><\/p><\/blockquote>\n<p>&nbsp;<\/p>\n<p>&nbsp;<\/p>\n<p>&nbsp;<\/p>\n<p>&nbsp;<\/p>\n<h2><a class=\"dt-pswp-item\" href=\"http:\/\/www.radiopiu.net\/wordpress\/wp-content\/uploads\/2019\/08\/67930422_2926807744022532_18424683850366976_o.jpg\" data-dt-img-description=\"\" data-large_image_width=\"1679\" data-large_image_height=\"1096\"><img loading=\"lazy\" decoding=\"async\" class=\" wp-image-95742 alignleft\" src=\"http:\/\/www.radiopiu.net\/wordpress\/wp-content\/uploads\/2019\/08\/67930422_2926807744022532_18424683850366976_o-300x196.jpg\" alt=\"\" width=\"245\" height=\"160\" srcset=\"https:\/\/www.radiopiu.net\/wordpress\/wp-content\/uploads\/2019\/08\/67930422_2926807744022532_18424683850366976_o-300x196.jpg 300w, https:\/\/www.radiopiu.net\/wordpress\/wp-content\/uploads\/2019\/08\/67930422_2926807744022532_18424683850366976_o-768x501.jpg 768w, https:\/\/www.radiopiu.net\/wordpress\/wp-content\/uploads\/2019\/08\/67930422_2926807744022532_18424683850366976_o-1024x668.jpg 1024w, https:\/\/www.radiopiu.net\/wordpress\/wp-content\/uploads\/2019\/08\/67930422_2926807744022532_18424683850366976_o.jpg 1679w\" sizes=\"auto, (max-width: 245px) 100vw, 245px\" \/><\/a><\/h2>\n<h2>LE MONTAGNE NON SONO UNA MERCE<a class=\"dt-pswp-item\" href=\"http:\/\/www.radiopiu.net\/wordpress\/wp-content\/uploads\/2019\/08\/29133080_1969272919776024_820833473638957056_n.jpg\" data-dt-img-description=\"\" data-large_image_width=\"418\" data-large_image_height=\"417\"><img loading=\"lazy\" decoding=\"async\" class=\" wp-image-95741 alignright\" src=\"http:\/\/www.radiopiu.net\/wordpress\/wp-content\/uploads\/2019\/08\/29133080_1969272919776024_820833473638957056_n-300x300.jpg\" alt=\"\" width=\"120\" height=\"120\" srcset=\"https:\/\/www.radiopiu.net\/wordpress\/wp-content\/uploads\/2019\/08\/29133080_1969272919776024_820833473638957056_n-300x300.jpg 300w, https:\/\/www.radiopiu.net\/wordpress\/wp-content\/uploads\/2019\/08\/29133080_1969272919776024_820833473638957056_n-150x150.jpg 150w, https:\/\/www.radiopiu.net\/wordpress\/wp-content\/uploads\/2019\/08\/29133080_1969272919776024_820833473638957056_n.jpg 418w\" sizes=\"auto, (max-width: 120px) 100vw, 120px\" \/><\/a><\/h2>\n<p>&nbsp;<\/p>\n<p>&nbsp;<\/p>\n<p>&nbsp;<\/p>\n<p><strong>dalla rivista Ellin Selae di Franco Del Moro\u00a0<\/strong><\/p>\n<p>&nbsp;<\/p>\n<audio class=\"wp-audio-shortcode\" id=\"audio-95706-4\" preload=\"none\" style=\"width: 100%;\" controls=\"controls\"><source type=\"audio\/mpeg\" src=\"http:\/\/www.radiopiu.net\/wordpress\/wp-content\/uploads\/2019\/08\/FRANCO-DEL-MORO.mp3?_=4\" \/><a href=\"http:\/\/www.radiopiu.net\/wordpress\/wp-content\/uploads\/2019\/08\/FRANCO-DEL-MORO.mp3\">http:\/\/www.radiopiu.net\/wordpress\/wp-content\/uploads\/2019\/08\/FRANCO-DEL-MORO.mp3<\/a><\/audio>\n<p>&nbsp;<\/p>\n<h2><\/h2>\n<h2><\/h2>\n<p>&nbsp;<\/p>\n<blockquote><p>&nbsp;<\/p><\/blockquote>\n<h2>IN TERRITORIO FODOM SI SISTEMANO I SENTIERI DANNEGGIATI DA VAIA<\/h2>\n<p><strong>grazie a Manuel Roncat<\/strong><\/p>\n<p><strong>LIVINALLONGO DEL COL DI LANA<\/strong> Arabba fodom turismo sistema il suggestivo sentiero delle cascate di Retiz con il prezioso supporto della frazione di Pieve. Ora nuovamente fruibile la tutti.<\/p>\n<p><a class=\"dt-pswp-item\" href=\"http:\/\/www.radiopiu.net\/wordpress\/wp-content\/uploads\/2019\/08\/WhatsApp-Image-2019-08-14-at-12.37.27.jpeg\" data-dt-img-description=\"\" data-large_image_width=\"1200\" data-large_image_height=\"1600\"><img loading=\"lazy\" decoding=\"async\" class=\"alignnone size-medium wp-image-95719\" src=\"http:\/\/www.radiopiu.net\/wordpress\/wp-content\/uploads\/2019\/08\/WhatsApp-Image-2019-08-14-at-12.37.27-225x300.jpeg\" alt=\"\" width=\"225\" height=\"300\" srcset=\"https:\/\/www.radiopiu.net\/wordpress\/wp-content\/uploads\/2019\/08\/WhatsApp-Image-2019-08-14-at-12.37.27-225x300.jpeg 225w, https:\/\/www.radiopiu.net\/wordpress\/wp-content\/uploads\/2019\/08\/WhatsApp-Image-2019-08-14-at-12.37.27-768x1024.jpeg 768w, https:\/\/www.radiopiu.net\/wordpress\/wp-content\/uploads\/2019\/08\/WhatsApp-Image-2019-08-14-at-12.37.27.jpeg 1200w\" sizes=\"auto, (max-width: 225px) 100vw, 225px\" \/><\/a><a class=\"dt-pswp-item\" href=\"http:\/\/www.radiopiu.net\/wordpress\/wp-content\/uploads\/2019\/08\/WhatsApp-Image-2019-08-14-at-12.37.27-1.jpeg\" data-dt-img-description=\"\" data-large_image_width=\"1200\" data-large_image_height=\"1600\"><img loading=\"lazy\" decoding=\"async\" class=\"alignnone size-medium wp-image-95718\" src=\"http:\/\/www.radiopiu.net\/wordpress\/wp-content\/uploads\/2019\/08\/WhatsApp-Image-2019-08-14-at-12.37.27-1-225x300.jpeg\" alt=\"\" width=\"225\" height=\"300\" srcset=\"https:\/\/www.radiopiu.net\/wordpress\/wp-content\/uploads\/2019\/08\/WhatsApp-Image-2019-08-14-at-12.37.27-1-225x300.jpeg 225w, https:\/\/www.radiopiu.net\/wordpress\/wp-content\/uploads\/2019\/08\/WhatsApp-Image-2019-08-14-at-12.37.27-1-768x1024.jpeg 768w, https:\/\/www.radiopiu.net\/wordpress\/wp-content\/uploads\/2019\/08\/WhatsApp-Image-2019-08-14-at-12.37.27-1.jpeg 1200w\" sizes=\"auto, (max-width: 225px) 100vw, 225px\" \/><\/a><a class=\"dt-pswp-item\" href=\"http:\/\/www.radiopiu.net\/wordpress\/wp-content\/uploads\/2019\/08\/WhatsApp-Image-2019-08-14-at-12.37.27-2.jpeg\" data-dt-img-description=\"\" data-large_image_width=\"1200\" data-large_image_height=\"1600\"><img loading=\"lazy\" decoding=\"async\" class=\"alignnone size-medium wp-image-95717\" src=\"http:\/\/www.radiopiu.net\/wordpress\/wp-content\/uploads\/2019\/08\/WhatsApp-Image-2019-08-14-at-12.37.27-2-225x300.jpeg\" alt=\"\" width=\"225\" height=\"300\" srcset=\"https:\/\/www.radiopiu.net\/wordpress\/wp-content\/uploads\/2019\/08\/WhatsApp-Image-2019-08-14-at-12.37.27-2-225x300.jpeg 225w, https:\/\/www.radiopiu.net\/wordpress\/wp-content\/uploads\/2019\/08\/WhatsApp-Image-2019-08-14-at-12.37.27-2-768x1024.jpeg 768w, https:\/\/www.radiopiu.net\/wordpress\/wp-content\/uploads\/2019\/08\/WhatsApp-Image-2019-08-14-at-12.37.27-2.jpeg 1200w\" sizes=\"auto, (max-width: 225px) 100vw, 225px\" \/><\/a><a class=\"dt-pswp-item\" href=\"http:\/\/www.radiopiu.net\/wordpress\/wp-content\/uploads\/2019\/08\/WhatsApp-Image-2019-08-14-at-12.37.28.jpeg\" data-dt-img-description=\"\" data-large_image_width=\"1200\" data-large_image_height=\"1600\"><img loading=\"lazy\" decoding=\"async\" class=\"alignnone size-medium wp-image-95716\" src=\"http:\/\/www.radiopiu.net\/wordpress\/wp-content\/uploads\/2019\/08\/WhatsApp-Image-2019-08-14-at-12.37.28-225x300.jpeg\" alt=\"\" width=\"225\" height=\"300\" srcset=\"https:\/\/www.radiopiu.net\/wordpress\/wp-content\/uploads\/2019\/08\/WhatsApp-Image-2019-08-14-at-12.37.28-225x300.jpeg 225w, https:\/\/www.radiopiu.net\/wordpress\/wp-content\/uploads\/2019\/08\/WhatsApp-Image-2019-08-14-at-12.37.28-768x1024.jpeg 768w, https:\/\/www.radiopiu.net\/wordpress\/wp-content\/uploads\/2019\/08\/WhatsApp-Image-2019-08-14-at-12.37.28.jpeg 1200w\" sizes=\"auto, (max-width: 225px) 100vw, 225px\" \/><\/a><a class=\"dt-pswp-item\" href=\"http:\/\/www.radiopiu.net\/wordpress\/wp-content\/uploads\/2019\/08\/WhatsApp-Image-2019-08-14-at-12.37.28-1.jpeg\" data-dt-img-description=\"\" data-large_image_width=\"1200\" data-large_image_height=\"1600\"><img loading=\"lazy\" decoding=\"async\" class=\"alignnone size-medium wp-image-95715\" src=\"http:\/\/www.radiopiu.net\/wordpress\/wp-content\/uploads\/2019\/08\/WhatsApp-Image-2019-08-14-at-12.37.28-1-225x300.jpeg\" alt=\"\" width=\"225\" height=\"300\" srcset=\"https:\/\/www.radiopiu.net\/wordpress\/wp-content\/uploads\/2019\/08\/WhatsApp-Image-2019-08-14-at-12.37.28-1-225x300.jpeg 225w, https:\/\/www.radiopiu.net\/wordpress\/wp-content\/uploads\/2019\/08\/WhatsApp-Image-2019-08-14-at-12.37.28-1-768x1024.jpeg 768w, https:\/\/www.radiopiu.net\/wordpress\/wp-content\/uploads\/2019\/08\/WhatsApp-Image-2019-08-14-at-12.37.28-1.jpeg 1200w\" sizes=\"auto, (max-width: 225px) 100vw, 225px\" \/><\/a><a class=\"dt-pswp-item\" href=\"http:\/\/www.radiopiu.net\/wordpress\/wp-content\/uploads\/2019\/08\/WhatsApp-Image-2019-08-14-at-12.37.28-2.jpeg\" data-dt-img-description=\"\" data-large_image_width=\"1200\" data-large_image_height=\"1600\"><img loading=\"lazy\" decoding=\"async\" class=\"alignnone size-medium wp-image-95714\" src=\"http:\/\/www.radiopiu.net\/wordpress\/wp-content\/uploads\/2019\/08\/WhatsApp-Image-2019-08-14-at-12.37.28-2-225x300.jpeg\" alt=\"\" width=\"225\" height=\"300\" srcset=\"https:\/\/www.radiopiu.net\/wordpress\/wp-content\/uploads\/2019\/08\/WhatsApp-Image-2019-08-14-at-12.37.28-2-225x300.jpeg 225w, https:\/\/www.radiopiu.net\/wordpress\/wp-content\/uploads\/2019\/08\/WhatsApp-Image-2019-08-14-at-12.37.28-2-768x1024.jpeg 768w, https:\/\/www.radiopiu.net\/wordpress\/wp-content\/uploads\/2019\/08\/WhatsApp-Image-2019-08-14-at-12.37.28-2.jpeg 1200w\" sizes=\"auto, (max-width: 225px) 100vw, 225px\" \/><\/a><a class=\"dt-pswp-item\" href=\"http:\/\/www.radiopiu.net\/wordpress\/wp-content\/uploads\/2019\/08\/WhatsApp-Image-2019-08-14-at-12.37.29.jpeg\" data-dt-img-description=\"\" data-large_image_width=\"1200\" data-large_image_height=\"1600\"><img loading=\"lazy\" decoding=\"async\" class=\"alignnone size-medium wp-image-95713\" src=\"http:\/\/www.radiopiu.net\/wordpress\/wp-content\/uploads\/2019\/08\/WhatsApp-Image-2019-08-14-at-12.37.29-225x300.jpeg\" alt=\"\" width=\"225\" height=\"300\" srcset=\"https:\/\/www.radiopiu.net\/wordpress\/wp-content\/uploads\/2019\/08\/WhatsApp-Image-2019-08-14-at-12.37.29-225x300.jpeg 225w, https:\/\/www.radiopiu.net\/wordpress\/wp-content\/uploads\/2019\/08\/WhatsApp-Image-2019-08-14-at-12.37.29-768x1024.jpeg 768w, https:\/\/www.radiopiu.net\/wordpress\/wp-content\/uploads\/2019\/08\/WhatsApp-Image-2019-08-14-at-12.37.29.jpeg 1200w\" sizes=\"auto, (max-width: 225px) 100vw, 225px\" \/><\/a><a class=\"dt-pswp-item\" href=\"http:\/\/www.radiopiu.net\/wordpress\/wp-content\/uploads\/2019\/08\/WhatsApp-Image-2019-08-14-at-12.37.29-1.jpeg\" data-dt-img-description=\"\" data-large_image_width=\"1200\" data-large_image_height=\"1600\"><img loading=\"lazy\" decoding=\"async\" class=\"alignnone size-medium wp-image-95712\" src=\"http:\/\/www.radiopiu.net\/wordpress\/wp-content\/uploads\/2019\/08\/WhatsApp-Image-2019-08-14-at-12.37.29-1-225x300.jpeg\" alt=\"\" width=\"225\" height=\"300\" srcset=\"https:\/\/www.radiopiu.net\/wordpress\/wp-content\/uploads\/2019\/08\/WhatsApp-Image-2019-08-14-at-12.37.29-1-225x300.jpeg 225w, https:\/\/www.radiopiu.net\/wordpress\/wp-content\/uploads\/2019\/08\/WhatsApp-Image-2019-08-14-at-12.37.29-1-768x1024.jpeg 768w, https:\/\/www.radiopiu.net\/wordpress\/wp-content\/uploads\/2019\/08\/WhatsApp-Image-2019-08-14-at-12.37.29-1.jpeg 1200w\" sizes=\"auto, (max-width: 225px) 100vw, 225px\" \/><\/a><\/p>\n<p>&nbsp;<\/p>\n<p>&nbsp;<\/p>\n<p>&nbsp;<\/p>\n<h2>90 MILA DOLOMITICI E 1 IMBECILLE<\/h2>\n<p>La pagina facebook Dolomitici a ferragosto ha raggiunto e superato i 90 mila iscritti. Da questa pagina una segnalazione inquietante<br \/>\nSEGNALIAMO CHE SUI NOSTRI SENTIERI C&#8217;\u00c8 QUALCHE IGNORANTE CHE SI DIVERTE A MANOMETTERE LA SEGNALETICA S.A.T. SIA PER I TEMPI DI PERCORRENZA CHE PER LA META, COMPROMETTENDO COS\u00cc LA FUNZIONE DELLA SEGNALETICA STESSA. SONO STATE PREDISPOSTE DELLE FOTOTRAPPOLE?<\/p>\n<p><a class=\"dt-pswp-item\" href=\"http:\/\/www.radiopiu.net\/wordpress\/wp-content\/uploads\/2019\/08\/68813067_2171369706418839_8712605712741564416_n.jpg\" data-dt-img-description=\"\" data-large_image_width=\"720\" data-large_image_height=\"960\"><img loading=\"lazy\" decoding=\"async\" class=\"alignnone size-medium wp-image-95707\" src=\"http:\/\/www.radiopiu.net\/wordpress\/wp-content\/uploads\/2019\/08\/68813067_2171369706418839_8712605712741564416_n-225x300.jpg\" alt=\"\" width=\"225\" height=\"300\" srcset=\"https:\/\/www.radiopiu.net\/wordpress\/wp-content\/uploads\/2019\/08\/68813067_2171369706418839_8712605712741564416_n-225x300.jpg 225w, https:\/\/www.radiopiu.net\/wordpress\/wp-content\/uploads\/2019\/08\/68813067_2171369706418839_8712605712741564416_n.jpg 720w\" sizes=\"auto, (max-width: 225px) 100vw, 225px\" \/><\/a><a class=\"dt-pswp-item\" href=\"http:\/\/www.radiopiu.net\/wordpress\/wp-content\/uploads\/2019\/08\/68920213_2171369669752176_7140279440499539968_n.jpg\" data-dt-img-description=\"\" data-large_image_width=\"720\" data-large_image_height=\"960\"><img loading=\"lazy\" decoding=\"async\" class=\"alignnone size-medium wp-image-95708\" src=\"http:\/\/www.radiopiu.net\/wordpress\/wp-content\/uploads\/2019\/08\/68920213_2171369669752176_7140279440499539968_n-225x300.jpg\" alt=\"\" width=\"225\" height=\"300\" srcset=\"https:\/\/www.radiopiu.net\/wordpress\/wp-content\/uploads\/2019\/08\/68920213_2171369669752176_7140279440499539968_n-225x300.jpg 225w, https:\/\/www.radiopiu.net\/wordpress\/wp-content\/uploads\/2019\/08\/68920213_2171369669752176_7140279440499539968_n.jpg 720w\" sizes=\"auto, (max-width: 225px) 100vw, 225px\" \/><\/a><a class=\"dt-pswp-item\" href=\"http:\/\/www.radiopiu.net\/wordpress\/wp-content\/uploads\/2019\/08\/68379552_2171369636418846_4633935903230787584_n.jpg\" data-dt-img-description=\"\" data-large_image_width=\"960\" data-large_image_height=\"720\"><img loading=\"lazy\" decoding=\"async\" class=\"alignnone wp-image-95709\" src=\"http:\/\/www.radiopiu.net\/wordpress\/wp-content\/uploads\/2019\/08\/68379552_2171369636418846_4633935903230787584_n-300x225.jpg\" alt=\"\" width=\"399\" height=\"299\" srcset=\"https:\/\/www.radiopiu.net\/wordpress\/wp-content\/uploads\/2019\/08\/68379552_2171369636418846_4633935903230787584_n-300x225.jpg 300w, https:\/\/www.radiopiu.net\/wordpress\/wp-content\/uploads\/2019\/08\/68379552_2171369636418846_4633935903230787584_n-768x576.jpg 768w, https:\/\/www.radiopiu.net\/wordpress\/wp-content\/uploads\/2019\/08\/68379552_2171369636418846_4633935903230787584_n.jpg 960w\" sizes=\"auto, (max-width: 399px) 100vw, 399px\" \/><\/a><\/p>\n<p>&nbsp;<\/p>\n<p>&nbsp;<\/p>\n<p>&nbsp;<\/p>\n<p>&nbsp;<\/p>\n<h2><a class=\"dt-pswp-item\" href=\"http:\/\/www.radiopiu.net\/wordpress\/wp-content\/uploads\/2019\/08\/64546517_10215153413490874_6269190898127470592_n.jpg\" data-dt-img-description=\"\" data-large_image_width=\"474\" data-large_image_height=\"960\"><img loading=\"lazy\" decoding=\"async\" class=\" wp-image-95791 alignleft\" src=\"http:\/\/www.radiopiu.net\/wordpress\/wp-content\/uploads\/2019\/08\/64546517_10215153413490874_6269190898127470592_n-148x300.jpg\" alt=\"\" width=\"100\" height=\"203\" srcset=\"https:\/\/www.radiopiu.net\/wordpress\/wp-content\/uploads\/2019\/08\/64546517_10215153413490874_6269190898127470592_n-148x300.jpg 148w, https:\/\/www.radiopiu.net\/wordpress\/wp-content\/uploads\/2019\/08\/64546517_10215153413490874_6269190898127470592_n.jpg 474w\" sizes=\"auto, (max-width: 100px) 100vw, 100px\" \/><\/a>IL LUNARE ALLEGHESE DELL&#8217;UNIONE LADINI DI ALLEGHE<\/h2>\n<p>di Tiziana De Toni<\/p>\n<p><strong>ALLEGHE<\/strong> Nel 2019 come gruppo dei ladini di Alleghe abbiamo presentato il nostro primo calendario, la cui copertina \u00e8 in foto. Nel 2019 il filo conduttore erano i giochi di luce, particolarmente gli arcobaleni, fotografati nel nostro territorio. Vogliamo farlo diventare un appuntamento fisso e quindi sar\u00e0 riproposto anche il prossimo anno ed il tema centrale sar\u00e0 IL LAGO. Titolo: *\u201cNa oci\u00e0da intor al lak\u00a0<span class=\"text_exposed_show\">&#8211; Un\u2019occhiata intorno al lago\u201d* Chi vorr\u00e0 proporre la propria foto a tema perch\u00e9 possa essere pubblicata sul calendario, dovr\u00e0 inviarla alla mail dell\u2019Unione: ladigndealie@gmail.com con una buona risoluzione (e che soprattutto non sia stata ricevuta con whatsapp), entro il *30 settembre 2019*, autorizzandone l\u2019uso a titolo gratuito e citando il nome dell\u2019autore da pubblicare con la foto. Il direttivo dell\u2019Unione dei Ladini di Alleghe sceglier\u00e0, fra tutte le foto ricevute, le 13 che compariranno sul calendario. Grazie anticipatamente a chi vorr\u00e0 collaborare<\/span><\/p>\n<p>&nbsp;<\/p>\n<p>&nbsp;<\/p>\n<p>&nbsp;<\/p>\n<h1>Domenica 18 agosto chiusura del traffico dalle 9.30 alle 12.30.<\/h1>\n<p><strong> ALPAGO<\/strong> Da sempre, per gli organizzatori del Giro del Lago di Santa Croce, manifestazione per podisti e ciclisti che da un quarto di secolo raccoglie fondi per associazioni che si occupano dell&#8217;assistenza ai malati oncologici e ai loro familiari (nella fattispecie la Via di Natale di Aviano e la Cucchini di Belluno), la sicurezza dei partecipanti \u00e8 requisito fondamentale. La necessit\u00e0 di garantire la sicurezza si \u00e8 resa sempre pi\u00f9 necessaria con l&#8217;aumentare, nelle ultime edizioni del numero di partecipanti (lo scorso anno oltre 4500). Importante, in questo senso, \u00e8 sottolineare come, con ordinanza della Prefettura di Belluno, domenica 18 agosto ci sar\u00e0 la chiusura totale del traffico per garantire al massimo la sicurezza dei partecipanti. La chiusura della strada attorno al lago di Santa Croce (in particolare Statale 51 d\u2019Alemagna e Provinciali 422 dell\u2019Alpago e del Cansiglio e 423 del Lago di Santa Croce) \u00e8 prevista per tre ore, dalle 9.30 alle 12.30. Il via libera al traffico verr\u00e0 comunque dato progressivamente, a cominciare da Puos, una volta partiti i concorrenti. Ove possibile, sono stati predisposti un servizio e una specifica segnaletica indicante i percorsi alternativi. Sul sito della manifestazione, www.2ruotealpago.it, si possono trovare in evidenza, infine, i parcheggi disponibili nella zona della manifestazione. Per approfondimenti:\u00a0www.2ruotealpago.it.<\/p>\n<p><a class=\"dt-pswp-item\" href=\"http:\/\/www.radiopiu.net\/wordpress\/wp-content\/uploads\/2019\/08\/GIRO-LAGO-2018-BIKE-\u00a9TiComunicazione_64.jpg\" data-dt-img-description=\"\" data-large_image_width=\"1900\" data-large_image_height=\"1267\"><img loading=\"lazy\" decoding=\"async\" class=\"alignnone wp-image-95748\" src=\"http:\/\/www.radiopiu.net\/wordpress\/wp-content\/uploads\/2019\/08\/GIRO-LAGO-2018-BIKE-\u00a9TiComunicazione_64-300x200.jpg\" alt=\"\" width=\"449\" height=\"299\" srcset=\"https:\/\/www.radiopiu.net\/wordpress\/wp-content\/uploads\/2019\/08\/GIRO-LAGO-2018-BIKE-\u00a9TiComunicazione_64-300x200.jpg 300w, https:\/\/www.radiopiu.net\/wordpress\/wp-content\/uploads\/2019\/08\/GIRO-LAGO-2018-BIKE-\u00a9TiComunicazione_64-768x512.jpg 768w, https:\/\/www.radiopiu.net\/wordpress\/wp-content\/uploads\/2019\/08\/GIRO-LAGO-2018-BIKE-\u00a9TiComunicazione_64-1024x683.jpg 1024w, https:\/\/www.radiopiu.net\/wordpress\/wp-content\/uploads\/2019\/08\/GIRO-LAGO-2018-BIKE-\u00a9TiComunicazione_64.jpg 1900w\" sizes=\"auto, (max-width: 449px) 100vw, 449px\" \/><\/a><a class=\"dt-pswp-item\" href=\"http:\/\/www.radiopiu.net\/wordpress\/wp-content\/uploads\/2019\/08\/mappa-strade.png\" data-dt-img-description=\"\" data-large_image_width=\"2158\" data-large_image_height=\"3543\"><img loading=\"lazy\" decoding=\"async\" class=\"alignnone size-medium wp-image-95750\" src=\"http:\/\/www.radiopiu.net\/wordpress\/wp-content\/uploads\/2019\/08\/mappa-strade-183x300.png\" alt=\"\" width=\"183\" height=\"300\" srcset=\"https:\/\/www.radiopiu.net\/wordpress\/wp-content\/uploads\/2019\/08\/mappa-strade-183x300.png 183w, https:\/\/www.radiopiu.net\/wordpress\/wp-content\/uploads\/2019\/08\/mappa-strade-768x1261.png 768w, https:\/\/www.radiopiu.net\/wordpress\/wp-content\/uploads\/2019\/08\/mappa-strade-624x1024.png 624w\" sizes=\"auto, (max-width: 183px) 100vw, 183px\" \/><\/a><\/p>\n<p>&nbsp;<\/p>\n<p>&nbsp;<\/p>\n<p>&nbsp;<\/p>\n<p>&nbsp;<\/p>\n<h2>DAL 26 AGOSTO CHIUDE IL PONTE DI SANTA CATERINA. LA PREFETTURA PREDISPONE IL PIANO B, C E D COME DISAGI.<\/h2>\n<p><strong><a class=\"dt-pswp-item\" href=\"http:\/\/www.radiopiu.net\/wordpress\/wp-content\/uploads\/2019\/08\/ponte-nelle-alpi-1.jpg\" data-dt-img-description=\"\" data-large_image_width=\"290\" data-large_image_height=\"218\"><img loading=\"lazy\" decoding=\"async\" class=\" wp-image-95604 alignleft\" src=\"http:\/\/www.radiopiu.net\/wordpress\/wp-content\/uploads\/2019\/08\/ponte-nelle-alpi-1.jpg\" alt=\"\" width=\"202\" height=\"152\" \/><\/a>BELLUNO<\/strong> Il ponte chiude ed ecco la debolezza delle infrastrutture bellunesi. Per tre mesi i lavori sul ponte che attraversa il Piave, chiuso un ponte se ne fa un altro&#8230;ma anche molti chilometri in pi\u00f9. (foto bellunopress.it)<\/p>\n<p><strong>di DAMIANO TORMEN\u00a0<\/strong><\/p>\n<audio class=\"wp-audio-shortcode\" id=\"audio-95706-5\" preload=\"none\" style=\"width: 100%;\" controls=\"controls\"><source type=\"audio\/mpeg\" src=\"http:\/\/www.radiopiu.net\/wordpress\/wp-content\/uploads\/2019\/08\/damiano-ponte.mp3?_=5\" \/><a href=\"http:\/\/www.radiopiu.net\/wordpress\/wp-content\/uploads\/2019\/08\/damiano-ponte.mp3\">http:\/\/www.radiopiu.net\/wordpress\/wp-content\/uploads\/2019\/08\/damiano-ponte.mp3<\/a><\/audio>\n<h1>Piano di gestione del traffico per la chiusura del Ponte<\/h1>\n<blockquote class=\"wp-embedded-content\" data-secret=\"HQkFUTJ5bD\"><p><a href=\"http:\/\/www.radiopiu.net\/wordpress\/chiusura-del-ponte-di-santa-caterina-piano-di-gestione-del-traffico\/\">\u201cCHIUSURA DEL PONTE DI SANTA CATERINA &#8211; PIANO DI GESTIONE DEL TRAFFICO\u201d\u00a0<\/a><\/p><\/blockquote>\n<p><iframe loading=\"lazy\" title=\"&#8220;\u201cCHIUSURA DEL PONTE DI SANTA CATERINA &#8211; PIANO DI GESTIONE DEL TRAFFICO\u201d\u00a0&#8221; &#8212; Radio Pi\u00f9\" class=\"wp-embedded-content\" sandbox=\"allow-scripts\" security=\"restricted\" style=\"position: absolute; clip: rect(1px, 1px, 1px, 1px);\" src=\"http:\/\/www.radiopiu.net\/wordpress\/chiusura-del-ponte-di-santa-caterina-piano-di-gestione-del-traffico\/embed\/#?secret=HQkFUTJ5bD\" data-secret=\"HQkFUTJ5bD\" width=\"600\" height=\"338\" frameborder=\"0\" marginwidth=\"0\" marginheight=\"0\" scrolling=\"no\"><\/iframe><\/p>\n<p>&nbsp;<\/p>\n<p>&nbsp;<\/p>\n<p>&nbsp;<\/p>\n<h2>IL VIDEO DI FERRAGOSTO, SOPRA AGORDO AI PIEDI DEL FRAMONT<\/h2>\n<div id=\"fb-root\"><\/div>\n<p><script async=\"1\" defer=\"1\" crossorigin=\"anonymous\" src=\"https:\/\/connect.facebook.net\/it_IT\/sdk.js#xfbml=1&amp;version=v6.0\"><\/script><\/p>\n<div class=\"fb-video\" data-href=\"https:\/\/www.facebook.com\/mirko.mezzacasa\/videos\/10220501725719999\/\" data-width=\"1200\">\n<blockquote cite=\"https:\/\/www.facebook.com\/mirko.mezzacasa\/videos\/10220501725719999\/\" class=\"fb-xfbml-parse-ignore\"><p><a href=\"https:\/\/www.facebook.com\/mirko.mezzacasa\/videos\/10220501725719999\/\"><\/a><\/p>\n<p>Pubblicato da <a href=\"https:\/\/www.facebook.com\/mirko.mezzacasa\">Mirko Mezzacasa<\/a> su Gioved\u00ec 15 agosto 2019<\/p><\/blockquote>\n<\/div>\n<p>&nbsp;<\/p>\n<p>&nbsp;<\/p>\n<p>&nbsp;<\/p>\n<p>&nbsp;<\/p>\n<h3>I REGGENTI DELLA REPUBBLICA DI SAN MARINO A ROCCA PIETORE, L&#8217;INCONTRO CON GLI AMMINISTRATORI<\/h3>\n<p><strong><a class=\"dt-pswp-item\" href=\"http:\/\/www.radiopiu.net\/wordpress\/wp-content\/uploads\/2019\/08\/download-9.jpg\" data-dt-img-description=\"\" data-large_image_width=\"193\" data-large_image_height=\"260\"><img loading=\"lazy\" decoding=\"async\" class=\" wp-image-95502 alignleft\" src=\"http:\/\/www.radiopiu.net\/wordpress\/wp-content\/uploads\/2019\/08\/download-9.jpg\" alt=\"\" width=\"106\" height=\"143\" \/><\/a>ROCCA PIETORE<\/strong> Questa\u00a0 sera alle ore 21.00 nella sala consiliare del Municipio di Rocca Pietore ci sar\u00e0 l&#8217;incontro informale e amichevole fra l&#8217;amministrazione comunale e i Reggenti della Repubblica di San Marino ospitati all&#8217;Hotel Tyrolia a Malga Ciapela, i quali hanno scelto il nostro territorio per un breve soggiorno . Nei decenni scorsi la presenza a Rocca di una Colonia sanmarinese per vacanze, ha favorito amicizie e contatti importanti che si sono consolidati negli anni, sino alla sua chiusura. Molti sanmarinesi hanno quindi trascorso qui le estati della loro infanzia e questo ha sempre incentivato anche successivamente un notevole afflusso di turisti di San Marino a Rocca Pietore. L&#8217;incontro vuole rinsaldare una volta di pi\u00f9 lamicizia fra le nostre Comunit\u00e0.<\/p>\n<p>&nbsp;<\/p>\n<p>&nbsp;<\/p>\n<p>&nbsp;<\/p>\n<h3>SELEZIONE PERSONALE INFERMIERISTICO E COORDINATORE DEL PERSONALE PRESSO LA RSA DI AGORDO<\/h3>\n<p><strong>AGORDO<\/strong> ASCA (Azienda Speciale Consortile Agordina)\u00a0 ha indetto due nuove selezioni pubbliche finalizzate alla formulazione di graduatorie cui attingere per l\u2019assunzione delle seguenti figure professionali: infermieri a tempo determinato e indeterminato e a tempo pieno; coordinatore del personale presso la RSA a tempo indeterminato e pieno.\u00a0 Le modalit\u00e0 di presentazione delle domande si trovano sul sito aziendale www.servizisocialiasca.it. Il termine perentorio previsto per la presentazione della domanda per infermieri\u00a0 \u00e8 fissato\u00a0 per il\u00a0 5 settembre, Il termine\u00a0 per coordinatore il 16 settembre.<\/p>\n<p>&nbsp;<\/p>\n<p>&nbsp;<\/p>\n<blockquote><p>&nbsp;<\/p><\/blockquote>\n<h2>IL PALIO DEI CENTO AD AGORDO NEL\u00a0 FINE SETTIMANA<\/h2>\n<div class=\"addthis_sharing_toolbox\" data-url=\"https:\/\/sfoglio.corrierealpi.gelocal.it\/share_article.php?article_id=5478453\" data-title=\"Lupi alle Roncemessi un fugafacendo scoppiaredei petardi&quot;Palio dei Cento&quot;, tornala frazione di Faren...\"><strong>di GIANNI SANTOMASO<\/strong><\/div>\n<div data-url=\"https:\/\/sfoglio.corrierealpi.gelocal.it\/share_article.php?article_id=5478453\" data-title=\"Lupi alle Roncemessi un fugafacendo scoppiaredei petardi&quot;Palio dei Cento&quot;, tornala frazione di Faren...\"><\/div>\n<div class=\"articlePlainText\"><strong>AGORDO<\/strong>. Mancano pochi giorni al via della 37\u00aa edizione del &#8220;Palio dei Cento&#8221; sul Broi di Agordo, organizzata dal Comitato Palio guidato da Matteo Chissal\u00e8 in collaborazione col Comune, la Pro loco e Radio Pi\u00f9. Tutto pronto sul grande prato verde dove le otto contrade (c&#8217;\u00e8 il ritorno di Farenzena) si sfideranno sabato e domenica per conquistare il &#8220;bronzo&#8221; di Cesare Benvegn\u00f9. A difendere il titolo la frazione di Rif che lo scorso anno aveva vinto con sette punti di vantaggio su Toccol.<\/div>\n<div><\/div>\n<p><strong>AI MICROFONI DI RADIO PIU&#8217; CON MARCO GAZ, MATTEO CHISSALE&#8217; (PRESIDENTE DEL COMITATO PALIO)<\/strong><\/p>\n<audio class=\"wp-audio-shortcode\" id=\"audio-95706-6\" preload=\"none\" style=\"width: 100%;\" controls=\"controls\"><source type=\"audio\/mpeg\" src=\"http:\/\/www.radiopiu.net\/wordpress\/wp-content\/uploads\/2019\/08\/matteo-chissa-palio-2019.mp3?_=6\" \/><a href=\"http:\/\/www.radiopiu.net\/wordpress\/wp-content\/uploads\/2019\/08\/matteo-chissa-palio-2019.mp3\">http:\/\/www.radiopiu.net\/wordpress\/wp-content\/uploads\/2019\/08\/matteo-chissa-palio-2019.mp3<\/a><\/audio>\n<p>&nbsp;<\/p>\n<p>&nbsp;<\/p>\n<p>&nbsp;<\/p>\n<p>&nbsp;<\/p>\n<blockquote class=\"wp-embedded-content\" data-secret=\"QXt9Ye4Cyv\"><p><a href=\"http:\/\/www.radiopiu.net\/wordpress\/pian-de-le-femene-di-limana-domenica-onori-ai-caduti-nel-74-della-liberzione-di-renato-bona\/\">PIAN DE LE FEMENE DI LIMANA: DOMENICA ONORI AI CADUTI NEL 74. DELLA LIBERZIONE di RENATO BONA<\/a><\/p><\/blockquote>\n<p><iframe loading=\"lazy\" title=\"&#8220;PIAN DE LE FEMENE DI LIMANA: DOMENICA ONORI AI CADUTI NEL 74. DELLA LIBERZIONE di RENATO BONA&#8221; &#8212; Radio Pi\u00f9\" class=\"wp-embedded-content\" sandbox=\"allow-scripts\" security=\"restricted\" style=\"position: absolute; clip: rect(1px, 1px, 1px, 1px);\" src=\"http:\/\/www.radiopiu.net\/wordpress\/pian-de-le-femene-di-limana-domenica-onori-ai-caduti-nel-74-della-liberzione-di-renato-bona\/embed\/#?secret=QXt9Ye4Cyv\" data-secret=\"QXt9Ye4Cyv\" width=\"600\" height=\"338\" frameborder=\"0\" marginwidth=\"0\" marginheight=\"0\" scrolling=\"no\"><\/iframe><\/p>\n<p>&nbsp;<\/p>\n<p>&nbsp;<\/p>\n<p>&nbsp;<\/p>\n<p>&nbsp;<\/p>\n<h2>IL 26 AGOSTO A CANALE D&#8217;AGORDO NEL RICORDO DI PAPA LUCIANI<\/h2>\n<blockquote><p><em>La Fondazione Papa Luciani\u00a0 informa di alcune variazioni\u00a0\u00a0 riguardanti\u00a0 l&#8217;evento di luned\u00ec 26 agosto <\/em><\/p><\/blockquote>\n<p><strong>CANALE D&#8217;AGORDO<\/strong>\u00a0il 26 alle 11 alla Grotta della Madonna delle Nevi, Marmolada: S. Messa in occasione dei 40 anni della salita di Papa Giovanni Paolo II sulla Marmolada, presieduta dal vescovo della Diocesi di Belluno-Feltre Mons. Renato Marangoni. il \u00a026 agosto alle\u00a0 \u00a016, presso\u00a0 la piazza\u00a0\u00a0\u00a0 di CANALE D&#8217;\u00a0 AGORDO,\u00a0 avr\u00e0\u00a0 luogo\u00a0 la\u00a0 S.MESSA\u00a0 presieduta\u00a0\u00a0 dall&#8217; \u00a0 ARCIVESCOVO\u00a0\u00a0\u00a0\u00a0 FABIO DAL CIN,\u00a0 in\u00a0 occasione\u00a0 dei 41 anni\u00a0 dei\u00a0 40 anni\u00a0 della\u00a0 visita\u00a0 a\u00a0 CANALE D&#8217;AGORDO\u00a0 di\u00a0 S. S Papa\u00a0 Giovanni\u00a0 Paolo\u00a0 II.\u00a0 Mentre\u00a0 alle\u00a0 17:30,\u00a0 presso\u00a0 la piazza\u00a0 di\u00a0 CANALE D&#8217;AGORDO,\u00a0 avr\u00e0\u00a0 luogo la\u00a0 PRESENTAZIONE\u00a0 DELL&#8217;OPERA\u00a0 &#8221; MEMORIE&#8221;, di\u00a0 Andrea\u00a0 Benedetto\u00a0 e\u00a0 cerimonia\u00a0 ufficiale\u00a0 con la\u00a0 Delegazione di\u00a0 Wadowice, paese natale di San Giovanni\u00a0 Paolo II.<\/p>\n<p>&nbsp;<\/p>\n<p>&nbsp;<\/p>\n<p>&nbsp;<\/p>\n<h3>CICLOMELANDO IL RITORNO, IL 25 AGOSTO SI PEDALA<\/h3>\n<p><strong>MEL<\/strong>\u00a0A maggio le condizioni meteo avevano costretto gli organizzatori a rinviare il partecipato evento, ed ecco la nuova data: 25 agosto con ritrovo e partenza alle 8.30 da Pagogna, Due i tracciati, classic da 32 chilometri, 600 metri di dislivello, et\u00e0 minima 14 anni; enduro 22 chilometri, 900 metri di dislivello, et\u00e0 minima 18 anni. Servizio e noleggio e-bike, mtb, info 351 9368333. Pranzo, assicurazione, ristoro e guide. Per informazioni ed iscrizioni, Elisa al 338 9848878. Iscrizioni entro il 24 agosto, quota iscrizione comprensiva di pranzo 15 euro.<\/p>\n<p><a class=\"dt-pswp-item\" href=\"http:\/\/www.radiopiu.net\/wordpress\/wp-content\/uploads\/2019\/08\/IMG-20190808-WA0000-1.jpg\" data-dt-img-description=\"\" data-large_image_width=\"1131\" data-large_image_height=\"1600\"><img loading=\"lazy\" decoding=\"async\" class=\"alignnone size-medium wp-image-95482\" src=\"http:\/\/www.radiopiu.net\/wordpress\/wp-content\/uploads\/2019\/08\/IMG-20190808-WA0000-1-212x300.jpg\" alt=\"\" width=\"212\" height=\"300\" srcset=\"https:\/\/www.radiopiu.net\/wordpress\/wp-content\/uploads\/2019\/08\/IMG-20190808-WA0000-1-212x300.jpg 212w, https:\/\/www.radiopiu.net\/wordpress\/wp-content\/uploads\/2019\/08\/IMG-20190808-WA0000-1-768x1086.jpg 768w, https:\/\/www.radiopiu.net\/wordpress\/wp-content\/uploads\/2019\/08\/IMG-20190808-WA0000-1-724x1024.jpg 724w, https:\/\/www.radiopiu.net\/wordpress\/wp-content\/uploads\/2019\/08\/IMG-20190808-WA0000-1.jpg 1131w\" sizes=\"auto, (max-width: 212px) 100vw, 212px\" \/><\/a><a class=\"dt-pswp-item\" href=\"http:\/\/www.radiopiu.net\/wordpress\/wp-content\/uploads\/2019\/08\/IMG-20190808-WA0001-1.jpg\" data-dt-img-description=\"\" data-large_image_width=\"1131\" data-large_image_height=\"1600\"><img loading=\"lazy\" decoding=\"async\" class=\"alignnone size-medium wp-image-95483\" src=\"http:\/\/www.radiopiu.net\/wordpress\/wp-content\/uploads\/2019\/08\/IMG-20190808-WA0001-1-212x300.jpg\" alt=\"\" width=\"212\" height=\"300\" srcset=\"https:\/\/www.radiopiu.net\/wordpress\/wp-content\/uploads\/2019\/08\/IMG-20190808-WA0001-1-212x300.jpg 212w, https:\/\/www.radiopiu.net\/wordpress\/wp-content\/uploads\/2019\/08\/IMG-20190808-WA0001-1-768x1086.jpg 768w, https:\/\/www.radiopiu.net\/wordpress\/wp-content\/uploads\/2019\/08\/IMG-20190808-WA0001-1-724x1024.jpg 724w, https:\/\/www.radiopiu.net\/wordpress\/wp-content\/uploads\/2019\/08\/IMG-20190808-WA0001-1.jpg 1131w\" sizes=\"auto, (max-width: 212px) 100vw, 212px\" \/><\/a><\/p>\n<p>&nbsp;<\/p>\n<p>&nbsp;<\/p>\n<p>&nbsp;<\/p>\n<h2>DA FALCADE KIDS SUMMER, LA PROPOSTA<\/h2>\n<h3>FALCADE Ritorna l\u2019appuntamento con Week 4 Kids Summer sulle montagne di Falcade, una settimana tutta dedicata ai bambini e alle famiglie con escursioni e attivit\u00e0 outdoor sulle magnifiche vallate delle Dolomiti. L\u2019appuntamento \u00e8 per la settimana che va dal 25 al 31 agosto, il programma \u00e8 ricco di iniziative<\/h3>\n<p><a class=\"dt-pswp-item\" href=\"http:\/\/www.radiopiu.net\/wordpress\/wp-content\/uploads\/2019\/08\/Week-for-kids-5-19.jpg\" data-dt-img-description=\"\" data-large_image_width=\"1323\" data-large_image_height=\"1871\"><img loading=\"lazy\" decoding=\"async\" class=\"alignnone size-medium wp-image-95764\" src=\"http:\/\/www.radiopiu.net\/wordpress\/wp-content\/uploads\/2019\/08\/Week-for-kids-5-19-212x300.jpg\" alt=\"\" width=\"212\" height=\"300\" srcset=\"https:\/\/www.radiopiu.net\/wordpress\/wp-content\/uploads\/2019\/08\/Week-for-kids-5-19-212x300.jpg 212w, https:\/\/www.radiopiu.net\/wordpress\/wp-content\/uploads\/2019\/08\/Week-for-kids-5-19-768x1086.jpg 768w, https:\/\/www.radiopiu.net\/wordpress\/wp-content\/uploads\/2019\/08\/Week-for-kids-5-19-724x1024.jpg 724w, https:\/\/www.radiopiu.net\/wordpress\/wp-content\/uploads\/2019\/08\/Week-for-kids-5-19.jpg 1323w\" sizes=\"auto, (max-width: 212px) 100vw, 212px\" \/><\/a><a class=\"dt-pswp-item\" href=\"http:\/\/www.radiopiu.net\/wordpress\/wp-content\/uploads\/2019\/08\/copertina-2020.jpg\" data-dt-img-description=\"\" data-large_image_width=\"1600\" data-large_image_height=\"1200\"><img loading=\"lazy\" decoding=\"async\" class=\"alignnone wp-image-95765\" src=\"http:\/\/www.radiopiu.net\/wordpress\/wp-content\/uploads\/2019\/08\/copertina-2020-300x225.jpg\" alt=\"\" width=\"396\" height=\"297\" srcset=\"https:\/\/www.radiopiu.net\/wordpress\/wp-content\/uploads\/2019\/08\/copertina-2020-300x225.jpg 300w, https:\/\/www.radiopiu.net\/wordpress\/wp-content\/uploads\/2019\/08\/copertina-2020-768x576.jpg 768w, https:\/\/www.radiopiu.net\/wordpress\/wp-content\/uploads\/2019\/08\/copertina-2020-1024x768.jpg 1024w, https:\/\/www.radiopiu.net\/wordpress\/wp-content\/uploads\/2019\/08\/copertina-2020.jpg 1600w\" sizes=\"auto, (max-width: 396px) 100vw, 396px\" \/><\/a><\/p>\n<h2><\/h2>\n<p>&nbsp;<\/p>\n<h2>A SANTINO GANZ<\/h2>\n<h2>di John Francis Della Pietra<\/h2>\n<h2><a class=\"dt-pswp-item\" href=\"http:\/\/www.radiopiu.net\/wordpress\/wp-content\/uploads\/2019\/08\/WhatsApp-Image-2019-08-15-at-19.31.10.jpeg\" data-dt-img-description=\"\" data-large_image_width=\"676\" data-large_image_height=\"960\"><img loading=\"lazy\" decoding=\"async\" class=\" wp-image-95792 alignleft\" src=\"http:\/\/www.radiopiu.net\/wordpress\/wp-content\/uploads\/2019\/08\/WhatsApp-Image-2019-08-15-at-19.31.10-211x300.jpeg\" alt=\"\" width=\"171\" height=\"243\" srcset=\"https:\/\/www.radiopiu.net\/wordpress\/wp-content\/uploads\/2019\/08\/WhatsApp-Image-2019-08-15-at-19.31.10-211x300.jpeg 211w, https:\/\/www.radiopiu.net\/wordpress\/wp-content\/uploads\/2019\/08\/WhatsApp-Image-2019-08-15-at-19.31.10.jpeg 676w\" sizes=\"auto, (max-width: 171px) 100vw, 171px\" \/><\/a>Dentro di noi<\/h2>\n<p>Il tempo un po&#8217; alla volta<a class=\"dt-pswp-item\" href=\"http:\/\/www.radiopiu.net\/wordpress\/wp-content\/uploads\/2019\/08\/WhatsApp-Image-2019-08-15-at-16.58.28.jpeg\" data-dt-img-description=\"\" data-large_image_width=\"1200\" data-large_image_height=\"1599\"><img loading=\"lazy\" decoding=\"async\" class=\"size-medium wp-image-95785 alignright\" src=\"http:\/\/www.radiopiu.net\/wordpress\/wp-content\/uploads\/2019\/08\/WhatsApp-Image-2019-08-15-at-16.58.28-225x300.jpeg\" alt=\"\" width=\"225\" height=\"300\" srcset=\"https:\/\/www.radiopiu.net\/wordpress\/wp-content\/uploads\/2019\/08\/WhatsApp-Image-2019-08-15-at-16.58.28-225x300.jpeg 225w, https:\/\/www.radiopiu.net\/wordpress\/wp-content\/uploads\/2019\/08\/WhatsApp-Image-2019-08-15-at-16.58.28-768x1024.jpeg 768w, https:\/\/www.radiopiu.net\/wordpress\/wp-content\/uploads\/2019\/08\/WhatsApp-Image-2019-08-15-at-16.58.28.jpeg 1200w\" sizes=\"auto, (max-width: 225px) 100vw, 225px\" \/><\/a><br \/>\nCancella quasi ogni cosa<br \/>\nNel suo inflessibile incedere<br \/>\nLe tracce del passato<br \/>\nSi fan sempre pi\u00f9 flebili<br \/>\nI ricordi<br \/>\nTalora confusi<br \/>\nSfuggono pian piano<br \/>\nMa li nel nostro profondo<br \/>\nQualcosa permane<br \/>\nMagari celato<br \/>\nMa pronto a balzar fuori<br \/>\nAll&#8217;improvviso<br \/>\nSpesso senza un apparente ragione<br \/>\nCos\u00ec ci pare<br \/>\nEppur alcuni legami<br \/>\nMai si disciolgon<br \/>\nNeppure nel trascorrer<br \/>\nE mi sovviene<br \/>\nSubitaneo e nitido <a class=\"dt-pswp-item\" href=\"http:\/\/www.radiopiu.net\/wordpress\/wp-content\/uploads\/2019\/08\/WhatsApp-Image-2019-08-15-at-19.31.23.jpeg\" data-dt-img-description=\"\" data-large_image_width=\"636\" data-large_image_height=\"960\"><img loading=\"lazy\" decoding=\"async\" class=\"size-medium wp-image-95793 alignright\" src=\"http:\/\/www.radiopiu.net\/wordpress\/wp-content\/uploads\/2019\/08\/WhatsApp-Image-2019-08-15-at-19.31.23-199x300.jpeg\" alt=\"\" width=\"199\" height=\"300\" srcset=\"https:\/\/www.radiopiu.net\/wordpress\/wp-content\/uploads\/2019\/08\/WhatsApp-Image-2019-08-15-at-19.31.23-199x300.jpeg 199w, https:\/\/www.radiopiu.net\/wordpress\/wp-content\/uploads\/2019\/08\/WhatsApp-Image-2019-08-15-at-19.31.23.jpeg 636w\" sizes=\"auto, (max-width: 199px) 100vw, 199px\" \/><\/a><a class=\"dt-pswp-item\" href=\"http:\/\/www.radiopiu.net\/wordpress\/wp-content\/uploads\/2019\/08\/WhatsApp-Image-2019-08-15-at-19.31.34.jpeg\" data-dt-img-description=\"\" data-large_image_width=\"720\" data-large_image_height=\"877\"><img loading=\"lazy\" decoding=\"async\" class=\"size-medium wp-image-95794 alignright\" src=\"http:\/\/www.radiopiu.net\/wordpress\/wp-content\/uploads\/2019\/08\/WhatsApp-Image-2019-08-15-at-19.31.34-246x300.jpeg\" alt=\"\" width=\"246\" height=\"300\" srcset=\"https:\/\/www.radiopiu.net\/wordpress\/wp-content\/uploads\/2019\/08\/WhatsApp-Image-2019-08-15-at-19.31.34-246x300.jpeg 246w, https:\/\/www.radiopiu.net\/wordpress\/wp-content\/uploads\/2019\/08\/WhatsApp-Image-2019-08-15-at-19.31.34.jpeg 720w\" sizes=\"auto, (max-width: 246px) 100vw, 246px\" \/><\/a><br \/>\nNel rimembrare<br \/>\nIl suo personaggio<br \/>\nIl carattere<br \/>\nLe capacit\u00e0<br \/>\nE sopratutto<br \/>\nLa sua disponibilit\u00e0<br \/>\nVerso gli altri<br \/>\nNon t&#8217;abbiam<br \/>\nDimenticato<br \/>\nAmico<br \/>\nSantino<br \/>\nRimani sempre<br \/>\nDentro di noi&#8230;<\/p>\n<p><strong>AUDIO, DALLA PROGRAMMAZIONE DI RADIO PIU<\/strong><\/p>\n<audio class=\"wp-audio-shortcode\" id=\"audio-95706-7\" preload=\"none\" style=\"width: 100%;\" controls=\"controls\"><source type=\"audio\/mpeg\" src=\"http:\/\/www.radiopiu.net\/wordpress\/wp-content\/uploads\/2019\/08\/SANTINO.mp3?_=7\" \/><a href=\"http:\/\/www.radiopiu.net\/wordpress\/wp-content\/uploads\/2019\/08\/SANTINO.mp3\">http:\/\/www.radiopiu.net\/wordpress\/wp-content\/uploads\/2019\/08\/SANTINO.mp3<\/a><\/audio>\n<p><strong>FOTO: GRAZIE A LORIS SANTOMASO E DUNIO PICCOLIN<\/strong><\/p>\n<p>&nbsp;<\/p>\n<blockquote>\n<div><\/div>\n<\/blockquote>\n<div><\/div>\n<div><\/div>\n<div><\/div>\n<div><\/div>\n<div><\/div>\n<div>\n<p><a class=\"dt-pswp-item\" href=\"http:\/\/www.radiopiu.net\/wordpress\/wp-content\/uploads\/2018\/09\/appuntamenti.jpeg\" data-dt-img-description=\"\" data-large_image_width=\"800\" data-large_image_height=\"100\"><img loading=\"lazy\" decoding=\"async\" class=\"alignnone wp-image-61958 size-full\" src=\"http:\/\/www.radiopiu.net\/wordpress\/wp-content\/uploads\/2018\/09\/appuntamenti.jpeg\" alt=\"\" width=\"800\" height=\"100\" srcset=\"https:\/\/www.radiopiu.net\/wordpress\/wp-content\/uploads\/2018\/09\/appuntamenti.jpeg 800w, https:\/\/www.radiopiu.net\/wordpress\/wp-content\/uploads\/2018\/09\/appuntamenti-300x38.jpeg 300w, https:\/\/www.radiopiu.net\/wordpress\/wp-content\/uploads\/2018\/09\/appuntamenti-768x96.jpeg 768w\" sizes=\"auto, (max-width: 800px) 100vw, 800px\" \/><\/a><\/p>\n<\/div>\n<p>&nbsp;<\/p>\n<div>\n<div>\n<p><span style=\"color: #ff0000;\"><strong><a class=\"dt-pswp-item\" href=\"http:\/\/www.radiopiu.net\/wordpress\/wp-content\/uploads\/2019\/07\/21231208_1428419980586085_1115215269049052745_n.jpg\" data-dt-img-description=\"\" data-large_image_width=\"661\" data-large_image_height=\"661\"><img loading=\"lazy\" decoding=\"async\" class=\" wp-image-90482 alignleft\" src=\"http:\/\/www.radiopiu.net\/wordpress\/wp-content\/uploads\/2019\/07\/21231208_1428419980586085_1115215269049052745_n-300x300.jpg\" alt=\"\" width=\"145\" height=\"145\" srcset=\"https:\/\/www.radiopiu.net\/wordpress\/wp-content\/uploads\/2019\/07\/21231208_1428419980586085_1115215269049052745_n-300x300.jpg 300w, https:\/\/www.radiopiu.net\/wordpress\/wp-content\/uploads\/2019\/07\/21231208_1428419980586085_1115215269049052745_n-150x150.jpg 150w, https:\/\/www.radiopiu.net\/wordpress\/wp-content\/uploads\/2019\/07\/21231208_1428419980586085_1115215269049052745_n.jpg 661w\" sizes=\"auto, (max-width: 145px) 100vw, 145px\" \/><\/a><\/strong><\/span><\/p>\n<p style=\"text-align: left;\"><span style=\"color: #ff0000;\"><strong>PER IL SECONDO ANNO, PER TUTTA L&#8217;ESTATE: LA &#8220;FABBRICA DELLE EMOZIONI&#8221;, ALLA RADIO IN COLLABORAZIONE CON <a class=\"profileLink\" style=\"color: #ff0000;\" href=\"https:\/\/www.facebook.com\/dersut.taibon\/?__tn__=K-R&amp;eid=ARAWHGS4pY7ErSAGuNNMHp-xra7d294ysugnpoUicWkeK9rjbvd86RDR3SHV57JuBTC7yrMP85kcC7oy&amp;fref=mentions&amp;__xts__%5B0%5D=68.ARA8kEGfdeZlMevmYpMAmAmJ7ziHM_3WogqE61anVHM5V-Ht7pYFd4NJRcEVlK7VIq__zFsG6G8vsxxKnVF1SBmpERHebECtYKNHrf4mG4C4wVmPxxn4uj_nmTIeZglrdIyUPa0dnE3usWWzci033oOnyRS5XDhoavIU-eTU85t_Wp6jFT0-ULRP932r4STxN16bdptt8cef\" data-hovercard=\"\/ajax\/hovercard\/page.php?id=904939246267497&amp;extragetparams=%7B%22__tn__%22%3A%22%2CdK-R-R%22%2C%22eid%22%3A%22ARAWHGS4pY7ErSAGuNNMHp-xra7d294ysugnpoUicWkeK9rjbvd86RDR3SHV57JuBTC7yrMP85kcC7oy%22%2C%22fref%22%3A%22mentions%22%7D\" data-hovercard-prefer-more-content-show=\"1\">Dersut Taibon<\/a>\u00a0EVENTI, APPUNTAMENTI, DIVERTIMENTI NELLA VALLATA AGORDINA. IN ONDA ALLA RADIO NEI NOTIZIARI E NEGLI APPROFONDIMENTI ALLA RADIO E SUL SITO\u00a0<a style=\"color: #ff0000;\" href=\"http:\/\/www.radiopiu.net\/?fbclid=IwAR3Zckh6EArPlP9el3_APl-CxxkfxeumpcmQ4v9HIwZohBUQuztQ4jOimzE\" target=\"_blank\" rel=\"noopener nofollow noreferrer\" data-ft=\"{&quot;tn&quot;:&quot;-U&quot;}\" data-lynx-mode=\"async\" data-lynx-uri=\"https:\/\/l.facebook.com\/l.php?u=http%3A%2F%2FWWW.RADIOPIU.NET%2F%3Ffbclid%3DIwAR3Zckh6EArPlP9el3_APl-CxxkfxeumpcmQ4v9HIwZohBUQuztQ4jOimzE&amp;h=AT3iK2sNf9WjhvLB7AaqYnWzUdWcBNNS_1cXI6UJ3eEvhP4Ym5v2vemsj9TpyM0_qzzb9gjT9sJhgm4I2ZXxgJSAlUfvNTaJwITPvOvqfAuTNdwnWON3ic-lvSbJXWzM3FVSvAgPffEqbH4dYL2TEG6D6xs5TZHrlhUGtTKMYKoPXpBJIF8ke0VZdFkl3YQ7tGdqat-r6rzvDTprheLIjQ7jKZPmLRbVLu1fIKQ2jHEQkMU8LzIZvt_s5FE3Fxl6fUw_HG6Kz2ygpE7qxE3yIyhlOk0wt55c_6ZWHfM2I0PFlpPFgNhCDJwFSVFieE73_LsmFyKeJSBqSnd9p7KBuOYgQAQepyVC8du7dtfKvd60oOKKb1xchMvMyu9mMRYGRKi2y8I7U2WlGyyKbcYHubfjzWI02WXZXcSE97K_yFCYyeqZ2T_hgQJ7vzHhfBlDLdaXxkE\">WWW.RADIOPIU.NET<\/a><\/strong><\/span><\/p>\n<\/div>\n<blockquote><p>&nbsp;<\/p>\n<p>&nbsp;<\/p>\n<p style=\"text-align: left;\"><strong>DA NON PERDERE:<\/strong> La mostra di pittura di\u00a0 Renzo Miola al Nof Filo&#8217; di Cencenighe, fino al 18 agosto, ad Agordo DolomitiAmo in sala Don Tamis, entrambe sono aperte anche la sera dopo cena fino alle 22. L<span style=\"font-size: medium;\">a mostra pittorica di Giuliano de Rocco presso la sala consiliare del Municipio di Canale d&#8217;Agordo \u00e8 prorogata fino a luned\u00ec 26 agosto dalle 17.00 alle 19.00\u00a0<\/span><\/p>\n<\/blockquote>\n<\/div>\n<p>&nbsp;<\/p>\n<p style=\"text-align: left;\"><strong>LIVINALLONGO <\/strong>Oggi ad Arabba esibizione gruppo Folk Fodom alle 17 ad Arabba, <strong>domani<\/strong> sfilata dei carri delle associazioni dei gruppi folk dalle 14.30, alle 21.30 illuminazione delle creste di Porta Vescovo, al castello di Andraz dimostrazione di spade e spadai.<\/p>\n<div>\n<p style=\"text-align: left;\"><strong>ALLEGHE\u00a0 <\/strong>Oggi\u00a0concerto a Villa Paganini alle 17 con Les Magots, in serata concorso barche illuminate dalle 21 e fuochi sul lago dalle 23<\/p>\n<\/div>\n<div>\n<p style=\"text-align: left;\"><strong><a class=\"dt-pswp-item\" href=\"http:\/\/www.radiopiu.net\/wordpress\/wp-content\/uploads\/2019\/08\/68424026_3358067704207022_7561547416487329792_n-1.jpg\" data-dt-img-description=\"\" data-large_image_width=\"680\" data-large_image_height=\"960\"><img loading=\"lazy\" decoding=\"async\" class=\" wp-image-95338 alignleft\" src=\"http:\/\/www.radiopiu.net\/wordpress\/wp-content\/uploads\/2019\/08\/68424026_3358067704207022_7561547416487329792_n-1-213x300.jpg\" alt=\"\" width=\"192\" height=\"270\" srcset=\"https:\/\/www.radiopiu.net\/wordpress\/wp-content\/uploads\/2019\/08\/68424026_3358067704207022_7561547416487329792_n-1-213x300.jpg 213w, https:\/\/www.radiopiu.net\/wordpress\/wp-content\/uploads\/2019\/08\/68424026_3358067704207022_7561547416487329792_n-1.jpg 680w\" sizes=\"auto, (max-width: 192px) 100vw, 192px\" \/><\/a>FALCADE\u00a0 <\/strong>Questa sera \u00a0alle\u00a0 20.45\u00a0Casa della Giovent\u00f9 di Caviola\u00a0 Proiezione di documentari d&#8217;epoca di Giuseppe Taffarel dal titolo &#8220;C&#8217;era una volta&#8221;, con presentazione del Prof. Mirco Marenco, dell&#8217;Universit\u00e0 degli Studi di Padova<\/p>\n<p style=\"text-align: left;\"><strong>GOSALDO<\/strong> Con la bocciofila oggi\u00a0 alle 14.30 gara sociale e domenica alle 14 gara individuale<\/p>\n<p style=\"text-align: left;\"><strong>GOSALDO<\/strong>\u00a0 Domani alle 20.45 in sala conferenze ex scuola media di Don serata con i fotografi Aldo Comincioli, Bruno Bressan e Graziano March.<\/p>\n<p style=\"text-align: left;\"><strong>ALLEGHE<\/strong> Domenica\u00a0 alle 20.45 in piazza Kennedy concerto del coro parrocchiale San Biagio<\/p>\n<p style=\"text-align: left;\"><strong>ALLEGHE<\/strong> Domenica alle 21 amichevole hockey ghiaccio, Alleghe IHL-Alleghe finale 1985-86.<\/p>\n<p style=\"text-align: left;\"><strong>FALCADE<\/strong> Domenica dalle 10 sulla piana di Falcade Manifestazione paracadutistica e voli in elicottero, davanti all&#8217;Aivaz, Possibilit\u00e0 di lanci in tandem, prenotazione voli sul posto.<\/p>\n<p style=\"text-align: left;\"><strong>CENCENIGHE<\/strong> Domenica festa degli alpini in Pineta, 10.30 messa cantata dal coro parrocchiale in Pineta, 12 piatti tipici e pomeriggio di musica e ballo folk con Ioris.<\/p>\n<p style=\"text-align: left;\"><strong>GOSALDO<\/strong> Domenica alle 20.30 alle scuole medie con il gruppo Ana\u00a0 &#8220;Il fronte di fronte, diari&#8221; Ricerche storiche con Adone Bettega, Luciana Palla, Santo De Dorigo, Luca Salvagno, I\u00f2 di Qual, Mariateresa Stella, Riccardo Pasqual, Marco Felici, Elena Corona, Vincenzo Bottecchia. Saranno presenti curatori, storici ed autori di fumetti.<\/p>\n<\/div>\n<p><strong>TAIBON<\/strong> Torna domenica il premio Corpassa alla casa Bortolona, previsto un significativo ricordo del sindaco Loretta Ben per 10 anni alla guida del paese.<\/p>\n<p><strong>ALLEGHE<\/strong> Il film &#8220;Donna Fugata&#8221; sar\u00e0 proposto anche in riva al lago, \u00a0all&#8217;interno della Sala Congressi presso il Palaghiaccio gioved\u00ec 22 agosto con inizio alle ore 21. Film di montagna (Civetta), regia Manrico Dall&#8217;Agnola, con Sara Avoscan e Omar Genuin.<\/p>\n<p>&nbsp;<\/p>\n<p>&nbsp;<\/p>\n<p><a class=\"dt-pswp-item\" href=\"http:\/\/www.radiopiu.net\/wordpress\/wp-content\/uploads\/2018\/09\/sport.jpg\" data-dt-img-description=\"\" data-large_image_width=\"800\" data-large_image_height=\"100\"><img loading=\"lazy\" decoding=\"async\" class=\"alignnone wp-image-60761 size-full\" src=\"http:\/\/www.radiopiu.net\/wordpress\/wp-content\/uploads\/2018\/09\/sport.jpg\" alt=\"\" width=\"800\" height=\"100\" srcset=\"https:\/\/www.radiopiu.net\/wordpress\/wp-content\/uploads\/2018\/09\/sport.jpg 800w, https:\/\/www.radiopiu.net\/wordpress\/wp-content\/uploads\/2018\/09\/sport-300x38.jpg 300w, https:\/\/www.radiopiu.net\/wordpress\/wp-content\/uploads\/2018\/09\/sport-768x96.jpg 768w\" sizes=\"auto, (max-width: 800px) 100vw, 800px\" \/><\/a><\/p>\n<h2><\/h2>\n<h2>IL CALENDARIO UFFICIALE DELL&#8217;ITALIAN HOCKEY LEAGUE<\/h2>\n<p>\u00c8 stato ufficializzato nelle ore scorse il calendario ufficiale dell&#8217;Italian Hockey League 2019\/20. L&#8217;Alleghe inaugurer\u00e0 la stagione contro i vicecampioni in carica del Merano ed avranno ben 3 partite consecutive in casa. 11 le squadre iscritte al campionato che inizier\u00e0 il 21 settembre con la stagione regolare. Visto che le squadre iscritte sono dispari, le civette avranno modo di usufruire della giornata di riposo alla terza e quattordicesima giornata. Fase a qualificazione che terminer\u00e0 invece il 28 dicembre. Da qui le squadre verranno divise in 2 gruppi, relegation e qualification round, che stabiliranno quali saranno le formazioni che accedono ai playoff. Domenica prossima all&#8217;Alvise De Toni ci sar\u00e0 l&#8217;incontro amichevole contro l&#8217;Alleghe 1984\/85 mentre il 24 agosto sar\u00e0 il turno del Fassa, un&#8217;occasione per festeggiare Daniele Veggiato che giocher\u00e0 la sua ultima partita prima di lasciare il mondo dell&#8217;hockey giocato.<\/p>\n<p><strong>IL CALENDARIO DELL&#8217;ALLEGHE DELLA PRIMA FASE<\/strong><\/p>\n<p><a class=\"dt-pswp-item\" href=\"http:\/\/www.radiopiu.net\/wordpress\/wp-content\/uploads\/2019\/08\/CALENDARIO-IHL-2019-ALLEGHE.jpeg\" data-dt-img-description=\"\" data-large_image_width=\"829\" data-large_image_height=\"712\"><img loading=\"lazy\" decoding=\"async\" class=\"aligncenter wp-image-95702 size-full\" src=\"http:\/\/www.radiopiu.net\/wordpress\/wp-content\/uploads\/2019\/08\/CALENDARIO-IHL-2019-ALLEGHE.jpeg\" alt=\"\" width=\"829\" height=\"712\" srcset=\"https:\/\/www.radiopiu.net\/wordpress\/wp-content\/uploads\/2019\/08\/CALENDARIO-IHL-2019-ALLEGHE.jpeg 829w, https:\/\/www.radiopiu.net\/wordpress\/wp-content\/uploads\/2019\/08\/CALENDARIO-IHL-2019-ALLEGHE-300x258.jpeg 300w, https:\/\/www.radiopiu.net\/wordpress\/wp-content\/uploads\/2019\/08\/CALENDARIO-IHL-2019-ALLEGHE-768x660.jpeg 768w\" sizes=\"auto, (max-width: 829px) 100vw, 829px\" \/><\/a><\/p>\n<p>&nbsp;<\/p>\n<h2><a class=\"dt-pswp-item\" href=\"http:\/\/www.radiopiu.net\/wordpress\/wp-content\/uploads\/2019\/08\/IMG_6309-2-1.jpg\" data-dt-img-description=\"\" data-large_image_width=\"1915\" data-large_image_height=\"1436\"><img loading=\"lazy\" decoding=\"async\" class=\" wp-image-95666 alignleft\" src=\"http:\/\/www.radiopiu.net\/wordpress\/wp-content\/uploads\/2019\/08\/IMG_6309-2-1-300x225.jpg\" alt=\"\" width=\"255\" height=\"191\" srcset=\"https:\/\/www.radiopiu.net\/wordpress\/wp-content\/uploads\/2019\/08\/IMG_6309-2-1-300x225.jpg 300w, https:\/\/www.radiopiu.net\/wordpress\/wp-content\/uploads\/2019\/08\/IMG_6309-2-1-768x576.jpg 768w, https:\/\/www.radiopiu.net\/wordpress\/wp-content\/uploads\/2019\/08\/IMG_6309-2-1-1024x768.jpg 1024w, https:\/\/www.radiopiu.net\/wordpress\/wp-content\/uploads\/2019\/08\/IMG_6309-2-1.jpg 1915w\" sizes=\"auto, (max-width: 255px) 100vw, 255px\" \/><\/a><\/h2>\n<h2><\/h2>\n<h2><\/h2>\n<h2><\/h2>\n<h2>LA PRIMA AMICHEVOLE DELL&#8217;ALLEGHE HOCKEY\u00a0 VISTA DA MATTEO MANFROI<\/h2>\n<audio class=\"wp-audio-shortcode\" id=\"audio-95706-8\" preload=\"none\" style=\"width: 100%;\" controls=\"controls\"><source type=\"audio\/mpeg\" src=\"http:\/\/www.radiopiu.net\/wordpress\/wp-content\/uploads\/2019\/08\/MATTEO-HOCKEU.mp3?_=8\" \/><a href=\"http:\/\/www.radiopiu.net\/wordpress\/wp-content\/uploads\/2019\/08\/MATTEO-HOCKEU.mp3\">http:\/\/www.radiopiu.net\/wordpress\/wp-content\/uploads\/2019\/08\/MATTEO-HOCKEU.mp3<\/a><\/audio>\n<p>&nbsp;<\/p>\n<p>&nbsp;<\/p>\n<p><b><a class=\"dt-pswp-item\" href=\"http:\/\/www.radiopiu.net\/wordpress\/wp-content\/uploads\/2018\/09\/WhatsApp-Image-2018-09-20-at-16.04.06.jpeg\" data-dt-img-description=\"\" data-large_image_width=\"800\" data-large_image_height=\"100\"><img loading=\"lazy\" decoding=\"async\" class=\"alignnone wp-image-61378 size-full\" src=\"http:\/\/www.radiopiu.net\/wordpress\/wp-content\/uploads\/2018\/09\/WhatsApp-Image-2018-09-20-at-16.04.06.jpeg\" alt=\"\" width=\"800\" height=\"100\" srcset=\"https:\/\/www.radiopiu.net\/wordpress\/wp-content\/uploads\/2018\/09\/WhatsApp-Image-2018-09-20-at-16.04.06.jpeg 800w, https:\/\/www.radiopiu.net\/wordpress\/wp-content\/uploads\/2018\/09\/WhatsApp-Image-2018-09-20-at-16.04.06-300x38.jpeg 300w, https:\/\/www.radiopiu.net\/wordpress\/wp-content\/uploads\/2018\/09\/WhatsApp-Image-2018-09-20-at-16.04.06-768x96.jpeg 768w\" sizes=\"auto, (max-width: 800px) 100vw, 800px\" \/><\/a><\/b><\/p>\n<p>&nbsp;<\/p>\n<p><center><b>Venerdi 16<\/b><\/center><b>Tempo atteso: <\/b>Tempo ovunque ben soleggiato con aria tersa ed ottima visibilit\u00e0 al mattino. Al pomeriggio modesti cumuli, i quali non toglieranno l&#8217;impressione di bel tempo. Clima assai fresco al mattino e di nuovo pi\u00f9 caldo in giornata, con forte escursione termica nelle valli.<br \/>\n<b>Precipitazioni: <\/b>Nella prima parte della notte ultimi rovesci e temporali, in allontanamento verso la pianura. Un po&#8217; di neve cadr\u00e0 sulle cime dolomitiche, oltre i 2900\/3000 m. In giornata precipitazioni assenti (0%), salvo isolato piovasco pomeridiano sulla fascia prealpina (10%).<br \/>\n<b>Temperature: <\/b>Minime in diminuzione e massime in ripresa, con punte di 26\/28\u00b0C nelle conche prealpine e di 23\/24\u00b0C a 1000\/1200 m. Su Prealpi a 1500 m min 9\u00b0C max 16\u00b0C, a 2000 m min 7\u00b0C max 12\u00b0C. Su Dolomiti a 2000 m min 6\u00b0C max 13\u00b0C, a 3000 m min 0\u00b0C max 4\u00b0C.<br \/>\n<b>Venti: <\/b>Nelle valli deboli o moderati a regime di brezza; in quota perlopi\u00f9 deboli da Nord-Ovest, a 5-10 km\/h a 2000 m, a 15-20 km\/h a 3000 m.<\/p>\n<hr \/>\n<p><center><b>Sabato 17<\/b><\/center><b>Tempo atteso: <\/b>Tempo ben soleggiato con cielo sereno o poco nuvoloso per sottili velature, gi\u00e0 presenti al mattino, e per sviluppo di modesti cumuli al pomeriggio. Clima diurno di nuovo estivo, nonostante il sole sia in parte mascherato da nubi alte.<br \/>\n<b>Precipitazioni: <\/b>Assenti (0%).<br \/>\n<b>Temperature: <\/b>In generale aumento con ritorno del clima estivo. Sono previste punte di 28\/30\u00b0C nelle conche prealpine e di 25\/26\u00b0C a 1000\/1200 m. Su Prealpi a 1500 m min 11\u00b0C max 18\u00b0C, a 2000 m min 9\u00b0C max 14\u00b0C. Su Dolomiti a 2000 m min 8\u00b0C max 15\u00b0C, a 3000 m min 6\u00b0C max 9\u00b0C.<br \/>\n<b>Venti: <\/b>Nelle valli deboli o moderati a regime di brezza; in quota perlopi\u00f9 deboli da Nord-Ovest, a 5-10 km\/h a 2000 m, a 10-20 km\/h a 3000 m.<\/p>\n<hr \/>\n<p><center><b>Domenica 18<\/b><\/center>Tempo ben soleggiato con cielo sereno al mattino e poco nuvoloso per modesti cumuli durante le ore pi\u00f9 calde. Temperature in ulteriore aumento rispetto a sabato. Nelle valli venti deboli, a tratti moderati, a regime di brezza; in quota moderati da Sud-Ovest al mattino e deboli occidentali al pomeriggio.<\/p>\n<hr \/>\n<p><center><b>Lunedi 19<\/b><\/center>Al mattino tempo perlopi\u00f9 soleggiato con primi cumuli. Al pomeriggio cumulificazione assai pi\u00f9 presente ed intensa rispetto ai giorni precedenti, la quale sar\u00e0 associata a rovesci e temporali sparsi, pi\u00f9 frequenti sui confini con il Trentino e l&#8217;Alto Adige. Temperature minime senza variazioni di rilievo e massime in contenuta flessione. Nelle valli venti deboli, a tratti moderati, a regime di brezza; in quota deboli\/moderati da Sud-Ovest, in rinforzo fino a tesi alla sera. Previsore: R.L.Th.<\/p>\n<p>&nbsp;<\/p>\n<p>&nbsp;<\/p>\n","protected":false},"excerpt":{"rendered":"<p>&nbsp; ESCE PER SPOSTARE L&#8217;AUTO, MUORE COLTO DA INFARTO FELTRE Dramma in zona Pasquer, \u00e8 morto stroncato da infarto, Ennio Corso, 71 anni, lascia la moglie e 4 figli. Attorno alla mezzanotte di marted\u00ec era uscito di casa per spostare l&#8217;auto, preoccupato per la violenta grandinata in corso. Ha salutato la moglie dicendole che sarebbe&hellip;<\/p>\n","protected":false},"author":1,"featured_media":46181,"comment_status":"closed","ping_status":"closed","sticky":false,"template":"","format":"standard","meta":{"_monsterinsights_skip_tracking":false,"_monsterinsights_sitenote_active":false,"_monsterinsights_sitenote_note":"","_monsterinsights_sitenote_category":0,"footnotes":""},"categories":[86],"tags":[],"class_list":["post-95706","post","type-post","status-publish","format-standard","has-post-thumbnail","hentry","category-gr","category-86","description-off"],"img_url":"https:\/\/www.radiopiu.net\/wordpress\/wp-content\/uploads\/2018\/04\/soccorso-parapendio-300x225.jpg","_links":{"self":[{"href":"https:\/\/www.radiopiu.net\/wordpress\/wp-json\/wp\/v2\/posts\/95706","targetHints":{"allow":["GET"]}}],"collection":[{"href":"https:\/\/www.radiopiu.net\/wordpress\/wp-json\/wp\/v2\/posts"}],"about":[{"href":"https:\/\/www.radiopiu.net\/wordpress\/wp-json\/wp\/v2\/types\/post"}],"author":[{"embeddable":true,"href":"https:\/\/www.radiopiu.net\/wordpress\/wp-json\/wp\/v2\/users\/1"}],"replies":[{"embeddable":true,"href":"https:\/\/www.radiopiu.net\/wordpress\/wp-json\/wp\/v2\/comments?post=95706"}],"version-history":[{"count":0,"href":"https:\/\/www.radiopiu.net\/wordpress\/wp-json\/wp\/v2\/posts\/95706\/revisions"}],"wp:featuredmedia":[{"embeddable":true,"href":"https:\/\/www.radiopiu.net\/wordpress\/wp-json\/wp\/v2\/media\/46181"}],"wp:attachment":[{"href":"https:\/\/www.radiopiu.net\/wordpress\/wp-json\/wp\/v2\/media?parent=95706"}],"wp:term":[{"taxonomy":"category","embeddable":true,"href":"https:\/\/www.radiopiu.net\/wordpress\/wp-json\/wp\/v2\/categories?post=95706"},{"taxonomy":"post_tag","embeddable":true,"href":"https:\/\/www.radiopiu.net\/wordpress\/wp-json\/wp\/v2\/tags?post=95706"}],"curies":[{"name":"wp","href":"https:\/\/api.w.org\/{rel}","templated":true}]}}