{"id":95746,"date":"2019-08-15T14:14:55","date_gmt":"2019-08-15T12:14:55","guid":{"rendered":"http:\/\/www.radiopiu.net\/wordpress\/?p=95746"},"modified":"2019-08-15T14:14:55","modified_gmt":"2019-08-15T12:14:55","slug":"precipita-con-il-parapendio","status":"publish","type":"post","link":"https:\/\/www.radiopiu.net\/wordpress\/precipita-con-il-parapendio\/","title":{"rendered":"PRECIPITA CON IL PARAPENDIO"},"content":{"rendered":"<p><strong><a class=\"dt-pswp-item\" href=\"http:\/\/www.radiopiu.net\/wordpress\/wp-content\/uploads\/2018\/04\/soccorso-parapendio-300x225.jpg\" data-dt-img-description=\"\" data-large_image_width=\"300\" data-large_image_height=\"225\"><img loading=\"lazy\" decoding=\"async\" class=\"size-medium wp-image-46181 alignleft\" src=\"http:\/\/www.radiopiu.net\/wordpress\/wp-content\/uploads\/2018\/04\/soccorso-parapendio-300x225-300x225.jpg\" alt=\"\" width=\"300\" height=\"225\" \/><\/a>ALPAGO\u00a0<\/strong> Attorno alle 9.30 l&#8217;elicottero del Suem di Pieve di Cadore \u00e8 intervenuto a Garna per un parapendio precipitato in fase di atterraggio. Il pilota, 34 anni, belga, \u00e8 stato subito assistito dall&#8217;equipe medica e dal tecnico di elisoccorso sbarcati nelle vicinanze. Imbarellato, \u00e8 stato caricato a bordo e trasportato all&#8217;ospedale di Belluno per un possibile trauma alla colonna.<\/p>\n","protected":false},"excerpt":{"rendered":"<p>ALPAGO\u00a0 Attorno alle 9.30 l&#8217;elicottero del Suem di Pieve di Cadore \u00e8 intervenuto a Garna per un parapendio precipitato in fase di atterraggio. Il pilota, 34 anni, belga, \u00e8 stato subito assistito dall&#8217;equipe medica e dal tecnico di elisoccorso sbarcati nelle vicinanze. Imbarellato, \u00e8 stato caricato a bordo e trasportato all&#8217;ospedale di Belluno per un&hellip;<\/p>\n","protected":false},"author":1,"featured_media":46181,"comment_status":"closed","ping_status":"closed","sticky":false,"template":"","format":"standard","meta":{"_monsterinsights_skip_tracking":false,"_monsterinsights_sitenote_active":false,"_monsterinsights_sitenote_note":"","_monsterinsights_sitenote_category":0,"footnotes":""},"categories":[49],"tags":[],"class_list":["post-95746","post","type-post","status-publish","format-standard","has-post-thumbnail","hentry","category-news-18","category-49","description-off"],"img_url":"https:\/\/www.radiopiu.net\/wordpress\/wp-content\/uploads\/2018\/04\/soccorso-parapendio-300x225.jpg","_links":{"self":[{"href":"https:\/\/www.radiopiu.net\/wordpress\/wp-json\/wp\/v2\/posts\/95746","targetHints":{"allow":["GET"]}}],"collection":[{"href":"https:\/\/www.radiopiu.net\/wordpress\/wp-json\/wp\/v2\/posts"}],"about":[{"href":"https:\/\/www.radiopiu.net\/wordpress\/wp-json\/wp\/v2\/types\/post"}],"author":[{"embeddable":true,"href":"https:\/\/www.radiopiu.net\/wordpress\/wp-json\/wp\/v2\/users\/1"}],"replies":[{"embeddable":true,"href":"https:\/\/www.radiopiu.net\/wordpress\/wp-json\/wp\/v2\/comments?post=95746"}],"version-history":[{"count":0,"href":"https:\/\/www.radiopiu.net\/wordpress\/wp-json\/wp\/v2\/posts\/95746\/revisions"}],"wp:featuredmedia":[{"embeddable":true,"href":"https:\/\/www.radiopiu.net\/wordpress\/wp-json\/wp\/v2\/media\/46181"}],"wp:attachment":[{"href":"https:\/\/www.radiopiu.net\/wordpress\/wp-json\/wp\/v2\/media?parent=95746"}],"wp:term":[{"taxonomy":"category","embeddable":true,"href":"https:\/\/www.radiopiu.net\/wordpress\/wp-json\/wp\/v2\/categories?post=95746"},{"taxonomy":"post_tag","embeddable":true,"href":"https:\/\/www.radiopiu.net\/wordpress\/wp-json\/wp\/v2\/tags?post=95746"}],"curies":[{"name":"wp","href":"https:\/\/api.w.org\/{rel}","templated":true}]}}