{"id":95802,"date":"2019-08-16T06:10:35","date_gmt":"2019-08-16T04:10:35","guid":{"rendered":"http:\/\/www.radiopiu.net\/wordpress\/?p=95802"},"modified":"2019-08-16T06:10:35","modified_gmt":"2019-08-16T04:10:35","slug":"pronto-telecom-ci-risiamo-ma-domani-risolviamo-domani-di-quale-calendario","status":"publish","type":"post","link":"https:\/\/www.radiopiu.net\/wordpress\/pronto-telecom-ci-risiamo-ma-domani-risolviamo-domani-di-quale-calendario\/","title":{"rendered":"PRONTO TELECOM&#8230; CI RISIAMO? &#8220;&#8230;MA DOMANI RISOLVIAMO&#8221;. DOMANI DI QUALE CALENDARIO?"},"content":{"rendered":"<blockquote>\n<h2><\/h2>\n<p><a class=\"dt-pswp-item\" href=\"http:\/\/www.radiopiu.net\/wordpress\/wp-content\/uploads\/2019\/08\/WhatsApp-Image-2019-08-15-at-15.42.01.jpeg\" data-dt-img-description=\"\" data-large_image_width=\"1599\" data-large_image_height=\"799\"><img loading=\"lazy\" decoding=\"async\" class=\"alignnone wp-image-95771\" src=\"http:\/\/www.radiopiu.net\/wordpress\/wp-content\/uploads\/2019\/08\/WhatsApp-Image-2019-08-15-at-15.42.01-300x150.jpeg\" alt=\"\" width=\"394\" height=\"197\" srcset=\"https:\/\/www.radiopiu.net\/wordpress\/wp-content\/uploads\/2019\/08\/WhatsApp-Image-2019-08-15-at-15.42.01-300x150.jpeg 300w, https:\/\/www.radiopiu.net\/wordpress\/wp-content\/uploads\/2019\/08\/WhatsApp-Image-2019-08-15-at-15.42.01-768x384.jpeg 768w, https:\/\/www.radiopiu.net\/wordpress\/wp-content\/uploads\/2019\/08\/WhatsApp-Image-2019-08-15-at-15.42.01-1024x512.jpeg 1024w, https:\/\/www.radiopiu.net\/wordpress\/wp-content\/uploads\/2019\/08\/WhatsApp-Image-2019-08-15-at-15.42.01.jpeg 1599w\" sizes=\"auto, (max-width: 394px) 100vw, 394px\" \/><\/a><a class=\"dt-pswp-item\" href=\"http:\/\/www.radiopiu.net\/wordpress\/wp-content\/uploads\/2019\/08\/WhatsApp-Image-2019-08-15-at-15.35.52.jpeg\" data-dt-img-description=\"\" data-large_image_width=\"799\" data-large_image_height=\"1599\"><img loading=\"lazy\" decoding=\"async\" class=\"alignnone wp-image-95770\" src=\"http:\/\/www.radiopiu.net\/wordpress\/wp-content\/uploads\/2019\/08\/WhatsApp-Image-2019-08-15-at-15.35.52-150x300.jpeg\" alt=\"\" width=\"98\" height=\"196\" srcset=\"https:\/\/www.radiopiu.net\/wordpress\/wp-content\/uploads\/2019\/08\/WhatsApp-Image-2019-08-15-at-15.35.52-150x300.jpeg 150w, https:\/\/www.radiopiu.net\/wordpress\/wp-content\/uploads\/2019\/08\/WhatsApp-Image-2019-08-15-at-15.35.52-768x1537.jpeg 768w, https:\/\/www.radiopiu.net\/wordpress\/wp-content\/uploads\/2019\/08\/WhatsApp-Image-2019-08-15-at-15.35.52-512x1024.jpeg 512w, https:\/\/www.radiopiu.net\/wordpress\/wp-content\/uploads\/2019\/08\/WhatsApp-Image-2019-08-15-at-15.35.52.jpeg 799w\" sizes=\"auto, (max-width: 98px) 100vw, 98px\" \/><\/a><a class=\"dt-pswp-item\" href=\"http:\/\/www.radiopiu.net\/wordpress\/wp-content\/uploads\/2019\/08\/WhatsApp-Image-2019-08-15-at-15.35.25.jpeg\" data-dt-img-description=\"\" data-large_image_width=\"1599\" data-large_image_height=\"799\"><img loading=\"lazy\" decoding=\"async\" class=\"alignnone wp-image-95769\" src=\"http:\/\/www.radiopiu.net\/wordpress\/wp-content\/uploads\/2019\/08\/WhatsApp-Image-2019-08-15-at-15.35.25-300x150.jpeg\" alt=\"\" width=\"394\" height=\"197\" srcset=\"https:\/\/www.radiopiu.net\/wordpress\/wp-content\/uploads\/2019\/08\/WhatsApp-Image-2019-08-15-at-15.35.25-300x150.jpeg 300w, https:\/\/www.radiopiu.net\/wordpress\/wp-content\/uploads\/2019\/08\/WhatsApp-Image-2019-08-15-at-15.35.25-768x384.jpeg 768w, https:\/\/www.radiopiu.net\/wordpress\/wp-content\/uploads\/2019\/08\/WhatsApp-Image-2019-08-15-at-15.35.25-1024x512.jpeg 1024w, https:\/\/www.radiopiu.net\/wordpress\/wp-content\/uploads\/2019\/08\/WhatsApp-Image-2019-08-15-at-15.35.25.jpeg 1599w\" sizes=\"auto, (max-width: 394px) 100vw, 394px\" \/><\/a><\/p><\/blockquote>\n<p><strong>TAIBON<\/strong> Ci sono voluti nove giorni per il ritorno alla normalit\u00e0 nella sede Appia di Agordo, tanto \u00e8 rimasta senza linea telefonica in seguito ad un danno arrecato alle infrastrutture causato da un cantiere di lavoro. Sono gi\u00e0 7 i giorni di &#8220;buio&#8221; telefonico in Valle di San Lucano, dallo scorso sabato anche l&#8217;unica attivit\u00e0 commerciale della valle &#8220;Locanda Col di Pra&#8221; \u00e8 senza linea telefonica. Dai giorni di Vaia Telecom si \u00e8 limitata a posizionare un cavo volante a bordo strada appicciato agli alberi che crescono o ai sassi che si muovono. La linea quella storica \u00e8 a terra e i pali desolatamente inclinati o collassati. Il peggio \u00e8 la presa in giro al call center &#8220;Il guasto sar\u00e0 riparato domani&#8221;, ma probabilmente in quegli uffici usano un calendario diverso da quello ufficiale dove le giornate sono caratterizzate dalle 24 ore.<\/p>\n","protected":false},"excerpt":{"rendered":"<p>TAIBON Ci sono voluti nove giorni per il ritorno alla normalit\u00e0 nella sede Appia di Agordo, tanto \u00e8 rimasta senza linea telefonica in seguito ad un danno arrecato alle infrastrutture causato da un cantiere di lavoro. Sono gi\u00e0 7 i giorni di &#8220;buio&#8221; telefonico in Valle di San Lucano, dallo scorso sabato anche l&#8217;unica attivit\u00e0&hellip;<\/p>\n","protected":false},"author":1,"featured_media":95771,"comment_status":"closed","ping_status":"closed","sticky":false,"template":"","format":"standard","meta":{"_monsterinsights_skip_tracking":false,"_monsterinsights_sitenote_active":false,"_monsterinsights_sitenote_note":"","_monsterinsights_sitenote_category":0,"footnotes":""},"categories":[49],"tags":[],"class_list":["post-95802","post","type-post","status-publish","format-standard","has-post-thumbnail","hentry","category-news-18","category-49","description-off"],"img_url":"https:\/\/www.radiopiu.net\/wordpress\/wp-content\/uploads\/2019\/08\/WhatsApp-Image-2019-08-15-at-15.42.01.jpeg","_links":{"self":[{"href":"https:\/\/www.radiopiu.net\/wordpress\/wp-json\/wp\/v2\/posts\/95802","targetHints":{"allow":["GET"]}}],"collection":[{"href":"https:\/\/www.radiopiu.net\/wordpress\/wp-json\/wp\/v2\/posts"}],"about":[{"href":"https:\/\/www.radiopiu.net\/wordpress\/wp-json\/wp\/v2\/types\/post"}],"author":[{"embeddable":true,"href":"https:\/\/www.radiopiu.net\/wordpress\/wp-json\/wp\/v2\/users\/1"}],"replies":[{"embeddable":true,"href":"https:\/\/www.radiopiu.net\/wordpress\/wp-json\/wp\/v2\/comments?post=95802"}],"version-history":[{"count":0,"href":"https:\/\/www.radiopiu.net\/wordpress\/wp-json\/wp\/v2\/posts\/95802\/revisions"}],"wp:featuredmedia":[{"embeddable":true,"href":"https:\/\/www.radiopiu.net\/wordpress\/wp-json\/wp\/v2\/media\/95771"}],"wp:attachment":[{"href":"https:\/\/www.radiopiu.net\/wordpress\/wp-json\/wp\/v2\/media?parent=95802"}],"wp:term":[{"taxonomy":"category","embeddable":true,"href":"https:\/\/www.radiopiu.net\/wordpress\/wp-json\/wp\/v2\/categories?post=95802"},{"taxonomy":"post_tag","embeddable":true,"href":"https:\/\/www.radiopiu.net\/wordpress\/wp-json\/wp\/v2\/tags?post=95802"}],"curies":[{"name":"wp","href":"https:\/\/api.w.org\/{rel}","templated":true}]}}