{"id":95985,"date":"2019-08-18T11:26:55","date_gmt":"2019-08-18T09:26:55","guid":{"rendered":"http:\/\/www.radiopiu.net\/wordpress\/?p=95985"},"modified":"2019-08-18T11:26:55","modified_gmt":"2019-08-18T09:26:55","slug":"recuperati-nella-notte-escursionisti-incrodati","status":"publish","type":"post","link":"https:\/\/www.radiopiu.net\/wordpress\/recuperati-nella-notte-escursionisti-incrodati\/","title":{"rendered":"RECUPERATI NELLA NOTTE ESCURSIONISTI INCRODATI"},"content":{"rendered":"<p>&nbsp;<\/p>\n<p><a class=\"dt-pswp-item\" href=\"http:\/\/www.radiopiu.net\/wordpress\/wp-content\/uploads\/2019\/08\/IMG-20190818-WA0001.jpg\" data-dt-img-description=\"\" data-large_image_width=\"1600\" data-large_image_height=\"1200\"><img loading=\"lazy\" decoding=\"async\" class=\"size-medium wp-image-95987 alignleft\" src=\"http:\/\/www.radiopiu.net\/wordpress\/wp-content\/uploads\/2019\/08\/IMG-20190818-WA0001-300x225.jpg\" alt=\"\" width=\"300\" height=\"225\" srcset=\"https:\/\/www.radiopiu.net\/wordpress\/wp-content\/uploads\/2019\/08\/IMG-20190818-WA0001-300x225.jpg 300w, https:\/\/www.radiopiu.net\/wordpress\/wp-content\/uploads\/2019\/08\/IMG-20190818-WA0001-768x576.jpg 768w, https:\/\/www.radiopiu.net\/wordpress\/wp-content\/uploads\/2019\/08\/IMG-20190818-WA0001-1024x768.jpg 1024w, https:\/\/www.radiopiu.net\/wordpress\/wp-content\/uploads\/2019\/08\/IMG-20190818-WA0001.jpg 1600w\" sizes=\"auto, (max-width: 300px) 100vw, 300px\" \/><\/a>Cortina d&#8217;Ampezzo (BL), 18 &#8211; 08 &#8211; 19<br \/>\nIeri sera verso le 20.30 il Soccorso alpino di Cortina \u00e8 stato allertato per due escursionisti francesi incrodati. La coppia, entrambi ventinovenni, era partita alle 15 per fare la Ferrata Dibona. Completato l&#8217;itinerario attrezzato, invece di rientrare da Staunies e Forcella Bassa, aveva preso Forcella Padeon e iniziato a scendere l&#8217;omonima valle, itinearario gi\u00e0 chiuso a suo tempo perch\u00e9 non percorribile. Anzich\u00e9 proseguire lungo il canale, i due avevano preso una cengia laterale, finendo bloccati sopra un salto di roccia di 100 metri. Intuito dalle coordinate Gps dove potevano trovarsi, una squadra \u00e8 partita dal basso e ha avuto conferma della loro posizione, quando la coppia ha lanciato segnali di luce. Sei soccorritori, compresi carabinieri, hanno risalito il canale e hanno raggiunto i due a circa 2.300 metri di quota e con loro sono ridiscesi in sicurezza fino a Rio Gere. L&#8217;intervento si \u00e8 concluso a mezzanotte.<\/p>\n<p>&nbsp;<\/p>\n<h2>SOCCORSO NELLA NOTTE IN VAL FALCINA<\/h2>\n<p>Sospirolo (BL), 18 &#8211; 08 &#8211; 19<br \/>\n<a class=\"dt-pswp-item\" href=\"http:\/\/www.radiopiu.net\/wordpress\/wp-content\/uploads\/2019\/08\/IMG-20190818-WA0002.jpg\" data-dt-img-description=\"\" data-large_image_width=\"1200\" data-large_image_height=\"1600\"><img loading=\"lazy\" decoding=\"async\" class=\"size-medium wp-image-95986 alignleft\" src=\"http:\/\/www.radiopiu.net\/wordpress\/wp-content\/uploads\/2019\/08\/IMG-20190818-WA0002-225x300.jpg\" alt=\"\" width=\"225\" height=\"300\" srcset=\"https:\/\/www.radiopiu.net\/wordpress\/wp-content\/uploads\/2019\/08\/IMG-20190818-WA0002-225x300.jpg 225w, https:\/\/www.radiopiu.net\/wordpress\/wp-content\/uploads\/2019\/08\/IMG-20190818-WA0002-768x1024.jpg 768w, https:\/\/www.radiopiu.net\/wordpress\/wp-content\/uploads\/2019\/08\/IMG-20190818-WA0002.jpg 1200w\" sizes=\"auto, (max-width: 225px) 100vw, 225px\" \/><\/a>Ieri sera attorno alle 21 \u00e8 scattato l&#8217;allarme per un&#8217;escursionista in difficolt\u00e0 in Val Falcina, laterale della Valle del Mis. Partita per percorrere l&#8217;itinerario ad anello, giunta a met\u00e0 anzich\u00e9 proseguire, una coppia trevigiana, 23 anni lui, 25 lei, aveva abbandonato il sentiero e deciso di scendere lungo il torrente Falcina verso il lago. Dopo un po&#8217;, per\u00f2, la ragazza, affrontando salti di roccia e attraversamenti di vasche d&#8217;acqua, si era bloccata in preda al panico, incapace di muoversi. Poich\u00e9 in tutta l&#8217;area non c&#8217;\u00e8 copertura telefonica, il compagno era dovuto rientrare da solo per chiedere aiuto. Una squadra del Soccorso alpino di Belluno si \u00e8 subito attivata e in cinque si sono portati all&#8217;imbocco della valle. Dopo essersi fatti spiegare dal ragazzo il percorso seguito, i soccorritori sono arrivati nel punto indicato, sono scesi, allestendo anche una calata, e si sono trovati su ampie vasche d&#8217;acqua da passare a nuoto. Per evitare qualsiasi rischio \u00e8 stato chiesto l&#8217;intervento della squadra forre del Soccorso alpino e speleologico Veneto e sono stati allertati i Vigili del fuoco. Mentre con l&#8217;opportuna attrezzatura la squadra forre si muoveva dall&#8217;alto, due soccorritori hanno raggiunto la foce del torrente e hanno iniziato a risalirlo, apprendendo dai soccorritori in discesa che era stato rinvenuto l&#8217;asciugamano della giovane, ma di lei non c&#8217;era traccia. Dopo un quarto d&#8217;ora a piedi, la squadra partita da sotto ha fortunatamente ritrovato la ragazza, che si era spostata e aveva cercato riparo sotto un sasso a circa 500 metri di distanza dal lago. La giovane &#8211; che era illesa, bench\u00e9 stanca e infreddolita &#8211; \u00e8 stata accompagnata fino alla strada e, in via precauzionale, \u00e8 stata portata al pronto soccorso. L&#8217;intervento si \u00e8 concluso alle 3.<\/p>\n","protected":false},"excerpt":{"rendered":"<p>&nbsp; Cortina d&#8217;Ampezzo (BL), 18 &#8211; 08 &#8211; 19 Ieri sera verso le 20.30 il Soccorso alpino di Cortina \u00e8 stato allertato per due escursionisti francesi incrodati. La coppia, entrambi ventinovenni, era partita alle 15 per fare la Ferrata Dibona. Completato l&#8217;itinerario attrezzato, invece di rientrare da Staunies e Forcella Bassa, aveva preso Forcella Padeon&hellip;<\/p>\n","protected":false},"author":1,"featured_media":95986,"comment_status":"closed","ping_status":"closed","sticky":false,"template":"","format":"standard","meta":{"_monsterinsights_skip_tracking":false,"_monsterinsights_sitenote_active":false,"_monsterinsights_sitenote_note":"","_monsterinsights_sitenote_category":0,"footnotes":""},"categories":[51,49],"tags":[],"class_list":["post-95985","post","type-post","status-publish","format-standard","has-post-thumbnail","hentry","category-evidenza-top","category-news-18","category-51","category-49","description-off"],"img_url":"https:\/\/www.radiopiu.net\/wordpress\/wp-content\/uploads\/2019\/08\/IMG-20190818-WA0002.jpg","_links":{"self":[{"href":"https:\/\/www.radiopiu.net\/wordpress\/wp-json\/wp\/v2\/posts\/95985","targetHints":{"allow":["GET"]}}],"collection":[{"href":"https:\/\/www.radiopiu.net\/wordpress\/wp-json\/wp\/v2\/posts"}],"about":[{"href":"https:\/\/www.radiopiu.net\/wordpress\/wp-json\/wp\/v2\/types\/post"}],"author":[{"embeddable":true,"href":"https:\/\/www.radiopiu.net\/wordpress\/wp-json\/wp\/v2\/users\/1"}],"replies":[{"embeddable":true,"href":"https:\/\/www.radiopiu.net\/wordpress\/wp-json\/wp\/v2\/comments?post=95985"}],"version-history":[{"count":0,"href":"https:\/\/www.radiopiu.net\/wordpress\/wp-json\/wp\/v2\/posts\/95985\/revisions"}],"wp:featuredmedia":[{"embeddable":true,"href":"https:\/\/www.radiopiu.net\/wordpress\/wp-json\/wp\/v2\/media\/95986"}],"wp:attachment":[{"href":"https:\/\/www.radiopiu.net\/wordpress\/wp-json\/wp\/v2\/media?parent=95985"}],"wp:term":[{"taxonomy":"category","embeddable":true,"href":"https:\/\/www.radiopiu.net\/wordpress\/wp-json\/wp\/v2\/categories?post=95985"},{"taxonomy":"post_tag","embeddable":true,"href":"https:\/\/www.radiopiu.net\/wordpress\/wp-json\/wp\/v2\/tags?post=95985"}],"curies":[{"name":"wp","href":"https:\/\/api.w.org\/{rel}","templated":true}]}}