{"id":96030,"date":"2019-08-19T05:39:18","date_gmt":"2019-08-19T03:39:18","guid":{"rendered":"http:\/\/www.radiopiu.net\/wordpress\/?p=96030"},"modified":"2019-08-19T10:40:06","modified_gmt":"2019-08-19T08:40:06","slug":"giornale-radiopiu-19-agosto-2019-direttore-mirko-mezzacasa","status":"publish","type":"post","link":"https:\/\/www.radiopiu.net\/wordpress\/giornale-radiopiu-19-agosto-2019-direttore-mirko-mezzacasa\/","title":{"rendered":"GIORNALE RADIOPIU 19 AGOSTO 2019 DIRETTORE MIRKO MEZZACASA"},"content":{"rendered":"<p>&nbsp;<\/p>\n<p>&nbsp;<\/p>\n<p><a class=\"dt-pswp-item\" href=\"http:\/\/www.radiopiu.net\/wordpress\/wp-content\/uploads\/2019\/08\/68572627_10220516401086874_4623188095464898560_o.jpg\" data-dt-img-description=\"\" data-large_image_width=\"1728\" data-large_image_height=\"1296\"><img loading=\"lazy\" decoding=\"async\" class=\"size-medium wp-image-96058 alignleft\" src=\"http:\/\/www.radiopiu.net\/wordpress\/wp-content\/uploads\/2019\/08\/68572627_10220516401086874_4623188095464898560_o-300x225.jpg\" alt=\"\" width=\"300\" height=\"225\" srcset=\"https:\/\/www.radiopiu.net\/wordpress\/wp-content\/uploads\/2019\/08\/68572627_10220516401086874_4623188095464898560_o-300x225.jpg 300w, https:\/\/www.radiopiu.net\/wordpress\/wp-content\/uploads\/2019\/08\/68572627_10220516401086874_4623188095464898560_o-768x576.jpg 768w, https:\/\/www.radiopiu.net\/wordpress\/wp-content\/uploads\/2019\/08\/68572627_10220516401086874_4623188095464898560_o-1024x768.jpg 1024w, https:\/\/www.radiopiu.net\/wordpress\/wp-content\/uploads\/2019\/08\/68572627_10220516401086874_4623188095464898560_o.jpg 1728w\" sizes=\"auto, (max-width: 300px) 100vw, 300px\" \/><\/a><strong>TAIBON<\/strong> Medaglia al turismo dell&#8217;Agordino, perch\u00e9 in vallata nel fine settimana di ferragosto \u00e8 arrivato di tutto e di pi\u00f9. Bar, ristoranti, eventi, i turisti non sono mancati, inevitabili incolonnamenti e rallentamenti ma ogni medaglia ha il suo rovescio e sarebbe molto peggio se oggi dovessimo raccontare di locali vuoti e feste non riuscite. Certo i disagi non piacciono a nessuno, ma \u00e8 cosi&#8217; al mare come in montagna, verso le spiagge venete, romagnole, slovene e croate cos\u00ec come sulle cime dolomitiche dall&#8217;Agordino alla Val di Fassa, di Fiemme, o in Val Gardena. Forse una miglior organizzazione sulle strade con le nostre forze di Polizia potrebbe contribuire a rendere pi\u00f9 snelli i flussi di traffico senza nulla togliere all&#8217;impegno di alcuni vigili urbani che abbiamo visto impegnati nei nostri paesi, non in tutti. Sono lontani i tempi in cui ad esempio ad Agordo le casse comunali permettevano ai vigili gi\u00e0 in servizio un aiuto concreto con altri agenti di polizia locale a &#8220;gettone&#8221;. La tangenziale di Agordo ha portato pi\u00f9 velocemente i turisti verso il medio Agordino, \u00e8 ovvio che il &#8220;tappo&#8221; di Cencenighe oggi fa la differenza ma siamo certi che gli amministratori del paese il problema lo conoscono e non lo stanno sottovalutando e sarebbe bello un giorno poterli ricordare come coloro che hanno contribuito a rendere migliore la situazione se non a risolverla. Floriano Pra aveva le idee chiare quando parlava non di una, ma di pi\u00f9 tangenziali con tanto di progetti alla mano, oltre Cencenighe e oltre Alleghe dove addirittura le soluzioni prospettate erano pi\u00f9 di una tra la destra e la sinistra orografica del lago, ma sono rimasti progetti da cassetto che <a class=\"dt-pswp-item\" href=\"http:\/\/www.radiopiu.net\/wordpress\/wp-content\/uploads\/2019\/08\/69324655_10220516087599037_8627525949660856320_n.jpg\" data-dt-img-description=\"\" data-large_image_width=\"720\" data-large_image_height=\"960\"><img loading=\"lazy\" decoding=\"async\" class=\"size-medium wp-image-96057 alignleft\" src=\"http:\/\/www.radiopiu.net\/wordpress\/wp-content\/uploads\/2019\/08\/69324655_10220516087599037_8627525949660856320_n-225x300.jpg\" alt=\"\" width=\"225\" height=\"300\" srcset=\"https:\/\/www.radiopiu.net\/wordpress\/wp-content\/uploads\/2019\/08\/69324655_10220516087599037_8627525949660856320_n-225x300.jpg 225w, https:\/\/www.radiopiu.net\/wordpress\/wp-content\/uploads\/2019\/08\/69324655_10220516087599037_8627525949660856320_n.jpg 720w\" sizes=\"auto, (max-width: 225px) 100vw, 225px\" \/><\/a>forse nessuno ricorda nemmeno pi\u00f9.\u00a0 E&#8217; stato un fine settimana di impegno continuo per il Soccorso Alpino e non solo, ieri ad esempio ad Agordo si \u00e8 temuto il peggio per un ventiduenne di Verbania che aveva lasciato l&#8217;auto e un vasetto di marmellata al parcheggio di Tamonich, verso sera \u00e8 ritornato tranquillamente da dove erano iniziate le ricerche. Sarebbe interessante conoscere quanti uomini e donne hanno tolto tempo prezioso al lavoro e alla famiglia per recuperare escursionisti incapaci di affrontare la montagna, con attrezzatura inadeguata, soprattutto incapaci di prevedere pericoli. La loro \u00e8 una passione che diventa missione\u00a0 ma quando \u00e8 troppo \u00e8 davvero troppo e se un giorno qualcuno si decidesse a imporre la tariffa a chiamata sarebbe forse opportuno, crisi di panico di escursionisti improvvisati, slogature di caviglie da scarpe da ginnastica, ferite lievi per cadute accidentali in zone sconsigliate meriterebbero la giusta &#8220;sanzione&#8221;, anche gli autovelox hanno ridotto incidenti e velocit\u00e0 da autodromo. (mm)<\/p>\n<p>&nbsp;<\/p>\n<h2>FERRAGOSTO E&#8217; PASSATO&#8230; SI PENSI ALLE INFRASTRUTTURE.<\/h2>\n<p><strong>DI DAMIANO TORMEN<\/strong><\/p>\n<audio class=\"wp-audio-shortcode\" id=\"audio-96030-1\" preload=\"none\" style=\"width: 100%;\" controls=\"controls\"><source type=\"audio\/mpeg\" src=\"http:\/\/www.radiopiu.net\/wordpress\/wp-content\/uploads\/2019\/08\/DAMIANO-CHE-CODE.mp3?_=1\" \/><a href=\"http:\/\/www.radiopiu.net\/wordpress\/wp-content\/uploads\/2019\/08\/DAMIANO-CHE-CODE.mp3\">http:\/\/www.radiopiu.net\/wordpress\/wp-content\/uploads\/2019\/08\/DAMIANO-CHE-CODE.mp3<\/a><\/audio>\n<p>&nbsp;<\/p>\n<p>&nbsp;<\/p>\n<h3><strong>HANNO PARLATO DELL&#8217;AGORDINO&#8230;.<\/strong><br \/>\nAntenna 3 con la giornalista Tiziana Bolognani, cresciuta all&#8217;ombra del Framont ad Agordo\u00a0 ha portato le telecamere sulle strade agordine bloccate dal traffico e in Valle di San Lucano tra alberi schiantati, linee telefoniche assenti e corsi d&#8217;acqua che si faranno minacciosi con le prossime piogge autunnali. Ha ascoltato il territorio e le sue genti.<\/h3>\n<p><iframe loading=\"lazy\" title=\"17\/08\/2019 | SOLITE CODE SULLA 203, UN&#039;ORA PER PERCORRERE 2 CHILOMETRI\" width=\"1200\" height=\"675\" src=\"https:\/\/www.youtube.com\/embed\/aeVZiryluhs?feature=oembed\" frameborder=\"0\" allow=\"accelerometer; autoplay; encrypted-media; gyroscope; picture-in-picture\" allowfullscreen><\/iframe><\/p>\n<p><iframe loading=\"lazy\" title=\"17\/08\/2019 | POST VAIA IN VAL SAN LUCANO, IL TEGNAS FA PAURA\" width=\"1200\" height=\"675\" src=\"https:\/\/www.youtube.com\/embed\/T1CYhMObgKw?feature=oembed\" frameborder=\"0\" allow=\"accelerometer; autoplay; encrypted-media; gyroscope; picture-in-picture\" allowfullscreen><\/iframe><\/p>\n<p>&nbsp;<\/p>\n<h3>A PROPOSITO&#8230; ANCHE SE LA STRADA E&#8217; SBARRATA E C&#8217;E&#8217; IN ESSERE UN&#8217;ORDINANZA DI CHIUSURA A PONT IN FONDO ALLA VALLE DI SAN LUCANO SI ARRIVA&#8230;DA LI&#8217; IN POI SOLO A PIEDI O BICI IN SPALLA (ALMENO PER QUALCHE DECINA DI METRI) VERSO CAMPIGAT E VALLE DI GARES.<\/h3>\n<p><a class=\"dt-pswp-item\" href=\"http:\/\/www.radiopiu.net\/wordpress\/wp-content\/uploads\/2019\/08\/WhatsApp-Image-2019-08-18-at-11.06.38.jpeg\" data-dt-img-description=\"\" data-large_image_width=\"1200\" data-large_image_height=\"1600\"><img loading=\"lazy\" decoding=\"async\" class=\"alignnone size-medium wp-image-96048\" src=\"http:\/\/www.radiopiu.net\/wordpress\/wp-content\/uploads\/2019\/08\/WhatsApp-Image-2019-08-18-at-11.06.38-225x300.jpeg\" alt=\"\" width=\"225\" height=\"300\" srcset=\"https:\/\/www.radiopiu.net\/wordpress\/wp-content\/uploads\/2019\/08\/WhatsApp-Image-2019-08-18-at-11.06.38-225x300.jpeg 225w, https:\/\/www.radiopiu.net\/wordpress\/wp-content\/uploads\/2019\/08\/WhatsApp-Image-2019-08-18-at-11.06.38-768x1024.jpeg 768w, https:\/\/www.radiopiu.net\/wordpress\/wp-content\/uploads\/2019\/08\/WhatsApp-Image-2019-08-18-at-11.06.38.jpeg 1200w\" sizes=\"auto, (max-width: 225px) 100vw, 225px\" \/><\/a><a class=\"dt-pswp-item\" href=\"http:\/\/www.radiopiu.net\/wordpress\/wp-content\/uploads\/2019\/08\/WhatsApp-Image-2019-08-18-at-11.06.39.jpeg\" data-dt-img-description=\"\" data-large_image_width=\"1200\" data-large_image_height=\"1600\"><img loading=\"lazy\" decoding=\"async\" class=\"alignnone size-medium wp-image-96047\" src=\"http:\/\/www.radiopiu.net\/wordpress\/wp-content\/uploads\/2019\/08\/WhatsApp-Image-2019-08-18-at-11.06.39-225x300.jpeg\" alt=\"\" width=\"225\" height=\"300\" srcset=\"https:\/\/www.radiopiu.net\/wordpress\/wp-content\/uploads\/2019\/08\/WhatsApp-Image-2019-08-18-at-11.06.39-225x300.jpeg 225w, https:\/\/www.radiopiu.net\/wordpress\/wp-content\/uploads\/2019\/08\/WhatsApp-Image-2019-08-18-at-11.06.39-768x1024.jpeg 768w, https:\/\/www.radiopiu.net\/wordpress\/wp-content\/uploads\/2019\/08\/WhatsApp-Image-2019-08-18-at-11.06.39.jpeg 1200w\" sizes=\"auto, (max-width: 225px) 100vw, 225px\" \/><\/a><\/p>\n<div style=\"width: 640px;\" class=\"wp-video\"><video class=\"wp-video-shortcode\" id=\"video-96030-1\" width=\"640\" height=\"352\" preload=\"metadata\" controls=\"controls\"><source type=\"video\/mp4\" src=\"http:\/\/www.radiopiu.net\/wordpress\/wp-content\/uploads\/2019\/08\/WhatsApp-Video-2019-08-18-at-11.06.39.mp4?_=1\" \/><a href=\"http:\/\/www.radiopiu.net\/wordpress\/wp-content\/uploads\/2019\/08\/WhatsApp-Video-2019-08-18-at-11.06.39.mp4\">http:\/\/www.radiopiu.net\/wordpress\/wp-content\/uploads\/2019\/08\/WhatsApp-Video-2019-08-18-at-11.06.39.mp4<\/a><\/video><\/div>\n<div style=\"width: 640px;\" class=\"wp-video\"><video class=\"wp-video-shortcode\" id=\"video-96030-2\" width=\"640\" height=\"352\" preload=\"metadata\" controls=\"controls\"><source type=\"video\/mp4\" src=\"http:\/\/www.radiopiu.net\/wordpress\/wp-content\/uploads\/2019\/08\/WhatsApp-Video-2019-08-18-at-11.07.02.mp4?_=2\" \/><a href=\"http:\/\/www.radiopiu.net\/wordpress\/wp-content\/uploads\/2019\/08\/WhatsApp-Video-2019-08-18-at-11.07.02.mp4\">http:\/\/www.radiopiu.net\/wordpress\/wp-content\/uploads\/2019\/08\/WhatsApp-Video-2019-08-18-at-11.07.02.mp4<\/a><\/video><\/div>\n<p>&nbsp;<\/p>\n<h3><span style=\"color: #ff0000;\"><strong>CONSIDERAZIONI<\/strong><\/span><\/h3>\n<p><strong>di Francesco Fabris<\/strong><\/p>\n<blockquote><p><em>Per le valli di San Lucano e Mis, non si potrebbe mettere una sbarra con biglietto di ingresso di 5 euro a testa, esclusi residenti? Magari comprensivi della consumazione di un caff\u00e8, cos\u00ec&#8217; la piccola tassa sarebbe meglio accettata? Faccio un esempio, distante ma il cui concetto non cambia: anni fa mi regalarono un gommone a motore da 8 persone, semidistrutto. Dopo la ristrutturazione venne naturale la voglia di metterlo in acqua. Consultai tramite internet i luoghi dello stato aperti al pubblico, dove esistono gli appositi scivoli per mettere in acqua i natanti. Nel Veneto ce ne sono 5 e consistono in una strada che arriva al mare ed uno scivolo banalissimo di cemento. Una domenica, con la moto, visitai questi luoghi in avanscoperta e con sommo stupore l&#8217;accesso non era per niente gratuito ma sottoposto a pagamento di 15-20-25 euro a seconda della &#8220;bellezza del luogo&#8221; . Da allora mettemmo in acqua il gommone allo scalo merci di Mestre da dove partono le barche di alimentari dirette a Venezia. Veniva imbragato e calato con la gru per 20 euro, compreso il recupero al ritorno e riposizionamento sul carrello traino. Possibile che noi non si possa fare qualcosa di simile per le nostre valli ? Del resto per salire a Misurina non si paga la strada?<\/em><\/p><\/blockquote>\n<p><strong>di Roberta\u00a0 Conedera\u00a0<\/strong><\/p>\n<p><em>Viviamo in una societ\u00e0 che quantifica il valore di qualsiasi cosa rapportandolo al denaro. Quindi un intervento del soccorso alpino se non pagato diventa una cosa da nulla. Una giornata in valle lasciando rifiuti in giro cosa normale.<\/em><br \/>\n<em>Si cominci a quantificare con vile pecunia tutto. I ragazzi del soccorso non sono pupazzetti da muovere su e gi\u00f9 per le pareti e il nostro territorio non \u00e8 Terra da svendere. Concordo pienamente con il discorso del signore del gommone e della darsena.<\/em><\/p>\n<p>&nbsp;<\/p>\n<p>&nbsp;<\/p>\n<h3>GIOVANE SCOMPARSO AD AGORDO<\/h3>\n<p><strong>AGORDO<\/strong> La mamma lancia l&#8217;allarme perch\u00e9 il figlio in vacanza nell&#8217;Agordino non risponde al telefono. Una giornata intera di ricerche e in serata il giovane di\u00a0 Verbania ritorna tranquillamente al parcheggio di Tamonich dove aveva parcheggiato l&#8217;auto. Impegnati per le ricerche Carabinieri e Vigili del Fuoco e tanti volontari. L&#8217;ultimo scatto fotografico del giovane (selfie) al Peron di Sedico da dove sono partite le ricerche che hanno portato ad Agordo dove era parcheggiata la sua Opel. Il giovane era a spasso con un amico e con il cellulare completamente scarico.<\/p>\n<p>&nbsp;<\/p>\n<h3>IL RITORNO DEL LUPO<\/h3>\n<p><strong>BELLUNO<\/strong> Altri tre asini sbranati a Levego nell&#8217;azienda Al Bachero. L&#8217;episodio risale allo scorso sabato, alle 2 di notte. La recinzione con i fili elettrici non ha fermato il branco, alle 5 del mattino Gianantonio Scarton ha ritrovato la carcassa di un asino, un secondo \u00e8 stato ucciso dal veterinario poich\u00e9 in condizioni gravi, il terzo \u00e8 scomparso.<\/p>\n<p>&nbsp;<\/p>\n<p>&nbsp;<\/p>\n<h2>OGGI ALLE 14.30 IL TRIPLICE FISCHIO PER SILVANO<\/h2>\n<p><a class=\"dt-pswp-item\" href=\"http:\/\/www.radiopiu.net\/wordpress\/wp-content\/uploads\/2019\/08\/SILVANO-MOSCA.jpg\" data-dt-img-description=\"\" data-large_image_width=\"900\" data-large_image_height=\"896\"><img loading=\"lazy\" decoding=\"async\" class=\"size-medium wp-image-95938 alignleft\" src=\"http:\/\/www.radiopiu.net\/wordpress\/wp-content\/uploads\/2019\/08\/SILVANO-MOSCA-300x300.jpg\" alt=\"\" width=\"300\" height=\"300\" srcset=\"https:\/\/www.radiopiu.net\/wordpress\/wp-content\/uploads\/2019\/08\/SILVANO-MOSCA-300x300.jpg 300w, https:\/\/www.radiopiu.net\/wordpress\/wp-content\/uploads\/2019\/08\/SILVANO-MOSCA-150x150.jpg 150w, https:\/\/www.radiopiu.net\/wordpress\/wp-content\/uploads\/2019\/08\/SILVANO-MOSCA-768x765.jpg 768w, https:\/\/www.radiopiu.net\/wordpress\/wp-content\/uploads\/2019\/08\/SILVANO-MOSCA.jpg 900w\" sizes=\"auto, (max-width: 300px) 100vw, 300px\" \/><\/a>.<br \/>\nCiao Silvano, con il groppo in gola&#8230;.<br \/>\nun abbraccio solidale alla moglie Alba, ai figli Stefano e Massimiiliano, ai nipotini.<\/p>\n<blockquote><p><em>La tua uscita silenziosa ha reso tutti piu poveri.\u00a0 <\/em><em>Un compagno generoso, un riferimento solido, una figura autorevole, un sindacalista a tutto campo nell&#8217; impegno civile. <\/em><em>Hai amato il tuo territorio,hai dato ascolto a chi ti chiedeva aiuto, hai presidiato anche il piu lontano Comune. <\/em><em>Questo sei stato caro Silvano, un uomo coraggioso! <\/em><em>C<\/em><em>os\u00ec sarai ricordato nei nostri pensieri e tenuto affettuosamente nei nostri cuori. <\/em><em>Mosca Silvano segretario Spi CGIL Belluno<\/em><br \/>\n<em>La segreteria Spi Cgil Belluno<\/em><\/p><\/blockquote>\n<p><strong>L\u2019A.S.D.AGORDO 2009 tutta, partecipa con grande commozione ed \u00e8 vicina alla famiglia di Silvano; persona buona, gentile, generosa e cordiale. Una di quelle persona di cui si sentir\u00e0 sempre un incolmabile vuoto. Le pi\u00f9 sincere e commosse condoglianze alla moglie e la famiglia tutta.<\/strong><\/p>\n<p><strong>IL SERVIZIO DI GIANNI SANTOMASO<\/strong><\/p>\n<audio class=\"wp-audio-shortcode\" id=\"audio-96030-2\" preload=\"none\" style=\"width: 100%;\" controls=\"controls\"><source type=\"audio\/mpeg\" src=\"http:\/\/www.radiopiu.net\/wordpress\/wp-content\/uploads\/2019\/08\/SILVANO-MOSCA-GIANNI-SANTOMASO.mp3?_=2\" \/><a href=\"http:\/\/www.radiopiu.net\/wordpress\/wp-content\/uploads\/2019\/08\/SILVANO-MOSCA-GIANNI-SANTOMASO.mp3\">http:\/\/www.radiopiu.net\/wordpress\/wp-content\/uploads\/2019\/08\/SILVANO-MOSCA-GIANNI-SANTOMASO.mp3<\/a><\/audio>\n<p><strong>IL RICORDO DEL SINDACO DI AGORDO, ROBERTO CHISSALE&#8217;<\/strong><\/p>\n<audio class=\"wp-audio-shortcode\" id=\"audio-96030-3\" preload=\"none\" style=\"width: 100%;\" controls=\"controls\"><source type=\"audio\/mpeg\" src=\"http:\/\/www.radiopiu.net\/wordpress\/wp-content\/uploads\/2019\/08\/RICORDO-SILVANO-MOSCA-ROBERTO-CHISSALE-SINDACO-AGORDO.mp3?_=3\" \/><a href=\"http:\/\/www.radiopiu.net\/wordpress\/wp-content\/uploads\/2019\/08\/RICORDO-SILVANO-MOSCA-ROBERTO-CHISSALE-SINDACO-AGORDO.mp3\">http:\/\/www.radiopiu.net\/wordpress\/wp-content\/uploads\/2019\/08\/RICORDO-SILVANO-MOSCA-ROBERTO-CHISSALE-SINDACO-AGORDO.mp3<\/a><\/audio>\n<p><strong>IL RICORDO DI COSMO FORCELLA, PRESIDENTE DELL&#8217;AGORDINA CALCIO<\/strong><\/p>\n<audio class=\"wp-audio-shortcode\" id=\"audio-96030-4\" preload=\"none\" style=\"width: 100%;\" controls=\"controls\"><source type=\"audio\/mpeg\" src=\"http:\/\/www.radiopiu.net\/wordpress\/wp-content\/uploads\/2019\/08\/RICORDO-SILVANO-MOSCA-COSMO-FORCELLA-AGORDINA.mp3?_=4\" \/><a href=\"http:\/\/www.radiopiu.net\/wordpress\/wp-content\/uploads\/2019\/08\/RICORDO-SILVANO-MOSCA-COSMO-FORCELLA-AGORDINA.mp3\">http:\/\/www.radiopiu.net\/wordpress\/wp-content\/uploads\/2019\/08\/RICORDO-SILVANO-MOSCA-COSMO-FORCELLA-AGORDINA.mp3<\/a><\/audio>\n<p>&nbsp;<\/p>\n<p>&nbsp;<\/p>\n<p>&nbsp;<\/p>\n<h2>UN &#8220;BOLLETTINO DI GUERRA&#8221;&#8230; QUELLO DEL SOCCORSO ALPINO<\/h2>\n<p>Tra sabato e domenica gli interventi sono stati numerosi in tutta la provincia, dal lago del Mis alla cime delle montagne, di notte e di giorno, questo il riassunto delle ultime 48 ore. (mm)<\/p>\n<p>&nbsp;<\/p>\n<p><strong>CORTINA<\/strong> Sabato dopo le 20.30\u00a0 il Soccorso alpino di Cortina \u00e8 stato allertato per due escursionisti francesi incrodati. La coppia, entrambi ventinovenni, era partita alle 15 per fare la Ferrata Dibona. Completato l&#8217;itinerario attrezzato, invece di rientrare da Staunies e Forcella Bassa, aveva preso Forcella Padeon e iniziato a scendere l&#8217;omonima valle, itinearario gi\u00e0 chiuso a suo tempo perch\u00e9 non percorribile. Anzich\u00e9 proseguire lungo il canale, i due avevano preso una cengia laterale, finendo bloccati sopra un salto di roccia di 100 metri. Intuito dalle coordinate Gps dove potevano trovarsi, una squadra \u00e8 partita dal basso e ha avuto conferma della loro posizione, quando la coppia ha lanciato segnali di luce. Sei soccorritori, compresi carabinieri, hanno risalito il canale e hanno raggiunto i due a circa 2.300 metri di quota e con loro sono ridiscesi in sicurezza fino a Rio Gere. L&#8217;intervento si \u00e8 concluso a mezzanotte.<\/p>\n<p><strong>SOSPIROLO<\/strong> Sabato dopo le 21\u00a0\u00e8 scattato l&#8217;allarme per un&#8217;escursionista in difficolt\u00e0 in Val Falcina, laterale della Valle del Mis. Partita per percorrere l&#8217;itinerario ad anello, giunta a met\u00e0 anzich\u00e9 proseguire, una coppia trevigiana, 23 anni lui, 25 lei, aveva abbandonato il sentiero e deciso di scendere lungo il torrente Falcina verso il lago. Dopo un po&#8217;, per\u00f2, la ragazza, affrontando salti di roccia e attraversamenti di vasche d&#8217;acqua, si era bloccata in preda al panico, incapace di muoversi. Poich\u00e9 in tutta l&#8217;area non c&#8217;\u00e8 copertura telefonica, il compagno era dovuto rientrare da solo per chiedere aiuto. Una squadra del Soccorso alpino di Belluno si \u00e8 subito attivata e in cinque si sono portati all&#8217;imbocco della valle. Dopo essersi fatti spiegare dal ragazzo il percorso seguito, i soccorritori sono arrivati nel punto indicato, sono scesi, allestendo anche una calata, e si sono trovati su ampie vasche d&#8217;acqua da passare a nuoto. Per evitare qualsiasi rischio \u00e8 stato chiesto l&#8217;intervento della squadra forre del Soccorso alpino e speleologico Veneto e sono stati allertati i Vigili del fuoco. Mentre con l&#8217;opportuna attrezzatura la squadra forre si muoveva dall&#8217;alto, due soccorritori hanno raggiunto la foce del torrente e hanno iniziato a risalirlo, apprendendo dai soccorritori in discesa che era stato rinvenuto l&#8217;asciugamano della giovane, ma di lei non c&#8217;era traccia. Dopo un quarto d&#8217;ora a piedi, la squadra partita da sotto ha fortunatamente ritrovato la ragazza, che si era spostata e aveva cercato riparo sotto un sasso a circa 500 metri di distanza dal lago. La giovane &#8211; che era illesa, bench\u00e9 stanca e infreddolita &#8211; \u00e8 stata accompagnata fino alla strada e, in via precauzionale, \u00e8 stata portata al pronto soccorso. L&#8217;intervento si \u00e8 concluso alle 3.<\/p>\n<p><strong>OSPITALE<\/strong> Erano le 10 ieri mattina quando\u00a0 il Soccorso alpino di Longarone \u00e8 stato allertato dalla Centrale del Suem per due escursionisti bloccati nella parte alta di Val Tovanella. I due amici, F.C., 31 anni, e A.P., 33 anni, entrambi di San Don\u00e0 di Piave (VE), stavano facendo un bel giro: erano partiti dal Bivacco Campestrin e per Forcella Bella erano scesi al Bosconero. Invece di salire a Forcella del Mat e scendere di nuovo al Campestrin, seguendo un suggerimento sono per\u00f2 saliti a Forcella Tovanella. Una volta in cima hanno iniziato a scendere verso l&#8217;abitato di Ospitale, ma a 850 metri di quota non hanno pi\u00f9 saputo come proseguire, senza tracce evidenti di sentiero. Grazie alle coordinate Gps con la loro precisa posizione, un soccorritore \u00e8 salito e li ha individuati, aiutando quello pi\u00f9 affaticato dei due a superare alcuni tratti esposti e riaccompagnando entrambi sulla strada, dove una squadra li ha caricati in macchina per trasportarli alla loro auto.<\/p>\n<p><strong>CORTINA<\/strong> Ieri mattina\u00a0 il gestore del Rifugio Giussani, componente del Soccorso alpino di Cortina, ha raggiunto un&#8217;escursionista che si era fatta male al ginocchio lungo il sentiero non distante dalla struttura. La donna, E.K., 44 anni, di Bolzano, \u00e8 stata poi accompagnata alla piazzola e imbarcata sull&#8217;elicottero del Suem di Pieve di Cadore atterrato nel frattempo con l&#8217;equipe sanitaria a bordo.<\/p>\n<p><strong>ALPAGO<\/strong> Nel pomeriggio di ieri \u00a0la Centrale del 118 ha allertato il Soccorso alpino dell&#8217;Alpago per due escursionisti affaticati dalla lunga camminata. Padre cinquantenne e figlio quattordicenne di Roveredo in Piano (PN) erano partiti da Piancavallo, avevano raggiunto Col Indes per poi salire a Pian Canaie, prendere il sentiero numero 922 e rientrare a Piancavallo. A 500 metri da Casera Palantina, per\u00f2, la stanchezza aveva avuto la meglio e i due, affaticati, non erano stati pi\u00f9 in grado di proseguire. Una squadra \u00e8 andata incontro agli escursionisti che, dopo un po&#8217;, si erano ripresi e rimessi in marcia. Quando li hanno incrociati, i soccorritori hanno riaccompagnato padre e figlio a Col Indes.<\/p>\n<p><strong>CORTINA\u00a0<\/strong> Una squadra del Soccorso alpino di Cortina \u00e8 partita in direzione della Ferrata del Col Ros\u00e0 per una ragazza colta da crisi di panico poco sopra l&#8217;attacco. I soccorritori si sono avvicinati il pi\u00f9 possibile in quad per poi proseguire a piedi. Risalita una sessantina di metri lungo il percorso attrezzato fino alla cengia dove si trovava B.B., 19 anni, di Udine, assieme a un amico, la squadra ha tranquillizzato la giovane e le ha dato da bere. Dopo averla assicurata i soccorritori la hanno aiutata ascendere fino al sentiero e in una quarantina di minuti di camminata sono tornati al quad. La ragazza \u00e8 stata infine accompagnata al Codivilla per accertamenti.<\/p>\n<p><strong>SAN VITO DI CADORE<\/strong>\u00a0 Il Soccorso alpino di San Vito di Cadore \u00e8 stato inviato al Rifugio Venezia, a Vodo di Cadore, dove un&#8217;escursionista, probabilmente disidratata, si era sentita poco bene. I soccorritori hanno quindi caricato sulla jeep G.B., 23 anni, di Padova e sua mamma e le hanno riportate a valle dove attendeva il pap\u00e0.<\/p>\n<p><strong>AURONZO\u00a0<\/strong> Il 118 ha allertato il Soccorso alpino di Auronzo per un escursionista di 76 anni, A.M., di Viterbo, che si era sentito poco bene mentre scendeva dal Rifugio Col de Varda. L&#8217;uomo, che era stato accompagnato all&#8217;ombra e accudito da un passante, \u00e8 stato raggiunto da un soccorritore in jeep &#8211; una squadra del Sagf pronta in appoggio &#8211; che lo ha caricato a bordo e portato a valle.<\/p>\n<p><strong>VAL BADIA<\/strong>\u00a0 Su richiesta del 118 di Bolzano, l&#8217;elicottero del Suem di Pieve di Cadore \u00e8 invece intervenuto all&#8217;altezza di Forcella del Lago, Badia (BZ), dietro al Lagazuoi, dove un sessantenne di Bressanone (BZ), era caduto a terra infortunandosi in modo grave. Sbarcati medico e tecnico con un verricello di 30 metri, all&#8217;uomo sono state prestate le prime cure. Imbarellato, \u00e8 stato issato a bordo e trasportato all&#8217;ospedale di Belluno e in seguito trasferito in quello di Treviso.<\/p>\n<p><strong>AGORDO<\/strong>\u00a0 Dopo aver salito la Ferrata Costantini, una coppia era\u00a0 uscita sul canale che porta al Bivacco Grisetti e nella discesa il ragazzo, A.S., 33 anni, di San Giovanni Ilarione (VR), era scivolato, riportando la probabile frattura di un dito e un sospetto trauma all&#8217;inguine. Imbarcato in hovering assieme alla compagna, l&#8217;escursionista e stato trasportato al pronto soccorso di Agordo.<\/p>\n<p><strong>SOSPIROLO<\/strong> Incidente stradale ieri a mezzogiorno in localit\u00e0 Piz (provinciale 2 bivio per Camolino), per una mancata precedenza un&#8217;auto ha tagliato la strada a un ciclista A.M. di 50 anni portato all&#8217;ospedale di Belluno con un trauma cranico, fortunatamente non in pericolo di vita.<\/p>\n<h2><\/h2>\n<p>&nbsp;<\/p>\n<blockquote><p>&nbsp;<\/p><\/blockquote>\n<h2>A LORETTA BEN (ALLA MEMORIA) E DON MARIO ZANON IL PREMIO CORPASSA 2019 ASSEGNATO ALLA &#8220;BORTOLONA&#8221;<\/h2>\n<blockquote><p><em>26<sup>a<\/sup> edizione,\u00a0 Gli amici de \u201c<strong>La Bortol\u00f3na\u201d <\/strong>con\u00a0l\u2019Amministrazione comunale<\/em><\/p>\n<p><strong>grazie a Loris Santomaso<\/strong><\/p>\n<p><a class=\"dt-pswp-item\" href=\"http:\/\/www.radiopiu.net\/wordpress\/wp-content\/uploads\/2019\/08\/TAIBON-Loretta-Ben-e-don-Mario-Zanon.jpg\" data-dt-img-description=\"\" data-large_image_width=\"1476\" data-large_image_height=\"1107\"><img loading=\"lazy\" decoding=\"async\" class=\"alignnone wp-image-96049 size-large\" src=\"http:\/\/www.radiopiu.net\/wordpress\/wp-content\/uploads\/2019\/08\/TAIBON-Loretta-Ben-e-don-Mario-Zanon-1024x768.jpg\" alt=\"\" width=\"1024\" height=\"768\" srcset=\"https:\/\/www.radiopiu.net\/wordpress\/wp-content\/uploads\/2019\/08\/TAIBON-Loretta-Ben-e-don-Mario-Zanon-1024x768.jpg 1024w, https:\/\/www.radiopiu.net\/wordpress\/wp-content\/uploads\/2019\/08\/TAIBON-Loretta-Ben-e-don-Mario-Zanon-300x225.jpg 300w, https:\/\/www.radiopiu.net\/wordpress\/wp-content\/uploads\/2019\/08\/TAIBON-Loretta-Ben-e-don-Mario-Zanon-768x576.jpg 768w, https:\/\/www.radiopiu.net\/wordpress\/wp-content\/uploads\/2019\/08\/TAIBON-Loretta-Ben-e-don-Mario-Zanon.jpg 1476w\" sizes=\"auto, (max-width: 1024px) 100vw, 1024px\" \/><\/a><\/p><\/blockquote>\n<p><strong><em>Loretta Ben <\/em><\/strong><em>(1946-2018) <\/em>Nata il 14 gennaio 1946 a Taibon da Sebastiano \u201cBastian gn\u00e8l\u201d e Linda Lena, per tanti anni contadini e ciabattini ad Agordo, fu presto dedita ai valori della famiglia, del lavoro, del dovere e del sacrificio praticati con convinta coerenza, profonda umanit\u00e0, senso civico ed inesauribile impegno,anche di risorse personali,\u00a0fino agli ultimi suoi giorni pur minati dalla sofferenza. Donna tenace, dotata di grande sensibilit\u00e0 generosit\u00e0 e altruismo, figura carismatica ha segnato in positivo la storia recente dell\u2019Agordino elargendo i suoi talenti e dedicando tante energie in molteplici ambiti del volontariato, del lavoro e amministrativo specie dal 2004 al 2014 quale guida di questa comunit\u00e0, \u201cgregge nelle mani di un buon pastore\u201d, con indomita fortezza e sagace lungimiranza. Lascia edificante esempio e perenne ricordo di amore per la sua terra e la sua gente.<\/p>\n<p><strong><em>don Mario Zanon <\/em><\/strong>Di origine alpagota-agordina, nato nel 1936 da pap\u00e0 Vincenzo di Lamosano &#8211; dieci anni emigrante in Africa &#8211; e mamma Giovanna Fenti di Caviola, ultimo rampollo di umile numerosa famiglia ricca di fede e dignit\u00e0, ordinato sacerdote nel 1961 dal vescovo Gioacchino Muccin, don\u00f2 le sue primizie pastorali per un lustro al \u201cgregge\u201d di Agordo poi a Pieve di Cadore, Cortina d\u2019Ampezzo, Tai e dal 1\u00b0 ottobre 1992 a Taibon che sta per lasciare per il meritato riposo. Infaticabile e amata guida spirituale e morale del popolo dei Ss. Cornelio e Cipriano, un lungo e fruttuoso legame con la gente di queste contrade, tra San Lucano e Corpassa, che si riverbera nella comunit\u00e0 alpina cui ha donato concreta dedizione con particolare cura ai pi\u00f9 deboli e sofferenti, come pure al patrimonio storico religioso culturale, meritando la stima e l\u2019affetto di tutti in virt\u00f9 di un animo sensibile e di una schietta e profonda umanit\u00e0.<\/p>\n<p>&nbsp;<\/p>\n<blockquote>\n<h3>I CAFONI DI FERRAGOSTO ALLA GROTTA AZZURRA E NEL CORDEVOLE<\/h3>\n<p><strong>BORGOVALBELLUNA<\/strong> Alla Grotta Azzurra di Mel nonostante le precise ordinanze di divieto anche nel fine settimana in molti non hanno esitato a mettersi in costume per buttarsi nell&#8217;acqua dopo aver lasciato l&#8217;auto lungo il tragitto che da Villa di Villa porta al Castello di Zumelle, ovviamente snobbando il divieto. Il Comune \u00e8 pronto a sanzionare i &#8220;cafoni&#8221; e regolamentare l&#8217;ingresso alla grotte con un biglietto con l&#8217;obiettivo di far rispettare le regole.<br \/>\n<strong>ALLEGHE<\/strong> La notizia postata su Facebook da Giuseppe Rudatis non \u00e8 passata inosservata e ha pure fatto sorridere, un uomo e una donna a Caprile non hanno esitato a togliersi i vestiti e buttarsi nel Cordevole. Immediate le prese di posizione e i tanti commenti<\/p><\/blockquote>\n<p><strong><em>\u00a0<\/em><\/strong><\/p>\n<p>&nbsp;<\/p>\n<p>&nbsp;<\/p>\n<h2><a class=\"dt-pswp-item\" href=\"http:\/\/www.radiopiu.net\/wordpress\/wp-content\/uploads\/2019\/04\/download.jpg\" data-dt-img-description=\"\" data-large_image_width=\"220\" data-large_image_height=\"229\"><img loading=\"lazy\" decoding=\"async\" class=\"wp-image-81947 alignleft\" src=\"http:\/\/www.radiopiu.net\/wordpress\/wp-content\/uploads\/2019\/04\/download.jpg\" alt=\"\" width=\"149\" height=\"155\" \/><\/a>1500 EURO PER GLI STUDENTI MERITEVOLI<\/h2>\n<p><strong>SEDICO\u00a0<\/strong><\/p>\n<p><strong>DI DAMIANO TORMEN<\/strong><\/p>\n<audio class=\"wp-audio-shortcode\" id=\"audio-96030-5\" preload=\"none\" style=\"width: 100%;\" controls=\"controls\"><source type=\"audio\/mpeg\" src=\"http:\/\/www.radiopiu.net\/wordpress\/wp-content\/uploads\/2019\/08\/DAMIANO-PREMIO.mp3?_=5\" \/><a href=\"http:\/\/www.radiopiu.net\/wordpress\/wp-content\/uploads\/2019\/08\/DAMIANO-PREMIO.mp3\">http:\/\/www.radiopiu.net\/wordpress\/wp-content\/uploads\/2019\/08\/DAMIANO-PREMIO.mp3<\/a><\/audio>\n<p>&nbsp;<\/p>\n<p>&nbsp;<\/p>\n<p>&nbsp;<\/p>\n<h2>BANDA LARGA Procedono i lavori per cablaggio del territorio<\/h2>\n<blockquote><p><strong>Cantieri aperti in 22 comuni e pronti a partire in altri 10\u00a0<\/strong><\/p><\/blockquote>\n<p style=\"text-align: left;\"><strong><a class=\"dt-pswp-item\" href=\"http:\/\/www.radiopiu.net\/wordpress\/wp-content\/uploads\/2019\/08\/WhatsApp-Image-2019-08-19-at-05.10.35.jpeg\" data-dt-img-description=\"\" data-large_image_width=\"1599\" data-large_image_height=\"799\"><img loading=\"lazy\" decoding=\"async\" class=\"size-medium wp-image-96077 alignleft\" src=\"http:\/\/www.radiopiu.net\/wordpress\/wp-content\/uploads\/2019\/08\/WhatsApp-Image-2019-08-19-at-05.10.35-300x150.jpeg\" alt=\"\" width=\"300\" height=\"150\" srcset=\"https:\/\/www.radiopiu.net\/wordpress\/wp-content\/uploads\/2019\/08\/WhatsApp-Image-2019-08-19-at-05.10.35-300x150.jpeg 300w, https:\/\/www.radiopiu.net\/wordpress\/wp-content\/uploads\/2019\/08\/WhatsApp-Image-2019-08-19-at-05.10.35-768x384.jpeg 768w, https:\/\/www.radiopiu.net\/wordpress\/wp-content\/uploads\/2019\/08\/WhatsApp-Image-2019-08-19-at-05.10.35-1024x512.jpeg 1024w, https:\/\/www.radiopiu.net\/wordpress\/wp-content\/uploads\/2019\/08\/WhatsApp-Image-2019-08-19-at-05.10.35.jpeg 1599w\" sizes=\"auto, (max-width: 300px) 100vw, 300px\" \/><\/a>BELLUNO\u00a0<\/strong> Procede come da programma il lavoro di costruzione della banda larga in fibra ottica in tutti i comuni della provincia di Belluno. Il report periodico di Infratel Italia Spa, la societ\u00e0 del Ministero dello Sviluppo Economico incaricata di attuare i piani banda larga e ultra larga del governo, indica a inizio luglio che sono in esecuzione i lavori di cablaggio in 22 Comuni bellunesi. Hanno gi\u00e0 completato l\u2019iter della progettazione e sono in attesa delle necessarie autorizzazioni altri 10 Comuni e i cantieri sono dunque prossimi a iniziare, mentre ulteriori 23 hanno il progetto definitivo approvato e 6 lo stanno approvando. Gi\u00e0 concluse le opere invece a Soverzene e a La <a class=\"dt-pswp-item\" href=\"http:\/\/www.radiopiu.net\/wordpress\/wp-content\/uploads\/2016\/01\/slider_01-roger-de-menech-07-07-620x248-e1454393337533.jpg\" data-dt-img-description=\"\" data-large_image_width=\"620\" data-large_image_height=\"248\"><img loading=\"lazy\" decoding=\"async\" class=\"size-medium wp-image-16099 alignright\" src=\"http:\/\/www.radiopiu.net\/wordpress\/wp-content\/uploads\/2016\/01\/slider_01-roger-de-menech-07-07-620x248-e1454393337533-300x120.jpg\" alt=\"\" width=\"300\" height=\"120\" \/><\/a>Valle Agordina. <em>\u00abEntro il 2020 dovrebbe concludersi il progetto avviato dai governi Renzi e Gentiloni per ridurre il digital divide\u00bb, spiega il deputato bellunese Roger De Menech. \u00abL\u2019obiettivo \u00e8 che tutta la popolazione abbia accesso a servizi di rete con velocit\u00e0 non inferiori a 30 Mb\/s (oggi sono 2 Mb\/s) e che almeno la met\u00e0 possa usufruire di velocit\u00e0 intorno al 100 Mb\/s. Credo sia una delle azioni che maggiormente contribuir\u00e0 a ridurre il divario con la pianura e con le aree metropolitane\u00bb. <\/em>Il piano \u00e8 finanziato prevalentemente dallo Stato e in parte dall\u2019Unione europea attraverso i fondi FESR (Sviluppo regionale) e FEASR (Sviluppo aree rurali), entrambi gestiti dalla Regione Veneto. Per l\u2019intera regione le risorse a disposizione sono di 398 milioni 810 mila euro, di cui 315 milioni 810 mila euro del Fondo statale di sviluppo e coesione e 83 milioni di fondi europei ripartiti tra Fondo Sviluppo Rurale (40 milioni) e Fondo di Sviluppo delle Aree Rurali (43 milioni). Per le infrastrutture di banda larga nella provincia di Belluno sono stati stanziati 33 milioni 458 mila 348 euro. Il fabbisogno di banda larga e ultralarga nel Bellunese tocca una popolazione di 117 mila persone, oltre 80 mila abitazioni e un totale di quasi 50 mila edifici.<\/p>\n<p>&nbsp;<\/p>\n<p>&nbsp;<\/p>\n<p>&nbsp;<\/p>\n<h2>FINE SETTIMANA DI EVENTI<\/h2>\n<p>I fuochi artificiali ad Alleghe ed Agordo (Palio dei 100), tante feste nel verde delle Dolomiti, mostre d&#8217;arte, di fotografia, mercatini artigianali e non. Radio Pi\u00f9 con le dirette facebook ha testimoniato il grande impegno degli organizzatori. (mm)<\/p>\n<p>&nbsp;<\/p>\n<h3><a class=\"dt-pswp-item\" href=\"http:\/\/www.radiopiu.net\/wordpress\/wp-content\/uploads\/2019\/08\/WhatsApp-Image-2019-08-18-at-09.57.28.jpeg\" data-dt-img-description=\"\" data-large_image_width=\"1600\" data-large_image_height=\"1200\"><img loading=\"lazy\" decoding=\"async\" class=\" wp-image-96035 alignleft\" src=\"http:\/\/www.radiopiu.net\/wordpress\/wp-content\/uploads\/2019\/08\/WhatsApp-Image-2019-08-18-at-09.57.28-300x225.jpeg\" alt=\"\" width=\"272\" height=\"204\" srcset=\"https:\/\/www.radiopiu.net\/wordpress\/wp-content\/uploads\/2019\/08\/WhatsApp-Image-2019-08-18-at-09.57.28-300x225.jpeg 300w, https:\/\/www.radiopiu.net\/wordpress\/wp-content\/uploads\/2019\/08\/WhatsApp-Image-2019-08-18-at-09.57.28-768x576.jpeg 768w, https:\/\/www.radiopiu.net\/wordpress\/wp-content\/uploads\/2019\/08\/WhatsApp-Image-2019-08-18-at-09.57.28-1024x768.jpeg 1024w, https:\/\/www.radiopiu.net\/wordpress\/wp-content\/uploads\/2019\/08\/WhatsApp-Image-2019-08-18-at-09.57.28.jpeg 1600w\" sizes=\"auto, (max-width: 272px) 100vw, 272px\" \/><\/a>I REGGENTI DELLA REPUBBLICA DI SAN MARINO A ROCCA PIETORE<\/h3>\n<p><strong>ROCCA PIETORE<\/strong> Venerdi sera\u00a0 nella sala consiliare del Municipio di Rocca Pietore\u00a0 incontro informale e amichevole fra l&#8217;amministrazione comunale e i Reggenti della Repubblica di San Marino. Nei decenni scorsi la presenza a Rocca di una Colonia sanmarinese per vacanze, ha favorito amicizie e contatti importanti che si sono consolidati negli anni, sino alla sua chiusura. Molti sanmarinesi hanno quindi trascorso qui le estati della loro infanzia e questo ha sempre incentivato anche successivamente un notevole afflusso di turisti di San Marino a Rocca Pietore. L&#8217;incontro vuole rinsaldare una volta di pi\u00f9 l&#8217;amicizia fra le nostre Comunit\u00e0.<\/p>\n<p><iframe loading=\"lazy\" title=\"DELEGAZIONE DI SAN MARINO A ROCCA PIETORE\" width=\"1200\" height=\"675\" src=\"https:\/\/www.youtube.com\/embed\/PyNEunUXqF4?feature=oembed\" frameborder=\"0\" allow=\"accelerometer; autoplay; encrypted-media; gyroscope; picture-in-picture\" allowfullscreen><\/iframe><\/p>\n<h1>DA SAN MARINO&#8230;.. <span style=\"color: #0000ff;\"><strong><a style=\"color: #0000ff;\" href=\"https:\/\/www.sanmarinortv.sm\/news\/politica-c2\/la-reggenza-incontra-il-sindaco-di-rocca-pietore-andrea-de-bernardin-si-ragiona-per-gettare-le-basi-di-eventuali-future-collaborazioni-fra-san-marino-e-il-comune-bellunese-a175729\">CLICCA QUI<\/a><\/strong><\/span><\/h1>\n<p>&nbsp;<\/p>\n<p>&nbsp;<\/p>\n<p>&nbsp;<\/p>\n<blockquote><p>&nbsp;<\/p><\/blockquote>\n<h3>DA TAIBON VIA PARIS BORDONE&#8230;. I FUOCHI DEL PALIO DEI 100 AD AGORDO<\/h3>\n<div id=\"fb-root\"><\/div>\n<p><script async=\"1\" defer=\"1\" crossorigin=\"anonymous\" src=\"https:\/\/connect.facebook.net\/it_IT\/sdk.js#xfbml=1&amp;version=v6.0\"><\/script><\/p>\n<div class=\"fb-video\" data-href=\"https:\/\/www.facebook.com\/mirko.mezzacasa\/videos\/10220529883983938\/\" data-width=\"1200\">\n<blockquote cite=\"https:\/\/www.facebook.com\/mirko.mezzacasa\/videos\/10220529883983938\/\" class=\"fb-xfbml-parse-ignore\"><p><a href=\"https:\/\/www.facebook.com\/mirko.mezzacasa\/videos\/10220529883983938\/\"><\/a><\/p>\n<p>DA TAIBON VIA PARIS BORDONE&#8230;. I FUOCHI DEL PALIO DEI 100 AD AGORDO<\/p>\n<p>Pubblicato da <a href=\"https:\/\/www.facebook.com\/mirko.mezzacasa\">Mirko Mezzacasa<\/a> su Domenica 18 agosto 2019<\/p><\/blockquote>\n<\/div>\n<h3>E DA VOLTAGO<\/h3>\n<p><a class=\"dt-pswp-item\" href=\"http:\/\/www.radiopiu.net\/wordpress\/wp-content\/uploads\/2019\/08\/WhatsApp-Image-2019-08-18-at-22.42.46.jpeg\" data-dt-img-description=\"\" data-large_image_width=\"899\" data-large_image_height=\"1599\"><img loading=\"lazy\" decoding=\"async\" class=\"alignnone size-medium wp-image-96033\" src=\"http:\/\/www.radiopiu.net\/wordpress\/wp-content\/uploads\/2019\/08\/WhatsApp-Image-2019-08-18-at-22.42.46-169x300.jpeg\" alt=\"\" width=\"169\" height=\"300\" srcset=\"https:\/\/www.radiopiu.net\/wordpress\/wp-content\/uploads\/2019\/08\/WhatsApp-Image-2019-08-18-at-22.42.46-169x300.jpeg 169w, https:\/\/www.radiopiu.net\/wordpress\/wp-content\/uploads\/2019\/08\/WhatsApp-Image-2019-08-18-at-22.42.46-768x1366.jpeg 768w, https:\/\/www.radiopiu.net\/wordpress\/wp-content\/uploads\/2019\/08\/WhatsApp-Image-2019-08-18-at-22.42.46-576x1024.jpeg 576w, https:\/\/www.radiopiu.net\/wordpress\/wp-content\/uploads\/2019\/08\/WhatsApp-Image-2019-08-18-at-22.42.46.jpeg 899w\" sizes=\"auto, (max-width: 169px) 100vw, 169px\" \/><\/a><a class=\"dt-pswp-item\" href=\"http:\/\/www.radiopiu.net\/wordpress\/wp-content\/uploads\/2019\/08\/WhatsApp-Image-2019-08-18-at-22.42.47.jpeg\" data-dt-img-description=\"\" data-large_image_width=\"899\" data-large_image_height=\"1599\"><img loading=\"lazy\" decoding=\"async\" class=\"alignnone size-medium wp-image-96032\" src=\"http:\/\/www.radiopiu.net\/wordpress\/wp-content\/uploads\/2019\/08\/WhatsApp-Image-2019-08-18-at-22.42.47-169x300.jpeg\" alt=\"\" width=\"169\" height=\"300\" srcset=\"https:\/\/www.radiopiu.net\/wordpress\/wp-content\/uploads\/2019\/08\/WhatsApp-Image-2019-08-18-at-22.42.47-169x300.jpeg 169w, https:\/\/www.radiopiu.net\/wordpress\/wp-content\/uploads\/2019\/08\/WhatsApp-Image-2019-08-18-at-22.42.47-768x1366.jpeg 768w, https:\/\/www.radiopiu.net\/wordpress\/wp-content\/uploads\/2019\/08\/WhatsApp-Image-2019-08-18-at-22.42.47-576x1024.jpeg 576w, https:\/\/www.radiopiu.net\/wordpress\/wp-content\/uploads\/2019\/08\/WhatsApp-Image-2019-08-18-at-22.42.47.jpeg 899w\" sizes=\"auto, (max-width: 169px) 100vw, 169px\" \/><\/a><\/p>\n<h3>DA AGORDO ALESSANDRO STADERINI<\/h3>\n<p><a class=\"dt-pswp-item\" href=\"http:\/\/www.radiopiu.net\/wordpress\/wp-content\/uploads\/2019\/08\/68461497_2333442240228798_3760090782128668672_n.jpg\" data-dt-img-description=\"\" data-large_image_width=\"720\" data-large_image_height=\"960\"><img loading=\"lazy\" decoding=\"async\" class=\"alignnone size-medium wp-image-96038\" src=\"http:\/\/www.radiopiu.net\/wordpress\/wp-content\/uploads\/2019\/08\/68461497_2333442240228798_3760090782128668672_n-225x300.jpg\" alt=\"\" width=\"225\" height=\"300\" srcset=\"https:\/\/www.radiopiu.net\/wordpress\/wp-content\/uploads\/2019\/08\/68461497_2333442240228798_3760090782128668672_n-225x300.jpg 225w, https:\/\/www.radiopiu.net\/wordpress\/wp-content\/uploads\/2019\/08\/68461497_2333442240228798_3760090782128668672_n.jpg 720w\" sizes=\"auto, (max-width: 225px) 100vw, 225px\" \/><\/a><a class=\"dt-pswp-item\" href=\"http:\/\/www.radiopiu.net\/wordpress\/wp-content\/uploads\/2019\/08\/68613891_2333442206895468_5591392952275435520_n.jpg\" data-dt-img-description=\"\" data-large_image_width=\"720\" data-large_image_height=\"960\"><img loading=\"lazy\" decoding=\"async\" class=\"alignnone size-medium wp-image-96039\" src=\"http:\/\/www.radiopiu.net\/wordpress\/wp-content\/uploads\/2019\/08\/68613891_2333442206895468_5591392952275435520_n-225x300.jpg\" alt=\"\" width=\"225\" height=\"300\" srcset=\"https:\/\/www.radiopiu.net\/wordpress\/wp-content\/uploads\/2019\/08\/68613891_2333442206895468_5591392952275435520_n-225x300.jpg 225w, https:\/\/www.radiopiu.net\/wordpress\/wp-content\/uploads\/2019\/08\/68613891_2333442206895468_5591392952275435520_n.jpg 720w\" sizes=\"auto, (max-width: 225px) 100vw, 225px\" \/><\/a><\/p>\n<h3><\/h3>\n<h3><\/h3>\n<blockquote>\n<h3><\/h3>\n<\/blockquote>\n<h3>LA SQUADRA FINALISTA 84-85 DELL&#8217;ALLEGHE SILE CALDAIE AL DE TONI<\/h3>\n<div id=\"fb-root\"><\/div>\n<p><script async=\"1\" defer=\"1\" crossorigin=\"anonymous\" src=\"https:\/\/connect.facebook.net\/it_IT\/sdk.js#xfbml=1&amp;version=v6.0\"><\/script><\/p>\n<div class=\"fb-video\" data-href=\"https:\/\/www.facebook.com\/mirko.mezzacasa\/videos\/10220529044242945\/\" data-width=\"1200\">\n<blockquote cite=\"https:\/\/www.facebook.com\/mirko.mezzacasa\/videos\/10220529044242945\/\" class=\"fb-xfbml-parse-ignore\"><p><a href=\"https:\/\/www.facebook.com\/mirko.mezzacasa\/videos\/10220529044242945\/\"><\/a><\/p>\n<p>Alleghe incontro tra la squadra del campionato ihl e l Alleghe della finale 84 85 con il Bolzano<\/p>\n<p>Pubblicato da <a href=\"https:\/\/www.facebook.com\/mirko.mezzacasa\">Mirko Mezzacasa<\/a> su Domenica 18 agosto 2019<\/p><\/blockquote>\n<\/div>\n<h4><\/h4>\n<h4><\/h4>\n<blockquote><p>&nbsp;<\/p><\/blockquote>\n<h2>PALIO DI AGORDO, FASE FINALE E PREMIAZIONI CON IL RICORDO DI SILVANO MOSCA E SILVANO DE NARDIN<\/h2>\n<p><span style=\"color: #ff0000;\"><strong>DAL GIORNALE RADIO PRINCIPALE<\/strong><\/span><\/p>\n<audio class=\"wp-audio-shortcode\" id=\"audio-96030-6\" preload=\"none\" style=\"width: 100%;\" controls=\"controls\"><source type=\"audio\/mpeg\" src=\"http:\/\/www.radiopiu.net\/wordpress\/wp-content\/uploads\/2019\/08\/gr-19-palio-dei-cento-con-intervento-cristina-bien-e-matteo-chissale.mp3?_=6\" \/><a href=\"http:\/\/www.radiopiu.net\/wordpress\/wp-content\/uploads\/2019\/08\/gr-19-palio-dei-cento-con-intervento-cristina-bien-e-matteo-chissale.mp3\">http:\/\/www.radiopiu.net\/wordpress\/wp-content\/uploads\/2019\/08\/gr-19-palio-dei-cento-con-intervento-cristina-bien-e-matteo-chissale.mp3<\/a><\/audio>\n<p>&nbsp;<\/p>\n<audio class=\"wp-audio-shortcode\" id=\"audio-96030-7\" preload=\"none\" style=\"width: 100%;\" controls=\"controls\"><source type=\"audio\/mpeg\" src=\"http:\/\/www.radiopiu.net\/wordpress\/wp-content\/uploads\/2019\/08\/gr-19-minipalio-a-centro.mp3?_=7\" \/><a href=\"http:\/\/www.radiopiu.net\/wordpress\/wp-content\/uploads\/2019\/08\/gr-19-minipalio-a-centro.mp3\">http:\/\/www.radiopiu.net\/wordpress\/wp-content\/uploads\/2019\/08\/gr-19-minipalio-a-centro.mp3<\/a><\/audio>\n<p>&nbsp;<\/p>\n<div id=\"fb-root\"><\/div>\n<p><script async=\"1\" defer=\"1\" crossorigin=\"anonymous\" src=\"https:\/\/connect.facebook.net\/it_IT\/sdk.js#xfbml=1&amp;version=v6.0\"><\/script><\/p>\n<div class=\"fb-video\" data-href=\"https:\/\/www.facebook.com\/mirko.mezzacasa\/videos\/10220527651368124\/\" data-width=\"1200\">\n<blockquote cite=\"https:\/\/www.facebook.com\/mirko.mezzacasa\/videos\/10220527651368124\/\" class=\"fb-xfbml-parse-ignore\"><p><a href=\"https:\/\/www.facebook.com\/mirko.mezzacasa\/videos\/10220527651368124\/\"><\/a><\/p>\n<p>PALIO DI AGORDO AL PRAGRANDE&#8230; DOPO 11 ANNI DI NUOVO ARANCIOFASE FINALE A PREMIAZIONI https:\/\/www.facebook.com\/mirko.mezzacasa\/videos\/10220527651368124\/<\/p>\n<p>Pubblicato da <a href=\"https:\/\/www.facebook.com\/mirko.mezzacasa\">Mirko Mezzacasa<\/a> su Domenica 18 agosto 2019<\/p><\/blockquote>\n<\/div>\n<blockquote class=\"wp-embedded-content\" data-secret=\"4Ib6XgNLDZ\"><p><a href=\"http:\/\/www.radiopiu.net\/wordpress\/pragrande-vince-il-palio-dei-cento-dopo-11-anni\/\">PRAGRANDE VINCE IL PALIO DEI CENTO DOPO 11 ANNI<\/a><\/p><\/blockquote>\n<p><iframe loading=\"lazy\" title=\"&#8220;PRAGRANDE VINCE IL PALIO DEI CENTO DOPO 11 ANNI&#8221; &#8212; Radio Pi\u00f9\" class=\"wp-embedded-content\" sandbox=\"allow-scripts\" security=\"restricted\" style=\"position: absolute; clip: rect(1px, 1px, 1px, 1px);\" src=\"http:\/\/www.radiopiu.net\/wordpress\/pragrande-vince-il-palio-dei-cento-dopo-11-anni\/embed\/#?secret=4Ib6XgNLDZ\" data-secret=\"4Ib6XgNLDZ\" width=\"600\" height=\"338\" frameborder=\"0\" marginwidth=\"0\" marginheight=\"0\" scrolling=\"no\"><\/iframe><\/p>\n<blockquote class=\"wp-embedded-content\" data-secret=\"oIZMHPc4V1\"><p><a href=\"http:\/\/www.radiopiu.net\/wordpress\/il-minipalio-2019-va-al-centro\/\">IL MINIPALIO 2019 VA AL CENTRO<\/a><\/p><\/blockquote>\n<p><iframe loading=\"lazy\" title=\"&#8220;IL MINIPALIO 2019 VA AL CENTRO&#8221; &#8212; Radio Pi\u00f9\" class=\"wp-embedded-content\" sandbox=\"allow-scripts\" security=\"restricted\" style=\"position: absolute; clip: rect(1px, 1px, 1px, 1px);\" src=\"http:\/\/www.radiopiu.net\/wordpress\/il-minipalio-2019-va-al-centro\/embed\/#?secret=oIZMHPc4V1\" data-secret=\"oIZMHPc4V1\" width=\"600\" height=\"338\" frameborder=\"0\" marginwidth=\"0\" marginheight=\"0\" scrolling=\"no\"><\/iframe><\/p>\n<h3><\/h3>\n<p>&nbsp;<\/p>\n<p>&nbsp;<\/p>\n<blockquote class=\"wp-embedded-content\" data-secret=\"qWNfzeaOKc\"><p><a href=\"http:\/\/www.radiopiu.net\/wordpress\/eventi-alleghesi-le-foto-di-foto-riva-giro-del-lago-di-alleghe-e-concorso-barche-illuminate\/\">EVENTI ALLEGHESI, LE FOTO DI &#8220;FOTO RIVA&#8221;, giro del lago di Alleghe e concorso barche illuminate.<\/a><\/p><\/blockquote>\n<p><iframe loading=\"lazy\" title=\"&#8220;EVENTI ALLEGHESI, LE FOTO DI &#8220;FOTO RIVA&#8221;, giro del lago di Alleghe e concorso barche illuminate.&#8221; &#8212; Radio Pi\u00f9\" class=\"wp-embedded-content\" sandbox=\"allow-scripts\" security=\"restricted\" style=\"position: absolute; clip: rect(1px, 1px, 1px, 1px);\" src=\"http:\/\/www.radiopiu.net\/wordpress\/eventi-alleghesi-le-foto-di-foto-riva-giro-del-lago-di-alleghe-e-concorso-barche-illuminate\/embed\/#?secret=qWNfzeaOKc\" data-secret=\"qWNfzeaOKc\" width=\"600\" height=\"338\" frameborder=\"0\" marginwidth=\"0\" marginheight=\"0\" scrolling=\"no\"><\/iframe><\/p>\n<p>&nbsp;<\/p>\n<p>&nbsp;<\/p>\n<p>&nbsp;<\/p>\n<h2>SAN ROCCO A TISER Festa organizzata da Auser Col Bel e gruppo Alpini di Tiser<\/h2>\n<p><strong>grazie a Valter Todesco<\/strong><\/p>\n<p><a class=\"dt-pswp-item\" href=\"http:\/\/www.radiopiu.net\/wordpress\/wp-content\/uploads\/2019\/08\/WhatsApp-Image-2019-08-18-at-14.31.09.jpeg\" data-dt-img-description=\"\" data-large_image_width=\"1200\" data-large_image_height=\"1600\"><img loading=\"lazy\" decoding=\"async\" class=\"alignnone size-medium wp-image-96040\" src=\"http:\/\/www.radiopiu.net\/wordpress\/wp-content\/uploads\/2019\/08\/WhatsApp-Image-2019-08-18-at-14.31.09-225x300.jpeg\" alt=\"\" width=\"225\" height=\"300\" srcset=\"https:\/\/www.radiopiu.net\/wordpress\/wp-content\/uploads\/2019\/08\/WhatsApp-Image-2019-08-18-at-14.31.09-225x300.jpeg 225w, https:\/\/www.radiopiu.net\/wordpress\/wp-content\/uploads\/2019\/08\/WhatsApp-Image-2019-08-18-at-14.31.09-768x1024.jpeg 768w, https:\/\/www.radiopiu.net\/wordpress\/wp-content\/uploads\/2019\/08\/WhatsApp-Image-2019-08-18-at-14.31.09.jpeg 1200w\" sizes=\"auto, (max-width: 225px) 100vw, 225px\" \/><\/a><a class=\"dt-pswp-item\" href=\"http:\/\/www.radiopiu.net\/wordpress\/wp-content\/uploads\/2019\/08\/WhatsApp-Image-2019-08-18-at-14.28.40.jpeg\" data-dt-img-description=\"\" data-large_image_width=\"1600\" data-large_image_height=\"1200\"><img loading=\"lazy\" decoding=\"async\" class=\"alignnone wp-image-96041\" src=\"http:\/\/www.radiopiu.net\/wordpress\/wp-content\/uploads\/2019\/08\/WhatsApp-Image-2019-08-18-at-14.28.40-300x225.jpeg\" alt=\"\" width=\"399\" height=\"299\" srcset=\"https:\/\/www.radiopiu.net\/wordpress\/wp-content\/uploads\/2019\/08\/WhatsApp-Image-2019-08-18-at-14.28.40-300x225.jpeg 300w, https:\/\/www.radiopiu.net\/wordpress\/wp-content\/uploads\/2019\/08\/WhatsApp-Image-2019-08-18-at-14.28.40-768x576.jpeg 768w, https:\/\/www.radiopiu.net\/wordpress\/wp-content\/uploads\/2019\/08\/WhatsApp-Image-2019-08-18-at-14.28.40-1024x768.jpeg 1024w, https:\/\/www.radiopiu.net\/wordpress\/wp-content\/uploads\/2019\/08\/WhatsApp-Image-2019-08-18-at-14.28.40.jpeg 1600w\" sizes=\"auto, (max-width: 399px) 100vw, 399px\" \/><\/a><a class=\"dt-pswp-item\" href=\"http:\/\/www.radiopiu.net\/wordpress\/wp-content\/uploads\/2019\/08\/WhatsApp-Image-2019-08-18-at-14.27.50.jpeg\" data-dt-img-description=\"\" data-large_image_width=\"1200\" data-large_image_height=\"1600\"><img loading=\"lazy\" decoding=\"async\" class=\"alignnone size-medium wp-image-96042\" src=\"http:\/\/www.radiopiu.net\/wordpress\/wp-content\/uploads\/2019\/08\/WhatsApp-Image-2019-08-18-at-14.27.50-225x300.jpeg\" alt=\"\" width=\"225\" height=\"300\" srcset=\"https:\/\/www.radiopiu.net\/wordpress\/wp-content\/uploads\/2019\/08\/WhatsApp-Image-2019-08-18-at-14.27.50-225x300.jpeg 225w, https:\/\/www.radiopiu.net\/wordpress\/wp-content\/uploads\/2019\/08\/WhatsApp-Image-2019-08-18-at-14.27.50-768x1024.jpeg 768w, https:\/\/www.radiopiu.net\/wordpress\/wp-content\/uploads\/2019\/08\/WhatsApp-Image-2019-08-18-at-14.27.50.jpeg 1200w\" sizes=\"auto, (max-width: 225px) 100vw, 225px\" \/><\/a><a class=\"dt-pswp-item\" href=\"http:\/\/www.radiopiu.net\/wordpress\/wp-content\/uploads\/2019\/08\/WhatsApp-Image-2019-08-18-at-14.27.27.jpeg\" data-dt-img-description=\"\" data-large_image_width=\"1200\" data-large_image_height=\"1600\"><img loading=\"lazy\" decoding=\"async\" class=\"alignnone size-medium wp-image-96043\" src=\"http:\/\/www.radiopiu.net\/wordpress\/wp-content\/uploads\/2019\/08\/WhatsApp-Image-2019-08-18-at-14.27.27-225x300.jpeg\" alt=\"\" width=\"225\" height=\"300\" srcset=\"https:\/\/www.radiopiu.net\/wordpress\/wp-content\/uploads\/2019\/08\/WhatsApp-Image-2019-08-18-at-14.27.27-225x300.jpeg 225w, https:\/\/www.radiopiu.net\/wordpress\/wp-content\/uploads\/2019\/08\/WhatsApp-Image-2019-08-18-at-14.27.27-768x1024.jpeg 768w, https:\/\/www.radiopiu.net\/wordpress\/wp-content\/uploads\/2019\/08\/WhatsApp-Image-2019-08-18-at-14.27.27.jpeg 1200w\" sizes=\"auto, (max-width: 225px) 100vw, 225px\" \/><\/a><a class=\"dt-pswp-item\" href=\"http:\/\/www.radiopiu.net\/wordpress\/wp-content\/uploads\/2019\/08\/WhatsApp-Image-2019-08-18-at-14.27.00.jpeg\" data-dt-img-description=\"\" data-large_image_width=\"1200\" data-large_image_height=\"1600\"><img loading=\"lazy\" decoding=\"async\" class=\"alignnone size-medium wp-image-96044\" src=\"http:\/\/www.radiopiu.net\/wordpress\/wp-content\/uploads\/2019\/08\/WhatsApp-Image-2019-08-18-at-14.27.00-225x300.jpeg\" alt=\"\" width=\"225\" height=\"300\" srcset=\"https:\/\/www.radiopiu.net\/wordpress\/wp-content\/uploads\/2019\/08\/WhatsApp-Image-2019-08-18-at-14.27.00-225x300.jpeg 225w, https:\/\/www.radiopiu.net\/wordpress\/wp-content\/uploads\/2019\/08\/WhatsApp-Image-2019-08-18-at-14.27.00-768x1024.jpeg 768w, https:\/\/www.radiopiu.net\/wordpress\/wp-content\/uploads\/2019\/08\/WhatsApp-Image-2019-08-18-at-14.27.00.jpeg 1200w\" sizes=\"auto, (max-width: 225px) 100vw, 225px\" \/><\/a><\/p>\n<p>&nbsp;<\/p>\n<p>&nbsp;<\/p>\n<p>&nbsp;<\/p>\n<h2>DAL 26 AGOSTO CHIUDE IL PONTE DI SANTA CATERINA. LA PREFETTURA PREDISPONE IL PIANO B, C E D COME DISAGI.<\/h2>\n<p><strong><a class=\"dt-pswp-item\" href=\"http:\/\/www.radiopiu.net\/wordpress\/wp-content\/uploads\/2019\/08\/ponte-nelle-alpi-1.jpg\" data-dt-img-description=\"\" data-large_image_width=\"290\" data-large_image_height=\"218\"><img loading=\"lazy\" decoding=\"async\" class=\" wp-image-95604 alignleft\" src=\"http:\/\/www.radiopiu.net\/wordpress\/wp-content\/uploads\/2019\/08\/ponte-nelle-alpi-1.jpg\" alt=\"\" width=\"202\" height=\"152\" \/><\/a>BELLUNO<\/strong> Il ponte chiude ed ecco la debolezza delle infrastrutture bellunesi. Per tre mesi i lavori sul ponte che attraversa il Piave, chiuso un ponte se ne fa un altro&#8230;ma anche molti chilometri in pi\u00f9. (foto bellunopress.it)<\/p>\n<p><strong>di DAMIANO TORMEN\u00a0<\/strong><\/p>\n<audio class=\"wp-audio-shortcode\" id=\"audio-96030-8\" preload=\"none\" style=\"width: 100%;\" controls=\"controls\"><source type=\"audio\/mpeg\" src=\"http:\/\/www.radiopiu.net\/wordpress\/wp-content\/uploads\/2019\/08\/damiano-ponte.mp3?_=8\" \/><a href=\"http:\/\/www.radiopiu.net\/wordpress\/wp-content\/uploads\/2019\/08\/damiano-ponte.mp3\">http:\/\/www.radiopiu.net\/wordpress\/wp-content\/uploads\/2019\/08\/damiano-ponte.mp3<\/a><\/audio>\n<h1>Piano di gestione del traffico per la chiusura del Ponte<\/h1>\n<blockquote class=\"wp-embedded-content\" data-secret=\"uaunXwmCp2\"><p><a href=\"http:\/\/www.radiopiu.net\/wordpress\/chiusura-del-ponte-di-santa-caterina-piano-di-gestione-del-traffico\/\">\u201cCHIUSURA DEL PONTE DI SANTA CATERINA &#8211; PIANO DI GESTIONE DEL TRAFFICO\u201d\u00a0<\/a><\/p><\/blockquote>\n<p><iframe loading=\"lazy\" title=\"&#8220;\u201cCHIUSURA DEL PONTE DI SANTA CATERINA &#8211; PIANO DI GESTIONE DEL TRAFFICO\u201d\u00a0&#8221; &#8212; Radio Pi\u00f9\" class=\"wp-embedded-content\" sandbox=\"allow-scripts\" security=\"restricted\" style=\"position: absolute; clip: rect(1px, 1px, 1px, 1px);\" src=\"http:\/\/www.radiopiu.net\/wordpress\/chiusura-del-ponte-di-santa-caterina-piano-di-gestione-del-traffico\/embed\/#?secret=uaunXwmCp2\" data-secret=\"uaunXwmCp2\" width=\"600\" height=\"338\" frameborder=\"0\" marginwidth=\"0\" marginheight=\"0\" scrolling=\"no\"><\/iframe><\/p>\n<p>&nbsp;<\/p>\n<h2>Dopo Vaia, il parco dell\u2019ospedale di Feltre torna a vivere Da domani laboratorio di scultura e spettacolo teatrale con Voil\u00e0<\/h2>\n<p><strong>FELTRE<\/strong>. Da domani\u00a0 a domenica 25 agosto un gruppo di scultori feltrini sar\u00e0 presente nel parco dell\u2019Ospedale di Feltre per creare delle statue da donare alla Pediatria con il legno recuperato nelle scorse settimane a Villaga, nell\u2019ambito del campo lavoro organizzato da Comune di Feltre, CAI e Legambiente Veneto. Inoltre, marted\u00ec 20 agosto, alle 15.15 nell\u2019atrio\/giardino dell\u2019ospedale ci sar\u00e0 uno spettacolo dell\u2019artista Lucia Osellieri, nell\u2019ambito della rassegna Voil\u00e0, sul tema degli gnomi. La tempesta Vaia di fine ottobre 2019 ha devastato, con la sua furia, anche il parco dell\u2019Ospedale di Feltre abbattendo circa 500 alberi ad alto fusto che storicamente abbellivano il giardino. Uno degli alberi era caduto sul tetto dell\u2019ospedale. Il parco \u00e8 stato rimesso rapidamente in sicurezza rimuovendo la maggior parte degli alberi caduti. Il giardino e l\u2019ospedale stesso, dopo Vaia, hanno cambiato volto. Proprio dall\u2019\u00e9quipe della Pediatria \u00e8 partita l\u2019idea di rigenerare il giardino dell\u2019ospedale, utilizzando e riqualificando una quota di quel legname, creando un punto d\u2019incontro per bambini, con l\u2019intento simbolico di ridare vita proprio a quegli alberi. Da marted\u00ec 20 agosto a domenica 25 agosto, un gruppo di scultori feltrini creeranno delle statue nel parco dell\u2019ospedale con il legno recuperato dai volontari. Gli scultori, tutti volontari, sono: Paolo Schenal, Paolo Moro, Italo Degol, Ezio Giordano e Dario Strag\u00e0.<\/p>\n<p>&nbsp;<\/p>\n<p>&nbsp;<\/p>\n<h3>DA OGGI APERTA LA SEGRETERIA DELLA PISCINA, VIA ALLE ISCRIZIONI<\/h3>\n<p><strong>SANTA GIUSTINA\u00a0<\/strong> Oggi apre la segreteria della piscina comunale di Santa Giustina per permettere agli interessati di iscriversi ai corsi di nuoto ed alle varie attivit\u00e0 che si possono trovare in piscina e che inizieranno il prossimo 16 di settembre. La segreteria sar\u00e0 aperta al pubblico per informazioni e per le iscrizioni dal luned\u00ec al venerd\u00ec dalle ore 15 alle ore 19. Per informazioni: telefono: 0437-888538, indirizzo posta elettronica sgiustina@ondablu.org,\u00a0 &#8211; per ulteriori informazioni si pu\u00f2 visitare il sito www.ondablu.org-\u00a0La piscina sar\u00e0 aperta al nuoto libero da luned\u00ec 2 settembre. L\u2019inizio delle attivit\u00e0 programmate per il periodo settembre 2019 \u2013 giugno 2020 \u00e8 previsto dal 16 settembre; da tale data il nuoto libero avr\u00e0 nuovi orari. La saletta riunioni sar\u00e0 disponibile previa prenotazione a partire dal 2 settembre.<\/p>\n<p>&nbsp;<\/p>\n<p>&nbsp;<\/p>\n<blockquote class=\"wp-embedded-content\" data-secret=\"qr20WrQZrK\"><p><a href=\"http:\/\/www.radiopiu.net\/wordpress\/nei-primi-6-mesi-del-2019-in-veneto-629-aziende-artigiane-in-meno\/\">NEI PRIMI 6 MESI DEL 2019, IN VENETO 629 AZIENDE ARTIGIANE IN MENO<\/a><\/p><\/blockquote>\n<p><iframe loading=\"lazy\" title=\"&#8220;NEI PRIMI 6 MESI DEL 2019, IN VENETO 629 AZIENDE ARTIGIANE IN MENO&#8221; &#8212; Radio Pi\u00f9\" class=\"wp-embedded-content\" sandbox=\"allow-scripts\" security=\"restricted\" style=\"position: absolute; clip: rect(1px, 1px, 1px, 1px);\" src=\"http:\/\/www.radiopiu.net\/wordpress\/nei-primi-6-mesi-del-2019-in-veneto-629-aziende-artigiane-in-meno\/embed\/#?secret=qr20WrQZrK\" data-secret=\"qr20WrQZrK\" width=\"600\" height=\"338\" frameborder=\"0\" marginwidth=\"0\" marginheight=\"0\" scrolling=\"no\"><\/iframe><\/p>\n<p>&nbsp;<\/p>\n<blockquote><p>&nbsp;<\/p><\/blockquote>\n<p>&nbsp;<\/p>\n<div><\/div>\n<div><\/div>\n<div><\/div>\n<div>\n<p><a class=\"dt-pswp-item\" href=\"http:\/\/www.radiopiu.net\/wordpress\/wp-content\/uploads\/2018\/09\/appuntamenti.jpeg\" data-dt-img-description=\"\" data-large_image_width=\"800\" data-large_image_height=\"100\"><img loading=\"lazy\" decoding=\"async\" class=\"alignnone wp-image-61958 size-full\" src=\"http:\/\/www.radiopiu.net\/wordpress\/wp-content\/uploads\/2018\/09\/appuntamenti.jpeg\" alt=\"\" width=\"800\" height=\"100\" srcset=\"https:\/\/www.radiopiu.net\/wordpress\/wp-content\/uploads\/2018\/09\/appuntamenti.jpeg 800w, https:\/\/www.radiopiu.net\/wordpress\/wp-content\/uploads\/2018\/09\/appuntamenti-300x38.jpeg 300w, https:\/\/www.radiopiu.net\/wordpress\/wp-content\/uploads\/2018\/09\/appuntamenti-768x96.jpeg 768w\" sizes=\"auto, (max-width: 800px) 100vw, 800px\" \/><\/a><\/p>\n<\/div>\n<p>&nbsp;<\/p>\n<div>\n<div>\n<p><span style=\"color: #ff0000;\"><strong><a class=\"dt-pswp-item\" href=\"http:\/\/www.radiopiu.net\/wordpress\/wp-content\/uploads\/2019\/07\/21231208_1428419980586085_1115215269049052745_n.jpg\" data-dt-img-description=\"\" data-large_image_width=\"661\" data-large_image_height=\"661\"><img loading=\"lazy\" decoding=\"async\" class=\" wp-image-90482 alignleft\" src=\"http:\/\/www.radiopiu.net\/wordpress\/wp-content\/uploads\/2019\/07\/21231208_1428419980586085_1115215269049052745_n-300x300.jpg\" alt=\"\" width=\"145\" height=\"145\" srcset=\"https:\/\/www.radiopiu.net\/wordpress\/wp-content\/uploads\/2019\/07\/21231208_1428419980586085_1115215269049052745_n-300x300.jpg 300w, https:\/\/www.radiopiu.net\/wordpress\/wp-content\/uploads\/2019\/07\/21231208_1428419980586085_1115215269049052745_n-150x150.jpg 150w, https:\/\/www.radiopiu.net\/wordpress\/wp-content\/uploads\/2019\/07\/21231208_1428419980586085_1115215269049052745_n.jpg 661w\" sizes=\"auto, (max-width: 145px) 100vw, 145px\" \/><\/a><\/strong><\/span><\/p>\n<p style=\"text-align: left;\"><span style=\"color: #ff0000;\"><strong>PER IL SECONDO ANNO, PER TUTTA L&#8217;ESTATE: LA &#8220;FABBRICA DELLE EMOZIONI&#8221;, ALLA RADIO IN COLLABORAZIONE CON <a class=\"profileLink\" style=\"color: #ff0000;\" href=\"https:\/\/www.facebook.com\/dersut.taibon\/?__tn__=K-R&amp;eid=ARAWHGS4pY7ErSAGuNNMHp-xra7d294ysugnpoUicWkeK9rjbvd86RDR3SHV57JuBTC7yrMP85kcC7oy&amp;fref=mentions&amp;__xts__%5B0%5D=68.ARA8kEGfdeZlMevmYpMAmAmJ7ziHM_3WogqE61anVHM5V-Ht7pYFd4NJRcEVlK7VIq__zFsG6G8vsxxKnVF1SBmpERHebECtYKNHrf4mG4C4wVmPxxn4uj_nmTIeZglrdIyUPa0dnE3usWWzci033oOnyRS5XDhoavIU-eTU85t_Wp6jFT0-ULRP932r4STxN16bdptt8cef\" data-hovercard=\"\/ajax\/hovercard\/page.php?id=904939246267497&amp;extragetparams=%7B%22__tn__%22%3A%22%2CdK-R-R%22%2C%22eid%22%3A%22ARAWHGS4pY7ErSAGuNNMHp-xra7d294ysugnpoUicWkeK9rjbvd86RDR3SHV57JuBTC7yrMP85kcC7oy%22%2C%22fref%22%3A%22mentions%22%7D\" data-hovercard-prefer-more-content-show=\"1\">Dersut Taibon<\/a>\u00a0EVENTI, APPUNTAMENTI, DIVERTIMENTI NELLA VALLATA AGORDINA. IN ONDA ALLA RADIO NEI NOTIZIARI E NEGLI APPROFONDIMENTI ALLA RADIO E SUL SITO\u00a0<a style=\"color: #ff0000;\" href=\"http:\/\/www.radiopiu.net\/?fbclid=IwAR3Zckh6EArPlP9el3_APl-CxxkfxeumpcmQ4v9HIwZohBUQuztQ4jOimzE\" target=\"_blank\" rel=\"noopener nofollow noreferrer\" data-ft=\"{&quot;tn&quot;:&quot;-U&quot;}\" data-lynx-mode=\"async\" data-lynx-uri=\"https:\/\/l.facebook.com\/l.php?u=http%3A%2F%2FWWW.RADIOPIU.NET%2F%3Ffbclid%3DIwAR3Zckh6EArPlP9el3_APl-CxxkfxeumpcmQ4v9HIwZohBUQuztQ4jOimzE&amp;h=AT3iK2sNf9WjhvLB7AaqYnWzUdWcBNNS_1cXI6UJ3eEvhP4Ym5v2vemsj9TpyM0_qzzb9gjT9sJhgm4I2ZXxgJSAlUfvNTaJwITPvOvqfAuTNdwnWON3ic-lvSbJXWzM3FVSvAgPffEqbH4dYL2TEG6D6xs5TZHrlhUGtTKMYKoPXpBJIF8ke0VZdFkl3YQ7tGdqat-r6rzvDTprheLIjQ7jKZPmLRbVLu1fIKQ2jHEQkMU8LzIZvt_s5FE3Fxl6fUw_HG6Kz2ygpE7qxE3yIyhlOk0wt55c_6ZWHfM2I0PFlpPFgNhCDJwFSVFieE73_LsmFyKeJSBqSnd9p7KBuOYgQAQepyVC8du7dtfKvd60oOKKb1xchMvMyu9mMRYGRKi2y8I7U2WlGyyKbcYHubfjzWI02WXZXcSE97K_yFCYyeqZ2T_hgQJ7vzHhfBlDLdaXxkE\">WWW.RADIOPIU.NET<\/a><\/strong><\/span><\/p>\n<\/div>\n<blockquote><p>&nbsp;<\/p>\n<p>&nbsp;<\/p>\n<p style=\"text-align: left;\"><strong>DA NON PERDERE:<\/strong> La mostra di pittura di\u00a0 Renzo Miola al Nof Filo&#8217; di Cencenighe, fino al 18 agosto, <strong>ad Agordo<\/strong> DolomitiAmo in sala Don Tamis, entrambe sono aperte anche la sera dopo cena fino alle 22. L<span style=\"font-size: medium;\">a mostra pittorica di Giuliano de Rocco presso la sala consiliare del Municipio di <strong>Canale d&#8217;Agordo<\/strong> \u00e8 prorogata fino a luned\u00ec 26 agosto dalle 17.00 alle 19.00. <strong>Ad Agordo\u00a0<\/strong> Il museo mineralogico e paleontologico ospita la mostra El canal de Agort fino al 1\u00b0 settembre.La Casa delle Regole di <strong>Canale d&#8217;Agordo<\/strong> propone sino al 26 agosto una mostra rievocativa della visita di Papa Giovanni Paolo II nel 1979. Nella Biblioteca di Celat. <strong>Ad Arabba<\/strong> nella sala al piano terra dell&#8217;Uffico turistico sino al 28 settembre sono esposte opere di Nanni De Biasi in La Bellezza rilevata.<strong> A Colle Santa Lucia<\/strong> fino \u00a0al 15 settembre \u00e8 allestita la mostra Emigrazione dalla montagna dolomitica nel corso del Novecento di Luciana Palla a cura dell&#8217;Istitut Ladin Cesa de Jan. <strong>A Rocca Pietore<\/strong> nella sala polifunzionale della stazione funiviaria a Serauta propone la rassegna fotografica Sangue e sollievo-Mostra estemporanea sulla sanit\u00e0 in guerra sino al 22 agosto.<\/span><\/p>\n<p>&nbsp;<\/p><\/blockquote>\n<\/div>\n<div>\n<blockquote>\n<h2 style=\"text-align: left;\"><strong>ALLEGHE<\/strong> Il film &#8220;Donna Fugata&#8221; sar\u00e0 proposto anche in riva al lago, \u00a0all&#8217;interno della Sala Congressi presso il Palaghiaccio gioved\u00ec\u00a0 con inizio alle ore 21. Film di montagna (Civetta), regia Manrico Dall&#8217;Agnola, con Sara Avoscan e Omar Genuin.<\/h2>\n<\/blockquote>\n<\/div>\n<blockquote>\n<h3><\/h3>\n<h3><\/h3>\n<h3>LA REYER AD ALLEGHE&#8230;<\/h3>\n<h4>Questa sera alle 18:30 in Piazza KENNEDY, presentazione della Squadra, dei campioni d&#8217;Italia.<\/h4>\n<\/blockquote>\n<p>&nbsp;<\/p>\n<p>&nbsp;<\/p>\n<p>&nbsp;<\/p>\n<p>&nbsp;<\/p>\n<h3><a class=\"dt-pswp-item\" href=\"http:\/\/www.radiopiu.net\/wordpress\/wp-content\/uploads\/2019\/08\/MANIFESTO-COL-IN-FESTA-2019_page-0001.jpg\" data-dt-img-description=\"\" data-large_image_width=\"1755\" data-large_image_height=\"2482\"><img loading=\"lazy\" decoding=\"async\" class=\"wp-image-95834 alignleft\" src=\"http:\/\/www.radiopiu.net\/wordpress\/wp-content\/uploads\/2019\/08\/MANIFESTO-COL-IN-FESTA-2019_page-0001-212x300.jpg\" alt=\"\" width=\"138\" height=\"195\" srcset=\"https:\/\/www.radiopiu.net\/wordpress\/wp-content\/uploads\/2019\/08\/MANIFESTO-COL-IN-FESTA-2019_page-0001-212x300.jpg 212w, https:\/\/www.radiopiu.net\/wordpress\/wp-content\/uploads\/2019\/08\/MANIFESTO-COL-IN-FESTA-2019_page-0001-768x1086.jpg 768w, https:\/\/www.radiopiu.net\/wordpress\/wp-content\/uploads\/2019\/08\/MANIFESTO-COL-IN-FESTA-2019_page-0001-724x1024.jpg 724w, https:\/\/www.radiopiu.net\/wordpress\/wp-content\/uploads\/2019\/08\/MANIFESTO-COL-IN-FESTA-2019_page-0001.jpg 1755w\" sizes=\"auto, (max-width: 138px) 100vw, 138px\" \/><\/a><\/h3>\n<h3>DUE GIORNI DI FESTA A COLLE SANTA LUCIA<\/h3>\n<p><strong>COLLE SANTA LUCIA<\/strong>\u00a0 \u00a0Due giorni di festa , sabato e domenica si terr\u00e0 come di consueto \u201cCol in Festa\u201d\u2026 cultura, tradizioni, tanta musica, visite alle miniere del Fursil, visite alle mostre presso l\u2019Istitut Cesa de Jan ed alla mostra dal titolo \u201cEmigrazione della montagna dolomitica nel corso del novecento\u201d curata da Luciana Palla<\/p>\n<p>&nbsp;<\/p>\n<p>&nbsp;<\/p>\n<p>&nbsp;<\/p>\n<h3><a class=\"dt-pswp-item\" href=\"http:\/\/www.radiopiu.net\/wordpress\/wp-content\/uploads\/2019\/08\/MiV2019_oio_bis-1.jpg\" data-dt-img-description=\"\" data-large_image_width=\"3508\" data-large_image_height=\"4961\"><img loading=\"lazy\" decoding=\"async\" class=\"wp-image-96076 alignleft\" src=\"http:\/\/www.radiopiu.net\/wordpress\/wp-content\/uploads\/2019\/08\/MiV2019_oio_bis-1-212x300.jpg\" alt=\"\" width=\"140\" height=\"198\" srcset=\"https:\/\/www.radiopiu.net\/wordpress\/wp-content\/uploads\/2019\/08\/MiV2019_oio_bis-1-212x300.jpg 212w, https:\/\/www.radiopiu.net\/wordpress\/wp-content\/uploads\/2019\/08\/MiV2019_oio_bis-1-768x1086.jpg 768w, https:\/\/www.radiopiu.net\/wordpress\/wp-content\/uploads\/2019\/08\/MiV2019_oio_bis-1-724x1024.jpg 724w\" sizes=\"auto, (max-width: 140px) 100vw, 140px\" \/><\/a>MUSICA INTE LE VILE<\/h3>\n<p>SAN TOMASO La Proloco ha organizzato una serata con il Coro Oio di Santa Giustina, sabato alle 20.30 a Tocol, in caso di maltempo in chiesa.<\/p>\n<p>&nbsp;<\/p>\n<p>&nbsp;<\/p>\n<h3><\/h3>\n<h3><\/h3>\n<h3><\/h3>\n<h3>X ANNIVERSARIO DOLOMITI UNESCO CON LA STORIA DELLA &#8220;CORRIERA&#8221;<\/h3>\n<p><strong>AURONZO<\/strong> il Comune di Auronzo e la Fondazione Dolomiti UNESCO nel X\u00b0 Anniversario della cerimonia di intitolazione delle Dolomiti a Patrimonio dell\u2019Umanit\u00e0\u00a0 Unesco presenteranno ad Auronzo nei giorni 24 e 25 agosto 2019 numerosi eventi tra cui la proiezione di due filmati \u201cTre Cime di Lavaredo \u2013 la Trinit\u00e0 delle Dolomiti\u201d e \u00a0\u201cDolomitibus \u2013 c\u2019era una volta la corriera\u201d del regista Giovanni Carraro che rappresenta la narrazione della storia della societ\u00e0 ed il costante impegno di viaggiare al servizio del territorio bellunese al passo con le sfide tecnologiche del futuro per garantire una mobilit\u00e0 sicura e sostenibili.<\/p>\n<p>&nbsp;<\/p>\n<p>&nbsp;<\/p>\n<p>&nbsp;<\/p>\n<p>&nbsp;<\/p>\n<h3>CICLOMELANDO IL RITORNO, IL 25 AGOSTO SI PEDALA<\/h3>\n<p><strong>MEL<\/strong>\u00a0A maggio le condizioni meteo avevano costretto gli organizzatori a rinviare il partecipato evento, ed ecco la nuova data: 25 agosto con ritrovo e partenza alle 8.30 da Pagogna, Due i tracciati, classic da 32 chilometri, 600 metri di dislivello, et\u00e0 minima 14 anni; enduro 22 chilometri, 900 metri di dislivello, et\u00e0 minima 18 anni. Servizio e noleggio e-bike, mtb, info 351 9368333. Pranzo, assicurazione, ristoro e guide. Per informazioni ed iscrizioni, Elisa al 338 9848878. Iscrizioni entro il 24 agosto, quota iscrizione comprensiva di pranzo 15 euro.<\/p>\n<p><a class=\"dt-pswp-item\" href=\"http:\/\/www.radiopiu.net\/wordpress\/wp-content\/uploads\/2019\/08\/IMG-20190808-WA0000-1.jpg\" data-dt-img-description=\"\" data-large_image_width=\"1131\" data-large_image_height=\"1600\"><img loading=\"lazy\" decoding=\"async\" class=\"alignnone size-medium wp-image-95482\" src=\"http:\/\/www.radiopiu.net\/wordpress\/wp-content\/uploads\/2019\/08\/IMG-20190808-WA0000-1-212x300.jpg\" alt=\"\" width=\"212\" height=\"300\" srcset=\"https:\/\/www.radiopiu.net\/wordpress\/wp-content\/uploads\/2019\/08\/IMG-20190808-WA0000-1-212x300.jpg 212w, https:\/\/www.radiopiu.net\/wordpress\/wp-content\/uploads\/2019\/08\/IMG-20190808-WA0000-1-768x1086.jpg 768w, https:\/\/www.radiopiu.net\/wordpress\/wp-content\/uploads\/2019\/08\/IMG-20190808-WA0000-1-724x1024.jpg 724w, https:\/\/www.radiopiu.net\/wordpress\/wp-content\/uploads\/2019\/08\/IMG-20190808-WA0000-1.jpg 1131w\" sizes=\"auto, (max-width: 212px) 100vw, 212px\" \/><\/a><a class=\"dt-pswp-item\" href=\"http:\/\/www.radiopiu.net\/wordpress\/wp-content\/uploads\/2019\/08\/IMG-20190808-WA0001-1.jpg\" data-dt-img-description=\"\" data-large_image_width=\"1131\" data-large_image_height=\"1600\"><img loading=\"lazy\" decoding=\"async\" class=\"alignnone size-medium wp-image-95483\" src=\"http:\/\/www.radiopiu.net\/wordpress\/wp-content\/uploads\/2019\/08\/IMG-20190808-WA0001-1-212x300.jpg\" alt=\"\" width=\"212\" height=\"300\" srcset=\"https:\/\/www.radiopiu.net\/wordpress\/wp-content\/uploads\/2019\/08\/IMG-20190808-WA0001-1-212x300.jpg 212w, https:\/\/www.radiopiu.net\/wordpress\/wp-content\/uploads\/2019\/08\/IMG-20190808-WA0001-1-768x1086.jpg 768w, https:\/\/www.radiopiu.net\/wordpress\/wp-content\/uploads\/2019\/08\/IMG-20190808-WA0001-1-724x1024.jpg 724w, https:\/\/www.radiopiu.net\/wordpress\/wp-content\/uploads\/2019\/08\/IMG-20190808-WA0001-1.jpg 1131w\" sizes=\"auto, (max-width: 212px) 100vw, 212px\" \/><\/a><\/p>\n<p>&nbsp;<\/p>\n<p>&nbsp;<\/p>\n<blockquote class=\"wp-embedded-content\" data-secret=\"r1TOEWSlH3\"><p><a href=\"http:\/\/www.radiopiu.net\/wordpress\/con-unitalsi-e-il-vescovo-marangoni-pellegrinaggio-a-lourdes-numero-49-di-renato-bona\/\">CON UNITALSI E IL VESCOVO MARANGONI PELLEGRINAGGIO A LOURDES NUMERO 49 di RENATO BONA<\/a><\/p><\/blockquote>\n<p><iframe loading=\"lazy\" title=\"&#8220;CON UNITALSI E IL VESCOVO MARANGONI PELLEGRINAGGIO A LOURDES NUMERO 49 di RENATO BONA&#8221; &#8212; Radio Pi\u00f9\" class=\"wp-embedded-content\" sandbox=\"allow-scripts\" security=\"restricted\" style=\"position: absolute; clip: rect(1px, 1px, 1px, 1px);\" src=\"http:\/\/www.radiopiu.net\/wordpress\/con-unitalsi-e-il-vescovo-marangoni-pellegrinaggio-a-lourdes-numero-49-di-renato-bona\/embed\/#?secret=r1TOEWSlH3\" data-secret=\"r1TOEWSlH3\" width=\"600\" height=\"338\" frameborder=\"0\" marginwidth=\"0\" marginheight=\"0\" scrolling=\"no\"><\/iframe><\/p>\n<p>&nbsp;<\/p>\n<p>&nbsp;<\/p>\n<p>&nbsp;<\/p>\n<p><a class=\"dt-pswp-item\" href=\"http:\/\/www.radiopiu.net\/wordpress\/wp-content\/uploads\/2018\/09\/sport.jpg\" data-dt-img-description=\"\" data-large_image_width=\"800\" data-large_image_height=\"100\"><img loading=\"lazy\" decoding=\"async\" class=\"alignnone wp-image-60761 size-full\" src=\"http:\/\/www.radiopiu.net\/wordpress\/wp-content\/uploads\/2018\/09\/sport.jpg\" alt=\"\" width=\"800\" height=\"100\" srcset=\"https:\/\/www.radiopiu.net\/wordpress\/wp-content\/uploads\/2018\/09\/sport.jpg 800w, https:\/\/www.radiopiu.net\/wordpress\/wp-content\/uploads\/2018\/09\/sport-300x38.jpg 300w, https:\/\/www.radiopiu.net\/wordpress\/wp-content\/uploads\/2018\/09\/sport-768x96.jpg 768w\" sizes=\"auto, (max-width: 800px) 100vw, 800px\" \/><\/a><\/p>\n<h2><\/h2>\n<h1><a class=\"dt-pswp-item\" href=\"http:\/\/www.radiopiu.net\/wordpress\/wp-content\/uploads\/2019\/08\/WhatsApp-Image-2019-08-19-at-07.25.20.jpeg\" data-dt-img-description=\"\" data-large_image_width=\"1024\" data-large_image_height=\"768\"><img loading=\"lazy\" decoding=\"async\" class=\"wp-image-96089 alignleft\" src=\"http:\/\/www.radiopiu.net\/wordpress\/wp-content\/uploads\/2019\/08\/WhatsApp-Image-2019-08-19-at-07.25.20-300x225.jpeg\" alt=\"\" width=\"301\" height=\"226\" srcset=\"https:\/\/www.radiopiu.net\/wordpress\/wp-content\/uploads\/2019\/08\/WhatsApp-Image-2019-08-19-at-07.25.20-300x225.jpeg 300w, https:\/\/www.radiopiu.net\/wordpress\/wp-content\/uploads\/2019\/08\/WhatsApp-Image-2019-08-19-at-07.25.20-768x576.jpeg 768w, https:\/\/www.radiopiu.net\/wordpress\/wp-content\/uploads\/2019\/08\/WhatsApp-Image-2019-08-19-at-07.25.20.jpeg 1024w\" sizes=\"auto, (max-width: 301px) 100vw, 301px\" \/><\/a><\/h1>\n<h1><\/h1>\n<h1><\/h1>\n<h1>SERATA DI RICORDI AD ALLEGHE, SUL GHIACCIO LA SQUADRA DELLA FINALE 84-85<\/h1>\n<p><strong>DI MATTEO MANFROI<\/strong><\/p>\n<audio class=\"wp-audio-shortcode\" id=\"audio-96030-9\" preload=\"none\" style=\"width: 100%;\" controls=\"controls\"><source type=\"audio\/mpeg\" src=\"http:\/\/www.radiopiu.net\/wordpress\/wp-content\/uploads\/2019\/08\/MATTEO-HO.mp3?_=9\" \/><a href=\"http:\/\/www.radiopiu.net\/wordpress\/wp-content\/uploads\/2019\/08\/MATTEO-HO.mp3\">http:\/\/www.radiopiu.net\/wordpress\/wp-content\/uploads\/2019\/08\/MATTEO-HO.mp3<\/a><\/audio>\n<p>&nbsp;<\/p>\n<h2><a class=\"dt-pswp-item\" href=\"http:\/\/www.radiopiu.net\/wordpress\/wp-content\/uploads\/2019\/08\/WhatsApp-Image-2019-08-19-at-07.24.00.jpeg\" data-dt-img-description=\"\" data-large_image_width=\"1024\" data-large_image_height=\"768\"><img loading=\"lazy\" decoding=\"async\" class=\"size-medium wp-image-96087 alignleft\" src=\"http:\/\/www.radiopiu.net\/wordpress\/wp-content\/uploads\/2019\/08\/WhatsApp-Image-2019-08-19-at-07.24.00-300x225.jpeg\" alt=\"\" width=\"300\" height=\"225\" srcset=\"https:\/\/www.radiopiu.net\/wordpress\/wp-content\/uploads\/2019\/08\/WhatsApp-Image-2019-08-19-at-07.24.00-300x225.jpeg 300w, https:\/\/www.radiopiu.net\/wordpress\/wp-content\/uploads\/2019\/08\/WhatsApp-Image-2019-08-19-at-07.24.00-768x576.jpeg 768w, https:\/\/www.radiopiu.net\/wordpress\/wp-content\/uploads\/2019\/08\/WhatsApp-Image-2019-08-19-at-07.24.00.jpeg 1024w\" sizes=\"auto, (max-width: 300px) 100vw, 300px\" \/><\/a><\/h2>\n<h2><\/h2>\n<h2><\/h2>\n<h2><\/h2>\n<h2>PASSATO, PRESENTE E FUTURO SOTTO AL CIVETTA<\/h2>\n<p><strong>DI ROBERTO MIANA<\/strong><\/p>\n<p>&nbsp;<\/p>\n<p>&nbsp;<\/p>\n<audio class=\"wp-audio-shortcode\" id=\"audio-96030-10\" preload=\"none\" style=\"width: 100%;\" controls=\"controls\"><source type=\"audio\/mpeg\" src=\"http:\/\/www.radiopiu.net\/wordpress\/wp-content\/uploads\/2019\/08\/ROBERTO-MIANA.mp3?_=10\" \/><a href=\"http:\/\/www.radiopiu.net\/wordpress\/wp-content\/uploads\/2019\/08\/ROBERTO-MIANA.mp3\">http:\/\/www.radiopiu.net\/wordpress\/wp-content\/uploads\/2019\/08\/ROBERTO-MIANA.mp3<\/a><\/audio>\n<p>&nbsp;<\/p>\n<h4><b><a class=\"dt-pswp-item\" href=\"http:\/\/www.radiopiu.net\/wordpress\/wp-content\/uploads\/2018\/09\/WhatsApp-Image-2018-09-20-at-16.04.06.jpeg\" data-dt-img-description=\"\" data-large_image_width=\"800\" data-large_image_height=\"100\"><img loading=\"lazy\" decoding=\"async\" class=\"alignnone wp-image-61378 size-full\" src=\"http:\/\/www.radiopiu.net\/wordpress\/wp-content\/uploads\/2018\/09\/WhatsApp-Image-2018-09-20-at-16.04.06.jpeg\" alt=\"\" width=\"800\" height=\"100\" srcset=\"https:\/\/www.radiopiu.net\/wordpress\/wp-content\/uploads\/2018\/09\/WhatsApp-Image-2018-09-20-at-16.04.06.jpeg 800w, https:\/\/www.radiopiu.net\/wordpress\/wp-content\/uploads\/2018\/09\/WhatsApp-Image-2018-09-20-at-16.04.06-300x38.jpeg 300w, https:\/\/www.radiopiu.net\/wordpress\/wp-content\/uploads\/2018\/09\/WhatsApp-Image-2018-09-20-at-16.04.06-768x96.jpeg 768w\" sizes=\"auto, (max-width: 800px) 100vw, 800px\" \/><\/a><\/b><\/h4>\n<div><center><b>Lunedi 19<\/b><\/center><b>Tempo atteso: <\/b>Al mattino tempo ancora in prevalenza soleggiato con primi modesti cumuli entro le ore centrali e qualche stratocumulo all&#8217;alba, in rapido dissolvimento dopo il sorgere del sole. Al pomeriggio cumulificazione un po&#8217; pi\u00f9 presente rispetto ai giorni precedenti, ma l&#8217;insidia convettiva rimarr\u00e0 ancora bassa. Clima diurno sempre estivo grazie al buon soleggiamento del mattino.<br \/>\n<b>Precipitazioni: <\/b>Assenti (0%), eccetto un rischio piuttosto basso di qualche isolato focolaio temporalesco da met\u00e0 pomeriggio in poi sulle Dolomiti confinanti con il Trentino e l&#8217;Alto Adige (20\/30%). I fenomeni dovrebbero rimanere assenti sulle Prealpi.<br \/>\n<b>Temperature: <\/b>Minime in aumento ovunque, massime stazionarie nei fondovalle prealpini ed in leggera flessione in quota e nelle valli dolomitiche in caso di riduzione del soleggiamento per maggiore cumulificazione. Sono previste punte di 29\/31\u00b0C nelle conche prealpine e di 24\/26\u00b0C a 1000\/1200 m. Su Prealpi a 1500 m min 14\u00b0C max 19\u00b0C, a 2000 m min 12\u00b0C max 15\u00b0C. Su Dolomiti a 2000 m min 11\u00b0C max 16\u00b0C, a 3000 m min 7\u00b0C max 8\u00b0C.<br \/>\n<b>Venti: <\/b>Nelle valli deboli, a tratti anche moderati, a regime di brezza; in quota deboli\/moderati da Sud-Ovest, in lieve rinforzo alla sera, a 5-10 km\/h a 2000 m, a 15-25 km\/h a 3000 m.<\/div>\n<hr \/>\n<p><center><b>Martedi 20<\/b><\/center><b>Tempo atteso: <\/b>Tempo inizialmente perlopi\u00f9 soleggiato, nonostante il rischio di stratocumuli al primo mattino. Al pomeriggio cumulificazione irregolare, pi\u00f9 sviluppata sulle Dolomiti, dove il rischio di qualche fenomeno convettivo non sar\u00e0 del tutto escluso. Clima diurno di stampo estivo, con forte escursione termica tra il giorno e la notte nelle valli.<br \/>\n<b>Precipitazioni: <\/b>Assenti sulle Prealpi e minore insidia di rovesci e temporali sulle Dolomiti rispetto a luned\u00ec (10\/20%), quindi, il rischio sar\u00e0 molto limitato nel tempo e nello spazio e non prima di met\u00e0 pomeriggio.<br \/>\n<b>Temperature: <\/b>Pressoch\u00e9 stazionarie a tutte le quote, salvo qualche locale variazione legata al verificarsi di locali fenomeni convettivi con punte di 29\/31\u00b0C nelle conche prealpine e di 24\/26\u00b0C a 1000\/1200 m. Su Prealpi a 1500 m min 14\u00b0C max 19\u00b0C, a 2000 m min 12\u00b0C max 15\u00b0C. Su Dolomiti a 2000 m min 10\u00b0C max 16\u00b0C, a 3000 m min 7\u00b0C max 8\u00b0C.<br \/>\n<b>Venti: <\/b>Nelle valli deboli, a tratti anche moderati, a regime di brezza; in quota moderati\/tesi da Sud-Ovest, a 10-20 km\/h a 2000 m, a 35-40 km\/h a 3000 m.<\/p>\n<hr \/>\n<p><center><b>Mercoledi 21<\/b><\/center>Al mattino tempo perlopi\u00f9 soleggiato con primi cumuli. Al pomeriggio cumulificazione assai pi\u00f9 presente ed intensa rispetto a marted\u00ec con maggiore insidia di rovesci e temporali, anche su alcuni settori prealpini. Temperature in generale lieve flessione. Venti deboli\/moderati per brezze nelle valli; moderati da Sud-Ovest al mattino, in attenuazione al pomeriggio, in quota.<\/p>\n<hr \/>\n<p><center><b>Giovedi 22<\/b><\/center>Degradazione del tempo con maggiore nuvolosit\u00e0 e episodio d&#8217;instabilit\u00e0, con rovesci e temporali pi\u00f9 diffusi. Probabile parziale miglioramento nel tardo sera. Lieve calo delle temperature massime. In quota venti deboli dai quadranti meridionali; nelle valli deboli di direzione variabile. Previsore: R.L.Th.<\/p>\n<hr \/>\n","protected":false},"excerpt":{"rendered":"<p>&nbsp; &nbsp; TAIBON Medaglia al turismo dell&#8217;Agordino, perch\u00e9 in vallata nel fine settimana di ferragosto \u00e8 arrivato di tutto e di pi\u00f9. Bar, ristoranti, eventi, i turisti non sono mancati, inevitabili incolonnamenti e rallentamenti ma ogni medaglia ha il suo rovescio e sarebbe molto peggio se oggi dovessimo raccontare di locali vuoti e feste non&hellip;<\/p>\n","protected":false},"author":1,"featured_media":95957,"comment_status":"closed","ping_status":"closed","sticky":false,"template":"","format":"standard","meta":{"_monsterinsights_skip_tracking":false,"_monsterinsights_sitenote_active":false,"_monsterinsights_sitenote_note":"","_monsterinsights_sitenote_category":0,"footnotes":""},"categories":[86],"tags":[],"class_list":["post-96030","post","type-post","status-publish","format-standard","has-post-thumbnail","hentry","category-gr","category-86","description-off"],"img_url":"https:\/\/www.radiopiu.net\/wordpress\/wp-content\/uploads\/2019\/08\/IMG-20190817-WA0013.jpg","_links":{"self":[{"href":"https:\/\/www.radiopiu.net\/wordpress\/wp-json\/wp\/v2\/posts\/96030","targetHints":{"allow":["GET"]}}],"collection":[{"href":"https:\/\/www.radiopiu.net\/wordpress\/wp-json\/wp\/v2\/posts"}],"about":[{"href":"https:\/\/www.radiopiu.net\/wordpress\/wp-json\/wp\/v2\/types\/post"}],"author":[{"embeddable":true,"href":"https:\/\/www.radiopiu.net\/wordpress\/wp-json\/wp\/v2\/users\/1"}],"replies":[{"embeddable":true,"href":"https:\/\/www.radiopiu.net\/wordpress\/wp-json\/wp\/v2\/comments?post=96030"}],"version-history":[{"count":0,"href":"https:\/\/www.radiopiu.net\/wordpress\/wp-json\/wp\/v2\/posts\/96030\/revisions"}],"wp:featuredmedia":[{"embeddable":true,"href":"https:\/\/www.radiopiu.net\/wordpress\/wp-json\/wp\/v2\/media\/95957"}],"wp:attachment":[{"href":"https:\/\/www.radiopiu.net\/wordpress\/wp-json\/wp\/v2\/media?parent=96030"}],"wp:term":[{"taxonomy":"category","embeddable":true,"href":"https:\/\/www.radiopiu.net\/wordpress\/wp-json\/wp\/v2\/categories?post=96030"},{"taxonomy":"post_tag","embeddable":true,"href":"https:\/\/www.radiopiu.net\/wordpress\/wp-json\/wp\/v2\/tags?post=96030"}],"curies":[{"name":"wp","href":"https:\/\/api.w.org\/{rel}","templated":true}]}}