{"id":96063,"date":"2019-08-20T04:50:12","date_gmt":"2019-08-20T02:50:12","guid":{"rendered":"http:\/\/www.radiopiu.net\/wordpress\/?p=96063"},"modified":"2019-08-20T06:03:02","modified_gmt":"2019-08-20T04:03:02","slug":"dal-ferragosto-alle-infrastrutture-da-cassetto","status":"publish","type":"post","link":"https:\/\/www.radiopiu.net\/wordpress\/dal-ferragosto-alle-infrastrutture-da-cassetto\/","title":{"rendered":"DAL FERRAGOSTO ALLE INFRASTRUTTURE DA CASSETTO"},"content":{"rendered":"<p>&nbsp;<\/p>\n<p><a class=\"dt-pswp-item\" href=\"http:\/\/www.radiopiu.net\/wordpress\/wp-content\/uploads\/2019\/08\/68572627_10220516401086874_4623188095464898560_o.jpg\" data-dt-img-description=\"\" data-large_image_width=\"1728\" data-large_image_height=\"1296\"><img loading=\"lazy\" decoding=\"async\" class=\"size-medium wp-image-96058 alignleft\" src=\"http:\/\/www.radiopiu.net\/wordpress\/wp-content\/uploads\/2019\/08\/68572627_10220516401086874_4623188095464898560_o-300x225.jpg\" alt=\"\" width=\"300\" height=\"225\" srcset=\"https:\/\/www.radiopiu.net\/wordpress\/wp-content\/uploads\/2019\/08\/68572627_10220516401086874_4623188095464898560_o-300x225.jpg 300w, https:\/\/www.radiopiu.net\/wordpress\/wp-content\/uploads\/2019\/08\/68572627_10220516401086874_4623188095464898560_o-768x576.jpg 768w, https:\/\/www.radiopiu.net\/wordpress\/wp-content\/uploads\/2019\/08\/68572627_10220516401086874_4623188095464898560_o-1024x768.jpg 1024w, https:\/\/www.radiopiu.net\/wordpress\/wp-content\/uploads\/2019\/08\/68572627_10220516401086874_4623188095464898560_o.jpg 1728w\" sizes=\"auto, (max-width: 300px) 100vw, 300px\" \/><\/a><strong>TAIBON<\/strong> Medaglia al turismo dell&#8217;Agordino, perch\u00e9 in vallata nel fine settimana di ferragosto \u00e8 arrivato di tutto e di pi\u00f9. Bar, ristoranti, eventi, i turisti non sono mancati, inevitabili incolonnamenti e rallentamenti ma ogni medaglia ha il suo rovescio e sarebbe molto peggio se oggi dovessimo raccontare di locali vuoti e feste non riuscite. Certo i disagi non piacciono a nessuno, ma \u00e8 cosi&#8217; al mare come in montagna, verso le spiagge venete, romagnole, slovene e croate cos\u00ec come sulle cime dolomitiche dall&#8217;Agordino alla Val di Fassa, di Fiemme, o in Val Gardena. Forse una miglior organizzazione sulle strade con le nostre forze di Polizia potrebbe contribuire a rendere pi\u00f9 snelli i flussi di traffico senza nulla togliere all&#8217;impegno di alcuni vigili urbani che abbiamo visto impegnati nei nostri paesi, non in tutti. Sono lontani i tempi in cui ad esempio ad Agordo le casse comunali permettevano ai vigili gi\u00e0 in servizio un aiuto concreto con altri agenti di polizia locale a &#8220;gettone&#8221;. La tangenziale di Agordo ha portato pi\u00f9 velocemente i turisti verso il medio Agordino, \u00e8 ovvio che il &#8220;tappo&#8221; di Cencenighe oggi fa la differenza ma siamo certi che gli amministratori del paese il problema lo conoscono e non lo stanno sottovalutando e sarebbe bello un giorno poterli ricordare come coloro che hanno contribuito a rendere migliore la situazione se non a risolverla. Floriano Pra aveva le idee chiare quando parlava non di una, ma di tre tangenziali, oltre Cencenighe e oltre Alleghe dove addirittura le soluzioni prospettate erano pi\u00f9 di una tra la destra e la sinistra orografica del lago, ma sono rimasti progetti da cassetto che <a class=\"dt-pswp-item\" href=\"http:\/\/www.radiopiu.net\/wordpress\/wp-content\/uploads\/2019\/08\/69324655_10220516087599037_8627525949660856320_n.jpg\" data-dt-img-description=\"\" data-large_image_width=\"720\" data-large_image_height=\"960\"><img loading=\"lazy\" decoding=\"async\" class=\"size-medium wp-image-96057 alignleft\" src=\"http:\/\/www.radiopiu.net\/wordpress\/wp-content\/uploads\/2019\/08\/69324655_10220516087599037_8627525949660856320_n-225x300.jpg\" alt=\"\" width=\"225\" height=\"300\" srcset=\"https:\/\/www.radiopiu.net\/wordpress\/wp-content\/uploads\/2019\/08\/69324655_10220516087599037_8627525949660856320_n-225x300.jpg 225w, https:\/\/www.radiopiu.net\/wordpress\/wp-content\/uploads\/2019\/08\/69324655_10220516087599037_8627525949660856320_n.jpg 720w\" sizes=\"auto, (max-width: 225px) 100vw, 225px\" \/><\/a>forse nessuno ricorda nemmeno pi\u00f9.\u00a0 E&#8217; stato un fine settimana di impegno continuo per il Soccorso Alpino e non solo, ieri ad esempio ad Agordo si \u00e8 temuto il peggio per un ventiduenne di Verbania che aveva lasciato l&#8217;auto e un vasetto di marmellata al parcheggio di Tamonich, verso sera \u00e8 ritornato tranquillamente da dove erano iniziate le ricerche. Sarebbe interessante conoscere quanti uomini e donne hanno tolto tempo prezioso al lavoro e alla famiglia per recuperare escursionisti incapaci di affrontare la montagna, con attrezzatura inadeguata, soprattutto incapaci di prevedere pericoli. La loro \u00e8 una passione che diventa missione\u00a0 ma quando \u00e8 troppo \u00e8 davvero troppo e se un giorno qualcuno si decidesse a imporre la tariffa a chiamata sarebbe forse opportuno, crisi di panico di escursionisti improvvisati, slogature di caviglie da scarpe da ginnastica, ferite lievi per cadute accidentali in zone sconsigliate meriterebbero la giusta &#8220;sanzione&#8221;, anche gli autovelox hanno ridotto incidenti e velocit\u00e0 da autodromo. (mm)<\/p>\n<p>&nbsp;<\/p>\n<h2>FERRAGOSTO E&#8217; PASSATO&#8230; SI PENSI ALLE INFRASTRUTTURE.<\/h2>\n<p><strong>DI DAMIANO TORMEN<\/strong><\/p>\n<audio class=\"wp-audio-shortcode\" id=\"audio-96063-1\" preload=\"none\" style=\"width: 100%;\" controls=\"controls\"><source type=\"audio\/mpeg\" src=\"http:\/\/www.radiopiu.net\/wordpress\/wp-content\/uploads\/2019\/08\/DAMIANO-CHE-CODE.mp3?_=1\" \/><a href=\"http:\/\/www.radiopiu.net\/wordpress\/wp-content\/uploads\/2019\/08\/DAMIANO-CHE-CODE.mp3\">http:\/\/www.radiopiu.net\/wordpress\/wp-content\/uploads\/2019\/08\/DAMIANO-CHE-CODE.mp3<\/a><\/audio>\n<p>&nbsp;<\/p>\n<p>&nbsp;<\/p>\n","protected":false},"excerpt":{"rendered":"<p>&nbsp; TAIBON Medaglia al turismo dell&#8217;Agordino, perch\u00e9 in vallata nel fine settimana di ferragosto \u00e8 arrivato di tutto e di pi\u00f9. Bar, ristoranti, eventi, i turisti non sono mancati, inevitabili incolonnamenti e rallentamenti ma ogni medaglia ha il suo rovescio e sarebbe molto peggio se oggi dovessimo raccontare di locali vuoti e feste non riuscite.&hellip;<\/p>\n","protected":false},"author":1,"featured_media":96058,"comment_status":"closed","ping_status":"closed","sticky":false,"template":"","format":"standard","meta":{"_monsterinsights_skip_tracking":false,"_monsterinsights_sitenote_active":false,"_monsterinsights_sitenote_note":"","_monsterinsights_sitenote_category":0,"footnotes":""},"categories":[51,49],"tags":[],"class_list":["post-96063","post","type-post","status-publish","format-standard","has-post-thumbnail","hentry","category-evidenza-top","category-news-18","category-51","category-49","description-off"],"img_url":"https:\/\/www.radiopiu.net\/wordpress\/wp-content\/uploads\/2019\/08\/68572627_10220516401086874_4623188095464898560_o.jpg","_links":{"self":[{"href":"https:\/\/www.radiopiu.net\/wordpress\/wp-json\/wp\/v2\/posts\/96063","targetHints":{"allow":["GET"]}}],"collection":[{"href":"https:\/\/www.radiopiu.net\/wordpress\/wp-json\/wp\/v2\/posts"}],"about":[{"href":"https:\/\/www.radiopiu.net\/wordpress\/wp-json\/wp\/v2\/types\/post"}],"author":[{"embeddable":true,"href":"https:\/\/www.radiopiu.net\/wordpress\/wp-json\/wp\/v2\/users\/1"}],"replies":[{"embeddable":true,"href":"https:\/\/www.radiopiu.net\/wordpress\/wp-json\/wp\/v2\/comments?post=96063"}],"version-history":[{"count":0,"href":"https:\/\/www.radiopiu.net\/wordpress\/wp-json\/wp\/v2\/posts\/96063\/revisions"}],"wp:featuredmedia":[{"embeddable":true,"href":"https:\/\/www.radiopiu.net\/wordpress\/wp-json\/wp\/v2\/media\/96058"}],"wp:attachment":[{"href":"https:\/\/www.radiopiu.net\/wordpress\/wp-json\/wp\/v2\/media?parent=96063"}],"wp:term":[{"taxonomy":"category","embeddable":true,"href":"https:\/\/www.radiopiu.net\/wordpress\/wp-json\/wp\/v2\/categories?post=96063"},{"taxonomy":"post_tag","embeddable":true,"href":"https:\/\/www.radiopiu.net\/wordpress\/wp-json\/wp\/v2\/tags?post=96063"}],"curies":[{"name":"wp","href":"https:\/\/api.w.org\/{rel}","templated":true}]}}