{"id":96066,"date":"2019-08-19T00:05:19","date_gmt":"2019-08-18T22:05:19","guid":{"rendered":"http:\/\/www.radiopiu.net\/wordpress\/?p=96066"},"modified":"2019-08-19T17:09:26","modified_gmt":"2019-08-19T15:09:26","slug":"con-unitalsi-e-il-vescovo-marangoni-pellegrinaggio-a-lourdes-numero-49-di-renato-bona","status":"publish","type":"post","link":"https:\/\/www.radiopiu.net\/wordpress\/con-unitalsi-e-il-vescovo-marangoni-pellegrinaggio-a-lourdes-numero-49-di-renato-bona\/","title":{"rendered":"CON UNITALSI E IL VESCOVO MARANGONI PELLEGRINAGGIO A LOURDES NUMERO 49 di RENATO BONA"},"content":{"rendered":"<p>Sar\u00e0 il vescovo di Belluno-Feltre monsignor Renato Marangoni a presiedere il pellegrinaggio diocesano 2019 a Lourdes, che risulta speciale ricorrendo il 175. anniversario della nascita di Bernardette Soubirous ed il 140. della sua morte oltre che il 161. delle apparizioni. Nostra Signora di Lourdes (o Nostra Signora del Rosario o, pi\u00f9 semplicemente, Madonna di Lourdes) &#8211; come specifica la libera enciclopedia Wikipedia &#8211; \u00e8 l&#8217;appellativo con cui la Chiesa cattolica venera Maria, in seguito alle apparizioni avute nel 1858 da Bernadette Soubirous. Il nome della localit\u00e0 si riferisce al comune francese di Lourdes, nel cui territorio &#8211; tra l&#8217;11 febbraio e il 16 luglio 1858 &#8211; la giovane, contadina quattordicenne del luogo, rifer\u00ec di aver assistito a diciotto apparizioni di una &#8220;bella signora&#8221; in una grotta poco distante dal piccolo sobborgo di Massabielle. A proposito della prima, la giovane afferm\u00f2: \u201cIo scorsi una signora vestita di bianco. Indossava un abito bianco, un velo bianco, una cintura blu ed una rosa gialla sui piedi\u201d. Nel luogo indicato da Bernadette come teatro delle apparizioni fu posta nel 1864 una statua della Madonna. Intorno alla grotta delle apparizioni \u00e8 andato nel tempo sviluppandosi un imponente santuario. Attorno al luogo di culto si \u00e8 ampliato successivamente un importante movimento di pellegrini. Si calcola che oltre settecento milioni di persone abbiano visitato il Santuario di Lourdes. Sono tre le basiliche principali del santuario di Lourdes; in ordine di data di costruzione e con capienza crescente vi sono: la basilica dell&#8217;Immacolata Concezione, la basilica di Nostra Signora del Rosario, posta sotto alla precedente, e la basilica di San Pio X (detta anche basilica sotterranea). La facciata della Basilica del rosario presenta dei mosaici di Marko Ivan Rupnik e del Centro Aletti, raffiguranti i Misteri della Luce. Inaugurati l&#8217;8 dicembre 2007, sono stati dedicati a Giovanni Paolo II in occasione dell&#8217;apertura del Giubileo per il 150. anniversario delle apparizioni. Vale la pena di ricordare come il santuario mariano del bellunese Col Nevegal, fortemente voluto dal compianto vescovo Maffeo Ducoli, \u00e8 intitolato proprio a Maria Immacolata &#8211; Nostra signora di Lourdes, ed accoglie fra l\u2019altro una grotta con la statua in marmo della Madonna, che rivisIta in chiave moderna la pi\u00f9 famosa grotta ai piedi dei Pirenei. La statua venne donata dalla famiglia Perrotta di Marano in provincia di Napoli; benedetta da Giovanni Paolo II a Domegge di Cadore il 30 agosto 1992, fu collocata nel santuario bellunese il 29 luglio 1994. L\u2019iniziativa, alla 49. edizione, \u00e8 proposta dalla sottosezione dell\u2019Unitalsi di Belluno-Feltre (Unione nazionale italiana trasporto ammalati a Lourdes e santuari internazionali) e si svolger\u00e0 dal 2 al 6 settembre prossimo per quanti sceglieranno l\u2019opzione dell\u2019aereo, dall\u20191 al 7 per chi invece effettuer\u00e0 la trasferta in pullman. A proposito di questa seconda ipotesi, il viaggio si svolger\u00e0 con due modalit\u00e0 diverse: viaggio diretto da Belluno con partenza la sera dell\u20191 settembre ed arrivo a Lourdes il mattino del 2; ripartenza alla sera del 6 ed arrivo a Belluno nella mattinata del 7; viaggio con sosta che contempla la partenza al mattino dell\u20191, fermata in hotel per la notte ed arrivo a Lourdes per l\u2019ora di pranzo di luned\u00ec 2; partenza per il ritorno il 6 dopo pranzo e arrivo a Belluno nella serata del 7. Intanto il settimanale \u201cDomenica\u201d annuncia nell\u2019ultimo numero che quest\u2019anno la Pastorale giovani propone una partecipazione straordinaria dei giovani che gi\u00e0 da met\u00e0 aprile sono stati convocati per preparare questo appuntamento particolarmente significativo. E cita in proposito Papa Francesco: \u201c\u2026Il cammino insieme verso i santuari e il partecipare ad altre manifestazioni della piet\u00e0 popolare portando con s\u00e9 anche i figli o invitando altre persone, \u00e8 in se stesso un atto di evangelizzazione\u201d. La segreteria di Unitalsi ricorda che ci sono ancora pochi posti disponibili per il viaggio in pullman e dunque chi fosse interessato a partecipare al pellegrinaggio dovr\u00e0 perfezionare al pi\u00f9 presto l\u2019adesione rivolgendosi alla segreteria stessa: a Belluno al centro diocesano Giovanni XXIII di piazza Piloni, telefono 366-8732766, indirizzo e-mail: belluno@unitalsitriveneta.it; a Feltre nella sede della Legatoria artigiana feltrina di Angela Cappellin, in via Borgo Ruga 6, telefono 0439-80126, oppure 340-7929200, Angela, o 333-4316843, Paola.<\/p>\n\n\t\t\t<style type='text\/css'>\n\t\t\t\t#gallery-1 {\n\t\t\t\t\tmargin: auto;\n\t\t\t\t}\n\t\t\t\t#gallery-1 .gallery-item {\n\t\t\t\t\tfloat: left;\n\t\t\t\t\tmargin-top: 10px;\n\t\t\t\t\ttext-align: center;\n\t\t\t\t\twidth: 33%;\n\t\t\t\t}\n\t\t\t\t#gallery-1 img {\n\t\t\t\t\tborder: 2px solid #cfcfcf;\n\t\t\t\t}\n\t\t\t\t#gallery-1 .gallery-caption {\n\t\t\t\t\tmargin-left: 0;\n\t\t\t\t}\n\t\t\t\t\/* see gallery_shortcode() in wp-includes\/media.php *\/\n\t\t\t<\/style>\n\t\t<div id='gallery-1' class='dt-gallery-container gallery galleryid-96066 gallery-columns-3 gallery-size-thumbnail'><dl class='gallery-item'>\n\t\t\t\t<dt class='gallery-icon landscape'>\n\t\t\t\t\t<a class=\"rollover\" href='https:\/\/www.radiopiu.net\/wordpress\/con-unitalsi-e-il-vescovo-marangoni-pellegrinaggio-a-lourdes-numero-49-di-renato-bona\/68487247_2483480951884596_4754889844507803648_n\/'><img loading=\"lazy\" decoding=\"async\" width=\"150\" height=\"150\" src=\"https:\/\/www.radiopiu.net\/wordpress\/wp-content\/uploads\/2019\/08\/68487247_2483480951884596_4754889844507803648_n-150x150.jpg\" class=\"attachment-thumbnail size-thumbnail\" alt=\"\" \/><\/a>\n\t\t\t\t<\/dt><\/dl><dl class='gallery-item'>\n\t\t\t\t<dt class='gallery-icon portrait'>\n\t\t\t\t\t<a class=\"rollover\" href='https:\/\/www.radiopiu.net\/wordpress\/con-unitalsi-e-il-vescovo-marangoni-pellegrinaggio-a-lourdes-numero-49-di-renato-bona\/68879374_1121749218021064_6793141049557516288_n\/'><img loading=\"lazy\" decoding=\"async\" width=\"150\" height=\"150\" src=\"https:\/\/www.radiopiu.net\/wordpress\/wp-content\/uploads\/2019\/08\/68879374_1121749218021064_6793141049557516288_n-150x150.jpg\" class=\"attachment-thumbnail size-thumbnail\" alt=\"\" \/><\/a>\n\t\t\t\t<\/dt><\/dl><dl class='gallery-item'>\n\t\t\t\t<dt class='gallery-icon portrait'>\n\t\t\t\t\t<a class=\"rollover\" href='https:\/\/www.radiopiu.net\/wordpress\/con-unitalsi-e-il-vescovo-marangoni-pellegrinaggio-a-lourdes-numero-49-di-renato-bona\/66725954_2488877747845436_5694557684473266176_n-2\/'><img loading=\"lazy\" decoding=\"async\" width=\"118\" height=\"138\" src=\"https:\/\/www.radiopiu.net\/wordpress\/wp-content\/uploads\/2019\/08\/66725954_2488877747845436_5694557684473266176_n.jpg\" class=\"attachment-thumbnail size-thumbnail\" alt=\"\" \/><\/a>\n\t\t\t\t<\/dt><\/dl><br style=\"clear: both\" \/><dl class='gallery-item'>\n\t\t\t\t<dt class='gallery-icon landscape'>\n\t\t\t\t\t<a class=\"rollover\" href='https:\/\/www.radiopiu.net\/wordpress\/con-unitalsi-e-il-vescovo-marangoni-pellegrinaggio-a-lourdes-numero-49-di-renato-bona\/68245766_412275919400350_5519800245497626624_n\/'><img loading=\"lazy\" decoding=\"async\" width=\"150\" height=\"150\" src=\"https:\/\/www.radiopiu.net\/wordpress\/wp-content\/uploads\/2019\/08\/68245766_412275919400350_5519800245497626624_n-150x150.jpg\" class=\"attachment-thumbnail size-thumbnail\" alt=\"\" \/><\/a>\n\t\t\t\t<\/dt><\/dl><dl class='gallery-item'>\n\t\t\t\t<dt class='gallery-icon portrait'>\n\t\t\t\t\t<a class=\"rollover\" href='https:\/\/www.radiopiu.net\/wordpress\/con-unitalsi-e-il-vescovo-marangoni-pellegrinaggio-a-lourdes-numero-49-di-renato-bona\/52598425_292417961434762_7038028943630270464_n\/'><img loading=\"lazy\" decoding=\"async\" width=\"150\" height=\"150\" src=\"https:\/\/www.radiopiu.net\/wordpress\/wp-content\/uploads\/2019\/08\/52598425_292417961434762_7038028943630270464_n-150x150.jpg\" class=\"attachment-thumbnail size-thumbnail\" alt=\"\" \/><\/a>\n\t\t\t\t<\/dt><\/dl><dl class='gallery-item'>\n\t\t\t\t<dt class='gallery-icon portrait'>\n\t\t\t\t\t<a class=\"rollover\" href='https:\/\/www.radiopiu.net\/wordpress\/con-unitalsi-e-il-vescovo-marangoni-pellegrinaggio-a-lourdes-numero-49-di-renato-bona\/67139171_2113904405570432_3837669475021225984_n-2\/'><img loading=\"lazy\" decoding=\"async\" width=\"150\" height=\"150\" src=\"https:\/\/www.radiopiu.net\/wordpress\/wp-content\/uploads\/2019\/08\/67139171_2113904405570432_3837669475021225984_n-150x150.jpg\" class=\"attachment-thumbnail size-thumbnail\" alt=\"\" \/><\/a>\n\t\t\t\t<\/dt><\/dl><br style=\"clear: both\" \/><dl class='gallery-item'>\n\t\t\t\t<dt class='gallery-icon landscape'>\n\t\t\t\t\t<a class=\"rollover\" href='https:\/\/www.radiopiu.net\/wordpress\/con-unitalsi-e-il-vescovo-marangoni-pellegrinaggio-a-lourdes-numero-49-di-renato-bona\/69391211_362970537950734_5890396966126354432_n\/'><img loading=\"lazy\" decoding=\"async\" width=\"150\" height=\"150\" src=\"https:\/\/www.radiopiu.net\/wordpress\/wp-content\/uploads\/2019\/08\/69391211_362970537950734_5890396966126354432_n-150x150.jpg\" class=\"attachment-thumbnail size-thumbnail\" alt=\"\" \/><\/a>\n\t\t\t\t<\/dt><\/dl>\n\t\t\t\t<br style='clear: both' \/>\n\t\t\t<\/div>\n\n<p>NELLE FOTO (Unitalsi; Wikipedia; Renato Bona): l\u2019annuncio del pellegrinaggio di Belluno-Feltre; Bernardette Soubirous; il Santuario mariano di Lourdes; la grotta con la statua creata da Joseph-Huigues Fabisch; la Madonna del Santuario bellunese del Nevegal dove il vescovo ha celebrato la messa solenne gioved\u00ec dell\u2019Assunta; mons. Renato Marangoni.<\/p>\n","protected":false},"excerpt":{"rendered":"<p>Sar\u00e0 il vescovo di Belluno-Feltre monsignor Renato Marangoni a presiedere il pellegrinaggio diocesano 2019 a Lourdes, che risulta speciale ricorrendo il 175. anniversario della nascita di Bernardette Soubirous ed il 140. della sua morte oltre che il 161. delle apparizioni. Nostra Signora di Lourdes (o Nostra Signora del Rosario o, pi\u00f9 semplicemente, Madonna di Lourdes)&hellip;<\/p>\n","protected":false},"author":1,"featured_media":96072,"comment_status":"closed","ping_status":"closed","sticky":false,"template":"","format":"standard","meta":{"_monsterinsights_skip_tracking":false,"_monsterinsights_sitenote_active":false,"_monsterinsights_sitenote_note":"","_monsterinsights_sitenote_category":0,"footnotes":""},"categories":[104,49],"tags":[],"class_list":["post-96066","post","type-post","status-publish","format-standard","has-post-thumbnail","hentry","category-evidenza_3","category-news-18","category-104","category-49","description-off"],"img_url":"https:\/\/www.radiopiu.net\/wordpress\/wp-content\/uploads\/2019\/08\/68487247_2483480951884596_4754889844507803648_n.jpg","_links":{"self":[{"href":"https:\/\/www.radiopiu.net\/wordpress\/wp-json\/wp\/v2\/posts\/96066","targetHints":{"allow":["GET"]}}],"collection":[{"href":"https:\/\/www.radiopiu.net\/wordpress\/wp-json\/wp\/v2\/posts"}],"about":[{"href":"https:\/\/www.radiopiu.net\/wordpress\/wp-json\/wp\/v2\/types\/post"}],"author":[{"embeddable":true,"href":"https:\/\/www.radiopiu.net\/wordpress\/wp-json\/wp\/v2\/users\/1"}],"replies":[{"embeddable":true,"href":"https:\/\/www.radiopiu.net\/wordpress\/wp-json\/wp\/v2\/comments?post=96066"}],"version-history":[{"count":0,"href":"https:\/\/www.radiopiu.net\/wordpress\/wp-json\/wp\/v2\/posts\/96066\/revisions"}],"wp:featuredmedia":[{"embeddable":true,"href":"https:\/\/www.radiopiu.net\/wordpress\/wp-json\/wp\/v2\/media\/96072"}],"wp:attachment":[{"href":"https:\/\/www.radiopiu.net\/wordpress\/wp-json\/wp\/v2\/media?parent=96066"}],"wp:term":[{"taxonomy":"category","embeddable":true,"href":"https:\/\/www.radiopiu.net\/wordpress\/wp-json\/wp\/v2\/categories?post=96066"},{"taxonomy":"post_tag","embeddable":true,"href":"https:\/\/www.radiopiu.net\/wordpress\/wp-json\/wp\/v2\/tags?post=96066"}],"curies":[{"name":"wp","href":"https:\/\/api.w.org\/{rel}","templated":true}]}}