{"id":96110,"date":"2019-08-20T05:43:25","date_gmt":"2019-08-20T03:43:25","guid":{"rendered":"http:\/\/www.radiopiu.net\/wordpress\/?p=96110"},"modified":"2019-08-20T18:13:18","modified_gmt":"2019-08-20T16:13:18","slug":"giornale-radiopiu-20-agosto-2019-direttore-mirko-mezzacasa","status":"publish","type":"post","link":"https:\/\/www.radiopiu.net\/wordpress\/giornale-radiopiu-20-agosto-2019-direttore-mirko-mezzacasa\/","title":{"rendered":"GIORNALE RADIOPIU 20 AGOSTO 2019 DIRETTORE MIRKO MEZZACASA"},"content":{"rendered":"<h2>203 AGORDINA e 50 DEL GRAPPA\u00a0 INTERRUZIONI ALLA VIABILITA&#8217;<\/h2>\n<h2>LA MUDA IN COMUNE DI SEDICO<\/h2>\n<p><strong><a class=\"dt-pswp-item\" href=\"http:\/\/www.radiopiu.net\/wordpress\/wp-content\/uploads\/2019\/08\/SASSO-REGIONALE-203.jpg\" data-dt-img-description=\"\" data-large_image_width=\"4160\" data-large_image_height=\"3120\"><img loading=\"lazy\" decoding=\"async\" class=\"size-medium wp-image-95874 alignleft\" src=\"http:\/\/www.radiopiu.net\/wordpress\/wp-content\/uploads\/2019\/08\/SASSO-REGIONALE-203-300x225.jpg\" alt=\"\" width=\"300\" height=\"225\" srcset=\"https:\/\/www.radiopiu.net\/wordpress\/wp-content\/uploads\/2019\/08\/SASSO-REGIONALE-203-300x225.jpg 300w, https:\/\/www.radiopiu.net\/wordpress\/wp-content\/uploads\/2019\/08\/SASSO-REGIONALE-203-768x576.jpg 768w, https:\/\/www.radiopiu.net\/wordpress\/wp-content\/uploads\/2019\/08\/SASSO-REGIONALE-203-1024x768.jpg 1024w\" sizes=\"auto, (max-width: 300px) 100vw, 300px\" \/><\/a>GIOVEDI<\/strong> Dalle 8.15 alle 12 e dalle 13.00 alle 17\u00a0 possibili\u00a0 interruzioni in entrambi i sensi di marcia per un massimo di 15 minuti per ispezione\u00a0 versanti dove di recente si \u00e8 staccato un masso che ha centrato un&#8217;auto.<\/p>\n<p>&nbsp;<\/p>\n<p><strong>REGIONALE 50 DEL GRAPPA, LOCALITA&#8217; MOLINE-PONTET<\/strong> dalle 8 alle12 e dalle 13 alle 17 dal domani a giovedi possibili brevi interruzioni totali della viabilit\u00e0 per un massimo di 15 minuti per ispezione versanti.<\/p>\n<p>&nbsp;<\/p>\n<p>&nbsp;<\/p>\n<p>&nbsp;<\/p>\n<p><strong>Attenzione ai truffatori seriali su facebook.<\/strong> A lanciare l&#8217;allarme \u00e8 il Corriere delle Alpi con Gigi Sosso che spiega come una bellunese sia stata buggerata, denuncer\u00e0 l&#8217;episodio alla guardia di Finanza e Polizia Postale.\u00a0 <em>&#8220;Dice di essere un ex carabiniere e promette prestiti su Facebook a un tasso d&#8217;interesse talmente vantaggioso da non scatenare sospetti. L&#8217;unica cosa che P.P. chiede \u00e8 un vaglia veloce da 100 euro. L&#8217;erogazione richiesta non scatta mai, malgrado mille scuse scritte su WhatsApp, e i soldi versati non vengono restituiti&#8221;.\u00a0<\/em><\/p>\n<p><strong>Furto a Ponte nelle Alpi.<\/strong> In localit\u00e0 Canevoi scardinata una cassaforte di un&#8217;abitazione, trascinata per le scale e quindi portata altrove per essere aperta, rubati 6 fucili. Il furto in pieno giorno tra mezzogiorno e il pomeriggio, i proprietari erano usciti per trascorrere una giornata in montagna. All&#8217;interno della cassaforte anche un centinaio d&#8217;euro.<\/p>\n<p><strong>Nella classifica nazionale degli eventi<\/strong> la provincia di Belluno \u00e8 al 73esimo posto (su 107) quindi in fondo alla classifica &#8220;del tempo libero&#8221; del Sole 24 ore. In provincia quindi pochi eventi sul territorio.<\/p>\n<p><strong>Gosaldo, un bacino da 10 mila<\/strong> metri cubi d&#8217;acqua, servir\u00e0 per l&#8217;innevamento, per i casi di emergenza, ma anche come richiamo turistico. Sar\u00e0 realizzato con i fondi di confine a Forcella Aurine (990 mila euro). Soddisfazione anche da parte della Desma, la societ\u00e0 &#8220;giovane&#8221; che ha rilanciato il colle agordino.<\/p>\n<p><strong>Oggi in Valle del Biois<\/strong>\u00a0 la commemorazione degli eccidi del &#8217;44. Domani Canale d&#8217;Agordo dar\u00e0 invece l&#8217;ultimo saluto a Rosetta Cagnati &#8220;Bora&#8221;, staffetta partigiana durante la Resistenza.<\/p>\n<p><strong>Questa sera a Canale d&#8217;Agordo<\/strong> la Lucciolata pro Casa via di Natale di Aviano alle 20, recupero dell&#8217;evento rinviato ad inizio agosto per maltempo. Al termine il premio &#8220;I discreti&#8221; della Proloco.<\/p>\n<p>&nbsp;<\/p>\n<p>&nbsp;<\/p>\n<p>&nbsp;<\/p>\n<h3>CODE E SOLUZIONI PER CENCENIGHE CENTRO<\/h3>\n<p>di Mirko Mezzacasa<\/p>\n<blockquote>\n<h5><em>L&#8217;ANTIDOTO PER LE CODE DEI FINE SETTIMANA PIU&#8217; &#8220;CALDI&#8221; SARA&#8217; LA ROTONDA? UN RONDO&#8217; CHE NON POTRA&#8217; ESSERE PRESIDIATO DALLE FORZE DELL&#8217;ORDINE, CHE TOGLIERA&#8217; PARCHEGGI AL CENTRO DEL PAESE E COSTRINGERA&#8217; I TURISTI IN TRANSITO A TIRARE DIRITTO, VERSO ALLEGHE O FALCADE?<\/em><\/h5>\n<\/blockquote>\n<p><strong><a class=\"dt-pswp-item\" href=\"http:\/\/www.radiopiu.net\/wordpress\/wp-content\/uploads\/2019\/08\/download-12.jpg\" data-dt-img-description=\"\" data-large_image_width=\"259\" data-large_image_height=\"194\"><img loading=\"lazy\" decoding=\"async\" class=\"size-full wp-image-96127 alignleft\" src=\"http:\/\/www.radiopiu.net\/wordpress\/wp-content\/uploads\/2019\/08\/download-12.jpg\" alt=\"\" width=\"259\" height=\"194\" \/><\/a>CENCENIGHE<\/strong> Il baricentro dell&#8217;Agordino nell&#8217;occhio del ciclone, come lo \u00e8 stato Agordo prima della tangenziale, quel tratto di strada che ha portato pi\u00f9 velocemente i turisti a nord, quel tratto di strada negli anni Ottanta contestato a gran voce dai commercianti della piazza che nel tempo hanno poi cambiato opinione per il forte intasamento\u00a0 in centro che non permetteva pi\u00f9 ad alcuno di fermarsi, nemmeno per il caffe&#8217;. Anche la tangenziale di Cencenighe \u00e8 stata da sempre osteggiata dalla parte produttiva del paese, non ultimo il Deputato Dario Bond\u00a0 che in una riunione aveva affermato che la variante alla regionale 203 non serviva. Poi si \u00e8 iniziato a parlare di rotonda, per il sindaco di Cencenighe potrebbe non risolvere il problema del grande traffico in alcuni fine settimana dell&#8217;anno sui 57 del calendario, perch\u00e9 tra Morbiach e via Roma ci sono attivit\u00e0 commerciali con entrata ed uscita di mezzi che comunque la coda la creano ancora prima della deviazione per la Valle del Biois, ma anche perch\u00e9 le principali attivit\u00e0 del paese fanno da cornice all&#8217;ipotizzata rotonda e si ritroverebbero senza parcheggi in <a class=\"dt-pswp-item\" href=\"http:\/\/www.radiopiu.net\/wordpress\/wp-content\/uploads\/2019\/08\/SSS.jpg\" data-dt-img-description=\"\" data-large_image_width=\"304\" data-large_image_height=\"166\"><img loading=\"lazy\" decoding=\"async\" class=\"size-medium wp-image-96126 alignright\" src=\"http:\/\/www.radiopiu.net\/wordpress\/wp-content\/uploads\/2019\/08\/SSS-300x164.jpg\" alt=\"\" width=\"300\" height=\"164\" srcset=\"https:\/\/www.radiopiu.net\/wordpress\/wp-content\/uploads\/2019\/08\/SSS-300x164.jpg 300w, https:\/\/www.radiopiu.net\/wordpress\/wp-content\/uploads\/2019\/08\/SSS.jpg 304w\" sizes=\"auto, (max-width: 300px) 100vw, 300px\" \/><\/a>centro, oppure con stalli a ridosso della viabilit\u00e0. Di questo e molto altro ne abbiamo parlato con il primo cittadino Mauro Soppelsa,\u00a0 che non manca di ricordare come a suo tempo aveva previsto che la tangenziale di Agordo, pur ottima infrastruttura, avrebbe solo spostato le colonne a passo d&#8217;uomo qualche chilometro pi\u00f9 su. Chi ha buona memoria ricorda infatti che da piazza Libert\u00e0 la coda si sviluppava fino a Ponte Mas. C&#8217;\u00e8 poi il famoso piano della viabilit\u00e0 regionale che guarda solo a Cortina ed ai suoi mondiali, ma in provincia c&#8217;\u00e8 anche altro, non solo per arrivare prima nell&#8217;Alto Agordino o nell&#8217;Alto Adige, infatti sar\u00e0 anche\u00a0 il caso di pensare alla sicurezza con sassi che cadono, branchi di cervi che attraversano la strada e una grande multinazionale che ha necessit\u00e0 di spostare mezzi, merci e maestranze prima di tutto in sicurezza quindi in tempi accettabili e in linea con il nuovo millenio, prima che sia tardi.<\/p>\n<p><strong>A COLLOQUIO CON IL SINDACO MAURO SOPPELSA\u00a0<\/strong><\/p>\n<audio class=\"wp-audio-shortcode\" id=\"audio-96110-1\" preload=\"none\" style=\"width: 100%;\" controls=\"controls\"><source type=\"audio\/mpeg\" src=\"http:\/\/www.radiopiu.net\/wordpress\/wp-content\/uploads\/2019\/08\/MAURO-SOPPELSA.mp3?_=1\" \/><a href=\"http:\/\/www.radiopiu.net\/wordpress\/wp-content\/uploads\/2019\/08\/MAURO-SOPPELSA.mp3\">http:\/\/www.radiopiu.net\/wordpress\/wp-content\/uploads\/2019\/08\/MAURO-SOPPELSA.mp3<\/a><\/audio>\n<p>&nbsp;<\/p>\n<p><strong><span style=\"color: #0000ff;\">DAL NOTIZIARIO DI IERI<\/span><\/strong><\/p>\n<h2>FERRAGOSTO E&#8217; PASSATO&#8230; SI PENSI ALLE INFRASTRUTTURE.<\/h2>\n<p><strong>DI DAMIANO TORMEN<\/strong><\/p>\n<audio class=\"wp-audio-shortcode\" id=\"audio-96110-2\" preload=\"none\" style=\"width: 100%;\" controls=\"controls\"><source type=\"audio\/mpeg\" src=\"http:\/\/www.radiopiu.net\/wordpress\/wp-content\/uploads\/2019\/08\/DAMIANO-CHE-CODE.mp3?_=2\" \/><a href=\"http:\/\/www.radiopiu.net\/wordpress\/wp-content\/uploads\/2019\/08\/DAMIANO-CHE-CODE.mp3\">http:\/\/www.radiopiu.net\/wordpress\/wp-content\/uploads\/2019\/08\/DAMIANO-CHE-CODE.mp3<\/a><\/audio>\n<p>&nbsp;<\/p>\n<p>&nbsp;<\/p>\n<p>&nbsp;<\/p>\n<h3 style=\"text-align: center;\">E LO CHIAMANO DECRETO SICUREZZA<\/h3>\n<blockquote><p><em><strong><a class=\"dt-pswp-item\" href=\"http:\/\/www.radiopiu.net\/wordpress\/wp-content\/uploads\/2019\/08\/WhatsApp-Image-2019-08-20-at-05.12.03.jpeg\" data-dt-img-description=\"\" data-large_image_width=\"1599\" data-large_image_height=\"799\"><img loading=\"lazy\" decoding=\"async\" class=\"wp-image-96159 alignleft\" src=\"http:\/\/www.radiopiu.net\/wordpress\/wp-content\/uploads\/2019\/08\/WhatsApp-Image-2019-08-20-at-05.12.03-300x150.jpeg\" alt=\"\" width=\"198\" height=\"99\" srcset=\"https:\/\/www.radiopiu.net\/wordpress\/wp-content\/uploads\/2019\/08\/WhatsApp-Image-2019-08-20-at-05.12.03-300x150.jpeg 300w, https:\/\/www.radiopiu.net\/wordpress\/wp-content\/uploads\/2019\/08\/WhatsApp-Image-2019-08-20-at-05.12.03-768x384.jpeg 768w, https:\/\/www.radiopiu.net\/wordpress\/wp-content\/uploads\/2019\/08\/WhatsApp-Image-2019-08-20-at-05.12.03-1024x512.jpeg 1024w, https:\/\/www.radiopiu.net\/wordpress\/wp-content\/uploads\/2019\/08\/WhatsApp-Image-2019-08-20-at-05.12.03.jpeg 1599w\" sizes=\"auto, (max-width: 198px) 100vw, 198px\" \/><\/a>&#8220;Avrebbero dovuto ascoltare i Sindaci, che sono in prima linea tutti i giorni, ma hanno preferito emanare un decreto <a class=\"dt-pswp-item\" href=\"http:\/\/www.radiopiu.net\/wordpress\/wp-content\/uploads\/2017\/12\/Premiazione-concorso-stazione-Massaro.jpg\" data-dt-img-description=\"\" data-large_image_width=\"5184\" data-large_image_height=\"3456\"><img loading=\"lazy\" decoding=\"async\" class=\" wp-image-39967 alignright\" src=\"http:\/\/www.radiopiu.net\/wordpress\/wp-content\/uploads\/2017\/12\/Premiazione-concorso-stazione-Massaro-300x200.jpg\" alt=\"\" width=\"224\" height=\"149\" \/><\/a>scritto ad una scrivania romana, ignorando cosa succede nella vita reale&#8221;. <\/strong><\/em><\/p><\/blockquote>\n<p><strong>BELLUNO<\/strong> Gli effetti del decreto sicurezza ricadono sulle spalle degli amministratori locali, l&#8217;esempio che arriva da Belluno e che racconta il sindaco Jacopo Massaro ne \u00e8 la conferma. E&#8217; infatti lo stesso primo cittadino che annuncia i primi effetti dei\u00a0 provvedimenti nazionali\u00a0 dell&#8217;attuale governo in materia di immigrazione. Nei giorni scorsi, gli uomini della Polizia Locale hanno infatti identificato tre famiglie di immigrati dal Pakistan risultati poi irregolari, che si erano accampate nella zona di Lambioi.<\/p>\n<p><strong>IL SINDACO JACOPO MASSARO<\/strong><\/p>\n<audio class=\"wp-audio-shortcode\" id=\"audio-96110-3\" preload=\"none\" style=\"width: 100%;\" controls=\"controls\"><source type=\"audio\/mpeg\" src=\"http:\/\/www.radiopiu.net\/wordpress\/wp-content\/uploads\/2019\/08\/jacopo.mp3?_=3\" \/><a href=\"http:\/\/www.radiopiu.net\/wordpress\/wp-content\/uploads\/2019\/08\/jacopo.mp3\">http:\/\/www.radiopiu.net\/wordpress\/wp-content\/uploads\/2019\/08\/jacopo.mp3<\/a><\/audio>\n<p>&nbsp;<\/p>\n<p>&nbsp;<\/p>\n<p>&nbsp;<\/p>\n<h3><a class=\"dt-pswp-item\" href=\"http:\/\/www.radiopiu.net\/wordpress\/wp-content\/uploads\/2019\/08\/68857621_10220533919484823_2064602358419030016_n.jpg\" data-dt-img-description=\"\" data-large_image_width=\"300\" data-large_image_height=\"168\"><img loading=\"lazy\" decoding=\"async\" class=\" wp-image-96118 alignleft\" src=\"http:\/\/www.radiopiu.net\/wordpress\/wp-content\/uploads\/2019\/08\/68857621_10220533919484823_2064602358419030016_n-300x168.jpg\" alt=\"\" width=\"200\" height=\"112\" \/><\/a>PROVINCIALE 1 SINISTRA PIAVE, TRATTO ROTATORIA DOLOMITI-ROTATORIA VISOMELLE:<\/h3>\n<p><strong>BELLUNO<\/strong> per manutenzione impianti tecnologici della galleria Col Cavalier, fino a venerdi notte, INTERDIZIONE TOTALE AL TRAFFICO dalle 20 alle 6 deviazioni lungo il vecchio tracciato della provinciale1: VIA MIARI, MONTE GRAPPA tracciato tutto interno Comune di Belluno<\/p>\n<p>&nbsp;<\/p>\n<p>&nbsp;<\/p>\n<p>&nbsp;<\/p>\n<p>&nbsp;<\/p>\n<p>&nbsp;<\/p>\n<h3>DAL 26 AGOSTO CHIUDE IL PONTE DI SANTA CATERINA.<\/h3>\n<blockquote class=\"wp-embedded-content\" data-secret=\"Gg2DwPPfJU\"><p><a href=\"http:\/\/www.radiopiu.net\/wordpress\/chiusura-del-ponte-di-santa-caterina-piano-di-gestione-del-traffico\/\">\u201cCHIUSURA DEL PONTE DI SANTA CATERINA &#8211; PIANO DI GESTIONE DEL TRAFFICO\u201d\u00a0<\/a><\/p><\/blockquote>\n<p><iframe loading=\"lazy\" title=\"&#8220;\u201cCHIUSURA DEL PONTE DI SANTA CATERINA &#8211; PIANO DI GESTIONE DEL TRAFFICO\u201d\u00a0&#8221; &#8212; Radio Pi\u00f9\" class=\"wp-embedded-content\" sandbox=\"allow-scripts\" security=\"restricted\" style=\"position: absolute; clip: rect(1px, 1px, 1px, 1px);\" src=\"http:\/\/www.radiopiu.net\/wordpress\/chiusura-del-ponte-di-santa-caterina-piano-di-gestione-del-traffico\/embed\/#?secret=Gg2DwPPfJU\" data-secret=\"Gg2DwPPfJU\" width=\"600\" height=\"338\" frameborder=\"0\" marginwidth=\"0\" marginheight=\"0\" scrolling=\"no\"><\/iframe><\/p>\n<p>&nbsp;<\/p>\n<p>&nbsp;<\/p>\n<p>&nbsp;<\/p>\n<h3>TRAUMI DA CADUTA E AFFATICAMENTO, SOCCORSO ALPINO A CHIAMATA RISPONDE<\/h3>\n<p><span style=\"color: #ff0000;\">GLI INTERVENTI DI IERI<\/span><\/p>\n<p><strong>CORTINA\u00a0<\/strong> Attorno alle 13 l&#8217;elicottero del Suem di Pieve di Cadore \u00e8 intervenuto al Rifugio Vandelli per un&#8217;escursionista che, cadendo nelle vicinanze, aveva riportato un sospetto trauma al volto. La donna, P.P., 54 anni, di Pasiano di Pordenone (PN), \u00e8 stata medicata e trasportata all&#8217;ospedale di Belluno.<\/p>\n<p><strong>AURONZO<\/strong>\u00a0 Il Soccorso alpino di Auronzo \u00e8 stato allertato per un bimbo che si era sentito poco bene. Nel percorrere con mamma e pap\u00e0 il sentiero numero 120, a met\u00e0 strada tra il Rifugio Col de Varda e il Carpi, il bambino, 5 anni, di Martellago (VE), aveva manifestato febbre improvvisa. Raggiunti da una squadra del Sagf in jeep, bimbo e genitori sono stati accompagnati fino alla loro macchina.<\/p>\n<p><strong>CORTINA<\/strong> Verso le 15 per un escursionista affaticato, impossibilitato a proseguire sul sentiero numero 402 che sale al Lagazuoi. Una squadra del Sagf ha raggiunto A.B., 66 anni, di Desio (MB), in fuoristrada e dopo averlo fatto salire a bordo assieme alla moglie, ha trasportato i coniugi al parcheggio dove avevano l&#8217;auto.<\/p>\n<p><strong>AURONZO\u00a0<\/strong> Attorno alle 16 l&#8217;elicottero del Suem di Pieve di Cadore \u00e8 stato inviato a Forcella Pian di Cengia, dove un&#8217;escursionista si era procurata un probabile trauma alla gamba. A causa del temporale in corso, l&#8217;eliambulanza ha sbarcato pi\u00f9 in basso il tecnico di elisoccorso, che ha raggiunto a piedi la donna, K.C., 44 anni, tedesca, a cui sono state prestate le prime cure grazie anche all&#8217;aiuto dei gestori del Rifugio e di altre persone. Non appena si \u00e8 aperto un varco l&#8217;elicottero \u00e8 tornato e ha imbarcato sempre in hovering tecnico e infortunata, che \u00e8 stata trasportata all&#8217;ospedale di Belluno.<\/p>\n<p><strong>CORTINA\u00a0<\/strong> Cordata di alpinisti in difficolt\u00e0 sul quarto tiro della Via del Buco, sul Piccolo Lagazuoi, a Cortina d&#8217;Ampezzo. La coppia, che aveva iniziato a calarsi con l&#8217;inizio della pioggia, era rimasta bloccata su una cengia per le corde incastrate nella roccia. L&#8217;eliambulanza ha individuato i due, M.S., 38 anni lui e L.K., 35 anni lei, entrambi di Trieste, e li ha recuperati e imbarcati in due rotazioni con un verricello di 40 metri. Trasportati al Passo Valparola, il personale sanitario si \u00e8 poi sincerato che stessero bene.<\/p>\n<p><strong>SELVA DI CADORE<\/strong> Il Soccorso alpino della Val Fiorentina \u00e8 stato allertato per una coppia bloccata dalla nebbia, un centinaio di metri sotto cima del Piz del Corvo, a Selva di Cadore, dove marito e moglie erano diretti. Una squadra \u00e8 partita in jeep verso localit\u00e0 Toffol per poi proseguire a piedi e andare incontro ai due, 57 e 54 anni, di Empoli che nel frattempo, dissoltasi la nebbia, avevano ricevuto indicazioni telefoniche per rientrare a valle. Quando i soccorritori hanno incrociato i coniugi, sono scesi con loro fino al fuoristrada e li hanno riaccompagnati alla loro residenza di villeggiatura.<\/p>\n<p><strong>CALALZO<\/strong> Il Soccorso alpino del Centro Cadore ha partecipato alla ricerca di un cinquantottenne di Longarone), allontanatosi dalla propria abitazione senza pi\u00f9 dare notizie di s\u00e9. I soccorritori hanno perlustrato\u00a0 un&#8217;area sotto la cella di Molina dove \u00e8 stato agganciato il segnale del suo cellulare l&#8217;ultima volta. In serata l&#8217;uomo \u00e8 stato rintracciato a Longarone. L&#8217;allarme \u00e8 quindi rientrato.<\/p>\n<p>&nbsp;<\/p>\n<p>&nbsp;<\/p>\n<h2><a class=\"dt-pswp-item\" href=\"http:\/\/www.radiopiu.net\/wordpress\/wp-content\/uploads\/2017\/08\/images-1.jpg\" data-dt-img-description=\"\" data-large_image_width=\"186\" data-large_image_height=\"271\"><img loading=\"lazy\" decoding=\"async\" class=\" wp-image-35803 alignleft\" src=\"http:\/\/www.radiopiu.net\/wordpress\/wp-content\/uploads\/2017\/08\/images-1.jpg\" alt=\"\" width=\"73\" height=\"106\" \/><\/a>CERIMONIA DI COMMEMORAZIONE PER FALCO<\/h2>\n<p><strong>CORTINA<\/strong>\u00a0 In occasione del decimo anniversario dalla tragedia di Falco, gioved\u00ec si terr\u00e0 la cerimonia di commemorazione a Rio Gere. La Santa Messa in memoria di Dario, Fabrizio, Marco e Stefano sar\u00e0 celebrata alle 15, nei pressi della cripta di Ru de ra Gieres. Dalle 13.30 sar\u00e0 attivo il servizio navetta da Passo Tre Croci. In caso di maltempo la messa sar\u00e0 officiata nel piazzale di Rio Gere.<\/p>\n<p>&nbsp;<\/p>\n<p>&nbsp;<\/p>\n<p>&nbsp;<\/p>\n<h3>10 MILA METRI CUBI D&#8217;ACQUA PER L&#8217;EMERGENZA E L&#8217;INNEVAMENTO<\/h3>\n<p><strong><a class=\"dt-pswp-item\" href=\"http:\/\/www.radiopiu.net\/wordpress\/wp-content\/uploads\/2019\/08\/06_1921-D05-A_Planimetria-progetto-1_page-0001.jpg\" data-dt-img-description=\"\" data-large_image_width=\"4967\" data-large_image_height=\"3509\"><img loading=\"lazy\" decoding=\"async\" class=\"size-medium wp-image-95833 alignleft\" src=\"http:\/\/www.radiopiu.net\/wordpress\/wp-content\/uploads\/2019\/08\/06_1921-D05-A_Planimetria-progetto-1_page-0001-300x212.jpg\" alt=\"\" width=\"300\" height=\"212\" srcset=\"https:\/\/www.radiopiu.net\/wordpress\/wp-content\/uploads\/2019\/08\/06_1921-D05-A_Planimetria-progetto-1_page-0001-300x212.jpg 300w, https:\/\/www.radiopiu.net\/wordpress\/wp-content\/uploads\/2019\/08\/06_1921-D05-A_Planimetria-progetto-1_page-0001-768x543.jpg 768w, https:\/\/www.radiopiu.net\/wordpress\/wp-content\/uploads\/2019\/08\/06_1921-D05-A_Planimetria-progetto-1_page-0001-1024x723.jpg 1024w\" sizes=\"auto, (max-width: 300px) 100vw, 300px\" \/><\/a><\/strong><\/p>\n<p><strong>GOSALDO<\/strong> Con 990 mila euro dei fondi di confine sar\u00e0 finanziato il bacino d&#8217;acqua a Forcella Aurine. Soddisfazione della Desma societ\u00e0 che ha valorizzato e rilanciato il colle negli ultimi due anni<\/p>\n<p>&nbsp;<\/p>\n<p>&nbsp;<\/p>\n<p><strong>di Gianni Santomaso\u00a0<\/strong><\/p>\n<audio class=\"wp-audio-shortcode\" id=\"audio-96110-4\" preload=\"none\" style=\"width: 100%;\" controls=\"controls\"><source type=\"audio\/mpeg\" src=\"http:\/\/www.radiopiu.net\/wordpress\/wp-content\/uploads\/2019\/08\/GIANNI-FORCELLA.mp3?_=4\" \/><a href=\"http:\/\/www.radiopiu.net\/wordpress\/wp-content\/uploads\/2019\/08\/GIANNI-FORCELLA.mp3\">http:\/\/www.radiopiu.net\/wordpress\/wp-content\/uploads\/2019\/08\/GIANNI-FORCELLA.mp3<\/a><\/audio>\n<p>&nbsp;<\/p>\n<p>&nbsp;<\/p>\n<p>&nbsp;<\/p>\n<p>&nbsp;<\/p>\n<h3>20 AGOSTO, LA VALLE DEL BIOIS RICORDA L&#8217;ECCIDIO DEL &#8217;44<\/h3>\n<blockquote><p><em> Sindaci dei Comuni di Canale d&#8217;Agordo, Falcade e Vallada Agordina (Flavio Colcergnan, Michele Costa e\u00a0 Fabio Ferdinando Luchetta) oggi commemoreranno\u00a0 il 75\u00b0 anniversario del 20 agosto 1944.<\/em><\/p><\/blockquote>\n<p><strong><a class=\"dt-pswp-item\" href=\"http:\/\/www.radiopiu.net\/wordpress\/wp-content\/uploads\/2019\/08\/image-3-1.jpg\" data-dt-img-description=\"\" data-large_image_width=\"558\" data-large_image_height=\"476\"><img loading=\"lazy\" decoding=\"async\" class=\"wp-image-96103 alignleft\" src=\"http:\/\/www.radiopiu.net\/wordpress\/wp-content\/uploads\/2019\/08\/image-3-1-300x256.jpg\" alt=\"\" width=\"196\" height=\"167\" srcset=\"https:\/\/www.radiopiu.net\/wordpress\/wp-content\/uploads\/2019\/08\/image-3-1-300x256.jpg 300w, https:\/\/www.radiopiu.net\/wordpress\/wp-content\/uploads\/2019\/08\/image-3-1.jpg 558w\" sizes=\"auto, (max-width: 196px) 100vw, 196px\" \/><\/a>VALLADA AGORDINA<\/strong><\/p>\n<p>Alle 15 Messa nella Chiesa di San Simon. Saluto del Sindaco di Vallada Agordina Fabio Ferdinando Luchetta.\u00a0 A seguire deposizione di una corona presso il cippo in ricordo del Senatore Attilio Tissi.<\/p>\n<p><strong>CANALE D\u2019AGORDO<\/strong><\/p>\n<p>Alle 16.15 Deposizione corona presso il monumento dei Caduti nel Cimitero di Canale d\u2019Agordo.\u00a0 Saluto del Sindaco di Canale d&#8217;Agordo Flavio Colcergnan.<\/p>\n<p><strong>FALCADE<\/strong><\/p>\n<p>Alle 16.45 Alzabandiera in Piazza Sandro Pertini a Caviola. Deposizione mazzo di fiori al monumento. Corteo e deposizione corona presso la lapide in Piazza XX Agosto a Caviola.\u00a0 Saluto del Sindaco di Falcade Michele Costa. Deposizione corona al cippo dei fucilati di Falcade sulla Piana.\u00a0 Deposizione di un mazzo di fiori al Monumento del Generale Tilman a Molin<\/p>\n<p>FOTO ARCHIVIO RADIOPIU<\/p>\n<p>&nbsp;<\/p>\n<p>&nbsp;<\/p>\n<p>&nbsp;<\/p>\n<h2>LA SCOMPARSA DI ROSETTA\u00a0 CAGNATI<\/h2>\n<p><strong>di GIANNI SANTOMASO<\/strong><\/p>\n<p><strong>CANALE D\u2019AGORDO.<\/strong> Con la morte di Rosa Cagnati, pi\u00f9 nota a tutti come Rosetta \u201cb\u00f3ra\u201d, avvenuta domenica mattina nel reparto lungodegenza dell\u2019ospedale di Agordo, se ne va uno degli ultimi autentici testimoni della Resistenza e della guerra nell\u2019Agordino. Un pezzo di storia che si stacca lasciando per\u00f2 nella comunit\u00e0 il ricordo di una donna forte e coraggiosa che, come ha detto il sindaco Flavio Colcergnan <em>\u00ab\u00e8 mancata proprio alla vigilia di quel tragico 20 agosto 1944 quando, a 18 anni, mentre era intenta alla fienagione in localit\u00e0 Vanedi\u00e9i, assistette al passaggio delle truppe naziste con i prigionieri e allo scempio che ne fecero quei criminali. Ci\u00f2 determin\u00f2 la sua scelta di aderire alla Resistenza (tra l\u2019estate \u201944 e la primavera \u201945, ndr), facendo la staffetta partigiana fra inimmaginabili rischi e pericoli per la propria vita. Senza dimenticare il coraggio di essere se stessa e coerente con i propri ideali dimostrato poi nel ricoprire il ruolo di primo segretario della sezione di Canale del Partito comunista con il comprensibile ostracismo di quei tempi specie nei confronti di una donna\u00bb. <\/em>Era nata a Canale d\u2019Agordo nel 1926 e il 28 agosto avrebbe compiuto 93 anni. Ultima di cinque fratelli<em>, \u00abfu presto dedita al lavoro e al sacrificio\u00bb, c<\/em>ome ricorda la figlia Giulia, nata dal suo matrimonio con Primo Fiocco, <em>\u00ab\u201cfacendo le stagioni\u201d, come si suol dire, per aiutare la famiglia\u00bb. \u00abUna donna laboriosa\u00bb, sottolinea Giulia, \u00abinfaticabile finch\u00e9 le forze non le sono mancate. Il lavoro era per lei un valore e non si risparmiava. Perfino nei periodi di riposo non poteva starsene con le mani in mano. Amava profondamente questi luoghi, queste montagne, l\u2019 ambiente naturale. Quando ancora non si parlava di ecologia, lei era convinta che il territorio e l\u2019ambiente andassero custoditi, curati, preservati con ogni mezzo\u00bb. <\/em>Fu come altre donne di questi paesi una \u00abvedova bianca\u00bb perch\u00e9 il marito, meccanico, lavor\u00f2 a lungo lontano da casa. In merito alla sua partecipazione alla lotta partigiana<em> \u00abEra molto orgogliosa di questa sua esperienza\u00bb, <\/em>aggiunge la figlia<em> \u00abIn certe occasioni aveva avuto paura, ma in lei era anche maturata la convinzione che il suo poteva essere un piccolo ma non insignificante contributo alla Liberazione e alla costruzione di una societ\u00e0 nuova, pi\u00f9 democratica e giusta\u00bb.<br \/>\n<\/em>Il funerale si svolger\u00e0 in forma civile: una semplice cerimonia di saluto al cimitero di Canale d\u2019 Agordo, domani\u00a0 alle 14.30, con interventi di Loris Serafini e Flavio Colcergnan, quindi la salma proseguir\u00e0 per la cremazione.\u00a0<em><br \/>\n<\/em><\/p>\n<p><span style=\"color: #ff0000;\"><strong>il ricordo di Claudia Cattadori<\/strong><\/span><\/p>\n<blockquote><p><em><strong><a class=\"dt-pswp-item\" href=\"http:\/\/www.radiopiu.net\/wordpress\/wp-content\/uploads\/2019\/08\/CANALE-DAGORDO-Rosetta-Cagnati.jpg\" data-dt-img-description=\"\" data-large_image_width=\"1182\" data-large_image_height=\"958\"><img loading=\"lazy\" decoding=\"async\" class=\" wp-image-96145 alignleft\" src=\"http:\/\/www.radiopiu.net\/wordpress\/wp-content\/uploads\/2019\/08\/CANALE-DAGORDO-Rosetta-Cagnati-300x243.jpg\" alt=\"\" width=\"265\" height=\"215\" srcset=\"https:\/\/www.radiopiu.net\/wordpress\/wp-content\/uploads\/2019\/08\/CANALE-DAGORDO-Rosetta-Cagnati-300x243.jpg 300w, https:\/\/www.radiopiu.net\/wordpress\/wp-content\/uploads\/2019\/08\/CANALE-DAGORDO-Rosetta-Cagnati-768x622.jpg 768w, https:\/\/www.radiopiu.net\/wordpress\/wp-content\/uploads\/2019\/08\/CANALE-DAGORDO-Rosetta-Cagnati-1024x830.jpg 1024w, https:\/\/www.radiopiu.net\/wordpress\/wp-content\/uploads\/2019\/08\/CANALE-DAGORDO-Rosetta-Cagnati.jpg 1182w\" sizes=\"auto, (max-width: 265px) 100vw, 265px\" \/><\/a>CANALE D&#8217;AGORDO<\/strong> Oggi ho ricevuto, dalla Dr. Ester Cason Angelini, la triste notizia della scomparsa recentissima di Rosetta Cagnati di Canale d&#8217;Agordo. Una donna straordinaria, una tempra d&#8217;altri tempi&#8230; Ho incontrato Rosetta nel 2000 mentre stavo scrivendo la Tesi di Laurea sulla Missione alleata Simia. Una persona energica, piena di entusiasmo per la vita, dalla voce squillante, ferma e decisa. Era orgogliosa, Rosetta, di raccontare la sua esperienza come staffetta tra le fila della Resistenza. Amava essere ricordata con il suo nome di battaglia &#8220;Cici&#8221;. Aveva prestato aiuto alla Missione Inglese Simia (guidata dal Maggiore Tilman) che nel febbraio 1945 si trovava in Valle di Gares per organizzare dei rifornimenti aerei in favore della Resistenza locale. Nel nostro lungo incontro, incentrato appunto sulla Missione Simia, &#8220;Cici&#8221; racconta: Io ero una staffetta. Portavo loro i messaggi dei Partigiani di Canale. Potevo entrare nella loro capanna solo usando una parola d\u2019ordine ben precisa: \u201cPolenta e formai\u201d. Loro erano molto sospettosi, anche perch\u00e9 avevano tanti segreti&#8230; Io certo non li sapevo&#8230; Quando se ne sono andati, io e una mia amica abbiamo portato i loro bagagli, la roba militare, a Bolzano Bellunese. Quando siamo arrivate a Cencenighe dovevamo superare il posto di blocco tedesco.\u00a0 I tedeschi avevano perquisito tutte le valige delle persone che erano prima di noi, ma per fortuna le nostre valige non le hanno guardate&#8230; L\u2019autista della corriera ci ha fatto scendere poco prima della Caserma di Belluno, dove c\u2019era un altro posto di blocco tedesco. Noi abbiamo preso una strada secondaria e siamo arrivate a Bolzano Bellunese, dove abbiamo lasciato i bagagli. Riporto un altro episodio raccontatomi da &#8220;Cici&#8221; che ben mette in luce i rischi corsi dalle staffette Partigiane che, va ricordato, erano donne di grande coraggio: Una sera, io mi spostavo sempre di notte, sono andata alla capanna per dire alla Missione che i Tedeschi erano a Canale.\u00a0 <\/em><em>Quando me ne dovevo ritornare a casa, loro volevano accompagnarmi. Il Maggiore era molto sospettoso, aveva paura che i Tedeschi mi potessero scoprire.\u00a0 Mentre tornavo a casa ho trascinato dietro di me alcuni rami di pino, in modo che le mie impronte sulla neve si cancellassero e i Tedeschi pensassero che quelle fossero tracce di una slitta&#8230; C\u2019era tanta neve&#8230; Dovevamo usare anche queste astuzie per non essere scoperti&#8230; <\/em><em>Ciao cara Rosetta, porter\u00f2 sempre nel cuore la tua energia, il tuo entusiasmo per la vita e la tua fierezza di Staffetta Partigiana.<\/em><\/p><\/blockquote>\n<p>&nbsp;<\/p>\n<p>&nbsp;<\/p>\n<p>&nbsp;<\/p>\n<h3>Quando anche la \u201ccivilt\u00e0\u201d va in vacanza<\/h3>\n<p><strong>da Susy Dan<\/strong><\/p>\n<blockquote><p><em><strong>FALCADE\u00a0<\/strong> Il termine \u201cvacanza\u201d, dal latino vacantia, indica la temporanea sospensione di attivit\u00e0 di lavoro, di studio, ecc. E\u2019 sinonimo di riposo e, ancor pi\u00f9, di libert\u00e0. E quindi ecco che finalmente arriva la benedetta, invocata, attesa vacanza. Spesso vacanza da tutto, per\u00f2, anche dalle pi\u00f9 elementari regole di convivenza e di civilt\u00e0. Succede a Fregona, il 16 agosto. Siamo nel pieno della vacanza e tutto \u00e8 permesso. Il cane di alcuni vacanzieri infila la porta di casa e scappa. E\u2019 un cane da caccia e gli odori che sente sono davvero irresistibili. Non solo quelli degli animali che popolano il bosco su cui si affaccia la casa ma anche quelli degli animali domestici degli altri condomini. Insegue la nostra gatta, che \u00e8 una \u201cdi montagna\u201d e riesce a salvarsi salendo su un albero. Quella dei nostri amici \u00e8 pi\u00f9 sfortunata, \u00e8 una gatta \u201cdi citt\u00e0\u201d. Il cane trova in lei una preda pi\u00f9 facile. La \u201cincantona\u201d sotto la nostra terrazza. E\u2019 fatta. Sotto gli occhi inorriditi del suo padrone, che invano si butta sul cane per strappargli la gatta dalla bocca, di altri condomini e dei loro ospiti, di vari bambini. Certo, un incidente pu\u00f2 capitare e, forse, si riesce a perdonare, anche se lo spettacolo e la perdita sono stati atroci. Quello che non si pu\u00f2 perdonare \u00e8 l\u2019indifferenza dei proprietari del cane, la loro assoluta mancanza di sensibilit\u00e0. Non una parola, n\u00e9 quel giorno n\u00e9 nei successivi, nemmeno per scusarsi. Che diamine! Siamo in vacanza. In fondo era \u201csolo\u201d un gatto\u2026<\/em><\/p><\/blockquote>\n<p>&nbsp;<\/p>\n<p>&nbsp;<\/p>\n<p>&nbsp;<\/p>\n<h3>BANDA LARGA Procedono i lavori per cablaggio del territorio<\/h3>\n<blockquote><p><strong>Cantieri aperti in 22 comuni e pronti a partire in altri 10\u00a0<\/strong><\/p><\/blockquote>\n<p style=\"text-align: left;\"><strong><a class=\"dt-pswp-item\" href=\"http:\/\/www.radiopiu.net\/wordpress\/wp-content\/uploads\/2019\/08\/WhatsApp-Image-2019-08-19-at-05.10.35.jpeg\" data-dt-img-description=\"\" data-large_image_width=\"1599\" data-large_image_height=\"799\"><img loading=\"lazy\" decoding=\"async\" class=\" wp-image-96077 alignleft\" src=\"http:\/\/www.radiopiu.net\/wordpress\/wp-content\/uploads\/2019\/08\/WhatsApp-Image-2019-08-19-at-05.10.35-300x150.jpeg\" alt=\"\" width=\"130\" height=\"65\" srcset=\"https:\/\/www.radiopiu.net\/wordpress\/wp-content\/uploads\/2019\/08\/WhatsApp-Image-2019-08-19-at-05.10.35-300x150.jpeg 300w, https:\/\/www.radiopiu.net\/wordpress\/wp-content\/uploads\/2019\/08\/WhatsApp-Image-2019-08-19-at-05.10.35-768x384.jpeg 768w, https:\/\/www.radiopiu.net\/wordpress\/wp-content\/uploads\/2019\/08\/WhatsApp-Image-2019-08-19-at-05.10.35-1024x512.jpeg 1024w, https:\/\/www.radiopiu.net\/wordpress\/wp-content\/uploads\/2019\/08\/WhatsApp-Image-2019-08-19-at-05.10.35.jpeg 1599w\" sizes=\"auto, (max-width: 130px) 100vw, 130px\" \/><\/a>BELLUNO\u00a0<\/strong> Procede come da programma il lavoro di costruzione della banda larga in fibra ottica in tutti i comuni della provincia di Belluno. Il report periodico di Infratel Italia Spa, la societ\u00e0 del Ministero dello Sviluppo Economico incaricata di attuare i piani <a class=\"dt-pswp-item\" href=\"http:\/\/www.radiopiu.net\/wordpress\/wp-content\/uploads\/2016\/01\/slider_01-roger-de-menech-07-07-620x248-e1454393337533.jpg\" data-dt-img-description=\"\" data-large_image_width=\"620\" data-large_image_height=\"248\"><img loading=\"lazy\" decoding=\"async\" class=\" wp-image-16099 alignright\" src=\"http:\/\/www.radiopiu.net\/wordpress\/wp-content\/uploads\/2016\/01\/slider_01-roger-de-menech-07-07-620x248-e1454393337533-300x120.jpg\" alt=\"\" width=\"248\" height=\"99\" \/><\/a>banda larga e ultra larga del governo, indica a inizio luglio che sono in esecuzione i lavori di cablaggio in 22 Comuni bellunesi. Hanno gi\u00e0 completato l\u2019iter della progettazione e sono in attesa delle necessarie autorizzazioni altri 10 Comuni e i cantieri sono dunque prossimi a iniziare, mentre ulteriori 23 hanno il progetto definitivo approvato e 6 lo stanno approvando. Gi\u00e0 concluse le opere invece a Soverzene e a La Valle Agordina.<\/p>\n<p><strong>ROGER DE MENECH<\/strong><\/p>\n<audio class=\"wp-audio-shortcode\" id=\"audio-96110-5\" preload=\"none\" style=\"width: 100%;\" controls=\"controls\"><source type=\"audio\/mpeg\" src=\"http:\/\/www.radiopiu.net\/wordpress\/wp-content\/uploads\/2019\/08\/ROGER.mp3?_=5\" \/><a href=\"http:\/\/www.radiopiu.net\/wordpress\/wp-content\/uploads\/2019\/08\/ROGER.mp3\">http:\/\/www.radiopiu.net\/wordpress\/wp-content\/uploads\/2019\/08\/ROGER.mp3<\/a><\/audio>\n<p>&nbsp;<\/p>\n<p>&nbsp;<\/p>\n<h2>PLATEA MAGNA: altri 3 progetti in dirittura d&#8217;arrivo.<\/h2>\n<p><strong><a class=\"dt-pswp-item\" href=\"http:\/\/www.radiopiu.net\/wordpress\/wp-content\/uploads\/2019\/08\/WhatsApp-Image-2019-08-19-at-14.49.58.jpeg\" data-dt-img-description=\"\" data-large_image_width=\"1328\" data-large_image_height=\"747\"><img loading=\"lazy\" decoding=\"async\" class=\" wp-image-96119 alignleft\" src=\"http:\/\/www.radiopiu.net\/wordpress\/wp-content\/uploads\/2019\/08\/WhatsApp-Image-2019-08-19-at-14.49.58-300x169.jpeg\" alt=\"\" width=\"218\" height=\"123\" srcset=\"https:\/\/www.radiopiu.net\/wordpress\/wp-content\/uploads\/2019\/08\/WhatsApp-Image-2019-08-19-at-14.49.58-300x169.jpeg 300w, https:\/\/www.radiopiu.net\/wordpress\/wp-content\/uploads\/2019\/08\/WhatsApp-Image-2019-08-19-at-14.49.58-768x432.jpeg 768w, https:\/\/www.radiopiu.net\/wordpress\/wp-content\/uploads\/2019\/08\/WhatsApp-Image-2019-08-19-at-14.49.58-1024x576.jpeg 1024w, https:\/\/www.radiopiu.net\/wordpress\/wp-content\/uploads\/2019\/08\/WhatsApp-Image-2019-08-19-at-14.49.58.jpeg 1328w\" sizes=\"auto, (max-width: 218px) 100vw, 218px\" \/><\/a>FELTRE<\/strong> Prosegue il cammino del progetto &#8220;Platea Magna&#8221; per il recupero strutturale e funzionale di alcuni gioielli architettonici, storici e culturali della cittadella. Dopo la consegna alla citt\u00e0, avvenuta nel corso del 2018, della Torre dell&#8217;Orologio, di Piazzetta delle Biade e del Pozzetto, restituiti al loro antico splendore, anche il 2019 porta con s\u00e8 importanti novit\u00e0. In autunno partiranno infatti i lavori del restauro conservativo degli elementi lapidei di Piazza Maggiore ammalorati dal tempo, mentre i primi mesi del prossimo anno vedranno operativi i cantieri per il restauro delle Fontane Lombardesche, che torneranno ad essere funzionanti, e della Torre del Campanon. Tutto questo senza contare il proseguimento dell&#8217;iter per il completamento dei lavori sul Teatro de la Sena che porter\u00e0 il gioiello cittadino alla sua capienza ottimale di circa 300 posti. Nei giorni scorsi \u00e8 stato anche affidato l&#8217;incarico per la progettazione dell&#8217;intervento sul Belvedere.<\/p>\n<p><strong>L&#8217;ASSESSORE ADIS ZATTA<\/strong><\/p>\n<audio class=\"wp-audio-shortcode\" id=\"audio-96110-6\" preload=\"none\" style=\"width: 100%;\" controls=\"controls\"><source type=\"audio\/mpeg\" src=\"http:\/\/www.radiopiu.net\/wordpress\/wp-content\/uploads\/2019\/08\/zatta-1.mp3?_=6\" \/><a href=\"http:\/\/www.radiopiu.net\/wordpress\/wp-content\/uploads\/2019\/08\/zatta-1.mp3\">http:\/\/www.radiopiu.net\/wordpress\/wp-content\/uploads\/2019\/08\/zatta-1.mp3<\/a><\/audio>\n<p><strong>ASSESSORE ALESSANDRO DEL BIANCO<\/strong><\/p>\n<audio class=\"wp-audio-shortcode\" id=\"audio-96110-7\" preload=\"none\" style=\"width: 100%;\" controls=\"controls\"><source type=\"audio\/mpeg\" src=\"http:\/\/www.radiopiu.net\/wordpress\/wp-content\/uploads\/2019\/08\/assessore-2.mp3?_=7\" \/><a href=\"http:\/\/www.radiopiu.net\/wordpress\/wp-content\/uploads\/2019\/08\/assessore-2.mp3\">http:\/\/www.radiopiu.net\/wordpress\/wp-content\/uploads\/2019\/08\/assessore-2.mp3<\/a><\/audio>\n<p>&nbsp;<\/p>\n<p>&nbsp;<\/p>\n<h2>IL BENVENUTO DI ALLEGHE ALLA UMANA REYER VENEZIA<\/h2>\n<p><a class=\"dt-pswp-item\" href=\"http:\/\/www.radiopiu.net\/wordpress\/wp-content\/uploads\/2019\/08\/REYER-ALLEGHE-2019.jpeg\" data-dt-img-description=\"\" data-large_image_width=\"1024\" data-large_image_height=\"576\"><img loading=\"lazy\" decoding=\"async\" class=\"wp-image-96144 alignleft\" src=\"http:\/\/www.radiopiu.net\/wordpress\/wp-content\/uploads\/2019\/08\/REYER-ALLEGHE-2019-1024x576.jpeg\" alt=\"\" width=\"362\" height=\"203\" srcset=\"https:\/\/www.radiopiu.net\/wordpress\/wp-content\/uploads\/2019\/08\/REYER-ALLEGHE-2019.jpeg 1024w, https:\/\/www.radiopiu.net\/wordpress\/wp-content\/uploads\/2019\/08\/REYER-ALLEGHE-2019-300x169.jpeg 300w, https:\/\/www.radiopiu.net\/wordpress\/wp-content\/uploads\/2019\/08\/REYER-ALLEGHE-2019-768x432.jpeg 768w\" sizes=\"auto, (max-width: 362px) 100vw, 362px\" \/><\/a><\/p>\n<p>I campioni italiani di basket della Umana Reyer Venezia sono arrivati ad Alleghe per il ritiro estivo dedicato alla preparazione in vista della prossima stagione. La squadra allenata da Walter De Raffaele rimarr\u00e0 sotto al Civetta per un&#8217;intera settimana con programmati degli allenamenti all&#8217;aperto presso il campo sportivo di Boscoverde a Rocca Pietore e alla palestra di Caprile.<\/p>\n<p>Ieri sera in Piazza Kennedy ad Alleghe la presentazione del roster che parteciper\u00e0 al prossimo Campionato Italiano di Serie A.<\/p>\n<p><strong>LE INTERVISTE RACCOLTE DA ERWIN RONCHI<\/strong><\/p>\n<audio class=\"wp-audio-shortcode\" id=\"audio-96110-8\" preload=\"none\" style=\"width: 100%;\" controls=\"controls\"><source type=\"audio\/mpeg\" src=\"http:\/\/www.radiopiu.net\/wordpress\/wp-content\/uploads\/2019\/08\/REYER-INTERVISTE-MONTATE.mp3?_=8\" \/><a href=\"http:\/\/www.radiopiu.net\/wordpress\/wp-content\/uploads\/2019\/08\/REYER-INTERVISTE-MONTATE.mp3\">http:\/\/www.radiopiu.net\/wordpress\/wp-content\/uploads\/2019\/08\/REYER-INTERVISTE-MONTATE.mp3<\/a><\/audio>\n<p>&nbsp;<\/p>\n<p><strong>LA DIRETTA FACEBOOK DI RADIO PIU&#8217;<\/strong><\/p>\n<div id=\"fb-root\"><\/div>\n<p><script async=\"1\" defer=\"1\" crossorigin=\"anonymous\" src=\"https:\/\/connect.facebook.net\/it_IT\/sdk.js#xfbml=1&amp;version=v6.0\"><\/script><\/p>\n<div class=\"fb-video\" data-href=\"https:\/\/www.facebook.com\/marcobaghy\/videos\/10219759008549732\/\" data-width=\"1200\">\n<blockquote cite=\"https:\/\/www.facebook.com\/marcobaghy\/videos\/10219759008549732\/\" class=\"fb-xfbml-parse-ignore\"><p><a href=\"https:\/\/www.facebook.com\/marcobaghy\/videos\/10219759008549732\/\"><\/a><\/p>\n<p>Pubblicato da <a href=\"https:\/\/www.facebook.com\/marcobaghy\">Marco Gaz<\/a> su Luned\u00ec 19 agosto 2019<\/p><\/blockquote>\n<\/div>\n<p>&nbsp;<\/p>\n<p>&nbsp;<\/p>\n<p>&nbsp;<\/p>\n<h3><a class=\"dt-pswp-item\" href=\"http:\/\/www.radiopiu.net\/wordpress\/wp-content\/uploads\/2019\/08\/68954652_10220533952885658_9190888086798598144_n.jpg\" data-dt-img-description=\"\" data-large_image_width=\"676\" data-large_image_height=\"960\"><img loading=\"lazy\" decoding=\"async\" class=\"wp-image-96117 alignleft\" src=\"http:\/\/www.radiopiu.net\/wordpress\/wp-content\/uploads\/2019\/08\/68954652_10220533952885658_9190888086798598144_n-211x300.jpg\" alt=\"\" width=\"117\" height=\"167\" srcset=\"https:\/\/www.radiopiu.net\/wordpress\/wp-content\/uploads\/2019\/08\/68954652_10220533952885658_9190888086798598144_n-211x300.jpg 211w, https:\/\/www.radiopiu.net\/wordpress\/wp-content\/uploads\/2019\/08\/68954652_10220533952885658_9190888086798598144_n.jpg 676w\" sizes=\"auto, (max-width: 117px) 100vw, 117px\" \/><\/a>&#8220;La Val Belluna Vista con gli occhi di chi l&#8217;ha raccontata&#8221;<\/h3>\n<p>Domani alle\u00a0 20.45, si terr\u00e0 presso l&#8217;area Pian Falcina in Val Del Mis, un suggestivo evento intitolato &#8220;La Val Belluna Vista con gli occhi di chi l&#8217;ha raccontata&#8221;. Si susseguiranno le letture di 4 personaggi che hanno segnato la storia della\u00a0 valle: Tina Merlin, Ettore Castiglioni, Dino Buzzati e Pierina Boranga. La cornice sar\u00e0 quella dell&#8217;anfiteatro della Valle del Mis. Con le musiche di Luca Musolesi e le quattro voci: Silvana Vignaga, Elena Tormen, Lorenzo Zannin, Sisto Gusatto.<\/p>\n<p>&nbsp;<\/p>\n<p>&nbsp;<\/p>\n<p>&nbsp;<\/p>\n<p>&nbsp;<\/p>\n<p>&nbsp;<\/p>\n<p>&nbsp;<\/p>\n<h3>AI PIEDI DELLE TRE CIME NEL RICORDO DAI 150 ANNI DALLA PRIMA SCALATA ALLA GRANDE DI LAVAREDO<\/h3>\n<p><b><a class=\"dt-pswp-item\" href=\"http:\/\/www.radiopiu.net\/wordpress\/wp-content\/uploads\/2019\/08\/christoph-hainz-via-grohmann-hainz-giugno-2019-1.jpg\" data-dt-img-description=\"\" data-large_image_width=\"1500\" data-large_image_height=\"1125\"><img loading=\"lazy\" decoding=\"async\" class=\"size-medium wp-image-96112 alignleft\" src=\"http:\/\/www.radiopiu.net\/wordpress\/wp-content\/uploads\/2019\/08\/christoph-hainz-via-grohmann-hainz-giugno-2019-1-300x225.jpg\" alt=\"\" width=\"300\" height=\"225\" srcset=\"https:\/\/www.radiopiu.net\/wordpress\/wp-content\/uploads\/2019\/08\/christoph-hainz-via-grohmann-hainz-giugno-2019-1-300x225.jpg 300w, https:\/\/www.radiopiu.net\/wordpress\/wp-content\/uploads\/2019\/08\/christoph-hainz-via-grohmann-hainz-giugno-2019-1-768x576.jpg 768w, https:\/\/www.radiopiu.net\/wordpress\/wp-content\/uploads\/2019\/08\/christoph-hainz-via-grohmann-hainz-giugno-2019-1-1024x768.jpg 1024w, https:\/\/www.radiopiu.net\/wordpress\/wp-content\/uploads\/2019\/08\/christoph-hainz-via-grohmann-hainz-giugno-2019-1.jpg 1500w\" sizes=\"auto, (max-width: 300px) 100vw, 300px\" \/><\/a>AURONZO <\/b>Domani la sezione cadorina di Auronzo del Club alpino italiano celebrer\u00e0 ufficialmente i 150 anni dalla prima ascensione per la via normale alla Cima Grande di Lavaredo. Celebrer\u00e0, in particolare, \u00a0Paul Grohmann, il viennese \u00a0che riveste un&#8217;importanza notevolissima per quanto riguarda la storia dell&#8217;alpinismo sulle Dolomiti e che sulla Grande sal\u00ec il 21 agosto del 1869.\u00a0 \u00a0La sezione guidata da Stefano Muzzi propone due momenti. Il primo \u00e8 fissato per le 15 nei pressi della chiesetta della Madonna della Croda, sul sentiero che collega il rifugio Auronzo al rifugio Lavaredo. Qui lo storico Wolfang Strobl illustrer\u00e0 la figura di Paul Grohmann, mettendo in rilievo in particolare l&#8217;impresa di un secolo e mezzo fa alle Tre Cime. Alle 16.30, poi, nell&#8217;aula didattica del rifugio Auronzo, l&#8217;alpinista pusterese Chrisoph Hainz presenter\u00e0 in anteprima il filmato realizzato sulla &#8220;Grohmann \u2013 Hainz&#8221;, la nuova via che egli stesso ha aperto sulla Grande proprio per omaggiare l&#8217;alpinista viennese.<\/p>\n<p>&nbsp;<\/p>\n<p>&nbsp;<\/p>\n<p>&nbsp;<\/p>\n<blockquote><p>&nbsp;<\/p><\/blockquote>\n<h3>POST TEMPESTA VAIA, BRUGNONI (AIEL) E BUSSONE (UNCEM): &#8220;TURISTI IN VACANZA HANNO VISTO LA PIU&#8217; GRANDE CATASTROFE DELLE FORESTE ITALIANE.<\/h3>\n<p><a class=\"dt-pswp-item\" href=\"http:\/\/www.radiopiu.net\/wordpress\/wp-content\/uploads\/2018\/12\/argentera_ferrere-3.jpg\" data-dt-img-description=\"\" data-large_image_width=\"865\" data-large_image_height=\"330\"><img loading=\"lazy\" decoding=\"async\" class=\"alignnone wp-image-71005 size-full\" src=\"http:\/\/www.radiopiu.net\/wordpress\/wp-content\/uploads\/2018\/12\/argentera_ferrere-3.jpg\" alt=\"\" width=\"865\" height=\"330\" srcset=\"https:\/\/www.radiopiu.net\/wordpress\/wp-content\/uploads\/2018\/12\/argentera_ferrere-3.jpg 865w, https:\/\/www.radiopiu.net\/wordpress\/wp-content\/uploads\/2018\/12\/argentera_ferrere-3-300x114.jpg 300w, https:\/\/www.radiopiu.net\/wordpress\/wp-content\/uploads\/2018\/12\/argentera_ferrere-3-768x293.jpg 768w\" sizes=\"auto, (max-width: 865px) 100vw, 865px\" \/><\/a><\/p>\n<p>Sono centinaia di migliaia i turisti che in questi mesi estivi hanno scoperto e visto con i loro occhi gli effetti drammatici della tempesta Vaia. 41 mila ettari di boschi rasi al suolo, 16 milioni di alberi, 8,6 milioni di metri cubi di legno abbattuti in pochi minuti da raffiche di vento fino a 190 Km all&#8217;ora, valli alpine di quattro Regioni coinvolte, Trentino Alto Adige, Veneto, Lombardia e Friuli Venezia Giulia. &#8220;Chi \u00e8 salito nelle valli, nelle localit\u00e0 turistiche, negli alberghi e nei rifugi, percorrendo sulle strade asfaltate e i sentieri ha visto gli effetti della pi\u00f9 grande catastrofe forestale italiana. L&#8217;aveva distrattamente guardata in tv, non ne aveva forse capito la portata&#8230; ma vedendola direttamente, sulle montagne che \u00e8 abituato a frequentare per svago, sport e relax, il turista ha scoperto quanto sia grave e quanto sia necessario intervenire sull&#8217;intero sistema, senza perdere tempo&#8221;, affermano Domenico Brugnoni, presidente Aiel, Associazione italiana Energie agroforestali, e Marco Bussone, Presidente nazionale Uncem.\u00a0 Aiel e Uncem, insieme sono impegnate su numerosi fronti istituzionali e operativi lungo la filiera forestale. Il post-emergenza Vaia \u00e8 uno di questi, in stretto accordo con le Universit\u00e0 e i soggetti istituzionali che se ne stanno occupando. &#8220;In diverse occasioni di convegni ed eventi dedicati al ripristino di quei boschi abbiamo evidenziato come la tempesta Vaia sia un effetto dei cambiamenti climatici in atto &#8211; puntualizzano Bussone e Brugnoni &#8211; Non \u00e8 un evento isolato, potr\u00e0 ripetersi, e dobbiamo farci trovare preparati. Questo va spiegato a tutto il Paese, non solo agli addetti ai lavori&#8221;. In questo caldo agosto per la politica italiana, chiediamo ai rappresentanti istituzionali di fare tre cos. &#8220;Primo punto &#8211; sottolineano congiuntamente i vertici di Uncem e Aiel &#8211; \u00e8 proprio legato al ruolo delle Istituzioni. Nel post tempesta Vaia hanno agito non sempre dialogando e confrontandosi attorno alle soluzioni. Lo scolitide dell&#8217;Abete Rosso, principale insetto che minaccia il legname schiantato, oggi rischia di compromettere anche le foreste dei territori colpiti rimaste in piedi. Per questo proponiamo che in sede di Ministero per le Politiche agricole e forestali debba essere convocato urgentemente un tavolo con Regioni, Enti locali, rappresentanti di imprese, Associazioni e Universit\u00e0 per fare il punto su cosa si sta facendo e cosa va fatto&#8221; Secondo fronte quello della comunicazione. &#8220;Serve una campagna informativa attorno al settore forestale fatta dalla tv pubblica e da tutti i media &#8211; proseguono Brugnoni e Bussone &#8211; I turisti arrivati in questi giorni nelle Valli sanno pochissimo o niente di quanto successo e quanto si sta facendo per gestire quella porzione di patrimonio forestale danneggiato ma non inutile. \u00c8 anche molto importante far comprendere che questo grave evento non deve togliere attenzione al tema pi\u00f9 generale della gestione attiva dell\u2019intero nostro patrimonio forestale costituito da 11 milioni di ettari di boschi, pi\u00f9 di un terzo di tutta la superficie del nostro paese, che vanno governati e non abbandonati. Solo cos\u00ec potranno essere valorizzati i beni che ci fornisce il bosco i servizi ecosistemici e lo sviluppo locale&#8221;. Il recente Rapporto annuale sulle Foreste coordinato dalla Direzione Foreste del Ministero dell&#8217;Agricoltura \u00e8 un esempio positivo che va esteso nel tempo e nei contenuti e pu\u00f2 essere una base utile per trasferire al grande pubblico informazioni e approfondimenti.\u00a0 Ultimo ambito urgente di azione, quello legato all&#8217;attuazione del Testo Unico forestale. &#8220;Vaia ci insegna &#8211; aggiungono Brugnoni e Bussone &#8211; che un bosco gestito, \u00e8 pi\u00f9 resiliente ma serve anche un Piano per la gestione degli eventi estremi e un adeguamento della pianificazione forestale per affrontare nel lungo periodo situazioni analoghe. Come Uncem e Aiel ci impegniamo a dare il nostro contributo\u00a0 nei tavoli tecnici\u00a0 a supporto della predisposizione dei\u00a0 decreti attuativi della nuova legge forestale nazionale, in particolare sulla Strategia forestale. Ringraziamo il team che sta lavorando su questi temi. Faremo la nostra parte, dobbiamo lavorare celermente e senza lasciare nulla al caso. Il sistema forestale italiano ha bisogno di gestione, comunicazione, strategie chiare, condivise, conosciute dagli Italiani&#8221;.<\/p>\n<h3><\/h3>\n<h3><\/h3>\n<h3><\/h3>\n<p>&nbsp;<\/p>\n<blockquote><p>&nbsp;<\/p><\/blockquote>\n<blockquote class=\"wp-embedded-content\" data-secret=\"vH8Q6bQ5lF\"><p><a href=\"http:\/\/www.radiopiu.net\/wordpress\/gli-anniversari-per-sei-chiese-e-1-dedicazione-per-formegan-di-renato-bona\/\">GLI ANNIVERSARI PER SEI CHIESE E 1. DEDICAZIONE PER FORMEGAN di RENATO BONA<\/a><\/p><\/blockquote>\n<p><iframe loading=\"lazy\" title=\"&#8220;GLI ANNIVERSARI PER SEI CHIESE E 1. DEDICAZIONE PER FORMEGAN di RENATO BONA&#8221; &#8212; Radio Pi\u00f9\" class=\"wp-embedded-content\" sandbox=\"allow-scripts\" security=\"restricted\" style=\"position: absolute; clip: rect(1px, 1px, 1px, 1px);\" src=\"http:\/\/www.radiopiu.net\/wordpress\/gli-anniversari-per-sei-chiese-e-1-dedicazione-per-formegan-di-renato-bona\/embed\/#?secret=vH8Q6bQ5lF\" data-secret=\"vH8Q6bQ5lF\" width=\"600\" height=\"338\" frameborder=\"0\" marginwidth=\"0\" marginheight=\"0\" scrolling=\"no\"><\/iframe><\/p>\n<p>&nbsp;<\/p>\n<p>&nbsp;<\/p>\n<p>&nbsp;<\/p>\n<blockquote class=\"wp-embedded-content\" data-secret=\"xiqqVEFLdh\"><p><a href=\"http:\/\/www.radiopiu.net\/wordpress\/viabilita-feltrina-il-questionario-della-fiab-feltreinbici-e-pst-feltre\/\">VIABILITA&#8217; FELTRINA, IL QUESTIONARIO DELLA FIAB FELTREINBICI E PST FELTRE<\/a><\/p><\/blockquote>\n<p><iframe loading=\"lazy\" title=\"&#8220;VIABILITA&#8217; FELTRINA, IL QUESTIONARIO DELLA FIAB FELTREINBICI E PST FELTRE&#8221; &#8212; Radio Pi\u00f9\" class=\"wp-embedded-content\" sandbox=\"allow-scripts\" security=\"restricted\" style=\"position: absolute; clip: rect(1px, 1px, 1px, 1px);\" src=\"http:\/\/www.radiopiu.net\/wordpress\/viabilita-feltrina-il-questionario-della-fiab-feltreinbici-e-pst-feltre\/embed\/#?secret=xiqqVEFLdh\" data-secret=\"xiqqVEFLdh\" width=\"600\" height=\"338\" frameborder=\"0\" marginwidth=\"0\" marginheight=\"0\" scrolling=\"no\"><\/iframe><\/p>\n<p>&nbsp;<\/p>\n<p>&nbsp;<\/p>\n<div>\n<h3>L&#8217;EVENTO AUTUNNALE 5 6 OTTOBRE&#8230; DOLOMITES STREET&#8230; AL PALALUXOTTICA<\/h3>\n<\/div>\n<div id=\"fb-root\"><\/div>\n<p><script async=\"1\" defer=\"1\" crossorigin=\"anonymous\" src=\"https:\/\/connect.facebook.net\/it_IT\/sdk.js#xfbml=1&amp;version=v6.0\"><\/script><\/p>\n<div class=\"fb-video\" data-href=\"https:\/\/www.facebook.com\/mirko.mezzacasa\/videos\/10220534285573975\/\" data-width=\"1200\">\n<blockquote cite=\"https:\/\/www.facebook.com\/mirko.mezzacasa\/videos\/10220534285573975\/\" class=\"fb-xfbml-parse-ignore\"><p><a href=\"https:\/\/www.facebook.com\/mirko.mezzacasa\/videos\/10220534285573975\/\"><\/a><\/p>\n<p>5 6 OTTOBRE&#8230; DOLOMITES STREET&#8230; AL PALALUXOTTICA<\/p>\n<p>Pubblicato da <a href=\"https:\/\/www.facebook.com\/mirko.mezzacasa\">Mirko Mezzacasa<\/a> su Luned\u00ec 19 agosto 2019<\/p><\/blockquote>\n<\/div>\n<p>&nbsp;<\/p>\n<div><\/div>\n<div><\/div>\n<div><\/div>\n<div><\/div>\n<div>\n<p><a class=\"dt-pswp-item\" href=\"http:\/\/www.radiopiu.net\/wordpress\/wp-content\/uploads\/2018\/09\/appuntamenti.jpeg\" data-dt-img-description=\"\" data-large_image_width=\"800\" data-large_image_height=\"100\"><img loading=\"lazy\" decoding=\"async\" class=\"alignnone wp-image-61958 size-full\" src=\"http:\/\/www.radiopiu.net\/wordpress\/wp-content\/uploads\/2018\/09\/appuntamenti.jpeg\" alt=\"\" width=\"800\" height=\"100\" srcset=\"https:\/\/www.radiopiu.net\/wordpress\/wp-content\/uploads\/2018\/09\/appuntamenti.jpeg 800w, https:\/\/www.radiopiu.net\/wordpress\/wp-content\/uploads\/2018\/09\/appuntamenti-300x38.jpeg 300w, https:\/\/www.radiopiu.net\/wordpress\/wp-content\/uploads\/2018\/09\/appuntamenti-768x96.jpeg 768w\" sizes=\"auto, (max-width: 800px) 100vw, 800px\" \/><\/a><\/p>\n<\/div>\n<p>&nbsp;<\/p>\n<div>\n<div>\n<p><span style=\"color: #ff0000;\"><strong><a class=\"dt-pswp-item\" href=\"http:\/\/www.radiopiu.net\/wordpress\/wp-content\/uploads\/2019\/07\/21231208_1428419980586085_1115215269049052745_n.jpg\" data-dt-img-description=\"\" data-large_image_width=\"661\" data-large_image_height=\"661\"><img loading=\"lazy\" decoding=\"async\" class=\" wp-image-90482 alignleft\" src=\"http:\/\/www.radiopiu.net\/wordpress\/wp-content\/uploads\/2019\/07\/21231208_1428419980586085_1115215269049052745_n-300x300.jpg\" alt=\"\" width=\"145\" height=\"145\" srcset=\"https:\/\/www.radiopiu.net\/wordpress\/wp-content\/uploads\/2019\/07\/21231208_1428419980586085_1115215269049052745_n-300x300.jpg 300w, https:\/\/www.radiopiu.net\/wordpress\/wp-content\/uploads\/2019\/07\/21231208_1428419980586085_1115215269049052745_n-150x150.jpg 150w, https:\/\/www.radiopiu.net\/wordpress\/wp-content\/uploads\/2019\/07\/21231208_1428419980586085_1115215269049052745_n.jpg 661w\" sizes=\"auto, (max-width: 145px) 100vw, 145px\" \/><\/a><\/strong><\/span><\/p>\n<p style=\"text-align: left;\"><span style=\"color: #ff0000;\"><strong>PER IL SECONDO ANNO, PER TUTTA L&#8217;ESTATE: LA &#8220;FABBRICA DELLE EMOZIONI&#8221;, ALLA RADIO IN COLLABORAZIONE CON <a class=\"profileLink\" style=\"color: #ff0000;\" href=\"https:\/\/www.facebook.com\/dersut.taibon\/?__tn__=K-R&amp;eid=ARAWHGS4pY7ErSAGuNNMHp-xra7d294ysugnpoUicWkeK9rjbvd86RDR3SHV57JuBTC7yrMP85kcC7oy&amp;fref=mentions&amp;__xts__%5B0%5D=68.ARA8kEGfdeZlMevmYpMAmAmJ7ziHM_3WogqE61anVHM5V-Ht7pYFd4NJRcEVlK7VIq__zFsG6G8vsxxKnVF1SBmpERHebECtYKNHrf4mG4C4wVmPxxn4uj_nmTIeZglrdIyUPa0dnE3usWWzci033oOnyRS5XDhoavIU-eTU85t_Wp6jFT0-ULRP932r4STxN16bdptt8cef\" data-hovercard=\"\/ajax\/hovercard\/page.php?id=904939246267497&amp;extragetparams=%7B%22__tn__%22%3A%22%2CdK-R-R%22%2C%22eid%22%3A%22ARAWHGS4pY7ErSAGuNNMHp-xra7d294ysugnpoUicWkeK9rjbvd86RDR3SHV57JuBTC7yrMP85kcC7oy%22%2C%22fref%22%3A%22mentions%22%7D\" data-hovercard-prefer-more-content-show=\"1\">Dersut Taibon<\/a>\u00a0EVENTI, APPUNTAMENTI, DIVERTIMENTI NELLA VALLATA AGORDINA. IN ONDA ALLA RADIO NEI NOTIZIARI E NEGLI APPROFONDIMENTI ALLA RADIO E SUL SITO\u00a0<a style=\"color: #ff0000;\" href=\"http:\/\/www.radiopiu.net\/?fbclid=IwAR3Zckh6EArPlP9el3_APl-CxxkfxeumpcmQ4v9HIwZohBUQuztQ4jOimzE\" target=\"_blank\" rel=\"noopener nofollow noreferrer\" data-ft=\"{&quot;tn&quot;:&quot;-U&quot;}\" data-lynx-mode=\"async\" data-lynx-uri=\"https:\/\/l.facebook.com\/l.php?u=http%3A%2F%2FWWW.RADIOPIU.NET%2F%3Ffbclid%3DIwAR3Zckh6EArPlP9el3_APl-CxxkfxeumpcmQ4v9HIwZohBUQuztQ4jOimzE&amp;h=AT3iK2sNf9WjhvLB7AaqYnWzUdWcBNNS_1cXI6UJ3eEvhP4Ym5v2vemsj9TpyM0_qzzb9gjT9sJhgm4I2ZXxgJSAlUfvNTaJwITPvOvqfAuTNdwnWON3ic-lvSbJXWzM3FVSvAgPffEqbH4dYL2TEG6D6xs5TZHrlhUGtTKMYKoPXpBJIF8ke0VZdFkl3YQ7tGdqat-r6rzvDTprheLIjQ7jKZPmLRbVLu1fIKQ2jHEQkMU8LzIZvt_s5FE3Fxl6fUw_HG6Kz2ygpE7qxE3yIyhlOk0wt55c_6ZWHfM2I0PFlpPFgNhCDJwFSVFieE73_LsmFyKeJSBqSnd9p7KBuOYgQAQepyVC8du7dtfKvd60oOKKb1xchMvMyu9mMRYGRKi2y8I7U2WlGyyKbcYHubfjzWI02WXZXcSE97K_yFCYyeqZ2T_hgQJ7vzHhfBlDLdaXxkE\">WWW.RADIOPIU.NET<\/a><\/strong><\/span><\/p>\n<\/div>\n<blockquote><p>&nbsp;<\/p>\n<p>&nbsp;<\/p>\n<p style=\"text-align: left;\"><strong>DA NON PERDERE:<\/strong> La mostra di pittura di\u00a0 Renzo Miola al Nof Filo&#8217; di Cencenighe, fino al 18 agosto, <strong>ad Agordo<\/strong> DolomitiAmo in sala Don Tamis, entrambe sono aperte anche la sera dopo cena fino alle 22. L<span style=\"font-size: medium;\">a mostra pittorica di Giuliano de Rocco presso la sala consiliare del Municipio di <strong>Canale d&#8217;Agordo<\/strong> \u00e8 prorogata fino a luned\u00ec 26 agosto dalle 17.00 alle 19.00. <strong>Ad Agordo\u00a0<\/strong> Il museo mineralogico e paleontologico ospita la mostra El canal de Agort fino al 1\u00b0 settembre.La Casa delle Regole di <strong>Canale d&#8217;Agordo<\/strong> propone sino al 26 agosto una mostra rievocativa della visita di Papa Giovanni Paolo II nel 1979. Nella Biblioteca di Celat. <strong>Ad Arabba<\/strong> nella sala al piano terra dell&#8217;Uffico turistico sino al 28 settembre sono esposte opere di Nanni De Biasi in La Bellezza rilevata.<strong> A Colle Santa Lucia<\/strong> fino \u00a0al 15 settembre \u00e8 allestita la mostra Emigrazione dalla montagna dolomitica nel corso del Novecento di Luciana Palla a cura dell&#8217;Istitut Ladin Cesa de Jan. <strong>A Rocca Pietore<\/strong> nella sala polifunzionale della stazione funiviaria a Serauta propone la rassegna fotografica Sangue e sollievo-Mostra estemporanea sulla sanit\u00e0 in guerra sino al 22 agosto.<\/span><\/p>\n<\/blockquote>\n<\/div>\n<p>&nbsp;<\/p>\n<p>&nbsp;<\/p>\n<h3><strong>CANALE D&#8217;AGORDO<\/strong> Questa sera alle 20.30 Lucciolata pro casa Via di Natale ad Aviano, al termine premiazione &#8220;I Discreti&#8221; con la Proloco. Domani \u00e8 previsto l&#8217;ultimo appuntamento con i mercatini di hobbistica.<\/h3>\n<p>&nbsp;<\/p>\n<div>\n<blockquote>\n<h3 style=\"text-align: left;\"><strong>ALLEGHE<\/strong> Il film &#8220;Donna Fugata&#8221; sar\u00e0 proposto anche in riva al lago, \u00a0all&#8217;interno della Sala Congressi presso il Palaghiaccio gioved\u00ec\u00a0 con inizio alle ore 21. Film di montagna (Civetta), regia Manrico Dall&#8217;Agnola, con Sara Avoscan e Omar Genuin.<\/h3>\n<\/blockquote>\n<\/div>\n<h3><\/h3>\n<p>&nbsp;<\/p>\n<p><strong>CANALE D&#8217;AGORDO<\/strong> Venerdi alle 17 in sala ex emigranti &#8220;40 anni dopo, Wojtila sulle orme di Luciani&#8221;, il film. Documentario di Eleonora Sarasin con repertorio inedito dell&#8217;epoca sulla straordinaria visita effettuata da Giovanni Paolo II nel paese del suo predecessore Giovanni Paolo I del 26 agosto 1979. Nella programmazione serale delle 21\u00a0 sono previsti gli interventi degli ospiti<strong> Stefano Perale<\/strong> (direttore Ufficio Pastorale Sociale e del lavoro pontificio con Giovanni Paolo II),<strong> Giulio Viviani<\/strong> (Vice direttore Issr Romano Giardini di Trento e gi\u00e0 cerimoniere pontificio con Papa Wojtyla) e <strong>Paolo Valente<\/strong> (scrittore, giornalista\u00a0 delegato Caritas del Nord Est e direttore della Caritas della diocesi Bolzano_Bressanone).<\/p>\n<blockquote><p>I<strong>n caso di bel tempo la proiezione serale delle 21 avverr\u00e0 in piazza, il documentario racconta il viaggio di Wojtyla e le sue motivazioni, ma anche la storia dei preparativi dell&#8217;evento da parte degli amministratori locali e del paese in generale con l&#8217;intervista al vescovo emerito di Belluno e\u00a0 Feltre Monsignor Giuseppe Andrich. Contiene anche un ritratto breve di Papa Luciani, i tratti pi\u00f9 salienti della personalit\u00e0 e dell&#8217;opera. Termina con la lettura dell&#8217;omelia di Wojtyla\u00a0 di don Mariano Baldovin e una sequenza di immagini attuali del paese e i suoi abitanti. Il film contiene video e foto di repertorio \u00a0di varia provenienza tra cui stralci del documentario \u201citinerario Wojtyla\u201d del 79\u2019 del compianto cineoperatore Ivano Pocchiesa.<\/strong><\/p><\/blockquote>\n<p>&nbsp;<\/p>\n<p>&nbsp;<\/p>\n<p><strong>FALCADE <\/strong>Domani alle 19 Balli Popolari da tutto il mondo, sulla terrazza estiva dell&#8217;Hotel Stella Alpina con il gruppo amatoriale BalliAmo. Venerdi con gli Smile.<\/p>\n<p><strong>ALLEGHE<\/strong> Domani a Caprile alle 21 in piazza Dogliani concerto del Coro Alpino Monte Civetta.<\/p>\n<p>&nbsp;<\/p>\n<blockquote><p><strong>ALLEGHE<\/strong> Sabato alle 21 al palaghiaccio incontro amichevole Alleghe-Fassa e il saluto a Daniele Veggiato.<\/p>\n<p>&nbsp;<\/p><\/blockquote>\n<p><strong>ALLEGHE<\/strong> Domenica mercatino sul lungo lago<\/p>\n<p><strong>FALCADE<\/strong> Venerdi dalle 10 alle 20 in via Lungo Tegosa RomantiCaviola mercatino di artigianato e prodotti tipici, dalle 15 spettacolo di magia con il Mago Gigi<\/p>\n<p><strong>GOSALDO<\/strong> Con la bocciofila giovedi, sabato e domenica alle 15 gara individuale.<\/p>\n<p>&nbsp;<\/p>\n<p>&nbsp;<\/p>\n<h3><a class=\"dt-pswp-item\" href=\"http:\/\/www.radiopiu.net\/wordpress\/wp-content\/uploads\/2019\/08\/MANIFESTO-COL-IN-FESTA-2019_page-0001.jpg\" data-dt-img-description=\"\" data-large_image_width=\"1755\" data-large_image_height=\"2482\"><img loading=\"lazy\" decoding=\"async\" class=\"wp-image-95834 alignleft\" src=\"http:\/\/www.radiopiu.net\/wordpress\/wp-content\/uploads\/2019\/08\/MANIFESTO-COL-IN-FESTA-2019_page-0001-212x300.jpg\" alt=\"\" width=\"138\" height=\"195\" srcset=\"https:\/\/www.radiopiu.net\/wordpress\/wp-content\/uploads\/2019\/08\/MANIFESTO-COL-IN-FESTA-2019_page-0001-212x300.jpg 212w, https:\/\/www.radiopiu.net\/wordpress\/wp-content\/uploads\/2019\/08\/MANIFESTO-COL-IN-FESTA-2019_page-0001-768x1086.jpg 768w, https:\/\/www.radiopiu.net\/wordpress\/wp-content\/uploads\/2019\/08\/MANIFESTO-COL-IN-FESTA-2019_page-0001-724x1024.jpg 724w, https:\/\/www.radiopiu.net\/wordpress\/wp-content\/uploads\/2019\/08\/MANIFESTO-COL-IN-FESTA-2019_page-0001.jpg 1755w\" sizes=\"auto, (max-width: 138px) 100vw, 138px\" \/><\/a><\/h3>\n<h3>DUE GIORNI DI FESTA A COLLE SANTA LUCIA<\/h3>\n<p><strong>COLLE SANTA LUCIA<\/strong>\u00a0 \u00a0Due giorni di festa , sabato e domenica si terr\u00e0 come di consueto \u201cCol in Festa\u201d\u2026 cultura, tradizioni, tanta musica, visite alle miniere del Fursil, visite alle mostre presso l\u2019Istitut Cesa de Jan ed alla mostra dal titolo \u201cEmigrazione della montagna dolomitica nel corso del novecento\u201d curata da Luciana Palla<\/p>\n<p>&nbsp;<\/p>\n<p>&nbsp;<\/p>\n<p>&nbsp;<\/p>\n<p>&nbsp;<\/p>\n<p>&nbsp;<\/p>\n<h3><a class=\"dt-pswp-item\" href=\"http:\/\/www.radiopiu.net\/wordpress\/wp-content\/uploads\/2019\/08\/MiV2019_oio_bis-1.jpg\" data-dt-img-description=\"\" data-large_image_width=\"3508\" data-large_image_height=\"4961\"><img loading=\"lazy\" decoding=\"async\" class=\"wp-image-96076 alignleft\" src=\"http:\/\/www.radiopiu.net\/wordpress\/wp-content\/uploads\/2019\/08\/MiV2019_oio_bis-1-212x300.jpg\" alt=\"\" width=\"140\" height=\"198\" srcset=\"https:\/\/www.radiopiu.net\/wordpress\/wp-content\/uploads\/2019\/08\/MiV2019_oio_bis-1-212x300.jpg 212w, https:\/\/www.radiopiu.net\/wordpress\/wp-content\/uploads\/2019\/08\/MiV2019_oio_bis-1-768x1086.jpg 768w, https:\/\/www.radiopiu.net\/wordpress\/wp-content\/uploads\/2019\/08\/MiV2019_oio_bis-1-724x1024.jpg 724w\" sizes=\"auto, (max-width: 140px) 100vw, 140px\" \/><\/a>MUSICA INTE LE VILE<\/h3>\n<p><strong>SAN TOMASO<\/strong> La Proloco ha organizzato una serata con il Coro Oio di Santa Giustina, sabato alle 20.30 a Tocol, in caso di maltempo in chiesa.<\/p>\n<p>&nbsp;<\/p>\n<p>&nbsp;<\/p>\n<h3><\/h3>\n<h3><\/h3>\n<h3><\/h3>\n<p>&nbsp;<\/p>\n<p>&nbsp;<\/p>\n<blockquote><p>&nbsp;<\/p><\/blockquote>\n<h3><a class=\"dt-pswp-item\" href=\"http:\/\/www.radiopiu.net\/wordpress\/wp-content\/uploads\/2019\/08\/IMG-20190808-WA0001-1.jpg\" data-dt-img-description=\"\" data-large_image_width=\"1131\" data-large_image_height=\"1600\"><img loading=\"lazy\" decoding=\"async\" class=\" wp-image-95483 alignleft\" src=\"http:\/\/www.radiopiu.net\/wordpress\/wp-content\/uploads\/2019\/08\/IMG-20190808-WA0001-1-212x300.jpg\" alt=\"\" width=\"149\" height=\"211\" srcset=\"https:\/\/www.radiopiu.net\/wordpress\/wp-content\/uploads\/2019\/08\/IMG-20190808-WA0001-1-212x300.jpg 212w, https:\/\/www.radiopiu.net\/wordpress\/wp-content\/uploads\/2019\/08\/IMG-20190808-WA0001-1-768x1086.jpg 768w, https:\/\/www.radiopiu.net\/wordpress\/wp-content\/uploads\/2019\/08\/IMG-20190808-WA0001-1-724x1024.jpg 724w, https:\/\/www.radiopiu.net\/wordpress\/wp-content\/uploads\/2019\/08\/IMG-20190808-WA0001-1.jpg 1131w\" sizes=\"auto, (max-width: 149px) 100vw, 149px\" \/><\/a>CICLOMELANDO IL RITORNO, IL 25 AGOSTO SI PEDALA<\/h3>\n<p><strong>MEL<\/strong>\u00a0A maggio le condizioni meteo avevano costretto gli organizzatori a rinviare il partecipato evento, ed ecco la nuova data: 25 agosto con ritrovo e partenza alle 8.30 da Pagogna, Due i tracciati, classic da 32 chilometri, 600 metri di dislivello, et\u00e0 minima 14 anni; enduro 22 chilometri, 900 metri di dislivello, et\u00e0 minima 18 anni. Servizio e noleggio e-bike, mtb, info 351 9368333. Pranzo, assicurazione, ristoro e guide. Per informazioni ed iscrizioni, Elisa al 338 9848878. Iscrizioni entro il 24 agosto, quota iscrizione comprensiva di pranzo 15 euro.<\/p>\n<p>&nbsp;<\/p>\n<p>&nbsp;<\/p>\n<p>&nbsp;<\/p>\n<p>&nbsp;<\/p>\n<p>&nbsp;<\/p>\n<p>&nbsp;<\/p>\n<p>&nbsp;<\/p>\n<p><a class=\"dt-pswp-item\" href=\"http:\/\/www.radiopiu.net\/wordpress\/wp-content\/uploads\/2018\/09\/sport.jpg\" data-dt-img-description=\"\" data-large_image_width=\"800\" data-large_image_height=\"100\"><img loading=\"lazy\" decoding=\"async\" class=\"alignnone wp-image-60761 size-full\" src=\"http:\/\/www.radiopiu.net\/wordpress\/wp-content\/uploads\/2018\/09\/sport.jpg\" alt=\"\" width=\"800\" height=\"100\" srcset=\"https:\/\/www.radiopiu.net\/wordpress\/wp-content\/uploads\/2018\/09\/sport.jpg 800w, https:\/\/www.radiopiu.net\/wordpress\/wp-content\/uploads\/2018\/09\/sport-300x38.jpg 300w, https:\/\/www.radiopiu.net\/wordpress\/wp-content\/uploads\/2018\/09\/sport-768x96.jpg 768w\" sizes=\"auto, (max-width: 800px) 100vw, 800px\" \/><\/a><\/p>\n<p>&nbsp;<\/p>\n<p>&nbsp;<\/p>\n<h2>107 SCALINI&#8230; ADRENALINA, FATICA E SFIDA.<\/h2>\n<p><strong><a class=\"dt-pswp-item\" href=\"http:\/\/www.radiopiu.net\/wordpress\/wp-content\/uploads\/2018\/07\/vertical107_falcade.jpg\" data-dt-img-description=\"\" data-large_image_width=\"2000\" data-large_image_height=\"1500\"><img loading=\"lazy\" decoding=\"async\" class=\"wp-image-52810 alignleft\" src=\"http:\/\/www.radiopiu.net\/wordpress\/wp-content\/uploads\/2018\/07\/vertical107_falcade-300x225.jpg\" alt=\"\" width=\"139\" height=\"104\" srcset=\"https:\/\/www.radiopiu.net\/wordpress\/wp-content\/uploads\/2018\/07\/vertical107_falcade-300x225.jpg 300w, https:\/\/www.radiopiu.net\/wordpress\/wp-content\/uploads\/2018\/07\/vertical107_falcade-768x576.jpg 768w, https:\/\/www.radiopiu.net\/wordpress\/wp-content\/uploads\/2018\/07\/vertical107_falcade-1024x768.jpg 1024w, https:\/\/www.radiopiu.net\/wordpress\/wp-content\/uploads\/2018\/07\/vertical107_falcade.jpg 2000w\" sizes=\"auto, (max-width: 139px) 100vw, 139px\" \/><\/a>FALCADE<\/strong> Mancano pochi giorni ad un altro partecipato evento estivo, Claudio Fontanive ne ha parlato con Carlo Zanon e Patrizio Deola<\/p>\n<audio class=\"wp-audio-shortcode\" id=\"audio-96110-9\" preload=\"none\" style=\"width: 100%;\" controls=\"controls\"><source type=\"audio\/mpeg\" src=\"http:\/\/www.radiopiu.net\/wordpress\/wp-content\/uploads\/2019\/08\/VERTICAL-107-1.mp3?_=9\" \/><a href=\"http:\/\/www.radiopiu.net\/wordpress\/wp-content\/uploads\/2019\/08\/VERTICAL-107-1.mp3\">http:\/\/www.radiopiu.net\/wordpress\/wp-content\/uploads\/2019\/08\/VERTICAL-107-1.mp3<\/a><\/audio>\n<p>&nbsp;<\/p>\n<p>&nbsp;<\/p>\n<h2>La Transpelmo 2019 viaggia verso il tutto esaurito<\/h2>\n<p><strong><a class=\"dt-pswp-item\" href=\"http:\/\/www.radiopiu.net\/wordpress\/wp-content\/uploads\/2019\/08\/transpelmo-2018-luca-cagnati-seguito-da-alex-oberbacher.jpg\" data-dt-img-description=\"\" data-large_image_width=\"2000\" data-large_image_height=\"1333\"><img loading=\"lazy\" decoding=\"async\" class=\" wp-image-96116 alignleft\" src=\"http:\/\/www.radiopiu.net\/wordpress\/wp-content\/uploads\/2019\/08\/transpelmo-2018-luca-cagnati-seguito-da-alex-oberbacher-300x200.jpg\" alt=\"\" width=\"177\" height=\"118\" srcset=\"https:\/\/www.radiopiu.net\/wordpress\/wp-content\/uploads\/2019\/08\/transpelmo-2018-luca-cagnati-seguito-da-alex-oberbacher-300x200.jpg 300w, https:\/\/www.radiopiu.net\/wordpress\/wp-content\/uploads\/2019\/08\/transpelmo-2018-luca-cagnati-seguito-da-alex-oberbacher-768x512.jpg 768w, https:\/\/www.radiopiu.net\/wordpress\/wp-content\/uploads\/2019\/08\/transpelmo-2018-luca-cagnati-seguito-da-alex-oberbacher-1024x682.jpg 1024w, https:\/\/www.radiopiu.net\/wordpress\/wp-content\/uploads\/2019\/08\/transpelmo-2018-luca-cagnati-seguito-da-alex-oberbacher.jpg 2000w\" sizes=\"auto, (max-width: 177px) 100vw, 177px\" \/><\/a>VAL DI ZOLDO<\/strong> Corre veloce la Transpelmo, sky race che si correr\u00e0, domenica 1 settembre, con partenza e arrivo a Palafav\u00e8ra (Val di Zoldo, Belluno), su un tracciato di 18 chilometri e 1300 metri di dislivello positivo. In questi giorni infatti le adesioni hanno superato abbondantemente quota 650. Il limite massimo fissato dall&#8217;organizzazione \u00e8 di 700 concorrenti e i pettorali disponibili rimasti sono dunque pochi. Ma lo staff organizzativo sta valutando la possibilit\u00e0 di ampliare la possibilit\u00e0 di adesione di una cinquantina di unit\u00e0.\u00a0 Le iscrizioni sono possibili fino a luned\u00ec 26 agosto. Fino alla mezzanotte di marted\u00ec 20 agosto si potr\u00e0 usufruire della quota di iscrizione denominata Step 2, pari alla cifra di 40 euro. Da mercoled\u00ec 21 a luned\u00ec 26 l&#8217;adesione coster\u00e0 47 euro.\u00a0 Maggiori informazioni su www.transpelmo.com<\/p>\n<p>&nbsp;<\/p>\n<p>&nbsp;<\/p>\n<p>&nbsp;<\/p>\n<p>&nbsp;<\/p>\n<p>&nbsp;<\/p>\n<h4><b><a class=\"dt-pswp-item\" href=\"http:\/\/www.radiopiu.net\/wordpress\/wp-content\/uploads\/2018\/09\/WhatsApp-Image-2018-09-20-at-16.04.06.jpeg\" data-dt-img-description=\"\" data-large_image_width=\"800\" data-large_image_height=\"100\"><img loading=\"lazy\" decoding=\"async\" class=\"alignnone wp-image-61378 size-full\" src=\"http:\/\/www.radiopiu.net\/wordpress\/wp-content\/uploads\/2018\/09\/WhatsApp-Image-2018-09-20-at-16.04.06.jpeg\" alt=\"\" width=\"800\" height=\"100\" srcset=\"https:\/\/www.radiopiu.net\/wordpress\/wp-content\/uploads\/2018\/09\/WhatsApp-Image-2018-09-20-at-16.04.06.jpeg 800w, https:\/\/www.radiopiu.net\/wordpress\/wp-content\/uploads\/2018\/09\/WhatsApp-Image-2018-09-20-at-16.04.06-300x38.jpeg 300w, https:\/\/www.radiopiu.net\/wordpress\/wp-content\/uploads\/2018\/09\/WhatsApp-Image-2018-09-20-at-16.04.06-768x96.jpeg 768w\" sizes=\"auto, (max-width: 800px) 100vw, 800px\" \/><\/a><\/b><\/h4>\n<div><center><b>Martedi 20<\/b><\/center><b>Tempo atteso: <\/b>Al mattino tempo solo parzialmente soleggiato per presenza di nubi basse su la maggiore parte dei settori montani, nuvolosit\u00e0 in parziale diradamento. Al pomeriggio la convezione diurna sar\u00e0 minore e la cumulificazione pomeridiana lascer\u00e0 spazio a tratti soleggiati. Clima un po&#8217; umido, ma mite nelle ore diurne. Atmosfera ventosa in alta quota, specie al pomeriggio.<br \/>\n<b>Precipitazioni: <\/b>Assenti sulle Prealpi e minore insidia di rovesci e temporali sulle Dolomiti rispetto a luned\u00ec (10\/20%), con rischio molto limitato nel tempo e nello spazio. Su molti settori il tempo rimarr\u00e0 di fatto asciutto.<br \/>\n<b>Temperature: <\/b>Minime pressoch\u00e9 stazionarie a tutte le quote; massime in leggera ripresa, con punte di 26\/28\u00b0C nelle conche prealpine e di 22\/24\u00b0C a 1000\/1200 m. Su Prealpi a 1500 m min 14\u00b0C max 19\u00b0C, a 2000 m min 11\u00b0C max 15\u00b0C. Su Dolomiti a 2000 m min 10\u00b0C max 16\u00b0C, a 3000 m min 7\u00b0C max 8\u00b0C.<br \/>\n<b>Venti: <\/b>Nelle valli deboli, a tratti anche moderati, a regime di brezza; in quota moderati\/tesi da Sud-Ovest al mattino e tesi\/forti al pomeriggio\/sera, a 10-25 km\/h a 2000 m, a 30-60 km\/h a 3000 m.<\/p>\n<hr \/>\n<p><center><b>Mercoledi 21<\/b><\/center><b>Tempo atteso: <\/b>Molte nubi, sia cumuliformi che stratiformi, e brevi schiarite in un atmosfera assai umida. In questo contesto si verificheranno rovesci e occasionali temporali, anche sulle Prealpi. Clima ancora relativamente mite, nonostante la maggiore copertura nuvolosa.<br \/>\n<b>Precipitazioni: <\/b>Rischio medio-alto (50\/70%) di rovesci e temporali sparsi, pi\u00f9 probabili al mattino e nelle ore centrali rispetto al pomeriggio. Dal tardo pomeriggio esaurimento dei fenomeni.<br \/>\n<b>Temperature: <\/b>In leggera flessione a tutte le quote per il minore soleggiamento e per il verificarsi delle precipitazioni. Sono previste punte di 25\/26\u00b0C nelle conche prealpine e di 21\/22\u00b0C a 1000\/1200 m. Su Prealpi a 1500 m min 13\u00b0C max 17\u00b0C, a 2000 m min 11\u00b0C max 13\u00b0C. Su Dolomiti a 2000 m min 10\u00b0C max 12\u00b0C, a 3000 m min 5\u00b0C max 6\u00b0C.<br \/>\n<b>Venti: <\/b>Deboli\/moderati per brezze nelle valli; tesi\/moderati da Sud-Ovest al mattino, in attenuazione al pomeriggio, a 10-20 km\/h a 2000 m, a 35-40 km\/h a 3000 m.<\/p>\n<hr \/>\n<p><center><b>Giovedi 22<\/b><\/center>Molte nubi con brevi schiarite in un atmosfera piuttosto mite ed umida. La probabilit\u00e0 di rovesci o occasionali temporali sar\u00e0 minore rispetto a mercoled\u00ec, ma ancora presente. Lieve rialzo termico diurno. In quota venti moderati da Sud-Ovest al mattino e molto deboli di direzione variabile al pomeriggio\/sera; nelle valli deboli di direzione variabile.<\/p>\n<hr \/>\n<p><center><b>Venerdi 23<\/b><\/center>Al mattino tempo solo parzialmente soleggiato per presenza di nubi basse su la maggiore parte dei settori montani, nuvolosit\u00e0 in diradamento con tratti soleggiati e cumulificazione da modesta a moderata. Il rischio di fenomeni convettivi sar\u00e0 piuttosto basso. Temperature senza variazioni di rilievo rispetto a gioved\u00ec. Venti deboli o molto deboli da Sud-Est in quota e deboli di direzione variabile nelle valli. Previsore: R.L.Th.<\/p>\n<hr \/>\n<\/div>\n","protected":false},"excerpt":{"rendered":"<p>203 AGORDINA e 50 DEL GRAPPA\u00a0 INTERRUZIONI ALLA VIABILITA&#8217; LA MUDA IN COMUNE DI SEDICO GIOVEDI Dalle 8.15 alle 12 e dalle 13.00 alle 17\u00a0 possibili\u00a0 interruzioni in entrambi i sensi di marcia per un massimo di 15 minuti per ispezione\u00a0 versanti dove di recente si \u00e8 staccato un masso che ha centrato un&#8217;auto. &nbsp;&hellip;<\/p>\n","protected":false},"author":1,"featured_media":96100,"comment_status":"closed","ping_status":"closed","sticky":false,"template":"","format":"standard","meta":{"_monsterinsights_skip_tracking":false,"_monsterinsights_sitenote_active":false,"_monsterinsights_sitenote_note":"","_monsterinsights_sitenote_category":0,"footnotes":""},"categories":[86],"tags":[],"class_list":["post-96110","post","type-post","status-publish","format-standard","has-post-thumbnail","hentry","category-gr","category-86","description-off"],"img_url":"https:\/\/www.radiopiu.net\/wordpress\/wp-content\/uploads\/2019\/08\/download-11.jpg","_links":{"self":[{"href":"https:\/\/www.radiopiu.net\/wordpress\/wp-json\/wp\/v2\/posts\/96110","targetHints":{"allow":["GET"]}}],"collection":[{"href":"https:\/\/www.radiopiu.net\/wordpress\/wp-json\/wp\/v2\/posts"}],"about":[{"href":"https:\/\/www.radiopiu.net\/wordpress\/wp-json\/wp\/v2\/types\/post"}],"author":[{"embeddable":true,"href":"https:\/\/www.radiopiu.net\/wordpress\/wp-json\/wp\/v2\/users\/1"}],"replies":[{"embeddable":true,"href":"https:\/\/www.radiopiu.net\/wordpress\/wp-json\/wp\/v2\/comments?post=96110"}],"version-history":[{"count":0,"href":"https:\/\/www.radiopiu.net\/wordpress\/wp-json\/wp\/v2\/posts\/96110\/revisions"}],"wp:featuredmedia":[{"embeddable":true,"href":"https:\/\/www.radiopiu.net\/wordpress\/wp-json\/wp\/v2\/media\/96100"}],"wp:attachment":[{"href":"https:\/\/www.radiopiu.net\/wordpress\/wp-json\/wp\/v2\/media?parent=96110"}],"wp:term":[{"taxonomy":"category","embeddable":true,"href":"https:\/\/www.radiopiu.net\/wordpress\/wp-json\/wp\/v2\/categories?post=96110"},{"taxonomy":"post_tag","embeddable":true,"href":"https:\/\/www.radiopiu.net\/wordpress\/wp-json\/wp\/v2\/tags?post=96110"}],"curies":[{"name":"wp","href":"https:\/\/api.w.org\/{rel}","templated":true}]}}