{"id":96128,"date":"2022-09-13T23:59:19","date_gmt":"2022-09-13T21:59:19","guid":{"rendered":"http:\/\/www.radiopiu.net\/wordpress\/?p=96128"},"modified":"2022-09-13T19:02:05","modified_gmt":"2022-09-13T17:02:05","slug":"rotatoria-di-cencenighe-il-futuro-dai-fondi-di-confine","status":"publish","type":"post","link":"https:\/\/www.radiopiu.net\/wordpress\/rotatoria-di-cencenighe-il-futuro-dai-fondi-di-confine\/","title":{"rendered":"ROTATORIA DI CENCENIGHE, IL FUTURO DAI FONDI DI CONFINE"},"content":{"rendered":"<h3><img loading=\"lazy\" decoding=\"async\" class=\"alignleft\" src=\"https:\/\/www.radiopiu.net\/wordpress\/wp-content\/uploads\/2022\/09\/0a0a8c05-ed3f-4c7c-b1e4-62fa6b93e698.jpg\" width=\"234\" height=\"132\" \/>AGORDO<\/h3>\n<p><strong>DI GIANNI SANTOMASO<\/strong><\/p>\n<audio class=\"wp-audio-shortcode\" id=\"audio-96128-1\" preload=\"none\" style=\"width: 100%;\" controls=\"controls\"><source type=\"audio\/mpeg\" src=\"https:\/\/www.radiopiu.net\/wordpress\/wp-content\/uploads\/2022\/09\/ROTATORIA-DI-CENCENIGHE.mp3?_=1\" \/><a href=\"https:\/\/www.radiopiu.net\/wordpress\/wp-content\/uploads\/2022\/09\/ROTATORIA-DI-CENCENIGHE.mp3\">https:\/\/www.radiopiu.net\/wordpress\/wp-content\/uploads\/2022\/09\/ROTATORIA-DI-CENCENIGHE.mp3<\/a><\/audio>\n<p>&nbsp;<\/p>\n<p><strong>LA SOPRINTENDENZA: IL MONUMENTO AI CADUTI NON SI SPOSTA<\/strong><\/p>\n<audio class=\"wp-audio-shortcode\" id=\"audio-96128-2\" preload=\"none\" style=\"width: 100%;\" controls=\"controls\"><source type=\"audio\/mpeg\" src=\"https:\/\/www.radiopiu.net\/wordpress\/wp-content\/uploads\/2022\/09\/gianni-monumento.mp3?_=2\" \/><a href=\"https:\/\/www.radiopiu.net\/wordpress\/wp-content\/uploads\/2022\/09\/gianni-monumento.mp3\">https:\/\/www.radiopiu.net\/wordpress\/wp-content\/uploads\/2022\/09\/gianni-monumento.mp3<\/a><\/audio>\n<p>&nbsp;<\/p>\n<p>&nbsp;<\/p>\n<hr \/>\n<h5><\/h5>\n<p><strong>ARCHIVIO RADIO PIU 20 AGOSTO 2019<\/strong><\/p>\n<blockquote>\n<h5><\/h5>\n<h1>CODE E SOLUZIONI PER CENCENIGHE CENTRO<\/h1>\n<h5><em>L&#8217;ANTIDOTO PER LE CODE DEI FINE SETTIMANA PIU&#8217; &#8220;CALDI&#8221; SARA&#8217; LA ROTONDA? UN RONDO&#8217; CHE NON POTRA&#8217; ESSERE PRESIDIATO DALLE FORZE DELL&#8217;ORDINE, CHE TOGLIERA&#8217; PARCHEGGI AL CENTRO DEL PAESE E COSTRINGERA&#8217; I TURISTI IN TRANSITO A TIRARE DIRITTO, VERSO ALLEGHE O FALCADE?<\/em><\/h5>\n<\/blockquote>\n<p><strong><a class=\"dt-pswp-item\" href=\"http:\/\/www.radiopiu.net\/wordpress\/wp-content\/uploads\/2019\/08\/download-12.jpg\" data-dt-img-description=\"\" data-large_image_width=\"259\" data-large_image_height=\"194\"><img loading=\"lazy\" decoding=\"async\" class=\"size-full wp-image-96127 alignleft\" src=\"http:\/\/www.radiopiu.net\/wordpress\/wp-content\/uploads\/2019\/08\/download-12.jpg\" alt=\"\" width=\"259\" height=\"194\" \/><\/a>CENCENIGHE <\/strong>Il baricentro dell&#8217;Agordino nell&#8217;occhio del ciclone, come lo \u00e8 stato Agordo prima della tangenziale, quel tratto di strada che ha portato pi\u00f9 velocemente i turisti a nord, quel tratto di strada negli anni Ottanta contestato a gran voce dai commercianti della piazza che nel tempo hanno poi cambiato opinione per il forte intasamento\u00a0 in centro che non permetteva pi\u00f9 ad alcuno di fermarsi, nemmeno per il caffe&#8217;. Anche la tangenziale di Cencenighe \u00e8 stata da sempre osteggiata dalla parte produttiva del paese, non ultimo il Deputato Dario Bond\u00a0 che in una riunione aveva affermato che la variante alla regionale 203 non serviva. Poi si \u00e8 iniziato a parlare di rotonda, per il sindaco di Cencenighe potrebbe non risolvere il problema del grande traffico in alcuni fine settimana dell&#8217;anno sui 57 del calendario, perch\u00e9 tra Morbiach e via Roma ci sono attivit\u00e0 commerciali con entrata ed uscita di mezzi che comunque la coda la creano ancora prima della deviazione per la Valle del Biois, ma anche perch\u00e9 le principali attivit\u00e0 del paese fanno da cornice all&#8217;ipotizzata rotonda e si ritroverebbero senza parcheggi in <a class=\"dt-pswp-item\" href=\"http:\/\/www.radiopiu.net\/wordpress\/wp-content\/uploads\/2019\/08\/SSS.jpg\" data-dt-img-description=\"\" data-large_image_width=\"304\" data-large_image_height=\"166\"><img loading=\"lazy\" decoding=\"async\" class=\"size-medium wp-image-96126 alignright\" src=\"http:\/\/www.radiopiu.net\/wordpress\/wp-content\/uploads\/2019\/08\/SSS-300x164.jpg\" alt=\"\" width=\"300\" height=\"164\" srcset=\"https:\/\/www.radiopiu.net\/wordpress\/wp-content\/uploads\/2019\/08\/SSS-300x164.jpg 300w, https:\/\/www.radiopiu.net\/wordpress\/wp-content\/uploads\/2019\/08\/SSS.jpg 304w\" sizes=\"auto, (max-width: 300px) 100vw, 300px\" \/><\/a>centro, oppure con stalli a ridosso della viabilit\u00e0. Di questo e molto altro ne abbiamo parlato con il primo cittadino Mauro Soppelsa,\u00a0 che non manca di ricordare come a suo tempo aveva previsto che la tangenziale di Agordo, pur ottima infrastruttura, avrebbe solo spostato le colonne a passo d&#8217;uomo qualche chilometro pi\u00f9 su. Chi ha buona memoria ricorda infatti che da piazza Libert\u00e0 la coda si sviluppava fino a Ponte Mas. C&#8217;\u00e8 poi il famoso piano della viabilit\u00e0 regionale che guarda solo a Cortina ed ai suoi mondiali, ma in provincia c&#8217;\u00e8 anche altro, non solo per arrivare prima nell&#8217;Alto Agordino o nell&#8217;Alto Adige, infatti sar\u00e0 anche\u00a0 il caso di pensare alla sicurezza con sassi che cadono, branchi di cervi che attraversano la strada e una grande multinazionale che ha necessit\u00e0 di spostare mezzi, merci e maestranze prima di tutto in sicurezza quindi in tempi accettabili e in linea con il nuovo millenio, prima che sia tardi.<\/p>\n<p><strong>A COLLOQUIO CON IL SINDACO MAURO SOPPELSA\u00a0<\/strong><\/p>\n<audio class=\"wp-audio-shortcode\" id=\"audio-96128-3\" preload=\"none\" style=\"width: 100%;\" controls=\"controls\"><source type=\"audio\/mpeg\" src=\"http:\/\/www.radiopiu.net\/wordpress\/wp-content\/uploads\/2019\/08\/MAURO-SOPPELSA.mp3?_=3\" \/><a href=\"http:\/\/www.radiopiu.net\/wordpress\/wp-content\/uploads\/2019\/08\/MAURO-SOPPELSA.mp3\">http:\/\/www.radiopiu.net\/wordpress\/wp-content\/uploads\/2019\/08\/MAURO-SOPPELSA.mp3<\/a><\/audio>\n<p>&nbsp;<\/p>\n<p><strong><span style=\"color: #0000ff;\">DAL NOTIZIARIO DI IERI<\/span><\/strong><\/p>\n<h2>FERRAGOSTO E&#8217; PASSATO&#8230; SI PENSI ALLE INFRASTRUTTURE.<\/h2>\n<p><strong>DI DAMIANO TORMEN<\/strong><\/p>\n<audio class=\"wp-audio-shortcode\" id=\"audio-96128-4\" preload=\"none\" style=\"width: 100%;\" controls=\"controls\"><source type=\"audio\/mpeg\" src=\"http:\/\/www.radiopiu.net\/wordpress\/wp-content\/uploads\/2019\/08\/DAMIANO-CHE-CODE.mp3?_=4\" \/><a href=\"http:\/\/www.radiopiu.net\/wordpress\/wp-content\/uploads\/2019\/08\/DAMIANO-CHE-CODE.mp3\">http:\/\/www.radiopiu.net\/wordpress\/wp-content\/uploads\/2019\/08\/DAMIANO-CHE-CODE.mp3<\/a><\/audio>\n<p>&nbsp;<\/p>\n<p>&nbsp;<\/p>\n<p>&nbsp;<\/p>\n","protected":false},"excerpt":{"rendered":"<p>AGORDO DI GIANNI SANTOMASO &nbsp; LA SOPRINTENDENZA: IL MONUMENTO AI CADUTI NON SI SPOSTA &nbsp; &nbsp; ARCHIVIO RADIO PIU 20 AGOSTO 2019 CODE E SOLUZIONI PER CENCENIGHE CENTRO L&#8217;ANTIDOTO PER LE CODE DEI FINE SETTIMANA PIU&#8217; &#8220;CALDI&#8221; SARA&#8217; LA ROTONDA? UN RONDO&#8217; CHE NON POTRA&#8217; ESSERE PRESIDIATO DALLE FORZE DELL&#8217;ORDINE, CHE TOGLIERA&#8217; PARCHEGGI AL CENTRO&hellip;<\/p>\n","protected":false},"author":1,"featured_media":297145,"comment_status":"closed","ping_status":"closed","sticky":false,"template":"","format":"standard","meta":{"_monsterinsights_skip_tracking":false,"_monsterinsights_sitenote_active":false,"_monsterinsights_sitenote_note":"","_monsterinsights_sitenote_category":0,"footnotes":""},"categories":[51,49],"tags":[],"class_list":["post-96128","post","type-post","status-publish","format-standard","has-post-thumbnail","hentry","category-evidenza-top","category-news-18","category-51","category-49","description-off"],"img_url":"https:\/\/www.radiopiu.net\/wordpress\/wp-content\/uploads\/2022\/09\/0a0a8c05-ed3f-4c7c-b1e4-62fa6b93e698.jpg","_links":{"self":[{"href":"https:\/\/www.radiopiu.net\/wordpress\/wp-json\/wp\/v2\/posts\/96128","targetHints":{"allow":["GET"]}}],"collection":[{"href":"https:\/\/www.radiopiu.net\/wordpress\/wp-json\/wp\/v2\/posts"}],"about":[{"href":"https:\/\/www.radiopiu.net\/wordpress\/wp-json\/wp\/v2\/types\/post"}],"author":[{"embeddable":true,"href":"https:\/\/www.radiopiu.net\/wordpress\/wp-json\/wp\/v2\/users\/1"}],"replies":[{"embeddable":true,"href":"https:\/\/www.radiopiu.net\/wordpress\/wp-json\/wp\/v2\/comments?post=96128"}],"version-history":[{"count":0,"href":"https:\/\/www.radiopiu.net\/wordpress\/wp-json\/wp\/v2\/posts\/96128\/revisions"}],"wp:featuredmedia":[{"embeddable":true,"href":"https:\/\/www.radiopiu.net\/wordpress\/wp-json\/wp\/v2\/media\/297145"}],"wp:attachment":[{"href":"https:\/\/www.radiopiu.net\/wordpress\/wp-json\/wp\/v2\/media?parent=96128"}],"wp:term":[{"taxonomy":"category","embeddable":true,"href":"https:\/\/www.radiopiu.net\/wordpress\/wp-json\/wp\/v2\/categories?post=96128"},{"taxonomy":"post_tag","embeddable":true,"href":"https:\/\/www.radiopiu.net\/wordpress\/wp-json\/wp\/v2\/tags?post=96128"}],"curies":[{"name":"wp","href":"https:\/\/api.w.org\/{rel}","templated":true}]}}