{"id":96134,"date":"2019-08-20T04:58:39","date_gmt":"2019-08-20T02:58:39","guid":{"rendered":"http:\/\/www.radiopiu.net\/wordpress\/?p=96134"},"modified":"2019-08-20T18:21:01","modified_gmt":"2019-08-20T16:21:01","slug":"tempo-di-vacanze-anche-per-la-civilta","status":"publish","type":"post","link":"https:\/\/www.radiopiu.net\/wordpress\/tempo-di-vacanze-anche-per-la-civilta\/","title":{"rendered":"TEMPO DI VACANZE, ANCHE PER LA CIVILTA&#8217;"},"content":{"rendered":"<h3><\/h3>\n<p><strong>da Susy Dan<\/strong><\/p>\n<blockquote><p><em><strong>FALCADE\u00a0<\/strong> Il termine \u201cvacanza\u201d, dal latino vacantia, indica la temporanea sospensione di attivit\u00e0 di lavoro, di studio, ecc. E\u2019 sinonimo di riposo e, ancor pi\u00f9, di libert\u00e0. E quindi ecco che finalmente arriva la benedetta, invocata, attesa vacanza. Spesso vacanza da tutto, per\u00f2, anche dalle pi\u00f9 elementari regole di convivenza e di civilt\u00e0. Succede a Fregona, il16 agosto. Siamo nel pieno della vacanza e tutto \u00e8 permesso. Il cane di alcuni vacanzieri infila la porta di casa e scappa. E\u2019 un cane da caccia e gli odori che sente sono davvero irresistibili. Non solo quelli degli animali che popolano il bosco su cui si affaccia la casa ma anche quelli degli animali domestici degli altri condomini. Insegue la nostra gatta, che \u00e8 una \u201cdi montagna\u201d e riesce a salvarsi salendo su un albero. Quella dei nostri amici \u00e8 pi\u00f9 sfortunata, \u00e8 una gatta \u201cdi citt\u00e0\u201d. Il cane trova in lei una preda pi\u00f9 facile. La \u201cincantona\u201d sotto la nostra terrazza. E\u2019 fatta. Sotto gli occhi inorriditi del suo padrone, che invano si butta sul cane per strappargli la gatta dalla bocca, di altri condomini e dei loro ospiti, di vari bambini. Certo, un incidente pu\u00f2 capitare e, forse, si riesce a perdonare, anche se lo spettacolo e la perdita sono stati atroci. Quello che non si pu\u00f2 perdonare \u00e8 l\u2019indifferenza dei proprietari del cane, la loro assoluta mancanza di sensibilit\u00e0. Non una parola, n\u00e9 quel giorno n\u00e9 nei successivi, nemmeno per scusarsi. Che diamine! Siamo in vacanza. In fondo era \u201csolo\u201d un gatto\u2026<\/em><\/p><\/blockquote>\n<p>&nbsp;<\/p>\n","protected":false},"excerpt":{"rendered":"<p>da Susy Dan FALCADE\u00a0 Il termine \u201cvacanza\u201d, dal latino vacantia, indica la temporanea sospensione di attivit\u00e0 di lavoro, di studio, ecc. E\u2019 sinonimo di riposo e, ancor pi\u00f9, di libert\u00e0. E quindi ecco che finalmente arriva la benedetta, invocata, attesa vacanza. Spesso vacanza da tutto, per\u00f2, anche dalle pi\u00f9 elementari regole di convivenza e di&hellip;<\/p>\n","protected":false},"author":1,"featured_media":0,"comment_status":"closed","ping_status":"closed","sticky":false,"template":"","format":"standard","meta":{"_monsterinsights_skip_tracking":false,"_monsterinsights_sitenote_active":false,"_monsterinsights_sitenote_note":"","_monsterinsights_sitenote_category":0,"footnotes":""},"categories":[51,49],"tags":[],"class_list":["post-96134","post","type-post","status-publish","format-standard","hentry","category-evidenza-top","category-news-18","category-51","category-49","description-off"],"img_url":false,"_links":{"self":[{"href":"https:\/\/www.radiopiu.net\/wordpress\/wp-json\/wp\/v2\/posts\/96134","targetHints":{"allow":["GET"]}}],"collection":[{"href":"https:\/\/www.radiopiu.net\/wordpress\/wp-json\/wp\/v2\/posts"}],"about":[{"href":"https:\/\/www.radiopiu.net\/wordpress\/wp-json\/wp\/v2\/types\/post"}],"author":[{"embeddable":true,"href":"https:\/\/www.radiopiu.net\/wordpress\/wp-json\/wp\/v2\/users\/1"}],"replies":[{"embeddable":true,"href":"https:\/\/www.radiopiu.net\/wordpress\/wp-json\/wp\/v2\/comments?post=96134"}],"version-history":[{"count":0,"href":"https:\/\/www.radiopiu.net\/wordpress\/wp-json\/wp\/v2\/posts\/96134\/revisions"}],"wp:attachment":[{"href":"https:\/\/www.radiopiu.net\/wordpress\/wp-json\/wp\/v2\/media?parent=96134"}],"wp:term":[{"taxonomy":"category","embeddable":true,"href":"https:\/\/www.radiopiu.net\/wordpress\/wp-json\/wp\/v2\/categories?post=96134"},{"taxonomy":"post_tag","embeddable":true,"href":"https:\/\/www.radiopiu.net\/wordpress\/wp-json\/wp\/v2\/tags?post=96134"}],"curies":[{"name":"wp","href":"https:\/\/api.w.org\/{rel}","templated":true}]}}