{"id":96136,"date":"2019-08-20T05:57:45","date_gmt":"2019-08-20T03:57:45","guid":{"rendered":"http:\/\/www.radiopiu.net\/wordpress\/?p=96136"},"modified":"2019-08-21T05:55:07","modified_gmt":"2019-08-21T03:55:07","slug":"giovedi-cerimonia-di-commemorazione-per-falco","status":"publish","type":"post","link":"https:\/\/www.radiopiu.net\/wordpress\/giovedi-cerimonia-di-commemorazione-per-falco\/","title":{"rendered":"DOMANI CERIMONIA DI COMMEMORAZIONE PER FALCO"},"content":{"rendered":"<h2><a class=\"dt-pswp-item\" href=\"http:\/\/www.radiopiu.net\/wordpress\/wp-content\/uploads\/2017\/08\/images-1.jpg\" data-dt-img-description=\"\" data-large_image_width=\"186\" data-large_image_height=\"271\"><img loading=\"lazy\" decoding=\"async\" class=\"alignleft wp-image-35803 size-full\" src=\"http:\/\/www.radiopiu.net\/wordpress\/wp-content\/uploads\/2017\/08\/images-1.jpg\" alt=\"\" width=\"186\" height=\"271\" \/><\/a><\/h2>\n<p><strong>CORTINA<\/strong>\u00a0 In occasione del decimo anniversario dalla tragedia di Falco, domani si terr\u00e0 la cerimonia di commemorazione a Rio Gere. La Santa Messa in memoria di Dario, Fabrizio, Marco e Stefano sar\u00e0 celebrata alle 15, nei pressi della cripta di Ru de ra Gieres. Dalle 13.30 sar\u00e0 attivo il servizio navetta da Passo Tre Croci. In caso di maltempo la messa sar\u00e0 officiata nel piazzale di Rio Gere.<\/p>\n<p>&nbsp;<\/p>\n","protected":false},"excerpt":{"rendered":"<p>CORTINA\u00a0 In occasione del decimo anniversario dalla tragedia di Falco, domani si terr\u00e0 la cerimonia di commemorazione a Rio Gere. La Santa Messa in memoria di Dario, Fabrizio, Marco e Stefano sar\u00e0 celebrata alle 15, nei pressi della cripta di Ru de ra Gieres. Dalle 13.30 sar\u00e0 attivo il servizio navetta da Passo Tre Croci.&hellip;<\/p>\n","protected":false},"author":1,"featured_media":96178,"comment_status":"closed","ping_status":"closed","sticky":false,"template":"","format":"standard","meta":{"_monsterinsights_skip_tracking":false,"_monsterinsights_sitenote_active":false,"_monsterinsights_sitenote_note":"","_monsterinsights_sitenote_category":0,"footnotes":""},"categories":[103,49],"tags":[],"class_list":["post-96136","post","type-post","status-publish","format-standard","has-post-thumbnail","hentry","category-evidenza_2","category-news-18","category-103","category-49","description-off"],"img_url":"https:\/\/www.radiopiu.net\/wordpress\/wp-content\/uploads\/2019\/08\/DSCF0297-copia.jpg","_links":{"self":[{"href":"https:\/\/www.radiopiu.net\/wordpress\/wp-json\/wp\/v2\/posts\/96136","targetHints":{"allow":["GET"]}}],"collection":[{"href":"https:\/\/www.radiopiu.net\/wordpress\/wp-json\/wp\/v2\/posts"}],"about":[{"href":"https:\/\/www.radiopiu.net\/wordpress\/wp-json\/wp\/v2\/types\/post"}],"author":[{"embeddable":true,"href":"https:\/\/www.radiopiu.net\/wordpress\/wp-json\/wp\/v2\/users\/1"}],"replies":[{"embeddable":true,"href":"https:\/\/www.radiopiu.net\/wordpress\/wp-json\/wp\/v2\/comments?post=96136"}],"version-history":[{"count":0,"href":"https:\/\/www.radiopiu.net\/wordpress\/wp-json\/wp\/v2\/posts\/96136\/revisions"}],"wp:featuredmedia":[{"embeddable":true,"href":"https:\/\/www.radiopiu.net\/wordpress\/wp-json\/wp\/v2\/media\/96178"}],"wp:attachment":[{"href":"https:\/\/www.radiopiu.net\/wordpress\/wp-json\/wp\/v2\/media?parent=96136"}],"wp:term":[{"taxonomy":"category","embeddable":true,"href":"https:\/\/www.radiopiu.net\/wordpress\/wp-json\/wp\/v2\/categories?post=96136"},{"taxonomy":"post_tag","embeddable":true,"href":"https:\/\/www.radiopiu.net\/wordpress\/wp-json\/wp\/v2\/tags?post=96136"}],"curies":[{"name":"wp","href":"https:\/\/api.w.org\/{rel}","templated":true}]}}