{"id":96161,"date":"2019-08-20T05:40:36","date_gmt":"2019-08-20T03:40:36","guid":{"rendered":"http:\/\/www.radiopiu.net\/wordpress\/?p=96161"},"modified":"2019-08-20T10:04:11","modified_gmt":"2019-08-20T08:04:11","slug":"gli-anniversari-per-sei-chiese-e-1-dedicazione-per-formegan-di-renato-bona","status":"publish","type":"post","link":"https:\/\/www.radiopiu.net\/wordpress\/gli-anniversari-per-sei-chiese-e-1-dedicazione-per-formegan-di-renato-bona\/","title":{"rendered":"GLI ANNIVERSARI PER SEI CHIESE E 1. DEDICAZIONE PER FORMEGAN di RENATO BONA"},"content":{"rendered":"<p>Puntualmente, il settimanale \u201cDomenica\u201d realizzato e distribuito a cura della Diocesi di Belluno-Feltre e diretto dal vescovo emerito monsignor Giuseppe Andrich, riporta gli anniversari di dedicazione delle chiese diocesane. Per quanto concerne la settimana dal 19 al 25 agosto richiama: mercoled\u00ec 21 l\u2019anniversario numero 58 per quella intitolata a nostra Signora del Cadore di Borca di Cadore (1961) dove \u00e8 parroco don Riccardo Parissenti. Gioved\u00ec 22: Pozzale di Cadore dove a capo della parrocchia di San Tomaso Apostolo vi \u00e8 mons. Diego Soravia, che ha quale collaboratore parrocchiale don Pieluigi Larese; qui l\u2019anniversario \u00e8 il numero 172, risalendo la prima cerimonia al 1847; ancora: Santa Maria delle Grazie di Rocca Pietore dove a capo dell\u2019omonima parrocchia vi \u00e8 padre Fortunato De Pellegrin; anniversario numero 54, risalendo al 1965; sempre gioved\u00ec 22. Chiesa della Madonna della Difesa di Cortina, anniversario 268 risalendo la cerimonia iniziale al 1751; venerd\u00ec 23 \u00e8 la volta della chiesa di Puos d\u2019Alpago (1849): anniversario numero 179; a capo della parrocchia di San Bartolomeo apostolo vi \u00e8 don Luciano Saviane, cooperatore don Giampaolo Visentin; infine domenica 25: chiesa di Codissago, anniversario numero 442 risalendo la cerimonia di dedicazione al 1577, qui, a capo della parrocchia di Santa Maria Assunta vi \u00e8 don Alessio Strappazzon. Abbiamo gi\u00e0 avuto modo di scrivere di queste chiese e ci pare dunque opportuno soffermarci sulla cerimonia con la quale il vescovo Renato Marangoni ha proceduto venerd\u00ec 16 scorso alla dedicazione della chiesa di Formegan di Santa Giustina. Il settimanale diocesano L\u2019Amico del Popolo ed il sito chiesabellunofeltre hanno sottolineato che la cerimonia suggestiva e molto partecipata si \u00e8 svolta in una data non casuale, perch\u00e9 coincide con la festa di San Rocco, che non \u00e8 il titolare della chiesa, ma \u00e8 venerato da secoli nella frazione, rispettando un voto (fatto dalla comunit\u00e0 nel 1855 in occasione dell\u2019ultima epidemia di colera) che prevede la processione per le vie del pese con la statua del Santo. Importanti lavori di restauro hanno interessato negli ultimi 20 anni la chiesa ed anche il campanile consentendo fra l\u2019altro di far emergere un\u2019Ultima Cena che richiama quella del Santuario feltrino di San Vittore ed un affresco di San Rocco risalente al 1200, oltre a tracce di una Santa Lucia. Accanto ai lavori realizzati con fondi raccolti dai frazionisti con varie iniziative e col contributo di: Fondazione Cariverona, Gal Prealpi Dolomiti e dell\u20198 per mille della Cei, va ricordato che a cura del Comune di Santa Giustina \u00e8 stato realizzato un sagrato in pietra. Ha animato la celebrazione, presieduta dal vescovo di Belluno-Feltre, Renato Maranogni, il \u201cCoro delle Chiesette\u201d, formazione corale maschile che si esibisce in occasione delle feste patronali delle frazioni per animare la messa e renderla pi\u00f9 solenne. La dedicazione \u00e8 stata quindi certificata da un documento, firmato dal Vescovo, dal parroco don Gianni Trevisan, dal sindaco Ivan Minella e dal sacrestano Enzo De Boni (da vari lustri cura la chiesa con grande passione). Dopo il rito, \u00e8 stato rinnovato il voto a San Rocco, con il Vescovo assieme ai sacerdoti \u2013 tra cui don Sergio Dalla Rosa, il parroco che ha dato il via ai lavori, e don Luigi Calvi, parroco di Meano, frazione che un tempo faceva parte della Pieve di Formegan \u2013 e al Sindaco ad aprire processionalmente la strada alla statua del Santo, portata da alcuni frazionisti. La chiesa di Formegan fu sede del primo nucleo parrocchiale, come attesta la Bolla del 1184 di papa Lucio III, che riconosce al Vescovo Drudo i confini della diocesi di Feltre, che nella Valbelluna terminano \u00abin plebe de Formicano\u00bb, nella parrocchia di Formegan. Successivamente si decise di spostare il centro parrocchiale a Santa Giustina, dove dal 1510 c\u2019\u00e8 l\u2019attuale fonte battesimale. In chiusura diamo conto di una ricerca realizzata nel 2015 dagli allievi dell\u2019istituto comprensivo \u201cGianni Rodari\u201d di Santa Giustina, sintetizzata dal sito calcherasangiorgio.it: \u201cDella chiesa di Formegan, dedicata prima a Santa Maria Nascente ed oggi a San Rocco si hanno pochi documenti, uno di questi \u00e8 una lettera di Papa Lucio III da cui si capisce che la chiesa era presente gi\u00e0 nel 1184. Poi fu ristrutturata tra il 1200 ed il 1300 e continu\u00f2 nel tempo a subire modifiche tra cui alcune molto importanti tra il 1400 e 1500. Un tempo intorno alla chiesa sorgeva un cimitero delimitato da alberi di noci e inseguito da alberi di gelso. Nel 1780 venne restaurato anche il campanile. I lavori prima dell\u2019ultimo restauro risalgono a pochi anni fa e interessano il risanamento della struttura interna, con la scoperta di preziosi affreschi di et\u00e0 medievale tra cui una bellissima Ultima cena\u201d.<\/p>\n<p><a class=\"dt-pswp-item\" href=\"http:\/\/www.radiopiu.net\/wordpress\/wp-content\/uploads\/2019\/08\/68934035_2357331097818635_9210377926833340416_n.png\" data-dt-img-description=\"\" data-large_image_width=\"651\" data-large_image_height=\"810\"><img loading=\"lazy\" decoding=\"async\" class=\"alignnone size-medium wp-image-96166\" src=\"http:\/\/www.radiopiu.net\/wordpress\/wp-content\/uploads\/2019\/08\/68934035_2357331097818635_9210377926833340416_n-241x300.png\" alt=\"\" width=\"241\" height=\"300\" srcset=\"https:\/\/www.radiopiu.net\/wordpress\/wp-content\/uploads\/2019\/08\/68934035_2357331097818635_9210377926833340416_n-241x300.png 241w, https:\/\/www.radiopiu.net\/wordpress\/wp-content\/uploads\/2019\/08\/68934035_2357331097818635_9210377926833340416_n.png 651w\" sizes=\"auto, (max-width: 241px) 100vw, 241px\" \/><\/a><a class=\"dt-pswp-item\" href=\"http:\/\/www.radiopiu.net\/wordpress\/wp-content\/uploads\/2019\/08\/69069340_895589300803065_5671635925050851328_n.jpg\" data-dt-img-description=\"\" data-large_image_width=\"150\" data-large_image_height=\"150\"><img loading=\"lazy\" decoding=\"async\" class=\"alignnone  wp-image-96165\" src=\"http:\/\/www.radiopiu.net\/wordpress\/wp-content\/uploads\/2019\/08\/69069340_895589300803065_5671635925050851328_n.jpg\" alt=\"\" width=\"298\" height=\"300\" \/><\/a><\/p>\n<p><a class=\"dt-pswp-item\" href=\"http:\/\/www.radiopiu.net\/wordpress\/wp-content\/uploads\/2019\/08\/68568612_3520793144627908_2385962308405821440_n.png\" data-dt-img-description=\"\" data-large_image_width=\"751\" data-large_image_height=\"501\"><img loading=\"lazy\" decoding=\"async\" class=\"alignnone  wp-image-96162\" src=\"http:\/\/www.radiopiu.net\/wordpress\/wp-content\/uploads\/2019\/08\/68568612_3520793144627908_2385962308405821440_n-300x200.png\" alt=\"\" width=\"240\" height=\"160\" srcset=\"https:\/\/www.radiopiu.net\/wordpress\/wp-content\/uploads\/2019\/08\/68568612_3520793144627908_2385962308405821440_n-300x200.png 300w, https:\/\/www.radiopiu.net\/wordpress\/wp-content\/uploads\/2019\/08\/68568612_3520793144627908_2385962308405821440_n.png 751w\" sizes=\"auto, (max-width: 240px) 100vw, 240px\" \/><\/a><a class=\"dt-pswp-item\" href=\"http:\/\/www.radiopiu.net\/wordpress\/wp-content\/uploads\/2019\/08\/68650941_378294179547970_6360180699416231936_n.png\" data-dt-img-description=\"\" data-large_image_width=\"764\" data-large_image_height=\"464\"><img loading=\"lazy\" decoding=\"async\" class=\"alignnone  wp-image-96163\" src=\"http:\/\/www.radiopiu.net\/wordpress\/wp-content\/uploads\/2019\/08\/68650941_378294179547970_6360180699416231936_n-300x182.png\" alt=\"\" width=\"260\" height=\"158\" srcset=\"https:\/\/www.radiopiu.net\/wordpress\/wp-content\/uploads\/2019\/08\/68650941_378294179547970_6360180699416231936_n-300x182.png 300w, https:\/\/www.radiopiu.net\/wordpress\/wp-content\/uploads\/2019\/08\/68650941_378294179547970_6360180699416231936_n.png 764w\" sizes=\"auto, (max-width: 260px) 100vw, 260px\" \/><\/a><a class=\"dt-pswp-item\" href=\"http:\/\/www.radiopiu.net\/wordpress\/wp-content\/uploads\/2019\/08\/68923441_478777102908530_3438010669205553152_n.png\" data-dt-img-description=\"\" data-large_image_width=\"734\" data-large_image_height=\"433\"><img loading=\"lazy\" decoding=\"async\" class=\"alignnone  wp-image-96164\" src=\"http:\/\/www.radiopiu.net\/wordpress\/wp-content\/uploads\/2019\/08\/68923441_478777102908530_3438010669205553152_n-300x177.png\" alt=\"\" width=\"268\" height=\"158\" srcset=\"https:\/\/www.radiopiu.net\/wordpress\/wp-content\/uploads\/2019\/08\/68923441_478777102908530_3438010669205553152_n-300x177.png 300w, https:\/\/www.radiopiu.net\/wordpress\/wp-content\/uploads\/2019\/08\/68923441_478777102908530_3438010669205553152_n.png 734w\" sizes=\"auto, (max-width: 268px) 100vw, 268px\" \/><\/a><\/p>\n<p>NELLE FOTO (Amico del Popolo e sito chiesabellunofeltre): esterno e particolare di interno della chiesa di Formegan; fasi della cerimonia di dedicazione; tradizionale processione con la statua di San Rocco.<\/p>\n","protected":false},"excerpt":{"rendered":"<p>Puntualmente, il settimanale \u201cDomenica\u201d realizzato e distribuito a cura della Diocesi di Belluno-Feltre e diretto dal vescovo emerito monsignor Giuseppe Andrich, riporta gli anniversari di dedicazione delle chiese diocesane. Per quanto concerne la settimana dal 19 al 25 agosto richiama: mercoled\u00ec 21 l\u2019anniversario numero 58 per quella intitolata a nostra Signora del Cadore di Borca&hellip;<\/p>\n","protected":false},"author":1,"featured_media":96166,"comment_status":"closed","ping_status":"closed","sticky":false,"template":"","format":"standard","meta":{"_monsterinsights_skip_tracking":false,"_monsterinsights_sitenote_active":false,"_monsterinsights_sitenote_note":"","_monsterinsights_sitenote_category":0,"footnotes":""},"categories":[49],"tags":[],"class_list":["post-96161","post","type-post","status-publish","format-standard","has-post-thumbnail","hentry","category-news-18","category-49","description-off"],"img_url":"https:\/\/www.radiopiu.net\/wordpress\/wp-content\/uploads\/2019\/08\/68934035_2357331097818635_9210377926833340416_n.png","_links":{"self":[{"href":"https:\/\/www.radiopiu.net\/wordpress\/wp-json\/wp\/v2\/posts\/96161","targetHints":{"allow":["GET"]}}],"collection":[{"href":"https:\/\/www.radiopiu.net\/wordpress\/wp-json\/wp\/v2\/posts"}],"about":[{"href":"https:\/\/www.radiopiu.net\/wordpress\/wp-json\/wp\/v2\/types\/post"}],"author":[{"embeddable":true,"href":"https:\/\/www.radiopiu.net\/wordpress\/wp-json\/wp\/v2\/users\/1"}],"replies":[{"embeddable":true,"href":"https:\/\/www.radiopiu.net\/wordpress\/wp-json\/wp\/v2\/comments?post=96161"}],"version-history":[{"count":0,"href":"https:\/\/www.radiopiu.net\/wordpress\/wp-json\/wp\/v2\/posts\/96161\/revisions"}],"wp:featuredmedia":[{"embeddable":true,"href":"https:\/\/www.radiopiu.net\/wordpress\/wp-json\/wp\/v2\/media\/96166"}],"wp:attachment":[{"href":"https:\/\/www.radiopiu.net\/wordpress\/wp-json\/wp\/v2\/media?parent=96161"}],"wp:term":[{"taxonomy":"category","embeddable":true,"href":"https:\/\/www.radiopiu.net\/wordpress\/wp-json\/wp\/v2\/categories?post=96161"},{"taxonomy":"post_tag","embeddable":true,"href":"https:\/\/www.radiopiu.net\/wordpress\/wp-json\/wp\/v2\/tags?post=96161"}],"curies":[{"name":"wp","href":"https:\/\/api.w.org\/{rel}","templated":true}]}}