{"id":96198,"date":"2019-08-20T12:24:42","date_gmt":"2019-08-20T10:24:42","guid":{"rendered":"http:\/\/www.radiopiu.net\/wordpress\/?p=96198"},"modified":"2019-08-20T12:24:42","modified_gmt":"2019-08-20T10:24:42","slug":"cereswine-una-degustazione-di-vini-a-ceresera","status":"publish","type":"post","link":"https:\/\/www.radiopiu.net\/wordpress\/cereswine-una-degustazione-di-vini-a-ceresera\/","title":{"rendered":"CeresWine: una degustazione di vini a Ceresera"},"content":{"rendered":"<p><strong><a class=\"dt-pswp-item\" href=\"http:\/\/www.radiopiu.net\/wordpress\/wp-content\/uploads\/2019\/08\/Centro-Aliante-Borse.jpg\" data-dt-img-description=\"\" data-large_image_width=\"4032\" data-large_image_height=\"2268\"><img loading=\"lazy\" decoding=\"async\" class=\" wp-image-96199 alignleft\" src=\"http:\/\/www.radiopiu.net\/wordpress\/wp-content\/uploads\/2019\/08\/Centro-Aliante-Borse-300x169.jpg\" alt=\"\" width=\"236\" height=\"133\" srcset=\"https:\/\/www.radiopiu.net\/wordpress\/wp-content\/uploads\/2019\/08\/Centro-Aliante-Borse-300x169.jpg 300w, https:\/\/www.radiopiu.net\/wordpress\/wp-content\/uploads\/2019\/08\/Centro-Aliante-Borse-768x432.jpg 768w, https:\/\/www.radiopiu.net\/wordpress\/wp-content\/uploads\/2019\/08\/Centro-Aliante-Borse-1024x576.jpg 1024w\" sizes=\"auto, (max-width: 236px) 100vw, 236px\" \/><\/a>LIMANA<\/strong> Sabato 7 settembre, nella frazione di Ceresera, comune di Limana ci sar\u00e0 la prima edizione di CeresWine: un\u2019occasione per degustare i vini di 10 cantine di Veneto e Friuli, selezionate da Alessandro Tison, cuoco di professione e organizzatore dell\u2019evento.<br \/>\n<em>\u201cSiamo dei giovani ragazzi che hanno a cuore il proprio paesino e per questo come comitato frazionale di Ceresera, abbiamo pensato ad una manifestazione incentrata sulla promozione del nostro territorio e sulla divulgazione del buon bere.<\/em><em>Ci sar\u00e1 un percorso che attraversa i prati e le vecchie strade di campagna, dove sar\u00e1 possibile sedersi sull\u2019erba degustando i vini delle nostre cantine. Il percorso porter\u00e1 alla piazzetta del paesino dove si potr\u00e0 ascoltare della musica e mangiare qualche pietanza.\u201d <\/em>CeresWine \u00e8 un\u2019iniziativa che mira non solo alla promozione del territorio ma che ha anche un valore sociale. Parte del ricavato infatti verr\u00e0 devoluto alla Cooperativa Societ\u00e0 Nuova e finalizzato alla realizzazione del nuovo Centro Aliante: dedicato a minori con disturbo dello spettro autistico.\u00a0 Ma c\u2019\u00e8 di pi\u00f9 i bambini che gi\u00e0 frequentano il Centro che ora ha sede a Limana in via Barozzi, hanno decorato delle borse in stoffa e dei portachiavi che verranno consegnati ai primi 100 partecipanti all\u2019evento, insieme ad un bicchiere in vetro per la degustazione dei vini.\u00a0 Sheila Fantauzzi, coordinatrice dell\u2019area autismo di Societ\u00e0 Nuova spiega: <em>\u201cusare i pennelli e i colori \u00e8 stata, per i nostri ragazzi, la maniera per esprimere le proprie emozioni, scavalcando cos\u00ec il muro delle restrizioni che lo spettro autistico erige. Ringraziamo Alessandro Tison per averci coinvolto in questa bellissima iniziativa\u201d. <\/em>Per maggiori informazioni su CeresWine e per l\u2019acquisto dei biglietti: <a href=\"http:\/\/bit.ly\/CereseraWine\"><span style=\"color: #1155cc;\"><u>http:\/\/bit.ly\/CereseraWine<\/u><\/span><\/a><\/p>\n","protected":false},"excerpt":{"rendered":"<p>LIMANA Sabato 7 settembre, nella frazione di Ceresera, comune di Limana ci sar\u00e0 la prima edizione di CeresWine: un\u2019occasione per degustare i vini di 10 cantine di Veneto e Friuli, selezionate da Alessandro Tison, cuoco di professione e organizzatore dell\u2019evento. \u201cSiamo dei giovani ragazzi che hanno a cuore il proprio paesino e per questo come&hellip;<\/p>\n","protected":false},"author":1,"featured_media":96199,"comment_status":"closed","ping_status":"closed","sticky":false,"template":"","format":"standard","meta":{"_monsterinsights_skip_tracking":false,"_monsterinsights_sitenote_active":false,"_monsterinsights_sitenote_note":"","_monsterinsights_sitenote_category":0,"footnotes":""},"categories":[49],"tags":[],"class_list":["post-96198","post","type-post","status-publish","format-standard","has-post-thumbnail","hentry","category-news-18","category-49","description-off"],"img_url":"https:\/\/www.radiopiu.net\/wordpress\/wp-content\/uploads\/2019\/08\/Centro-Aliante-Borse.jpg","_links":{"self":[{"href":"https:\/\/www.radiopiu.net\/wordpress\/wp-json\/wp\/v2\/posts\/96198","targetHints":{"allow":["GET"]}}],"collection":[{"href":"https:\/\/www.radiopiu.net\/wordpress\/wp-json\/wp\/v2\/posts"}],"about":[{"href":"https:\/\/www.radiopiu.net\/wordpress\/wp-json\/wp\/v2\/types\/post"}],"author":[{"embeddable":true,"href":"https:\/\/www.radiopiu.net\/wordpress\/wp-json\/wp\/v2\/users\/1"}],"replies":[{"embeddable":true,"href":"https:\/\/www.radiopiu.net\/wordpress\/wp-json\/wp\/v2\/comments?post=96198"}],"version-history":[{"count":0,"href":"https:\/\/www.radiopiu.net\/wordpress\/wp-json\/wp\/v2\/posts\/96198\/revisions"}],"wp:featuredmedia":[{"embeddable":true,"href":"https:\/\/www.radiopiu.net\/wordpress\/wp-json\/wp\/v2\/media\/96199"}],"wp:attachment":[{"href":"https:\/\/www.radiopiu.net\/wordpress\/wp-json\/wp\/v2\/media?parent=96198"}],"wp:term":[{"taxonomy":"category","embeddable":true,"href":"https:\/\/www.radiopiu.net\/wordpress\/wp-json\/wp\/v2\/categories?post=96198"},{"taxonomy":"post_tag","embeddable":true,"href":"https:\/\/www.radiopiu.net\/wordpress\/wp-json\/wp\/v2\/tags?post=96198"}],"curies":[{"name":"wp","href":"https:\/\/api.w.org\/{rel}","templated":true}]}}