{"id":96204,"date":"2019-08-20T12:32:56","date_gmt":"2019-08-20T10:32:56","guid":{"rendered":"http:\/\/www.radiopiu.net\/wordpress\/?p=96204"},"modified":"2019-08-20T12:33:20","modified_gmt":"2019-08-20T10:33:20","slug":"progetto-family-con-il-secondo-bando-si-allarga-la-platea-degli-aderenti","status":"publish","type":"post","link":"https:\/\/www.radiopiu.net\/wordpress\/progetto-family-con-il-secondo-bando-si-allarga-la-platea-degli-aderenti\/","title":{"rendered":"Progetto Family: con il secondo bando si allarga la platea degli aderenti."},"content":{"rendered":"<p><strong>FELTRE<\/strong>\u00a0 Sono una quindicina le attivit\u00e0 di varia natura che hanno dato la loro adesione al Progetto Family, in occasione della seconda \u201ccall\u201d, chiusasi lo scorso mese di luglio. Oltre ad aderire al sistema premiante, che \u2013 come noto \u2013 permette agli utenti di accedere, presso gli esercenti convenzionati, ad una serie di sconti per prestazioni a costo agevolato, una decina tra i nuovi aderenti ha anche chiesto di poter disporre degli arredi \u201ca misura di bambino\u201d previsti dal Family. Molto eterogenea la tipologia delle attivit\u00e0 e dei professionisti che hanno dato la loro adesione alla seconda \u201cedizione\u201d del Family: dagli operatori nell\u2019ambito della ristorazione e dell\u2019accoglienza (locali pubblici, alberghi e B&amp;B), alle rivendite di beni alimentari, a studi dentistici e negozi di ottica, sino a societ\u00e0, associazioni ed enti attivi nel mondo della formazione. Qualcuno di loro, \u00e8 il caso dell\u2019ottica Li\u00f2 attiva presso il centro acquisti \u201cLe Torri\u201d, si \u00e8 gi\u00e0 attivato con una scontistica appositamente dedicata ai clienti pi\u00f9 piccoli, proprio per venire incontro alle <a class=\"dt-pswp-item\" href=\"http:\/\/www.radiopiu.net\/wordpress\/wp-content\/uploads\/2019\/08\/FAMILY-NICOLETTO.jpg\" data-dt-img-description=\"\" data-large_image_width=\"1892\" data-large_image_height=\"1081\"><img loading=\"lazy\" decoding=\"async\" class=\"size-medium wp-image-96205 alignleft\" src=\"http:\/\/www.radiopiu.net\/wordpress\/wp-content\/uploads\/2019\/08\/FAMILY-NICOLETTO-300x171.jpg\" alt=\"\" width=\"300\" height=\"171\" srcset=\"https:\/\/www.radiopiu.net\/wordpress\/wp-content\/uploads\/2019\/08\/FAMILY-NICOLETTO-300x171.jpg 300w, https:\/\/www.radiopiu.net\/wordpress\/wp-content\/uploads\/2019\/08\/FAMILY-NICOLETTO-768x439.jpg 768w, https:\/\/www.radiopiu.net\/wordpress\/wp-content\/uploads\/2019\/08\/FAMILY-NICOLETTO-1024x585.jpg 1024w, https:\/\/www.radiopiu.net\/wordpress\/wp-content\/uploads\/2019\/08\/FAMILY-NICOLETTO.jpg 1892w\" sizes=\"auto, (max-width: 300px) 100vw, 300px\" \/><\/a>esigenze di budget tipicamente\u2026familiari.<\/p>\n<blockquote><p><em>\u201cDopo l\u2019ottima risposta avuta lo scorso anno in occasione della partenza del progetto, quando abbiamo superato le 50 adesioni\u201d, sottolinea l\u2019assessora alle Politiche Sociali del Comune di Feltre Debora Nicoletto, \u201ci risultati di questa seconda call ci confermano che l\u2019ideazione e la promozione di moderne politiche family friendly \u00e8 vincente. E lo \u00e8 \u2013 continua Nicoletto \u2013 non solo per gli esercenti e gli operatori economici, sociali e culturali che possono \u201cmettere in vetrina\u201d un servizio certamente apprezzato e dall\u2019alto valore aggiunto per la propria immagine, ma anche per la citt\u00e0; grazie a queste e ad altre iniziative collegate, Feltre si colloca nel novero dei centri attenti e all\u2019avanguardia nell\u2019applicazione delle politiche di accoglienza a misura di famiglia, sempre pi\u00f9 un marchio di qualit\u00e0, anche dal punto di vista turistico, per il nostro territorio \u201d.<\/em><\/p><\/blockquote>\n","protected":false},"excerpt":{"rendered":"<p>FELTRE\u00a0 Sono una quindicina le attivit\u00e0 di varia natura che hanno dato la loro adesione al Progetto Family, in occasione della seconda \u201ccall\u201d, chiusasi lo scorso mese di luglio. Oltre ad aderire al sistema premiante, che \u2013 come noto \u2013 permette agli utenti di accedere, presso gli esercenti convenzionati, ad una serie di sconti per&hellip;<\/p>\n","protected":false},"author":1,"featured_media":96205,"comment_status":"closed","ping_status":"closed","sticky":false,"template":"","format":"standard","meta":{"_monsterinsights_skip_tracking":false,"_monsterinsights_sitenote_active":false,"_monsterinsights_sitenote_note":"","_monsterinsights_sitenote_category":0,"footnotes":""},"categories":[49],"tags":[],"class_list":["post-96204","post","type-post","status-publish","format-standard","has-post-thumbnail","hentry","category-news-18","category-49","description-off"],"img_url":"https:\/\/www.radiopiu.net\/wordpress\/wp-content\/uploads\/2019\/08\/FAMILY-NICOLETTO.jpg","_links":{"self":[{"href":"https:\/\/www.radiopiu.net\/wordpress\/wp-json\/wp\/v2\/posts\/96204","targetHints":{"allow":["GET"]}}],"collection":[{"href":"https:\/\/www.radiopiu.net\/wordpress\/wp-json\/wp\/v2\/posts"}],"about":[{"href":"https:\/\/www.radiopiu.net\/wordpress\/wp-json\/wp\/v2\/types\/post"}],"author":[{"embeddable":true,"href":"https:\/\/www.radiopiu.net\/wordpress\/wp-json\/wp\/v2\/users\/1"}],"replies":[{"embeddable":true,"href":"https:\/\/www.radiopiu.net\/wordpress\/wp-json\/wp\/v2\/comments?post=96204"}],"version-history":[{"count":0,"href":"https:\/\/www.radiopiu.net\/wordpress\/wp-json\/wp\/v2\/posts\/96204\/revisions"}],"wp:featuredmedia":[{"embeddable":true,"href":"https:\/\/www.radiopiu.net\/wordpress\/wp-json\/wp\/v2\/media\/96205"}],"wp:attachment":[{"href":"https:\/\/www.radiopiu.net\/wordpress\/wp-json\/wp\/v2\/media?parent=96204"}],"wp:term":[{"taxonomy":"category","embeddable":true,"href":"https:\/\/www.radiopiu.net\/wordpress\/wp-json\/wp\/v2\/categories?post=96204"},{"taxonomy":"post_tag","embeddable":true,"href":"https:\/\/www.radiopiu.net\/wordpress\/wp-json\/wp\/v2\/tags?post=96204"}],"curies":[{"name":"wp","href":"https:\/\/api.w.org\/{rel}","templated":true}]}}