{"id":96327,"date":"2019-08-21T04:56:05","date_gmt":"2019-08-21T02:56:05","guid":{"rendered":"http:\/\/www.radiopiu.net\/wordpress\/?p=96327"},"modified":"2019-08-21T08:40:33","modified_gmt":"2019-08-21T06:40:33","slug":"40-anni-dopo","status":"publish","type":"post","link":"https:\/\/www.radiopiu.net\/wordpress\/40-anni-dopo\/","title":{"rendered":"40 ANNI DOPO&#8230;"},"content":{"rendered":"<h3><\/h3>\n<p><strong>CANALE D&#8217;AGORDO<\/strong> Wojtyla sulle orme di Luciani, due Papi a Canale d&#8217;Agordo, presentazione in anteprima del documentario di Eleonora Sarasin con repertorio inedito dell&#8217;epoca, sulla straordinaria visita effettuata da Giovanni Paolo II nel paese del suo predecessore Giovanni Paolo I, era il 26 agosto del 1979. Il documentario verr\u00e0 proiettato venerdi alle 17 in sala ex emigranti. Alle 21 se il tempo lo permetter\u00e0 in piazza Papa Luciani (oppure sempre in sala ex emigranti) seconda proiezione con gli interventi di Giulio Viviani gi\u00e0 cerimoniere di Papa Wojtyla, Stefano Perale direttore ufficio pastorale della diocesi di Belluno e Paolo Valente giornalista, scrittore e direttore della Caritas nella diocesi di Bolzano e Bressanone.<\/p>\n<blockquote><p><em>Il documentario racconta il viaggio di Wojtyla e le sue motivazioni, ma anche la storia dei preparativi all&#8217;evento da parte degli amministratori locali e del paese con l&#8217;intervista\u00a0 al vescovo emerito di Belluno Feltre Giuseppe Andrich sar\u00e0 tracciato il\u00a0 ritratto breve di Luciani, dei tratti pi\u00f9 salienti della personalit\u00e0 e dell&#8217;opera. Termina con la lettura dell&#8217;omelia di Wojtyla da parte di don Mariano Baldovin e una sequenza di immagini attuali del paese e i suoi abitanti. Il film contiene video e foto di repertorio di varia provenienza tra cui stralci del documentario \u201citinerario Wojtyla\u201d del 79\u2019 del compianto cineoperatore Ivano Pocchiesa.\u00a0<\/em><\/p><\/blockquote>\n","protected":false},"excerpt":{"rendered":"<p>CANALE D&#8217;AGORDO Wojtyla sulle orme di Luciani, due Papi a Canale d&#8217;Agordo, presentazione in anteprima del documentario di Eleonora Sarasin con repertorio inedito dell&#8217;epoca, sulla straordinaria visita effettuata da Giovanni Paolo II nel paese del suo predecessore Giovanni Paolo I, era il 26 agosto del 1979. Il documentario verr\u00e0 proiettato venerdi alle 17 in sala&hellip;<\/p>\n","protected":false},"author":1,"featured_media":58519,"comment_status":"closed","ping_status":"closed","sticky":false,"template":"","format":"standard","meta":{"_monsterinsights_skip_tracking":false,"_monsterinsights_sitenote_active":false,"_monsterinsights_sitenote_note":"","_monsterinsights_sitenote_category":0,"footnotes":""},"categories":[49],"tags":[],"class_list":["post-96327","post","type-post","status-publish","format-standard","has-post-thumbnail","hentry","category-news-18","category-49","description-off"],"img_url":"https:\/\/www.radiopiu.net\/wordpress\/wp-content\/uploads\/2018\/08\/papa_luciani.jpg","_links":{"self":[{"href":"https:\/\/www.radiopiu.net\/wordpress\/wp-json\/wp\/v2\/posts\/96327","targetHints":{"allow":["GET"]}}],"collection":[{"href":"https:\/\/www.radiopiu.net\/wordpress\/wp-json\/wp\/v2\/posts"}],"about":[{"href":"https:\/\/www.radiopiu.net\/wordpress\/wp-json\/wp\/v2\/types\/post"}],"author":[{"embeddable":true,"href":"https:\/\/www.radiopiu.net\/wordpress\/wp-json\/wp\/v2\/users\/1"}],"replies":[{"embeddable":true,"href":"https:\/\/www.radiopiu.net\/wordpress\/wp-json\/wp\/v2\/comments?post=96327"}],"version-history":[{"count":0,"href":"https:\/\/www.radiopiu.net\/wordpress\/wp-json\/wp\/v2\/posts\/96327\/revisions"}],"wp:featuredmedia":[{"embeddable":true,"href":"https:\/\/www.radiopiu.net\/wordpress\/wp-json\/wp\/v2\/media\/58519"}],"wp:attachment":[{"href":"https:\/\/www.radiopiu.net\/wordpress\/wp-json\/wp\/v2\/media?parent=96327"}],"wp:term":[{"taxonomy":"category","embeddable":true,"href":"https:\/\/www.radiopiu.net\/wordpress\/wp-json\/wp\/v2\/categories?post=96327"},{"taxonomy":"post_tag","embeddable":true,"href":"https:\/\/www.radiopiu.net\/wordpress\/wp-json\/wp\/v2\/tags?post=96327"}],"curies":[{"name":"wp","href":"https:\/\/api.w.org\/{rel}","templated":true}]}}