{"id":96333,"date":"2019-08-21T13:23:14","date_gmt":"2019-08-21T11:23:14","guid":{"rendered":"http:\/\/www.radiopiu.net\/wordpress\/?p=96333"},"modified":"2019-08-21T17:32:20","modified_gmt":"2019-08-21T15:32:20","slug":"tangenziale-rotonda-quali-soluzioni-per-il-collo-di-bottiglia-di-cencenighe-a-radio-piu-lex-sindaco-william-fae","status":"publish","type":"post","link":"https:\/\/www.radiopiu.net\/wordpress\/tangenziale-rotonda-quali-soluzioni-per-il-collo-di-bottiglia-di-cencenighe-a-radio-piu-lex-sindaco-william-fae\/","title":{"rendered":"TANGENZIALE? ROTONDA? QUALI SOLUZIONI PER IL COLLO DI BOTTIGLIA DI CENCENIGHE? A RADIO PIU&#8217; L&#8217;EX SINDACO WILLIAM FAE&#8217;"},"content":{"rendered":"<p><strong><a class=\"dt-pswp-item\" href=\"http:\/\/www.radiopiu.net\/wordpress\/wp-content\/uploads\/2018\/02\/WILLIAM-FAE-1-e1566365190286.jpg\" data-dt-img-description=\"\" data-large_image_width=\"660\" data-large_image_height=\"495\"><img loading=\"lazy\" decoding=\"async\" class=\"wp-image-43581 alignleft\" src=\"http:\/\/www.radiopiu.net\/wordpress\/wp-content\/uploads\/2018\/02\/WILLIAM-FAE-1-e1566365190286-300x225.jpg\" alt=\"\" width=\"215\" height=\"161\" srcset=\"https:\/\/www.radiopiu.net\/wordpress\/wp-content\/uploads\/2018\/02\/WILLIAM-FAE-1-e1566365190286-300x225.jpg 300w, https:\/\/www.radiopiu.net\/wordpress\/wp-content\/uploads\/2018\/02\/WILLIAM-FAE-1-e1566365190286.jpg 660w\" sizes=\"auto, (max-width: 215px) 100vw, 215px\" \/><\/a><\/strong><\/p>\n<p>&nbsp;<\/p>\n<p><strong>CENCENIGHE<\/strong> William Fa\u00e8 gi\u00e0 sindaco di Cencenighe interviene sulla problematica estiva con riferimento alla viabilita&#8217; di Cencenighe, Nel suo intervento la &#8220;storia&#8221; degli ultimi anni. Le scelte amministrative, le ipotesi di Veneto Strade.<\/p>\n<p>&nbsp;<\/p>\n<p><strong>AUDIO<\/strong><\/p>\n<audio class=\"wp-audio-shortcode\" id=\"audio-96333-1\" preload=\"none\" style=\"width: 100%;\" controls=\"controls\"><source type=\"audio\/mpeg\" src=\"http:\/\/www.radiopiu.net\/wordpress\/wp-content\/uploads\/2019\/08\/WILLIAM-FAE.mp3?_=1\" \/><a href=\"http:\/\/www.radiopiu.net\/wordpress\/wp-content\/uploads\/2019\/08\/WILLIAM-FAE.mp3\">http:\/\/www.radiopiu.net\/wordpress\/wp-content\/uploads\/2019\/08\/WILLIAM-FAE.mp3<\/a><\/audio>\n<blockquote><p>LA STORIA<\/p>\n<p><strong>2012-2017<\/strong> sono i 5 anni del sindaco Fa\u00e8 &#8220;Non sempre siamo liberi di decidere quello che vorremmo&#8221;. Nel 2012 la finanziaria &#8220;lacrime e sangue&#8221; non ha permesso di risolverei il problema di Cencenighe con l&#8217;apertura della tangenziale di Agordo.<strong> 2013<\/strong> Veneto Strade toglie dal programma triennale la tangenziale (11 milioni di euro). <strong>2016\u00a0<\/strong> Il Comune chiede all&#8217;ingegner Serafini di studiare la soluzione, la scelta \u00e8 ricaduta su una rotatoria con lo spostamento del Monumento rinunciando a 4 parcheggi. Rotatoria finanziata con 500 mila euro dei fondi di area vasta. Ma i soldi non erano sufficienti e l&#8217;allora commissario port\u00f2 a Cencenighe altri 250 mila euro e la progettualit\u00e0 \u00e8 passata a Veneto Strade.<\/p><\/blockquote>\n<h2>IL SERVIZIO DI IERI, L&#8217;INTERVENTO DEL SINDACO MAURO SOPPELSA<\/h2>\n<h3><\/h3>\n<blockquote>\n<h5><em>L&#8217;ANTIDOTO PER LE CODE DEI FINE SETTIMANA PIU&#8217; &#8220;CALDI&#8221; SARA&#8217; LA ROTONDA? UN RONDO&#8217; CHE NON POTRA&#8217; ESSERE PRESIDIATO DALLE FORZE DELL&#8217;ORDINE, CHE TOGLIERA&#8217; PARCHEGGI AL CENTRO DEL PAESE E COSTRINGERA&#8217; I TURISTI IN TRANSITO A TIRARE DIRITTO, VERSO ALLEGHE O FALCADE?<\/em><\/h5>\n<\/blockquote>\n<p><strong><a class=\"dt-pswp-item\" href=\"http:\/\/www.radiopiu.net\/wordpress\/wp-content\/uploads\/2019\/08\/download-12.jpg\" data-dt-img-description=\"\" data-large_image_width=\"259\" data-large_image_height=\"194\"><img loading=\"lazy\" decoding=\"async\" class=\"size-full wp-image-96127 alignleft\" src=\"http:\/\/www.radiopiu.net\/wordpress\/wp-content\/uploads\/2019\/08\/download-12.jpg\" alt=\"\" width=\"259\" height=\"194\" \/><\/a>CENCENIGHE <\/strong>Il baricentro dell&#8217;Agordino nell&#8217;occhio del ciclone, come lo \u00e8 stato Agordo prima della tangenziale, quel tratto di strada che ha portato pi\u00f9 velocemente i turisti a nord, quel tratto di strada negli anni Ottanta contestato a gran voce dai commercianti della piazza che nel tempo hanno poi cambiato opinione per il forte intasamento\u00a0 in centro che non permetteva pi\u00f9 ad alcuno di fermarsi, nemmeno per il caffe&#8217;. Anche la tangenziale di Cencenighe \u00e8 stata da sempre osteggiata dalla parte produttiva del paese, non ultimo il Deputato Dario Bond\u00a0 che in una riunione aveva affermato che la variante alla regionale 203 non serviva. Poi si \u00e8 iniziato a parlare di rotonda, per il sindaco di Cencenighe potrebbe non risolvere il problema del grande traffico in alcuni fine settimana dell&#8217;anno sui 57 del calendario, perch\u00e9 tra Morbiach e via Roma ci sono attivit\u00e0 commerciali con entrata ed uscita di mezzi che comunque la coda la creano ancora prima della deviazione per la Valle del Biois, ma anche perch\u00e9 le principali attivit\u00e0 del paese fanno da cornice all&#8217;ipotizzata rotonda e si ritroverebbero senza parcheggi in <a class=\"dt-pswp-item\" href=\"http:\/\/www.radiopiu.net\/wordpress\/wp-content\/uploads\/2019\/08\/SSS.jpg\" data-dt-img-description=\"\" data-large_image_width=\"304\" data-large_image_height=\"166\"><img loading=\"lazy\" decoding=\"async\" class=\"size-medium wp-image-96126 alignright\" src=\"http:\/\/www.radiopiu.net\/wordpress\/wp-content\/uploads\/2019\/08\/SSS-300x164.jpg\" alt=\"\" width=\"300\" height=\"164\" srcset=\"https:\/\/www.radiopiu.net\/wordpress\/wp-content\/uploads\/2019\/08\/SSS-300x164.jpg 300w, https:\/\/www.radiopiu.net\/wordpress\/wp-content\/uploads\/2019\/08\/SSS.jpg 304w\" sizes=\"auto, (max-width: 300px) 100vw, 300px\" \/><\/a>centro, oppure con stalli a ridosso della viabilit\u00e0. Di questo e molto altro ne abbiamo parlato con il primo cittadino Mauro Soppelsa,\u00a0 che non manca di ricordare come a suo tempo aveva previsto che la tangenziale di Agordo, pur ottima infrastruttura, avrebbe solo spostato le colonne a passo d&#8217;uomo qualche chilometro pi\u00f9 su. Chi ha buona memoria ricorda infatti che da piazza Libert\u00e0 la coda si sviluppava fino a Ponte Mas. C&#8217;\u00e8 poi il famoso piano della viabilit\u00e0 regionale che guarda solo a Cortina ed ai suoi mondiali, ma in provincia c&#8217;\u00e8 anche altro, non solo per arrivare prima nell&#8217;Alto Agordino o nell&#8217;Alto Adige, infatti sar\u00e0 anche\u00a0 il caso di pensare alla sicurezza con sassi che cadono, branchi di cervi che attraversano la strada e una grande multinazionale che ha necessit\u00e0 di spostare mezzi, merci e maestranze prima di tutto in sicurezza quindi in tempi accettabili e in linea con il nuovo millenio, prima che sia tardi.<\/p>\n<p><strong>A COLLOQUIO CON IL SINDACO MAURO SOPPELSA\u00a0<\/strong><\/p>\n<audio class=\"wp-audio-shortcode\" id=\"audio-96333-2\" preload=\"none\" style=\"width: 100%;\" controls=\"controls\"><source type=\"audio\/mpeg\" src=\"http:\/\/www.radiopiu.net\/wordpress\/wp-content\/uploads\/2019\/08\/MAURO-SOPPELSA.mp3?_=2\" \/><a href=\"http:\/\/www.radiopiu.net\/wordpress\/wp-content\/uploads\/2019\/08\/MAURO-SOPPELSA.mp3\">http:\/\/www.radiopiu.net\/wordpress\/wp-content\/uploads\/2019\/08\/MAURO-SOPPELSA.mp3<\/a><\/audio>\n<p>&nbsp;<\/p>\n<p>&nbsp;<\/p>\n<p>&nbsp;<\/p>\n","protected":false},"excerpt":{"rendered":"<p>&nbsp; CENCENIGHE William Fa\u00e8 gi\u00e0 sindaco di Cencenighe interviene sulla problematica estiva con riferimento alla viabilita&#8217; di Cencenighe, Nel suo intervento la &#8220;storia&#8221; degli ultimi anni. Le scelte amministrative, le ipotesi di Veneto Strade. &nbsp; AUDIO LA STORIA 2012-2017 sono i 5 anni del sindaco Fa\u00e8 &#8220;Non sempre siamo liberi di decidere quello che vorremmo&#8221;.&hellip;<\/p>\n","protected":false},"author":1,"featured_media":43581,"comment_status":"closed","ping_status":"closed","sticky":false,"template":"","format":"standard","meta":{"_monsterinsights_skip_tracking":false,"_monsterinsights_sitenote_active":false,"_monsterinsights_sitenote_note":"","_monsterinsights_sitenote_category":0,"footnotes":""},"categories":[51,49],"tags":[],"class_list":["post-96333","post","type-post","status-publish","format-standard","has-post-thumbnail","hentry","category-evidenza-top","category-news-18","category-51","category-49","description-off"],"img_url":"https:\/\/www.radiopiu.net\/wordpress\/wp-content\/uploads\/2018\/02\/WILLIAM-FAE-1-e1566365190286.jpg","_links":{"self":[{"href":"https:\/\/www.radiopiu.net\/wordpress\/wp-json\/wp\/v2\/posts\/96333","targetHints":{"allow":["GET"]}}],"collection":[{"href":"https:\/\/www.radiopiu.net\/wordpress\/wp-json\/wp\/v2\/posts"}],"about":[{"href":"https:\/\/www.radiopiu.net\/wordpress\/wp-json\/wp\/v2\/types\/post"}],"author":[{"embeddable":true,"href":"https:\/\/www.radiopiu.net\/wordpress\/wp-json\/wp\/v2\/users\/1"}],"replies":[{"embeddable":true,"href":"https:\/\/www.radiopiu.net\/wordpress\/wp-json\/wp\/v2\/comments?post=96333"}],"version-history":[{"count":0,"href":"https:\/\/www.radiopiu.net\/wordpress\/wp-json\/wp\/v2\/posts\/96333\/revisions"}],"wp:featuredmedia":[{"embeddable":true,"href":"https:\/\/www.radiopiu.net\/wordpress\/wp-json\/wp\/v2\/media\/43581"}],"wp:attachment":[{"href":"https:\/\/www.radiopiu.net\/wordpress\/wp-json\/wp\/v2\/media?parent=96333"}],"wp:term":[{"taxonomy":"category","embeddable":true,"href":"https:\/\/www.radiopiu.net\/wordpress\/wp-json\/wp\/v2\/categories?post=96333"},{"taxonomy":"post_tag","embeddable":true,"href":"https:\/\/www.radiopiu.net\/wordpress\/wp-json\/wp\/v2\/tags?post=96333"}],"curies":[{"name":"wp","href":"https:\/\/api.w.org\/{rel}","templated":true}]}}