{"id":96347,"date":"2019-08-21T09:39:53","date_gmt":"2019-08-21T07:39:53","guid":{"rendered":"http:\/\/www.radiopiu.net\/wordpress\/?p=96347"},"modified":"2019-08-21T17:32:27","modified_gmt":"2019-08-21T15:32:27","slug":"trasportava-benzina-dalla-croazia-senza-gli-equipaggiamenti-di-sicurezza","status":"publish","type":"post","link":"https:\/\/www.radiopiu.net\/wordpress\/trasportava-benzina-dalla-croazia-senza-gli-equipaggiamenti-di-sicurezza\/","title":{"rendered":"TRASPORTAVA BENZINA DALLA CROAZIA SENZA GLI EQUIPAGGIAMENTI DI SICUREZZA"},"content":{"rendered":"<blockquote><p><em><span style=\"font-size: large;\">Si \u00e8 conclusa la settimana relativa alla campagna europea congiunta denominata \u201cTISPOL SPEED&#8221; programmata dal Network Europeo delle Polizie Stradali dal 12 al 18 agosto 2019.<\/span><\/em><\/p><\/blockquote>\n<p><span style=\"font-size: large;\"><strong><a class=\"dt-pswp-item\" href=\"http:\/\/www.radiopiu.net\/wordpress\/wp-content\/uploads\/2018\/07\/stradale.jpg\" data-dt-img-description=\"\" data-large_image_width=\"593\" data-large_image_height=\"443\"><img loading=\"lazy\" decoding=\"async\" class=\" wp-image-55042 alignleft\" src=\"http:\/\/www.radiopiu.net\/wordpress\/wp-content\/uploads\/2018\/07\/stradale-300x224.jpg\" alt=\"\" width=\"258\" height=\"193\" srcset=\"https:\/\/www.radiopiu.net\/wordpress\/wp-content\/uploads\/2018\/07\/stradale-300x224.jpg 300w, https:\/\/www.radiopiu.net\/wordpress\/wp-content\/uploads\/2018\/07\/stradale.jpg 593w\" sizes=\"auto, (max-width: 258px) 100vw, 258px\" \/><\/a>BELLUNO<\/strong> L\u2019attivit\u00e0 ha visto coinvolta la Polizia Stradale di Belluno che, nel corso della settimana, ha predisposto 26<\/span><span style=\"font-size: large;\"> pattuglie dedicate anche ai servizi specifici di contrasto agli eccessi di velocit\u00e0. <\/span><span style=\"font-size: large;\">Sono state cos\u00ec contestate 242 sanzioni di cui ben 100 inerenti gli eccessi di velocit\u00e0, decurtati 600 punti patente, ritirate 4 patenti di guida e altrettante carte di circolazione. I fotogrammi impressi per la successiva verbalizzazione sempre relativa al superamento dei limiti di velocit\u00e0 imposti sono 126. <\/span><span style=\"font-size: large;\">Per quanto attiene l\u2019autotrasporto di merci pericolose sospensione dalla circolazione con conseguente fermo amministrativo in Italia di un veicolo cisterna croato trasportante benzina in quanto privo dei necessari equipaggiamenti di sicurezza obbligatori,\u00a0 si segnalano le oltre 11 ore consecutive di guida realizzate da un autista italiano di rientro dal Belgio il giorno di Ferragosto e la non completa fruizione del riposo giornaliero di quasi 4 ore (poco meno di 7 rispetto alle 11) da parte di un autotrasportatore estero diretto in Spagna. <\/span><span style=\"font-size: large;\">Nel Cadore\u00a0 fermo di autobus nazionale, a seguito delle verifiche effettuate presso un centro autorizzato, perch\u00e9 privo dei necessari sigilli posti a garanzia della regolarit\u00e0 ed integrit\u00e0 del dispositivo cronotachigrafo analogico. <\/span><\/p>\n<p>&nbsp;<\/p>\n","protected":false},"excerpt":{"rendered":"<p>Si \u00e8 conclusa la settimana relativa alla campagna europea congiunta denominata \u201cTISPOL SPEED&#8221; programmata dal Network Europeo delle Polizie Stradali dal 12 al 18 agosto 2019. BELLUNO L\u2019attivit\u00e0 ha visto coinvolta la Polizia Stradale di Belluno che, nel corso della settimana, ha predisposto 26 pattuglie dedicate anche ai servizi specifici di contrasto agli eccessi di&hellip;<\/p>\n","protected":false},"author":1,"featured_media":63764,"comment_status":"closed","ping_status":"closed","sticky":false,"template":"","format":"standard","meta":{"_monsterinsights_skip_tracking":false,"_monsterinsights_sitenote_active":false,"_monsterinsights_sitenote_note":"","_monsterinsights_sitenote_category":0,"footnotes":""},"categories":[51,49],"tags":[],"class_list":["post-96347","post","type-post","status-publish","format-standard","has-post-thumbnail","hentry","category-evidenza-top","category-news-18","category-51","category-49","description-off"],"img_url":"https:\/\/www.radiopiu.net\/wordpress\/wp-content\/uploads\/2018\/10\/IMG_5363.jpeg","_links":{"self":[{"href":"https:\/\/www.radiopiu.net\/wordpress\/wp-json\/wp\/v2\/posts\/96347","targetHints":{"allow":["GET"]}}],"collection":[{"href":"https:\/\/www.radiopiu.net\/wordpress\/wp-json\/wp\/v2\/posts"}],"about":[{"href":"https:\/\/www.radiopiu.net\/wordpress\/wp-json\/wp\/v2\/types\/post"}],"author":[{"embeddable":true,"href":"https:\/\/www.radiopiu.net\/wordpress\/wp-json\/wp\/v2\/users\/1"}],"replies":[{"embeddable":true,"href":"https:\/\/www.radiopiu.net\/wordpress\/wp-json\/wp\/v2\/comments?post=96347"}],"version-history":[{"count":0,"href":"https:\/\/www.radiopiu.net\/wordpress\/wp-json\/wp\/v2\/posts\/96347\/revisions"}],"wp:featuredmedia":[{"embeddable":true,"href":"https:\/\/www.radiopiu.net\/wordpress\/wp-json\/wp\/v2\/media\/63764"}],"wp:attachment":[{"href":"https:\/\/www.radiopiu.net\/wordpress\/wp-json\/wp\/v2\/media?parent=96347"}],"wp:term":[{"taxonomy":"category","embeddable":true,"href":"https:\/\/www.radiopiu.net\/wordpress\/wp-json\/wp\/v2\/categories?post=96347"},{"taxonomy":"post_tag","embeddable":true,"href":"https:\/\/www.radiopiu.net\/wordpress\/wp-json\/wp\/v2\/tags?post=96347"}],"curies":[{"name":"wp","href":"https:\/\/api.w.org\/{rel}","templated":true}]}}