{"id":96352,"date":"2019-08-22T05:43:14","date_gmt":"2019-08-22T03:43:14","guid":{"rendered":"http:\/\/www.radiopiu.net\/wordpress\/?p=96352"},"modified":"2019-08-22T05:44:30","modified_gmt":"2019-08-22T03:44:30","slug":"giornale-radiopiu-22-agosto-2019-direttore-mirko-mezzacasa","status":"publish","type":"post","link":"https:\/\/www.radiopiu.net\/wordpress\/giornale-radiopiu-22-agosto-2019-direttore-mirko-mezzacasa\/","title":{"rendered":"GIORNALE RADIOPIU 22 AGOSTO 2019 DIRETTORE MIRKO MEZZACASA"},"content":{"rendered":"<p><strong>203 AGORDINA INTERRUZIONI ALLA VIABILITA&#8217; OLTRE LA MUDA IN COMUNE DI SEDICO<\/strong><\/p>\n<p>Oggi dalle 8.15 alle 12 e dalle 13.00 alle 17\u00a0 possibili\u00a0 interruzioni in entrambi i sensi di marcia per un massimo di 15 minuti per ispezione\u00a0 versanti dove di recente si \u00e8 staccato un masso che ha centrato un&#8217;auto.<\/p>\n<p>&nbsp;<\/p>\n<p align=\"JUSTIFY\"><em><span style=\"font-family: Arial, serif;\">Gestione Servizi Pubblici informa che ad Auronzo di Cadore in localita&#8217; Pian della Velma e nelle vie Giralba e Ligonto (fino alla segheria), l&#8217;acqua erogata dall&#8217;acquedotto non \u00e8 potabile e pu\u00f2 essere usata per scopi alimentari solo previa bollitura.<\/span><\/em><\/p>\n<blockquote><p><strong><em>Il Giornale RADIOPIU, quotidiano in rete fin dal 1 aprile del 2015 si concede qualche giorno di &#8220;tregua&#8221; tecnica. Ritorner\u00e0 puntuale martedi 3 settembre. In questi giorni, tra l&#8217;altro, prevediamo un&#8217;opera di restyling del sito www.radiopiu.net affidato alle sapienti mani di Iliana Comina. Il sito internet con le notizie di cronaca ed eventi continuer\u00e0 ad essere aggiornato cos\u00ec come la pagina facebook del gruppo RADIOPIU EMITTENTE AGORDINA. (mm)<\/em><\/strong><\/p><\/blockquote>\n<p>&nbsp;<\/p>\n<p>&nbsp;<\/p>\n<h2><a class=\"dt-pswp-item\" href=\"http:\/\/www.radiopiu.net\/wordpress\/wp-content\/uploads\/2017\/08\/images-1.jpg\" data-dt-img-description=\"\" data-large_image_width=\"186\" data-large_image_height=\"271\"><img loading=\"lazy\" decoding=\"async\" class=\" wp-image-35803 alignleft\" src=\"http:\/\/www.radiopiu.net\/wordpress\/wp-content\/uploads\/2017\/08\/images-1.jpg\" alt=\"\" width=\"73\" height=\"106\" \/><\/a>CERIMONIA DI COMMEMORAZIONE PER FALCO<\/h2>\n<p><strong>CORTINA<\/strong>\u00a0 In occasione del decimo anniversario dalla tragedia di Falco, oggi\u00a0 si terr\u00e0 la cerimonia di commemorazione a Rio Gere. La Santa Messa in memoria di Dario, Fabrizio, Marco e Stefano sar\u00e0 celebrata alle 15, nei pressi della cripta di Ru de ra Gieres. Dalle 13.30 sar\u00e0 attivo il servizio navetta da Passo Tre Croci. In caso di maltempo la messa sar\u00e0 officiata nel piazzale di Rio Gere.<\/p>\n<p>&nbsp;<\/p>\n<p>&nbsp;<\/p>\n<p>&nbsp;<\/p>\n<h3>VIRUS INTESTINALE, E&#8217; EMERGENZA IN VALLE DEL CORDEVOLE, CASI SEGNALATI ANCHE IN VALLE DEL BIOIS.<\/h3>\n<p><strong><a class=\"dt-pswp-item\" href=\"http:\/\/www.radiopiu.net\/wordpress\/wp-content\/uploads\/2019\/08\/download-14.jpg\" data-dt-img-description=\"\" data-large_image_width=\"225\" data-large_image_height=\"225\"><img loading=\"lazy\" decoding=\"async\" class=\" wp-image-96420 alignleft\" src=\"http:\/\/www.radiopiu.net\/wordpress\/wp-content\/uploads\/2019\/08\/download-14.jpg\" alt=\"\" width=\"178\" height=\"178\" srcset=\"https:\/\/www.radiopiu.net\/wordpress\/wp-content\/uploads\/2019\/08\/download-14.jpg 225w, https:\/\/www.radiopiu.net\/wordpress\/wp-content\/uploads\/2019\/08\/download-14-150x150.jpg 150w\" sizes=\"auto, (max-width: 178px) 100vw, 178px\" \/><\/a>ALLEGHE<\/strong>\u00a0 Da Ferragosto \u00e8 emergenza per\u00a0 \u00a0dolori addominali, nausea, vomito e scariche di diarrea. <em>&#8220;Negli ultimi giorni, ho trattato qualcosa come 500 casi&#8221;<\/em>, lo dice\u00a0 il dottor Marco Fassa della farmacia di Caprile. Si tratta di un virus contagioso, che si trasmette all&#8217;interno dello stesso nucleo familiare o tra persone che si frequentano. Dura almeno tre giorni, dopo di che la situazione migliora. L&#8217;Ulss\u00a0 esclude che questo fenomeno sia legato all&#8217;acqua. Numerosi casi segnalati tra Alleghe, Arabba e Livinallongo del Col di Lana. La dottoressa Francesca Giardina Papa a Canale d&#8217;Agordo conferma altri casi anche in Valle del Biois. Per il dottor Michele Tissi della farmacia di Falcade sono episodi tipici dell&#8217;estate.<em>\u00a0&#8220;Ho la famiglia messa ko &#8211; racconta Alberto Scomparin, veneziano di Dolo &#8211; e lo stesso destino \u00e8 toccato anche ad amici e vicini di casa. Vorrei almeno sapere cosa sta succedendo. Mi piacerebbe avere qualche informazione in pi\u00f9&#8221;. <\/em>La diffusione di gastroenteriti estive ha allertato il Servizio di Igiene degli alimenti dell&#8217;Usl 1 Dolomiti che ha iniziato una serie di controlli ad ampio raggio tra cui anche sull&#8217;acqua, concentrandosi sulle zone dove si sono registrate le maggiori segnalazioni di queste forme virali i primi controlli sull&#8217;acqua sono stati tutti negativi.<\/p>\n<p>&nbsp;<\/p>\n<p>&nbsp;<\/p>\n<h3>GRAVE UN BAMBINO CADUTO DALLA PALESTRA DI ROCCIA<\/h3>\n<p><strong>CORTINA<\/strong> Un piccolo di Conegliano \u00e8 ricoverato al C\u00e0 Foncello di Treviso in gravi condizioni, ma fin dall&#8217;incidente non ha mai perso conoscenza. Ieri mattina \u00e8 caduto dalla parete della palestra di roccia &#8220;Lino Lacedelli&#8221; di Cortina.\u00a0 riportando un politrauma importante. Non \u00e8 in pericolo di vita. Sarebbe salito completamente slegato ed \u00e8 scivolato<\/p>\n<p>&nbsp;<\/p>\n<p>&nbsp;<\/p>\n<h3>FUNGAIOLO SI STECCA LA GAMBA CON BASTONI E LACCI IN ATTESA DEI SOCCORSI<\/h3>\n<p><strong>COMELICO\u00a0<\/strong> Verso le 11.30 il Soccorso alpino della Val Comelico \u00e8 stato allertato per un fungaiolo che si era fatto male nei boschi in prossimit\u00e0 del Lago dei rospi, a una ventina di minuti di distanza da Malga Coltrondo. Una squadra ha raggiunto in jeep il luogo indicato, dove D.B., 60 anni, di Treviso &#8211; che si era approntato una steccatura di fortuna con un bastone e dei lacci &#8211; aveva raggiunto la strada. I soccorritori, arrivati in cinque, hanno provveduto ad applicare i dovuti presidi sanitari all&#8217;uomo, che aveva riportato la probabile frattura di una caviglia e si trovava con la moglie. Caricato a bordo del fuoristrada, lo hanno quindi trasportato alla Malga e poi fino a Passo Monte Croce dove lo hanno affidato all&#8217;ambulanza di Dosoledo, partita in direzione dell&#8217;ospedale di Pieve di Cadore.<\/p>\n<p>&nbsp;<\/p>\n<p>&nbsp;<\/p>\n<p>&nbsp;<\/p>\n<h3>CICLISTA INVESTITO, E&#8217; IN GRAVI CONDIZIONI<\/h3>\n<p><strong>BELLUNO<\/strong> Un anziano di 81 anni (A.V. le iniziali di Beluno) \u00e8 stato investito da un&#8217;auto lungo la Sinistra Piave a Levego, l&#8217;uomo \u00e8 caduto sull&#8217;asfalto, subito soccorso \u00e8 stato trasportato con politraumi all&#8217;ospedale San Martino dove in serata le sue condizioni si sono aggravate.<\/p>\n<p>&nbsp;<\/p>\n<p>&nbsp;<\/p>\n<h3>ANCORA UN BOTTO A LE CAMPE<\/h3>\n<p><strong><a class=\"dt-pswp-item\" href=\"http:\/\/www.radiopiu.net\/wordpress\/wp-content\/uploads\/2019\/08\/1ab88c93-375c-4090-93fe-9a10ee6adde7.jpg\" data-dt-img-description=\"\" data-large_image_width=\"600\" data-large_image_height=\"800\"><img loading=\"lazy\" decoding=\"async\" class=\"alignnone wp-image-96422\" src=\"http:\/\/www.radiopiu.net\/wordpress\/wp-content\/uploads\/2019\/08\/1ab88c93-375c-4090-93fe-9a10ee6adde7-225x300.jpg\" alt=\"\" width=\"169\" height=\"225\" srcset=\"https:\/\/www.radiopiu.net\/wordpress\/wp-content\/uploads\/2019\/08\/1ab88c93-375c-4090-93fe-9a10ee6adde7-225x300.jpg 225w, https:\/\/www.radiopiu.net\/wordpress\/wp-content\/uploads\/2019\/08\/1ab88c93-375c-4090-93fe-9a10ee6adde7.jpg 600w\" sizes=\"auto, (max-width: 169px) 100vw, 169px\" \/><\/a><a class=\"dt-pswp-item\" href=\"http:\/\/www.radiopiu.net\/wordpress\/wp-content\/uploads\/2019\/08\/ea8551e2-d206-464f-b4f8-239ecd28762a.jpg\" data-dt-img-description=\"\" data-large_image_width=\"800\" data-large_image_height=\"600\"><img loading=\"lazy\" decoding=\"async\" class=\"alignnone size-medium wp-image-96424\" src=\"http:\/\/www.radiopiu.net\/wordpress\/wp-content\/uploads\/2019\/08\/ea8551e2-d206-464f-b4f8-239ecd28762a-300x225.jpg\" alt=\"\" width=\"300\" height=\"225\" srcset=\"https:\/\/www.radiopiu.net\/wordpress\/wp-content\/uploads\/2019\/08\/ea8551e2-d206-464f-b4f8-239ecd28762a-300x225.jpg 300w, https:\/\/www.radiopiu.net\/wordpress\/wp-content\/uploads\/2019\/08\/ea8551e2-d206-464f-b4f8-239ecd28762a-768x576.jpg 768w, https:\/\/www.radiopiu.net\/wordpress\/wp-content\/uploads\/2019\/08\/ea8551e2-d206-464f-b4f8-239ecd28762a.jpg 800w\" sizes=\"auto, (max-width: 300px) 100vw, 300px\" \/><\/a><\/strong><\/p>\n<div class=\"articlePlainText\"><strong>LA VALLE <\/strong>\u00a0Ieri poco dopo mezzogiorno a Le Campe incidente tra due auto con un ferito lieve (5 giorni di prognosi). Sono intervenuti i Carabinieri,\u00a0 un 76enne di Sedico si \u00e8 fermato con la sua Golf a lato della regionale 203, all&#8217;altezza del bivio per Noach. Quando \u00e8 ripartito, non si \u00e8 accorto dell&#8217;arrivo della Punto di un 28enne longaronese. Impatto inevitabile, con il pi\u00f9 giovane ferito. Sul posto, anche i vigili del fuoco.<\/div>\n<p>&nbsp;<\/p>\n<p>&nbsp;<\/p>\n<p>&nbsp;<\/p>\n<p>&nbsp;<\/p>\n<h3 style=\"text-align: left;\"><strong><a class=\"dt-pswp-item\" href=\"http:\/\/www.radiopiu.net\/wordpress\/wp-content\/uploads\/2019\/08\/69465ce0-675e-43cd-8b6c-8d5efd9568a2.jpg\" data-dt-img-description=\"\" data-large_image_width=\"600\" data-large_image_height=\"800\"><img loading=\"lazy\" decoding=\"async\" class=\"size-medium wp-image-96416 alignleft\" src=\"http:\/\/www.radiopiu.net\/wordpress\/wp-content\/uploads\/2019\/08\/69465ce0-675e-43cd-8b6c-8d5efd9568a2-225x300.jpg\" alt=\"\" width=\"225\" height=\"300\" srcset=\"https:\/\/www.radiopiu.net\/wordpress\/wp-content\/uploads\/2019\/08\/69465ce0-675e-43cd-8b6c-8d5efd9568a2-225x300.jpg 225w, https:\/\/www.radiopiu.net\/wordpress\/wp-content\/uploads\/2019\/08\/69465ce0-675e-43cd-8b6c-8d5efd9568a2.jpg 600w\" sizes=\"auto, (max-width: 225px) 100vw, 225px\" \/><\/a>CAGNOLINO ABBANDONATO NEI PRESSI DELLA GALLERIA DEI CASTEI<\/strong><\/h3>\n<p><strong>LA VALLE <\/strong> Una piccola cagnolina \u00e8 stata ritrovata ieri in mezzo alla strada in prossimit\u00e0 della galleria dei Castei. Una signora di Sospirolo con in braccio il cane ha attirato le attenzioni di un automobilista di passaggio che ha allertato i Carabinieri poco distanti (stavano facendo i rilievi in seguito ad un incidente stradale poco lontano) che sono intervenuti prendendo in consegna l&#8217;animale portato ai servizi veterinari di Agordo. Probabilmente l&#8217;animale \u00e8 stato abbandonato ed essendo dotato di microchip non sar\u00e0 difficile risalire ai proprietari che potrebbero essere multati.<\/p>\n<p>&nbsp;<\/p>\n<p>&nbsp;<\/p>\n<p>&nbsp;<\/p>\n<p>&nbsp;<\/p>\n<p>&nbsp;<\/p>\n<p>&nbsp;<\/p>\n<p>&nbsp;<\/p>\n<p>&nbsp;<\/p>\n<h3>\u00a0IL DECENNALE DELLA TRAGEDIA DI \u201cFALCO\u201d.<\/h3>\n<blockquote><p><em>\u201cDario, Fabrizio, Marco e Stefano volano ancora nei nostri cuori e nel riconoscente e struggente ricordo del sacrificio di quattro angeli della montagna\u201d.<\/em><\/p><\/blockquote>\n<p>Con queste parole, il Presidente della Regione del Veneto Luca Zaia ricorda le vittime della tragedia del 22 agosto 2009, quando morirono in un incidente i quattro componenti dell\u2019equipaggio di \u201cFalco\u201d, l\u2019elicottero del Soccorso Alpino e del Suem 118, precipitato nei pressi di Cortina durante una missione sul Rio Gere.<\/p>\n<p><em>\u201cVorrei che la giornata\u2013 prosegue Zaia &#8211; significasse anche un monito a tutti coloro che frequentano la montagna: rispettatela, imparate a conoscerla, non commettete imprudenze, non cadete in sottovalutazioni, perch\u00e9 ogni volta che vi trovate in difficolt\u00e0, uomini come loro salgono in cielo e rischiano la loro vita per salvare la vostra\u201d.<\/em><\/p>\n<div style=\"width: 640px;\" class=\"wp-video\"><video class=\"wp-video-shortcode\" id=\"video-96352-1\" width=\"640\" height=\"480\" preload=\"metadata\" controls=\"controls\"><source type=\"video\/mp4\" src=\"http:\/\/www.radiopiu.net\/wordpress\/wp-content\/uploads\/2019\/08\/Zaia-su-tragedia-Falco-10-anni-dopo.mp4?_=1\" \/><a href=\"http:\/\/www.radiopiu.net\/wordpress\/wp-content\/uploads\/2019\/08\/Zaia-su-tragedia-Falco-10-anni-dopo.mp4\">http:\/\/www.radiopiu.net\/wordpress\/wp-content\/uploads\/2019\/08\/Zaia-su-tragedia-Falco-10-anni-dopo.mp4<\/a><\/video><\/div>\n<p>&nbsp;<\/p>\n<p>&nbsp;<\/p>\n<p>&nbsp;<\/p>\n<p>&nbsp;<\/p>\n<h3>TRASPORTAVA BENZINA DALLA CROAZIA SENZA GLI EQUIPAGGIAMENTI DI SICUREZZA<\/h3>\n<blockquote><p><em><strong>\u00a0<\/strong> Si \u00e8 conclusa la settimana relativa alla campagna europea congiunta denominata \u201cTISPOL SPEED&#8221; programmata dal Network Europeo delle Polizie Stradali dal 12 al 18 agosto 2019.<\/em><\/p><\/blockquote>\n<p><strong><span style=\"font-size: large;\"><a class=\"dt-pswp-item\" href=\"http:\/\/www.radiopiu.net\/wordpress\/wp-content\/uploads\/2018\/07\/stradale.jpg\" data-dt-img-description=\"\" data-large_image_width=\"593\" data-large_image_height=\"443\"><img loading=\"lazy\" decoding=\"async\" class=\" wp-image-55042 alignleft\" src=\"http:\/\/www.radiopiu.net\/wordpress\/wp-content\/uploads\/2018\/07\/stradale-300x224.jpg\" alt=\"\" width=\"194\" height=\"145\" srcset=\"https:\/\/www.radiopiu.net\/wordpress\/wp-content\/uploads\/2018\/07\/stradale-300x224.jpg 300w, https:\/\/www.radiopiu.net\/wordpress\/wp-content\/uploads\/2018\/07\/stradale.jpg 593w\" sizes=\"auto, (max-width: 194px) 100vw, 194px\" \/><\/a><\/span>BELLUNO<\/strong> L\u2019attivit\u00e0 ha visto coinvolta la Polizia Stradale di Belluno che, nel corso della settimana, ha predisposto 26 pattuglie dedicate anche ai servizi specifici di contrasto agli eccessi di velocit\u00e0. Sono state cos\u00ec contestate 242 sanzioni di cui ben 100 inerenti gli eccessi di velocit\u00e0, decurtati 600 punti patente, ritirate 4 patenti di guida e altrettante carte di circolazione. I fotogrammi impressi per la successiva verbalizzazione sempre relativa al superamento dei limiti di velocit\u00e0 imposti sono 126. Per quanto attiene l\u2019autotrasporto di merci pericolose sospensione dalla circolazione con conseguente fermo amministrativo in Italia di un veicolo cisterna croato trasportante benzina in quanto privo dei necessari equipaggiamenti di sicurezza obbligatori,\u00a0 si segnalano le oltre 11 ore consecutive di guida realizzate da un autista italiano di rientro dal Belgio il giorno di Ferragosto e la non completa fruizione del riposo giornaliero di quasi 4 ore (poco meno di 7 rispetto alle 11) da parte di un autotrasportatore estero diretto in Spagna. Nel Cadore\u00a0 fermo di autobus nazionale, a seguito delle verifiche effettuate presso un centro autorizzato, perch\u00e9 privo dei necessari sigilli posti a garanzia della regolarit\u00e0 ed integrit\u00e0 del dispositivo cronotachigrafo analogico.<\/p>\n<p>&nbsp;<\/p>\n<p>&nbsp;<\/p>\n<p>&nbsp;<\/p>\n<p>&nbsp;<\/p>\n<h2>Ecocentri: conferimenti in crescita rispetto agli anni scorsi.<\/h2>\n<blockquote><p><em>Valpe Ambiente \u00e8 intervenuta con un potenziamento operativo: entro venerd\u00ec anche le ultime strutture saranno svuotate e ripulite.<\/em><\/p><\/blockquote>\n<p><strong>AGORDO<\/strong>\u00a0 La situazione che si \u00e8 generata nell\u2019ultimo periodo presso gli Ecocentri gestiti da Valpe Ambiente \u00e8 dovuta a un incremento cospicuo degli accessi a queste strutture che ha raggiunto punte mai registrate nel passato. <em>\u201cA giugno di quest\u2019anno gli accessi agli Ecocentri sono stati 6.045 contro i 5.676 registrati nello stesso periodo del 2018 \u2013 ha commentato Michele Rasera, direttore generale di Valpe Ambiente \u2013Tale incremento anomalo si \u00e8 sommato all\u2019aumento di affluenza che si registra di norma nei mesi estivi e che nel mese di luglio 2019 ha fatto registrare ben 6.183 accessi alle nostre strutture.\u201d <\/em>Per gestire l\u2019elevata affluenza di questo periodo \u00e8 stato quindi attivato un piano straordinario di potenziamento che ha previsto un incremento di uomini e mezzi impiegati nello svuotamento dei cassoni e il posizionamento, laddove gli spazi nelle strutture lo consentissero, di contenitori aggiuntivi. <em>\u201cQuesto ha consentito di riportare in breve tempo la situazione alla normalit\u00e0. \u2013 prosegue il direttore Rasera &#8211; L\u2019operazione \u00e8 stata pianificata tenendo conto delle priorit\u00e0 dettate dalle aperture delle strutture e dalla necessit\u00e0 di far s\u00ec che gli Ecocentri fossero puliti e con i cassoni pronti ad accogliere nuovi conferimenti durante le aperture infrasettimanali. Gli Ecocentri di Rivamonte Agordino, Gosaldo e Voltago Agordino, che aprono solo al sabato, verranno sistemati entro questo venerd\u00ec.\u201d<\/em><\/p>\n<p><a class=\"dt-pswp-item\" href=\"http:\/\/www.radiopiu.net\/wordpress\/wp-content\/uploads\/2019\/08\/S-TOMASO.jpg\" data-dt-img-description=\"\" data-large_image_width=\"1632\" data-large_image_height=\"918\"><img loading=\"lazy\" decoding=\"async\" class=\"alignnone size-medium wp-image-96375\" src=\"http:\/\/www.radiopiu.net\/wordpress\/wp-content\/uploads\/2019\/08\/S-TOMASO-300x169.jpg\" alt=\"\" width=\"300\" height=\"169\" srcset=\"https:\/\/www.radiopiu.net\/wordpress\/wp-content\/uploads\/2019\/08\/S-TOMASO-300x169.jpg 300w, https:\/\/www.radiopiu.net\/wordpress\/wp-content\/uploads\/2019\/08\/S-TOMASO-768x432.jpg 768w, https:\/\/www.radiopiu.net\/wordpress\/wp-content\/uploads\/2019\/08\/S-TOMASO-1024x576.jpg 1024w, https:\/\/www.radiopiu.net\/wordpress\/wp-content\/uploads\/2019\/08\/S-TOMASO.jpg 1632w\" sizes=\"auto, (max-width: 300px) 100vw, 300px\" \/><\/a><a class=\"dt-pswp-item\" href=\"http:\/\/www.radiopiu.net\/wordpress\/wp-content\/uploads\/2019\/08\/AGORDO-2.jpg\" data-dt-img-description=\"\" data-large_image_width=\"1632\" data-large_image_height=\"918\"><img loading=\"lazy\" decoding=\"async\" class=\"alignnone size-medium wp-image-96376\" src=\"http:\/\/www.radiopiu.net\/wordpress\/wp-content\/uploads\/2019\/08\/AGORDO-2-300x169.jpg\" alt=\"\" width=\"300\" height=\"169\" srcset=\"https:\/\/www.radiopiu.net\/wordpress\/wp-content\/uploads\/2019\/08\/AGORDO-2-300x169.jpg 300w, https:\/\/www.radiopiu.net\/wordpress\/wp-content\/uploads\/2019\/08\/AGORDO-2-768x432.jpg 768w, https:\/\/www.radiopiu.net\/wordpress\/wp-content\/uploads\/2019\/08\/AGORDO-2-1024x576.jpg 1024w, https:\/\/www.radiopiu.net\/wordpress\/wp-content\/uploads\/2019\/08\/AGORDO-2.jpg 1632w\" sizes=\"auto, (max-width: 300px) 100vw, 300px\" \/><\/a><\/p>\n<blockquote><p><strong>Fotografie realizzate in data odierna che testimoniamo la situazione gi\u00e0 riportata alla normalit\u00e0 presso gli Ecocentri di Agordo e San Tomaso Agordino.<\/strong><\/p><\/blockquote>\n<p>&nbsp;<\/p>\n<p>&nbsp;<\/p>\n<p>&nbsp;<\/p>\n<h3>ALLE RECENTI POLEMICHE LE RISPOSTE DEL SINDACO<\/h3>\n<p><strong><a class=\"dt-pswp-item\" href=\"http:\/\/www.radiopiu.net\/wordpress\/wp-content\/uploads\/2019\/04\/Rocca-Pietore_Andrea-De-Bernardin.jpg\" data-dt-img-description=\"\" data-large_image_width=\"757\" data-large_image_height=\"1600\"><img loading=\"lazy\" decoding=\"async\" class=\" wp-image-83892 alignleft\" src=\"http:\/\/www.radiopiu.net\/wordpress\/wp-content\/uploads\/2019\/04\/Rocca-Pietore_Andrea-De-Bernardin-142x300.jpg\" alt=\"\" width=\"91\" height=\"192\" srcset=\"https:\/\/www.radiopiu.net\/wordpress\/wp-content\/uploads\/2019\/04\/Rocca-Pietore_Andrea-De-Bernardin-142x300.jpg 142w, https:\/\/www.radiopiu.net\/wordpress\/wp-content\/uploads\/2019\/04\/Rocca-Pietore_Andrea-De-Bernardin-484x1024.jpg 484w, https:\/\/www.radiopiu.net\/wordpress\/wp-content\/uploads\/2019\/04\/Rocca-Pietore_Andrea-De-Bernardin.jpg 757w\" sizes=\"auto, (max-width: 91px) 100vw, 91px\" \/><\/a><\/strong><\/p>\n<p>&nbsp;<\/p>\n<p>&nbsp;<\/p>\n<p><strong>ROCCA PIETORE<\/strong> Andrea De Bernardin, sindaco di Rocca Pietore risponde ai recenti articoli di stampa in merito ai lavori programmati sul territorio in particolare sulla strada per Pezz\u00e8.<\/p>\n<p><strong>AUDIO\u00a0<\/strong><\/p>\n<audio class=\"wp-audio-shortcode\" id=\"audio-96352-1\" preload=\"none\" style=\"width: 100%;\" controls=\"controls\"><source type=\"audio\/mpeg\" src=\"http:\/\/www.radiopiu.net\/wordpress\/wp-content\/uploads\/2019\/08\/ANDREA-2.mp3?_=1\" \/><a href=\"http:\/\/www.radiopiu.net\/wordpress\/wp-content\/uploads\/2019\/08\/ANDREA-2.mp3\">http:\/\/www.radiopiu.net\/wordpress\/wp-content\/uploads\/2019\/08\/ANDREA-2.mp3<\/a><\/audio>\n<p>&nbsp;<\/p>\n<p>&nbsp;<\/p>\n<p>&nbsp;<\/p>\n<p>&nbsp;<\/p>\n<h3>TANGENZIALE? ROTONDA? QUALI SOLUZIONI PER IL COLLO DI BOTTIGLIA DI CENCENIGHE? A RADIO PIU&#8217; L&#8217;EX SINDACO WILLIAM FAE&#8217;<\/h3>\n<p><strong><a class=\"dt-pswp-item\" href=\"http:\/\/www.radiopiu.net\/wordpress\/wp-content\/uploads\/2018\/02\/WILLIAM-FAE-1-e1566365190286.jpg\" data-dt-img-description=\"\" data-large_image_width=\"660\" data-large_image_height=\"495\"><img loading=\"lazy\" decoding=\"async\" class=\"wp-image-43581 alignleft\" src=\"http:\/\/www.radiopiu.net\/wordpress\/wp-content\/uploads\/2018\/02\/WILLIAM-FAE-1-e1566365190286-300x225.jpg\" alt=\"\" width=\"215\" height=\"161\" srcset=\"https:\/\/www.radiopiu.net\/wordpress\/wp-content\/uploads\/2018\/02\/WILLIAM-FAE-1-e1566365190286-300x225.jpg 300w, https:\/\/www.radiopiu.net\/wordpress\/wp-content\/uploads\/2018\/02\/WILLIAM-FAE-1-e1566365190286.jpg 660w\" sizes=\"auto, (max-width: 215px) 100vw, 215px\" \/><\/a><\/strong><\/p>\n<p>&nbsp;<\/p>\n<p><strong>CENCENIGHE<\/strong> William Fa\u00e8 gi\u00e0 sindaco di Cencenighe interviene sulla problematica estiva con riferimento alla viabilita&#8217; di Cencenighe, Nel suo intervento la &#8220;storia&#8221; degli ultimi anni. Le scelte amministrative, le ipotesi di Veneto Strade.<\/p>\n<p>&nbsp;<\/p>\n<p><strong>AUDIO<\/strong><\/p>\n<audio class=\"wp-audio-shortcode\" id=\"audio-96352-2\" preload=\"none\" style=\"width: 100%;\" controls=\"controls\"><source type=\"audio\/mpeg\" src=\"http:\/\/www.radiopiu.net\/wordpress\/wp-content\/uploads\/2019\/08\/WILLIAM-FAE.mp3?_=2\" \/><a href=\"http:\/\/www.radiopiu.net\/wordpress\/wp-content\/uploads\/2019\/08\/WILLIAM-FAE.mp3\">http:\/\/www.radiopiu.net\/wordpress\/wp-content\/uploads\/2019\/08\/WILLIAM-FAE.mp3<\/a><\/audio>\n<blockquote><p><span style=\"color: #ff0000;\">LA STORIA<\/span><\/p>\n<p><strong>2012-2017<\/strong> sono i 5 anni del sindaco Fa\u00e8 &#8220;Non sempre siamo liberi di decidere quello che vorremmo&#8221;. Nel 2012 la finanziaria &#8220;lacrime e sangue&#8221; non ha permesso di risolverei il problema di Cencenighe con l&#8217;apertura della tangenziale di Agordo.<strong> 2013<\/strong> Veneto Strade toglie dal programma triennale la tangenziale (11 milioni di euro). <strong>2016\u00a0<\/strong> Il Comune chiede all&#8217;ingegner Serafini di studiare la soluzione, la scelta \u00e8 ricaduta su una rotatoria con lo spostamento del Monumento rinunciando a 4 parcheggi. Rotatoria finanziata con 500 mila euro dei fondi di area vasta. Ma i soldi non erano sufficienti e l&#8217;allora commissario port\u00f2 a Cencenighe altri 250 mila euro e la progettualit\u00e0 \u00e8 passata a Veneto Strade.<\/p><\/blockquote>\n<p>&nbsp;<\/p>\n<h2>NEL 2020 IL GIRO D&#8217;ITALIA A PASSO FEDAIA<\/h2>\n<p><strong>ROCCA PIETORE<\/strong> Il Corriere delle Alpi con Attilio De Col anticipa nell&#8217;edizione di oggi che i ciclisti della corsa rosa scaleranno Passo Fedaia, un omaggio all&#8217;Agordino devastato da Vaia.<em> &#8220;La corsa &#8211; si legge sul quotidiano bellunese &#8211; sar\u00e0 presentata a fine novembre o inizio dicembre, ma la notizia \u00e8 ormai pi\u00f9 di un&#8217;indiscrezione. Prima di arrivare sul Fedaia, i girini percorreranno tutto l&#8217;Agordino. Una sorta di omaggio a ad una vallata colpita duramente dai disastri di Vaia e sar\u00e0 il secondo dei quattro anni di un accordo fra Regione, Dmo e Provincia per usare la corsa come veicolo turistico.Non \u00e8 invece ancora trapelato da dove partir\u00e0 la tappa (probabilmente nel basso Veneto), che sar\u00e0 l&#8217;unica che toccher\u00e0 il Bellunese e dovrebbe essere inserita il marted\u00ec o mercoled\u00ec dell&#8217;ultima settimana&#8221;.<\/em><\/p>\n<p>&nbsp;<\/p>\n<p>&nbsp;<\/p>\n<h2>Bond (FI), forze politiche sane diano speranza a piccole e medie imprese in sofferenza<\/h2>\n<p><strong>ROMA<\/strong> \u201cE\u2019 indubbio che tra le priorit\u00e0 che bisogna affrontare ci sia quella legata alle piccole e medie imprese, sempre di pi\u00f9 in sofferenza. Troppe quelle scomparse nel primo semestre del 2019, soprattutto al Nord. Lancio un appello alle forze politiche sane di questo Paese: rimbocchiamoci le maniche e diamo una speranza alle tante, tantissime partite Iva che in questi mesi stanno soffrendo e rappresentano la spina dorsale della nostra economia\u201d. Lo afferma, in una nota, Dario Bond, deputato di Forza Italia.<\/p>\n<p><strong>AUDIO<\/strong><\/p>\n<audio class=\"wp-audio-shortcode\" id=\"audio-96352-3\" preload=\"none\" style=\"width: 100%;\" controls=\"controls\"><source type=\"audio\/mpeg\" src=\"http:\/\/www.radiopiu.net\/wordpress\/wp-content\/uploads\/2019\/08\/BOND-2.mp3?_=3\" \/><a href=\"http:\/\/www.radiopiu.net\/wordpress\/wp-content\/uploads\/2019\/08\/BOND-2.mp3\">http:\/\/www.radiopiu.net\/wordpress\/wp-content\/uploads\/2019\/08\/BOND-2.mp3<\/a><\/audio>\n<p>&nbsp;<\/p>\n<p>&nbsp;<\/p>\n<p>&nbsp;<\/p>\n<h2>22 AGOSTO 1959, 60 ANNI FA LA SCOMPARSA DI ATTILIO TISSI<\/h2>\n<h1><a class=\"dt-pswp-item\" href=\"http:\/\/www.radiopiu.net\/wordpress\/wp-content\/uploads\/2019\/08\/Attilio-Tissi-con-la-moglie-Mariola-sulla-cima-della-Torre-Lavaredo-poco-prima-della-caduta-22-agosto-1959.jpg\" data-dt-img-description=\"\" data-large_image_width=\"1424\" data-large_image_height=\"2144\"><img loading=\"lazy\" decoding=\"async\" class=\"size-medium wp-image-96364 alignleft\" src=\"http:\/\/www.radiopiu.net\/wordpress\/wp-content\/uploads\/2019\/08\/Attilio-Tissi-con-la-moglie-Mariola-sulla-cima-della-Torre-Lavaredo-poco-prima-della-caduta-22-agosto-1959-199x300.jpg\" alt=\"\" width=\"199\" height=\"300\" srcset=\"https:\/\/www.radiopiu.net\/wordpress\/wp-content\/uploads\/2019\/08\/Attilio-Tissi-con-la-moglie-Mariola-sulla-cima-della-Torre-Lavaredo-poco-prima-della-caduta-22-agosto-1959-199x300.jpg 199w, https:\/\/www.radiopiu.net\/wordpress\/wp-content\/uploads\/2019\/08\/Attilio-Tissi-con-la-moglie-Mariola-sulla-cima-della-Torre-Lavaredo-poco-prima-della-caduta-22-agosto-1959-768x1156.jpg 768w, https:\/\/www.radiopiu.net\/wordpress\/wp-content\/uploads\/2019\/08\/Attilio-Tissi-con-la-moglie-Mariola-sulla-cima-della-Torre-Lavaredo-poco-prima-della-caduta-22-agosto-1959-680x1024.jpg 680w, https:\/\/www.radiopiu.net\/wordpress\/wp-content\/uploads\/2019\/08\/Attilio-Tissi-con-la-moglie-Mariola-sulla-cima-della-Torre-Lavaredo-poco-prima-della-caduta-22-agosto-1959.jpg 1424w\" sizes=\"auto, (max-width: 199px) 100vw, 199px\" \/><\/a><\/h1>\n<h1><\/h1>\n<h1><\/h1>\n<h1><\/h1>\n<h1>DI LUISA MANFROI<\/h1>\n<audio class=\"wp-audio-shortcode\" id=\"audio-96352-4\" preload=\"none\" style=\"width: 100%;\" controls=\"controls\"><source type=\"audio\/mpeg\" src=\"http:\/\/www.radiopiu.net\/wordpress\/wp-content\/uploads\/2019\/08\/TISSI-LUI9SA.mp3?_=4\" \/><a href=\"http:\/\/www.radiopiu.net\/wordpress\/wp-content\/uploads\/2019\/08\/TISSI-LUI9SA.mp3\">http:\/\/www.radiopiu.net\/wordpress\/wp-content\/uploads\/2019\/08\/TISSI-LUI9SA.mp3<\/a><\/audio>\n<p>&nbsp;<\/p>\n<p>&nbsp;<\/p>\n<p>&nbsp;<\/p>\n<p>&nbsp;<\/p>\n<p>&nbsp;<\/p>\n<h3>&#8220;PAPA&#8217; PORTATO IN SPALLA&#8221;, LA COMMOZIONE DELLA FAMIGLIA MOSCA<\/h3>\n<p><strong><a class=\"dt-pswp-item\" href=\"http:\/\/www.radiopiu.net\/wordpress\/wp-content\/uploads\/2019\/08\/68443598_113880179967242_7922044074842914816_n.jpg\" data-dt-img-description=\"\" data-large_image_width=\"900\" data-large_image_height=\"896\"><img loading=\"lazy\" decoding=\"async\" class=\"wp-image-95921 alignleft\" src=\"http:\/\/www.radiopiu.net\/wordpress\/wp-content\/uploads\/2019\/08\/68443598_113880179967242_7922044074842914816_n-300x300.jpg\" alt=\"\" width=\"136\" height=\"136\" srcset=\"https:\/\/www.radiopiu.net\/wordpress\/wp-content\/uploads\/2019\/08\/68443598_113880179967242_7922044074842914816_n-300x300.jpg 300w, https:\/\/www.radiopiu.net\/wordpress\/wp-content\/uploads\/2019\/08\/68443598_113880179967242_7922044074842914816_n-150x150.jpg 150w, https:\/\/www.radiopiu.net\/wordpress\/wp-content\/uploads\/2019\/08\/68443598_113880179967242_7922044074842914816_n-768x765.jpg 768w, https:\/\/www.radiopiu.net\/wordpress\/wp-content\/uploads\/2019\/08\/68443598_113880179967242_7922044074842914816_n.jpg 900w\" sizes=\"auto, (max-width: 136px) 100vw, 136px\" \/><\/a>dei figli Massimiliano,\u00a0 Stefano, della moglie\u00a0 Alba e della sorella\u00a0 Daria<br \/>\n<\/strong><\/p>\n<p><strong>AGORDO<\/strong> Quanto abbiamo letto e sentito sul Corrirere delle Alpi e Radio Pi\u00f9 da Gianni Santomaso \u00e8 stata l\u2019immagine di tanti ragazzini portati in giro sui campi da calcio nell\u2019arco di tutti questi anni.\u00a0 Grazie all&#8217;\u2019U.S. Le Ville e l\u2019Agordina calcio per averlo onorato con parole e soprattutto con un grande gesto. Averlo portato in spalla\u00a0 lo ha reso felice, commosso e lusingato. Grazie a Renato Bressan, a nome di tutta la CGIL e lo SPI, per come ha descritto una persona che ha dato tanto ad un territorio che lo ha salutato come si meritava. Grazie all&#8217; A.C. Belluno per l\u2019omaggio della maglietta, gesto di una societ\u00e0 che ha perso un grande tifoso, vero, che voleva bene ai colori gialloblu\u2019.\u00a0 Grazie\u00a0 agli Alpini, per averlo onorato omaggiandolo con la loro presenza. Grazie a tutti coloro che con un messaggio, con un abbraccio, con l\u2019ultimo saluto hanno voluto partecipare assieme a noi al dolore. Semplicemente grazie.<\/p>\n<p>&nbsp;<\/p>\n<p>&nbsp;<\/p>\n<p>&nbsp;<\/p>\n<h3>OSPEDALE DI AGORDO, ECCELLENZA DI CUI ANDARE FIERI<\/h3>\n<p><strong>di Piergiorgio De Bastiani<\/strong><\/p>\n<p><strong><a class=\"dt-pswp-item\" href=\"http:\/\/www.radiopiu.net\/wordpress\/wp-content\/uploads\/2015\/10\/Entrata-Agordo-300x225.jpg\" data-dt-img-description=\"\" data-large_image_width=\"300\" data-large_image_height=\"225\"><img loading=\"lazy\" decoding=\"async\" class=\" wp-image-11952 alignleft\" src=\"http:\/\/www.radiopiu.net\/wordpress\/wp-content\/uploads\/2015\/10\/Entrata-Agordo-300x225-300x225.jpg\" alt=\"\" width=\"183\" height=\"137\" \/><\/a>AGORDO<\/strong>\u00a0 Desidero manifestare pubblicamente la mia pi\u00f9 profonda gratitudine e il mio compiacimento per il livello di umanit\u00e0 e di attenzione alla persona del malato, ma anche dei suoi familiari, che ho trovato presso l\u2019ospedale di Agordo, in particolare nel reparto di Medicina e Lungodegenza, ma anche nel breve periodo di ricovero della mamma nel reparto di Chirurgia. La premura con cui \u00e8 stata curata e assistita la mia mamma \u00e8 stata un segno di grande professionalit\u00e0, ma ha altres\u00ec evidenziato una sensibilit\u00e0 e un approccio al malato che mi hanno fatto percepire come la mamma sia sempre stata curata nella consapevolezza di avere di fronte una persona con la sua dignit\u00e0 e mai come un semplice numero. Per questo sono grato al personale di questi reparti e sono certo che l\u2019umanit\u00e0 con la quale gestiscono la relazione con i pazienti a loro affidati rappresenta un aspetto decisivo della qualit\u00e0 dell\u2019assistenza sanitaria. Quando si parla di livelli essenziali di assistenza \u00e8 evidente che si fa riferimento alla capacit\u00e0 professionale e tecnica di offrire risposte sanitarie adeguate, ma accanto a tutto ci\u00f2, mi auguro non si trascuri mai, anche nella formazione del personale, l\u2019aspetto etico e relazionale nel rapporto col paziente. Riguardo alla mia esperienza posso dire che, su questo piano, l\u2019ospedale di Agordo rappresenta un\u2019eccellenza di cui andare fieri.<\/p>\n<p>&nbsp;<\/p>\n<p>&nbsp;<\/p>\n<p>&nbsp;<\/p>\n<p>&nbsp;<\/p>\n<h3>Lavori di asfaltatura e regimazione delle acque nelle frazioni interventi per circa 100 mila euro.<\/h3>\n<p><strong><a class=\"dt-pswp-item\" href=\"http:\/\/www.radiopiu.net\/wordpress\/wp-content\/uploads\/2019\/08\/strada-vecchia-Poiatte.jpg\" data-dt-img-description=\"\" data-large_image_width=\"1200\" data-large_image_height=\"1600\"><img loading=\"lazy\" decoding=\"async\" class=\" wp-image-96363 alignleft\" src=\"http:\/\/www.radiopiu.net\/wordpress\/wp-content\/uploads\/2019\/08\/strada-vecchia-Poiatte-225x300.jpg\" alt=\"\" width=\"183\" height=\"244\" srcset=\"https:\/\/www.radiopiu.net\/wordpress\/wp-content\/uploads\/2019\/08\/strada-vecchia-Poiatte-225x300.jpg 225w, https:\/\/www.radiopiu.net\/wordpress\/wp-content\/uploads\/2019\/08\/strada-vecchia-Poiatte-768x1024.jpg 768w, https:\/\/www.radiopiu.net\/wordpress\/wp-content\/uploads\/2019\/08\/strada-vecchia-Poiatte.jpg 1200w\" sizes=\"auto, (max-width: 183px) 100vw, 183px\" \/><\/a>ALPAGO<\/strong> Sono numerosi gli interventi di manutenzione stradale in corso, o gi\u00e0 ultimati, nel comune di Alpago che riguardano, in particolar modo, il territorio di alcune frazioni. Nella frazione di Poiatte, uno di questi \u2013 gi\u00e0 portato a termine \u2013 ha riguardato la sistemazione del tratto iniziale del percorso che dalla Piazza di Poiatte arriva, attraverso la \u201cstrada vecchia\u201d, alla frazione di Pianture. I lavori hanno riguardato la sistemazione del manto stradale con ripristino del ciottolato la e realizzazione di tratti di rete per la raccolta delle acque meteoriche. Sono stati predisposti anche i cavidotti per l\u2019illuminazione pubblica e la raccolta delle acque piovane. In localit\u00e0 Butaz, nella frazione di Spert, un altro intervento di sistemazione del manto stradale ha ricompreso la realizzazione della rete per raccolta delle acque e l\u2019intercettazione e regimazione di una sorgente di acqua che comprometteva la stessa carreggiata. A Puos, infine, \u00e8 stato ripristinato per intero il manto stradale di via general Cantore, un\u2019arteria particolarmente importante in quanto serve anche alcune abitazioni isolate. Sono invece attualmente in corso i lavori nella piccola frazione di Rorei, in localit\u00e0 Pieve. Qui sar\u00e0 terminato a breve l\u2019intervento per la raccolta delle acque piovane e la ricostruzione del cassonetto stradale con il rifacimento stradale lungo la via di accesso alla localit\u00e0.<\/p>\n<blockquote><p><em>\u201cQuesto lotto di lavori &#8211; sottolinea il consigliere delegato ai lavori pubblici del Comune di Alpago Floriano De Pr\u00e0 \u2013 intende dare una risposta significativa ad alcune criticit\u00e0 emerse nelle nostre frazioni. Questi cantieri, che hanno impegnato risorse per circa 100 mila euro complessivi, non risolvono evidentemente tutte le questioni sul campo, ma rappresentano un primo lotto di interventi ai quali ne seguiranno degli altri, convinti come siamo \u2013 conclude De Pr\u00e0 &#8211; che i territori frazionali costituiscono una vera ricchezza, sotto molteplici punti di vista, pe ril nostro Comune\u201d.<\/em><\/p><\/blockquote>\n<p>&nbsp;<\/p>\n<p>&nbsp;<\/p>\n<p>&nbsp;<\/p>\n<p>&nbsp;<\/p>\n<h3>CRISI DI GOVERNO, QUALI RIFLESSI PER IL BELLUNESE?<\/h3>\n<p><strong>BELLUNO<\/strong> Oggi alle 11,30 presso la sede della Lega si terr\u00e0 un incontro con il Senatore Paolo Saviane, il deputato Mirco Badole, l&#8217;Assessore Regionale Gianpaolo Bottacin e il Consigliere Regionale Franco Gidoni. Il tema della conferenza sar\u00e0 il commento alla crisi di governo e i risvolti della stessa in ambito nazionale e locale.<\/p>\n<p>&nbsp;<\/p>\n<p>&nbsp;<\/p>\n<p>&nbsp;<\/p>\n<p>&nbsp;<\/p>\n<h3>IL RICORDO DI PAPA LUCIANI E DEL SUO SUCCESSORE<\/h3>\n<p><strong>ROCCA PIETORE<\/strong> Santa Messa \u201c<b>Una montagna per due Papi\u201d<\/b> in ricordo della visita di Papa Giovanni Paolo II alla Marmolada di 40 anni fa La <b>Santa Messa<\/b>, aperta a tutti, sar\u00e0 celebrata <b>il 26 agosto 2019 alle ore 11.00<\/b> presso la Grotta-Cappella di Punta Rocca da <b>Monsignor Renato Marangoni<\/b>, Vescovo di Belluno-Feltre e sar\u00e0 seguita dalla presentazione del video \u201cUna montagna per due Papi\u201d in ricordo della visita del Papa e con i ricordi di <b>Lino Zani<\/b>. La Santa Messa \u00e8 accompagnata dai canti del <b>Coro Parrocchiale San Biagio di Alleghe<\/b> e dalla voce di <b>Greta Marcolongo<\/b>.<\/p>\n<p>&nbsp;<\/p>\n<p>&nbsp;<\/p>\n<p>&nbsp;<\/p>\n<p>&nbsp;<\/p>\n<h2>DOMENICA LA CICLINVALLE, OGGI LE CURIOSITA&#8217;<\/h2>\n<h3>con il contributo di FIORENDO DALLA CA&#8217;<\/h3>\n<p><a class=\"dt-pswp-item\" href=\"http:\/\/www.radiopiu.net\/wordpress\/wp-content\/uploads\/2019\/08\/IMG_7482.jpg\" data-dt-img-description=\"\" data-large_image_width=\"1813\" data-large_image_height=\"2350\"><img loading=\"lazy\" decoding=\"async\" class=\" wp-image-96385 alignleft\" src=\"http:\/\/www.radiopiu.net\/wordpress\/wp-content\/uploads\/2019\/08\/IMG_7482-231x300.jpg\" alt=\"\" width=\"181\" height=\"235\" srcset=\"https:\/\/www.radiopiu.net\/wordpress\/wp-content\/uploads\/2019\/08\/IMG_7482-231x300.jpg 231w, https:\/\/www.radiopiu.net\/wordpress\/wp-content\/uploads\/2019\/08\/IMG_7482-768x995.jpg 768w, https:\/\/www.radiopiu.net\/wordpress\/wp-content\/uploads\/2019\/08\/IMG_7482-790x1024.jpg 790w, https:\/\/www.radiopiu.net\/wordpress\/wp-content\/uploads\/2019\/08\/IMG_7482.jpg 1813w\" sizes=\"auto, (max-width: 181px) 100vw, 181px\" \/><\/a>\u201cCiclinvalle\u201d \u00e8 pedalata \u201cnon competitiva\u201d per tutti, \u00e8 festa dello sport, occasione per stare insieme. E allora i grandi protagonisti della corsa sono i bambini, le famiglie, i compagni di Scuola o di Azienda, i pedalatori del tempo libero, i tre \u201csenatori\u201d (25 presenze su 25), il partecipante pi\u00f9 anziano, a cui va il \u201cMemorial Caffagni\u201d, il pi\u00f9 giovane a cui va la \u201cCoppetta\u201d o il gruppo pi\u00f9 numeroso a cui va la \u201cTarga Supersquadra\u201d. Ma \u201cCiclinvalle\u201d \u00e8 anche occasione di buona sgambata o di vero confronto per chi la bicicletta l\u2019ha scelta per fare un\u2019attivit\u00e0 sportiva. Per questi ciclisti \u201cfatti e finiti\u201d la festa \u00e8 sempre dopo. In strada invece cercano di arrivare il prima possibile, cercano di lasciare la loro firma sull\u2019albo d\u2019oro virtuale della manifestazione. E in 25 anni chi ha \u201cfirmato\u201d di pi\u00f9 \u00e8 stato Michele Zasso (otto volte), seguito da Roberto Tom\u00e8 ( sei volte), dall\u2019ex nazionale junior Daniele Troian (due volte) e da altri nove atleti (una volta), tra i quali Maurilo Fontanive, Sandy Ballis e Patrick Seber . In campo femminile, invece, le pi\u00f9 vincenti sono state Astrid Miola e Daniela De Zaiacomo (quattro volte). Ma se c\u2019\u00e8 un nome che ha fatto, e continua fare, la storia della corsa \u00e8 quello di Roberto Tom\u00e8, \u201cMister Ciclinvalle\u201d: 6 primi posti, 7 secondi posti, 7 terzi posti in 24 partecipazioni! E poi, tra i tanti della \u201cCiclinvalle\u201d ci sono anche quelli che hanno scelto di cimentarsi nella doppia prova della \u201cCorrinvalle\u201d e della stessa \u201cCiclinvalle\u201d. E tra loro i pi\u00f9 bravi sono stati Mario De Biasio e Astrid Miola fra gli adulti e Daniela Zuanel fra i giovani (3 successi a testa). Proprio i \u201ccombinatisti\u201d sono stati i primi a inaugurare la \u201cCiclinvalle\u201d 2019 con la prova podistica. E domenica porteranno a termine la loro fatica con la prova pi\u00f9 importante e decisiva, la ciclistica. Fra gli adulti Elvis De Nardin partir\u00e0 da Agordo in vantaggio di 13\u201d su Marco Case e 24\u201d su Alan Scussel; Emanuela Zaetta, gi\u00e0 due volte regina di Combinata, partir\u00e0 in vantaggio di 1\u201957\u201d su Monica Todesco e 2&#8217;12\u201d su Francesca De Col\u00f2. Fra i giovani, Manuel Soccol, primo un anno fa, tenter\u00e0 il bis partendo praticamente sulla stessa linea di Michael De Nardin e Martin Farenzena ; mentre Martina Scola si avvier\u00e0 con 54\u201d di vantaggio su Jenni Roilo e 1\u201934\u201d su Irene Rosson.<\/p>\n<p>&nbsp;<\/p>\n<div class=\"page-title-head hgroup\">\n<h3 class=\"entry-title\">CICLINVALLE, DOMENICA DA AGORDO A COL DI PRA: E\u2019 PIU\u2019 FORTE DI VAIA!<\/h3>\n<\/div>\n<blockquote class=\"wp-embedded-content\" data-secret=\"OO0f4OU2kn\"><p><a href=\"http:\/\/www.radiopiu.net\/wordpress\/ciclinvalle-domenica-da-agordo-a-col-di-pra-e-piu-forte-di-vaia\/\">CICLINVALLE, DOMENICA DA AGORDO A COL DI PRA: E&#8217; PIU&#8217; FORTE DI VAIA!<\/a><\/p><\/blockquote>\n<p><iframe loading=\"lazy\" title=\"&#8220;CICLINVALLE, DOMENICA DA AGORDO A COL DI PRA: E&#8217; PIU&#8217; FORTE DI VAIA!&#8221; &#8212; Radio Pi\u00f9\" class=\"wp-embedded-content\" sandbox=\"allow-scripts\" security=\"restricted\" style=\"position: absolute; clip: rect(1px, 1px, 1px, 1px);\" src=\"http:\/\/www.radiopiu.net\/wordpress\/ciclinvalle-domenica-da-agordo-a-col-di-pra-e-piu-forte-di-vaia\/embed\/#?secret=OO0f4OU2kn\" data-secret=\"OO0f4OU2kn\" width=\"600\" height=\"338\" frameborder=\"0\" marginwidth=\"0\" marginheight=\"0\" scrolling=\"no\"><\/iframe><\/p>\n<p>&nbsp;<\/p>\n<p>&nbsp;<\/p>\n<p>&nbsp;<\/p>\n<h3><a class=\"dt-pswp-item\" href=\"http:\/\/www.radiopiu.net\/wordpress\/wp-content\/uploads\/2018\/09\/viabilita.jpeg\" data-dt-img-description=\"\" data-large_image_width=\"800\" data-large_image_height=\"100\"><img loading=\"lazy\" decoding=\"async\" class=\"alignnone wp-image-61954 size-full\" src=\"http:\/\/www.radiopiu.net\/wordpress\/wp-content\/uploads\/2018\/09\/viabilita.jpeg\" alt=\"\" width=\"800\" height=\"100\" srcset=\"https:\/\/www.radiopiu.net\/wordpress\/wp-content\/uploads\/2018\/09\/viabilita.jpeg 800w, https:\/\/www.radiopiu.net\/wordpress\/wp-content\/uploads\/2018\/09\/viabilita-300x38.jpeg 300w, https:\/\/www.radiopiu.net\/wordpress\/wp-content\/uploads\/2018\/09\/viabilita-768x96.jpeg 768w\" sizes=\"auto, (max-width: 800px) 100vw, 800px\" \/><\/a><\/h3>\n<h3>PROVINCIALE 1 SINISTRA PIAVE, TRATTO ROTATORIA DOLOMITI-ROTATORIA VISOMELLE:<\/h3>\n<p><strong>BELLUNO<\/strong> per manutenzione impianti tecnologici della galleria Col Cavalier, fino a venerdi notte, INTERDIZIONE TOTALE AL TRAFFICO dalle 20 alle 6 deviazioni lungo il vecchio tracciato della provinciale1: VIA MIARI, MONTE GRAPPA tracciato tutto interno Comune di Belluno<\/p>\n<h3>DAL 26 AGOSTO CHIUDE IL PONTE DI SANTA CATERINA.<\/h3>\n<blockquote class=\"wp-embedded-content\" data-secret=\"4lkzUzECCG\"><p><a href=\"http:\/\/www.radiopiu.net\/wordpress\/chiusura-del-ponte-di-santa-caterina-piano-di-gestione-del-traffico\/\">\u201cCHIUSURA DEL PONTE DI SANTA CATERINA &#8211; PIANO DI GESTIONE DEL TRAFFICO\u201d\u00a0<\/a><\/p><\/blockquote>\n<p><iframe loading=\"lazy\" title=\"&#8220;\u201cCHIUSURA DEL PONTE DI SANTA CATERINA &#8211; PIANO DI GESTIONE DEL TRAFFICO\u201d\u00a0&#8221; &#8212; Radio Pi\u00f9\" class=\"wp-embedded-content\" sandbox=\"allow-scripts\" security=\"restricted\" style=\"position: absolute; clip: rect(1px, 1px, 1px, 1px);\" src=\"http:\/\/www.radiopiu.net\/wordpress\/chiusura-del-ponte-di-santa-caterina-piano-di-gestione-del-traffico\/embed\/#?secret=4lkzUzECCG\" data-secret=\"4lkzUzECCG\" width=\"600\" height=\"338\" frameborder=\"0\" marginwidth=\"0\" marginheight=\"0\" scrolling=\"no\"><\/iframe><\/p>\n<p><strong>PROVINCIALE 251, LOCALITA&#8217; COLCU-LE MOLE<\/strong> (Colle Santa Lucia), dal 26 al 30 agosto senso unico alternato e possibili brevi interruzioni fino a 15 minuti<\/p>\n<p><strong>PROVINCIALE 8 LOCALITA&#8217; PIAN MOLIN<\/strong> (San Tomaso), dal 26 agosto e per un mese, festivi e prefestivi inclusi, interdizione totale al traffico tra Molin e Roi.<\/p>\n<p><strong>PROVINCIALE 641 MALGA CIAPELA<\/strong> (Rocca Pietore) dal 26 agosto al 15 ottobre senso unico alternato<\/p>\n<p>&nbsp;<\/p>\n<p>&nbsp;<\/p>\n<p>&nbsp;<\/p>\n<p>&nbsp;<\/p>\n<h3>QUINDICI LEZIONI PER SOMMELIER DAL PRIMO LIVELLO<\/h3>\n<p><strong>BELLUNO<\/strong> La Delegazione AIS (Associazione Italiana Sommelier) riapre la stagione con i nuovi corsi per diventare sommelier AIS. Luned\u00ec 9 settembre, presso il ristorante Nogherazza, prende il via il primo livello. Verranno presi in esame argomenti come viticoltura, enologia e servizio, che rappresentano le basi della professionalit\u00e0 del sommelier, a partire dalla corretta temperatura di servizio dei vini fino all\u2019organizzazione e alla gestione della cantina. Per chi fosse gi\u00e0 introdotto nel mondo AIS, e avesse portato a termine anche il secondo corso, l&#8217;appuntamento con l\u2019inizio del terzo ed ultimo livello \u00e8 per il marted\u00ec 10 settembre al ristorante De Gusto di Sagrogna. Quindici lezioni che chiuderanno il cerchio, affrontando la tecnica di degustazione del cibo e l\u2019abbinamento con il vino. Al termine \u00e8 previsto l\u2019esame di abilitazione, superato il quale si conseguir\u00e0 il titolo di sommelier AIS. In tutti i livelli verr\u00e0 dato ampio spazio alla pratica, con la degustazione, nel corso di ogni lezione, di tre vini. Il corsista potr\u00e0 acquisire e perfezionare la tecnica che consentir\u00e0 di apprezzare ogni singola sfumatura del vino ed esprimere cos\u00ec un giudizio professionale ed oggettivo. Per ulteriori informazioni e iscrizioni \u00e8 possibile consultare il sito\u00a0www.aisveneto.it\u00a0.<\/p>\n<p>&nbsp;<\/p>\n<p>&nbsp;<\/p>\n<p>&nbsp;<\/p>\n<p>&nbsp;<\/p>\n<p><span style=\"color: #ff0000;\">LA LETTERA<\/span><br \/>\n<strong>Sul bilancio della Regione e addizionale Irpef<\/strong><\/p>\n<p><strong>di Franco Piacentini<\/strong><\/p>\n<blockquote><p><strong>\u00a0FELTRE <\/strong>Con (eccessiva) enfasi il Governatore del Veneto, afferma che anche per il prossimo triennio, nel bilancio regionale 2020 &#8211; 2022, non ci sar\u00e0 alcuna addizionale IRPEF. Utilizzando il solito slogan elettorale, dichiara: &#8220;non mettiamo le mani nelle tasche dei cittadini&#8221;. Effettivamente, non avere un ulteriore prelievo fiscale, \u00e8 senza dubbio una bella notizia. Premesso che da anni sono a conoscenza della proposta per un&#8217;addizionale IRPEF sui redditi pi\u00f9 alti, come tassa di scopo e di solidariet\u00e0, finalizzata all&#8217;aiuto a persone con gravi patologie invalidanti, il Governatore e la Giunta del Veneto non possono con disinvoltura ribadire che in questa regione tutto va bene, anche sul versante del finanziamento alle prestazioni socio-assistenziali e sociosanitarie. Sarebbe stata effettivamente una bellissima notizia, il non mettere le mani sui redditi dei cittadini veneti, se contestualmente nel bilancio regionale fossero stati previsti ed esigibili: almeno 600 milioni di euro per sgravare le famiglie dai costi annuali per l&#8217;assistenza domiciliare e un miliardo di euro (annuale) per finanziare il fondo per la disabilit\u00e0 e la non autosufficienza, previsto dalla L.R. n. 30 del 18 dicembre 2009. Ricordo che questa legge, votata all&#8217;unanimit\u00e0 dal Consiglio regionale, nel biennio 2008 &#8211; 2009 era stata chiesta, con una raccolta di oltre 200 mila firme di cittadini veneti, dalle organizzazioni sindacali Cgil Cisl Uil, sostenuta dalle Associazioni dei disabili e dalla mobilitazione delle pensionate e dei pensionati di SPI &#8211; FNP &#8211; UILP. La demagogia \u00e8 una pessima amica. Chi ha responsabilit\u00e0 amministrative pubbliche, dovrebbe dare risposte concrete alle persone disabili e\/o non autosufficienti e ai loro familiari, che ogni santo giorno della loro vita devono pagare mediamente una compartecipazione dai 50 ai 90 euro, per assistenza domiciliare o per ospitalit\u00e0 in casa di riposo. La Giunta regionale, per la non applicazione della L.R. 30 del 2009, quotidianamente mette le mani in tasca a miglia di veneti disabili e non autosufficienti. Almeno su questo sia sincera.<\/p><\/blockquote>\n<p>&nbsp;<\/p>\n<p>&nbsp;<\/p>\n<p>&nbsp;<\/p>\n<h3>40 ANNI DOPO&#8230;<\/h3>\n<p><strong>CANALE D&#8217;AGORDO<\/strong> Wojtyla sulle orme di Luciani, due Papi a Canale d&#8217;Agordo, presentazione in anteprima del documentario di Eleonora Sarasin con repertorio inedito dell&#8217;epoca, sulla straordinaria visita effettuata da Giovanni Paolo II nel paese del suo predecessore Giovanni Paolo I, era il 26 agosto del 1979. Il documentario verr\u00e0 proiettato venerdi alle 17 in sala ex emigranti. Alle 21 se il tempo lo permetter\u00e0 in piazza Papa Luciani (oppure sempre in sala ex emigranti) seconda proiezione con gli interventi di Giulio Viviani gi\u00e0 cerimoniere di Papa Wojtyla, Stefano Perale direttore ufficio pastorale della diocesi di Belluno e Paolo Valente giornalista, scrittore e direttore della Caritas nella diocesi di Bolzano e Bressanone.<\/p>\n<blockquote><p><em>Il documentario racconta il viaggio di Wojtyla e le sue motivazioni, ma anche la storia dei preparativi all&#8217;evento da parte degli amministratori locali e del paese con l&#8217;intervista\u00a0 al vescovo emerito di Belluno Feltre Giuseppe Andrich sar\u00e0 tracciato il\u00a0 ritratto breve di Luciani, dei tratti pi\u00f9 salienti della personalit\u00e0 e dell&#8217;opera. Termina con la lettura dell&#8217;omelia di Wojtyla da parte di don Mariano Baldovin e una sequenza di immagini attuali del paese e i suoi abitanti. Il film contiene video e foto di repertorio di varia provenienza\u00a0 tra cui stralci del documentario \u201citinerario Wojtyla\u201d del 79\u2019 del compianto cineoperatore Ivano Pocchiesa.\u00a0<\/em><\/p><\/blockquote>\n<p>&nbsp;<\/p>\n<h3><\/h3>\n<p>&nbsp;<\/p>\n<h3>IL 25 AGOSTO MANIFESTAZIONE PIETRE IN EQUILIBRIO<\/h3>\n<div>\n<p><strong><a class=\"dt-pswp-item\" href=\"http:\/\/www.radiopiu.net\/wordpress\/wp-content\/uploads\/2019\/08\/WhatsApp-Image-2019-08-15-at-09.47.45.jpeg\" data-dt-img-description=\"\" data-large_image_width=\"1599\" data-large_image_height=\"799\"><img loading=\"lazy\" decoding=\"async\" class=\" wp-image-95725 alignleft\" src=\"http:\/\/www.radiopiu.net\/wordpress\/wp-content\/uploads\/2019\/08\/WhatsApp-Image-2019-08-15-at-09.47.45-300x150.jpeg\" alt=\"\" width=\"258\" height=\"129\" srcset=\"https:\/\/www.radiopiu.net\/wordpress\/wp-content\/uploads\/2019\/08\/WhatsApp-Image-2019-08-15-at-09.47.45-300x150.jpeg 300w, https:\/\/www.radiopiu.net\/wordpress\/wp-content\/uploads\/2019\/08\/WhatsApp-Image-2019-08-15-at-09.47.45-768x384.jpeg 768w, https:\/\/www.radiopiu.net\/wordpress\/wp-content\/uploads\/2019\/08\/WhatsApp-Image-2019-08-15-at-09.47.45-1024x512.jpeg 1024w, https:\/\/www.radiopiu.net\/wordpress\/wp-content\/uploads\/2019\/08\/WhatsApp-Image-2019-08-15-at-09.47.45.jpeg 1599w\" sizes=\"auto, (max-width: 258px) 100vw, 258px\" \/><\/a><\/strong><\/p>\n<p>&nbsp;<\/p>\n<p><strong>CANALE D&#8217;AGORDO<\/strong><\/p>\n<p><strong>di GIANNI SANTOMASO\u00a0<\/strong><\/p>\n<\/div>\n<p>&nbsp;<\/p>\n<div>\n<h3><\/h3>\n<\/div>\n<audio class=\"wp-audio-shortcode\" id=\"audio-96352-5\" preload=\"none\" style=\"width: 100%;\" controls=\"controls\"><source type=\"audio\/mpeg\" src=\"http:\/\/www.radiopiu.net\/wordpress\/wp-content\/uploads\/2019\/08\/GIANNI-FORCELLA.mp3?_=5\" \/><a href=\"http:\/\/www.radiopiu.net\/wordpress\/wp-content\/uploads\/2019\/08\/GIANNI-FORCELLA.mp3\">http:\/\/www.radiopiu.net\/wordpress\/wp-content\/uploads\/2019\/08\/GIANNI-FORCELLA.mp3<\/a><\/audio>\n<p>&nbsp;<\/p>\n<p>&nbsp;<\/p>\n<blockquote><p>&nbsp;<\/p><\/blockquote>\n<p>&nbsp;<\/p>\n<p>&nbsp;<\/p>\n<h3>\u00a0LE MIRABOLANTI AVVENTURE DI ROALD DAHL<\/h3>\n<blockquote><p><em><a class=\"dt-pswp-item\" href=\"http:\/\/www.radiopiu.net\/wordpress\/wp-content\/uploads\/2019\/08\/IMG-20190817-WA0007-1.jpg\" data-dt-img-description=\"\" data-large_image_width=\"534\" data-large_image_height=\"546\"><img loading=\"lazy\" decoding=\"async\" class=\" wp-image-96360 alignleft\" src=\"http:\/\/www.radiopiu.net\/wordpress\/wp-content\/uploads\/2019\/08\/IMG-20190817-WA0007-1-293x300.jpg\" alt=\"\" width=\"153\" height=\"157\" srcset=\"https:\/\/www.radiopiu.net\/wordpress\/wp-content\/uploads\/2019\/08\/IMG-20190817-WA0007-1-293x300.jpg 293w, https:\/\/www.radiopiu.net\/wordpress\/wp-content\/uploads\/2019\/08\/IMG-20190817-WA0007-1.jpg 534w\" sizes=\"auto, (max-width: 153px) 100vw, 153px\" \/><\/a>Spettacolo di parole e d\u2019attore di e con Simone Carnielli e Carlo Corsini.<\/em><\/p><\/blockquote>\n<p><strong>ALLEGHE<\/strong>\u00a0 Sabato alle 21 al Parco Giochi di Caprile &#8220;Tutto inizi\u00f2 con un tremendo botto&#8221; le avventure di Roald Dahl, il ricavato della serata (preceduta alle 20 dalla degustazione dei dolci delle mamme) sar\u00e0 devoluto alle scuole di Alleghe. Gi\u00e0 presenti nel nostro territorio hanno avuto modo di farci stupire e divertire gi\u00e0 numerose volte con i loro spettacoli. A seguito del catastrofico evento meteorologico Vaia dello scorso ottobre 2018, che ha duramente colpito il nostro territorio lasciando segni a tutt&#8217;oggi ancora ben visibili, si rendono caramente partecipi mettendo a disposizione la loro professionalit\u00e0, originalit\u00e0 e bravura. Volti gi\u00e0 noti ai bambini, anche grazie alla sinergica collaborazione tra Comune di Alleghe, Biblioteca di Alleghe e Consorzio Operatori Turistici, saranno ospitati nella bella cornice del parco giochi di Caprile (in caso di brutto tempo lo spettacolo si terr\u00e0 presso la canonica del paese con gli stessi orari). Lo spettacolo &#8220;Le mirabolanti avventure di Roald Dahl&#8221; &#8211; testo a cura di Simone Carnielli e Carlo Corsini<\/p>\n<p>&nbsp;<\/p>\n<p>&nbsp;<\/p>\n<p>&nbsp;<\/p>\n<p>&nbsp;<\/p>\n<h3>NEL MIRINO DI STUDENTI E ASSOCIAZIONI IL PARCO CITTA&#8217; DI BOLOGNA<\/h3>\n<blockquote><p><em><a class=\"dt-pswp-item\" href=\"http:\/\/www.radiopiu.net\/wordpress\/wp-content\/uploads\/2019\/08\/WhatsApp-Image-2019-08-21-at-05.02.27.jpeg\" data-dt-img-description=\"\" data-large_image_width=\"1599\" data-large_image_height=\"799\"><img loading=\"lazy\" decoding=\"async\" class=\" wp-image-96312 alignleft\" src=\"http:\/\/www.radiopiu.net\/wordpress\/wp-content\/uploads\/2019\/08\/WhatsApp-Image-2019-08-21-at-05.02.27-300x150.jpeg\" alt=\"\" width=\"164\" height=\"82\" srcset=\"https:\/\/www.radiopiu.net\/wordpress\/wp-content\/uploads\/2019\/08\/WhatsApp-Image-2019-08-21-at-05.02.27-300x150.jpeg 300w, https:\/\/www.radiopiu.net\/wordpress\/wp-content\/uploads\/2019\/08\/WhatsApp-Image-2019-08-21-at-05.02.27-768x384.jpeg 768w, https:\/\/www.radiopiu.net\/wordpress\/wp-content\/uploads\/2019\/08\/WhatsApp-Image-2019-08-21-at-05.02.27-1024x512.jpeg 1024w, https:\/\/www.radiopiu.net\/wordpress\/wp-content\/uploads\/2019\/08\/WhatsApp-Image-2019-08-21-at-05.02.27.jpeg 1599w\" sizes=\"auto, (max-width: 164px) 100vw, 164px\" \/><\/a>Il Collettivo Studenti Indipendenti Belluno \u00e8 una\u00a0 realt\u00e0 attiva sul territorio fin dal 2016 che opera in ambito socio-culturale.\u00a0<\/em><\/p><\/blockquote>\n<p><strong>BELLUNO<\/strong> Il Collettino Studenti Indipendenti di Belluno vuole avviare una forma di riqualificazione urbana del Parco Citt\u00e0 di Bologna. Le intenzioni: farne n luogo di partecipazione dove sia possibile lo scambio di idee, proposte, valori.<\/p>\n<p>Sabato dalle 9 alle 18 per ribadire la\u00a0 posizione \u00e8 stato organizzato una giornata di integrazione utilizzando i canali comunicativi dell\u2019arte. Per questo si ritroveranno\u00a0 musicisti, scrittori e artisti locali con numerose Associazioni:\u00a0<strong> Non Una di Meno Belluno, Belluno Donna, Fridays for Future Belluno, lgbtq Feltre, Anffas, Verba Volant, Jabar<\/strong>, sar\u00e0 l&#8217;occasione per illustrare contenuti e operativit\u00e0 delle proprie attivit\u00e0 sul territorio,\u00a0 si alterneranno letture di testi, poesie, monologhi; interventi scanditi da musica inedita dal vivo, uno spettacolo teatrale ed una performance di \u2018Tai chi\u2019.<\/p>\n<p>&nbsp;<\/p>\n<p>&nbsp;<\/p>\n<p>&nbsp;<\/p>\n<h3>DAL 2 SETTEMBRE SU RADIO PIU&#8230;. DOLOMITI FLASH, CON CLAUDIO PRA.<\/h3>\n<p>\u201cDolomiti flash\u201d, un\u2019iniziativa di Claudio Pra nata in collaborazione con Radio Pi\u00f9, dedicata alle montagne pi\u00f9 belle del mondo, le nostre Dolomiti. Claudio ha selezionato 100 sue fotografie inedite scattate a tutte le ore e in tutte le situazioni\u00a0\u00a0in quasi 15 anni di vagabondaggi in montagna, che vi verranno presentate tramite i canali social di Radio Pi\u00f9 in un breve filmato giornaliero che raccoglie 10 scatti per volta. Un emozione e un modo per conoscere e comprendere il paradiso che ci circonda, un paradiso che va preservato gelosamente e assolutamente non modificato perch\u00e9 gi\u00e0 perfetto cos\u00ec. Dolomiti Flash, 10 scatti in 10 giorni, da luned\u00ec 2 settembre.<\/p>\n<p>&nbsp;<\/p>\n<p>&nbsp;<\/p>\n<div><\/div>\n<div><\/div>\n<div>\n<p><a class=\"dt-pswp-item\" href=\"http:\/\/www.radiopiu.net\/wordpress\/wp-content\/uploads\/2018\/09\/appuntamenti.jpeg\" data-dt-img-description=\"\" data-large_image_width=\"800\" data-large_image_height=\"100\"><img loading=\"lazy\" decoding=\"async\" class=\"alignnone wp-image-61958 size-full\" src=\"http:\/\/www.radiopiu.net\/wordpress\/wp-content\/uploads\/2018\/09\/appuntamenti.jpeg\" alt=\"\" width=\"800\" height=\"100\" srcset=\"https:\/\/www.radiopiu.net\/wordpress\/wp-content\/uploads\/2018\/09\/appuntamenti.jpeg 800w, https:\/\/www.radiopiu.net\/wordpress\/wp-content\/uploads\/2018\/09\/appuntamenti-300x38.jpeg 300w, https:\/\/www.radiopiu.net\/wordpress\/wp-content\/uploads\/2018\/09\/appuntamenti-768x96.jpeg 768w\" sizes=\"auto, (max-width: 800px) 100vw, 800px\" \/><\/a><\/p>\n<\/div>\n<p>&nbsp;<\/p>\n<div>\n<div>\n<p><span style=\"color: #ff0000;\"><strong><a class=\"dt-pswp-item\" href=\"http:\/\/www.radiopiu.net\/wordpress\/wp-content\/uploads\/2019\/07\/21231208_1428419980586085_1115215269049052745_n.jpg\" data-dt-img-description=\"\" data-large_image_width=\"661\" data-large_image_height=\"661\"><img loading=\"lazy\" decoding=\"async\" class=\" wp-image-90482 alignleft\" src=\"http:\/\/www.radiopiu.net\/wordpress\/wp-content\/uploads\/2019\/07\/21231208_1428419980586085_1115215269049052745_n-300x300.jpg\" alt=\"\" width=\"145\" height=\"145\" srcset=\"https:\/\/www.radiopiu.net\/wordpress\/wp-content\/uploads\/2019\/07\/21231208_1428419980586085_1115215269049052745_n-300x300.jpg 300w, https:\/\/www.radiopiu.net\/wordpress\/wp-content\/uploads\/2019\/07\/21231208_1428419980586085_1115215269049052745_n-150x150.jpg 150w, https:\/\/www.radiopiu.net\/wordpress\/wp-content\/uploads\/2019\/07\/21231208_1428419980586085_1115215269049052745_n.jpg 661w\" sizes=\"auto, (max-width: 145px) 100vw, 145px\" \/><\/a><\/strong><\/span><\/p>\n<p>&nbsp;<\/p>\n<p>&nbsp;<\/p>\n<p style=\"text-align: left;\"><span style=\"color: #ff0000;\"><strong>PER IL SECONDO ANNO, PER TUTTA L&#8217;ESTATE: LA &#8220;FABBRICA DELLE EMOZIONI&#8221;, ALLA RADIO IN COLLABORAZIONE CON <a class=\"profileLink\" style=\"color: #ff0000;\" href=\"https:\/\/www.facebook.com\/dersut.taibon\/?__tn__=K-R&amp;eid=ARAWHGS4pY7ErSAGuNNMHp-xra7d294ysugnpoUicWkeK9rjbvd86RDR3SHV57JuBTC7yrMP85kcC7oy&amp;fref=mentions&amp;__xts__%5B0%5D=68.ARA8kEGfdeZlMevmYpMAmAmJ7ziHM_3WogqE61anVHM5V-Ht7pYFd4NJRcEVlK7VIq__zFsG6G8vsxxKnVF1SBmpERHebECtYKNHrf4mG4C4wVmPxxn4uj_nmTIeZglrdIyUPa0dnE3usWWzci033oOnyRS5XDhoavIU-eTU85t_Wp6jFT0-ULRP932r4STxN16bdptt8cef\" data-hovercard=\"\/ajax\/hovercard\/page.php?id=904939246267497&amp;extragetparams=%7B%22__tn__%22%3A%22%2CdK-R-R%22%2C%22eid%22%3A%22ARAWHGS4pY7ErSAGuNNMHp-xra7d294ysugnpoUicWkeK9rjbvd86RDR3SHV57JuBTC7yrMP85kcC7oy%22%2C%22fref%22%3A%22mentions%22%7D\" data-hovercard-prefer-more-content-show=\"1\">Dersut Taibon<\/a>\u00a0EVENTI, APPUNTAMENTI, DIVERTIMENTI NELLA VALLATA AGORDINA. IN ONDA ALLA RADIO NEI NOTIZIARI E NEGLI APPROFONDIMENTI ALLA RADIO E SUL SITO\u00a0<a style=\"color: #ff0000;\" href=\"http:\/\/www.radiopiu.net\/?fbclid=IwAR3Zckh6EArPlP9el3_APl-CxxkfxeumpcmQ4v9HIwZohBUQuztQ4jOimzE\" target=\"_blank\" rel=\"noopener nofollow noreferrer\" data-ft=\"{&quot;tn&quot;:&quot;-U&quot;}\" data-lynx-mode=\"async\" data-lynx-uri=\"https:\/\/l.facebook.com\/l.php?u=http%3A%2F%2FWWW.RADIOPIU.NET%2F%3Ffbclid%3DIwAR3Zckh6EArPlP9el3_APl-CxxkfxeumpcmQ4v9HIwZohBUQuztQ4jOimzE&amp;h=AT3iK2sNf9WjhvLB7AaqYnWzUdWcBNNS_1cXI6UJ3eEvhP4Ym5v2vemsj9TpyM0_qzzb9gjT9sJhgm4I2ZXxgJSAlUfvNTaJwITPvOvqfAuTNdwnWON3ic-lvSbJXWzM3FVSvAgPffEqbH4dYL2TEG6D6xs5TZHrlhUGtTKMYKoPXpBJIF8ke0VZdFkl3YQ7tGdqat-r6rzvDTprheLIjQ7jKZPmLRbVLu1fIKQ2jHEQkMU8LzIZvt_s5FE3Fxl6fUw_HG6Kz2ygpE7qxE3yIyhlOk0wt55c_6ZWHfM2I0PFlpPFgNhCDJwFSVFieE73_LsmFyKeJSBqSnd9p7KBuOYgQAQepyVC8du7dtfKvd60oOKKb1xchMvMyu9mMRYGRKi2y8I7U2WlGyyKbcYHubfjzWI02WXZXcSE97K_yFCYyeqZ2T_hgQJ7vzHhfBlDLdaXxkE\">WWW.RADIOPIU.NET<\/a><\/strong><\/span><\/p>\n<\/div>\n<\/div>\n<p>&nbsp;<\/p>\n<div><\/div>\n<p>&nbsp;<\/p>\n<p>&nbsp;<\/p>\n<p>&nbsp;<\/p>\n<p>&nbsp;<\/p>\n<div>\n<blockquote>\n<h3 style=\"text-align: left;\"><strong>ALLEGHE<\/strong> Il film &#8220;Donna Fugata&#8221; sar\u00e0 proposto anche in riva al lago, \u00a0all&#8217;interno della Sala Congressi presso il Palaghiaccio questa sera alle 21. Film di montagna (Civetta), regia Manrico Dall&#8217;Agnola, con Sara Avoscan e Omar Genuin.<\/h3>\n<\/blockquote>\n<\/div>\n<h3><\/h3>\n<p>&nbsp;<\/p>\n<p><strong>ROCCA PIETORE<\/strong> \u201cIl suono magico del legno\u201d. Domani\u00a0 a Sottoguda, alle 17 con il\u00a0 Comitato Borgo di Sottoguda verso il futuro. Un concerto di musica classica del Complesso d\u2019archi del Friuli e del Veneto, che proporr\u00e0 ai presenti un vero e proprio viaggio attraverso la musica tra Ottocento e Novecento.<\/p>\n<p>&nbsp;<\/p>\n<p>&nbsp;<\/p>\n<p><strong>ALLEGHE<\/strong> Sabato alle 21 al palaghiaccio incontro amichevole Alleghe-Fassa e il saluto a Daniele V<a class=\"dt-pswp-item\" href=\"http:\/\/www.radiopiu.net\/wordpress\/wp-content\/uploads\/2019\/08\/5c7fb47d-bdcf-4655-b32b-9e4453339c1d.jpg\" data-dt-img-description=\"\" data-large_image_width=\"794\" data-large_image_height=\"1123\"><img loading=\"lazy\" decoding=\"async\" class=\"size-medium wp-image-96239 alignleft\" src=\"http:\/\/www.radiopiu.net\/wordpress\/wp-content\/uploads\/2019\/08\/5c7fb47d-bdcf-4655-b32b-9e4453339c1d-212x300.jpg\" alt=\"\" width=\"212\" height=\"300\" srcset=\"https:\/\/www.radiopiu.net\/wordpress\/wp-content\/uploads\/2019\/08\/5c7fb47d-bdcf-4655-b32b-9e4453339c1d-212x300.jpg 212w, https:\/\/www.radiopiu.net\/wordpress\/wp-content\/uploads\/2019\/08\/5c7fb47d-bdcf-4655-b32b-9e4453339c1d-768x1086.jpg 768w, https:\/\/www.radiopiu.net\/wordpress\/wp-content\/uploads\/2019\/08\/5c7fb47d-bdcf-4655-b32b-9e4453339c1d-724x1024.jpg 724w, https:\/\/www.radiopiu.net\/wordpress\/wp-content\/uploads\/2019\/08\/5c7fb47d-bdcf-4655-b32b-9e4453339c1d.jpg 794w\" sizes=\"auto, (max-width: 212px) 100vw, 212px\" \/><\/a>eggiato.<\/p>\n<p><strong>ALLEGHE<\/strong> Domenica mercatino sul lungo lago<\/p>\n<p><strong>FALCADE<\/strong> Venerdi dalle 10 alle 20 in via Lungo Tegosa RomantiCaviola mercatino di artiginato e prodotti tipici, dalle 15 spettacolo di magia con il Mago Gigi<\/p>\n<p><strong>GOSALDO<\/strong> Con la bocciofila oggi sabato e domenica alle 15 gara individuale.<\/p>\n<p><strong>ROCCA PIETORE<\/strong> Sabato 29 agosto alle 20.30 in Sala Teaz serata con Alessio Cornamusini, campione mondiale di arrampicata sportiva, da vittima del bullismo, passando per una lesione midollare, fino al superamento di se stesso. Con la partecipazione della dottoressa Mariapia Ghedina, psicologa specializzata in sport estremi. Evento patrocinato dal Comune in collaborazione con il Soccorso Alpino<\/p>\n<p>&nbsp;<\/p>\n<p>&nbsp;<\/p>\n<p>&nbsp;<\/p>\n<p>&nbsp;<\/p>\n<p>&nbsp;<\/p>\n<p>&nbsp;<\/p>\n<h3><a class=\"dt-pswp-item\" href=\"http:\/\/www.radiopiu.net\/wordpress\/wp-content\/uploads\/2019\/08\/MANIFESTO-COL-IN-FESTA-2019_page-0001.jpg\" data-dt-img-description=\"\" data-large_image_width=\"1755\" data-large_image_height=\"2482\"><img loading=\"lazy\" decoding=\"async\" class=\"wp-image-95834 alignleft\" src=\"http:\/\/www.radiopiu.net\/wordpress\/wp-content\/uploads\/2019\/08\/MANIFESTO-COL-IN-FESTA-2019_page-0001-212x300.jpg\" alt=\"\" width=\"138\" height=\"195\" srcset=\"https:\/\/www.radiopiu.net\/wordpress\/wp-content\/uploads\/2019\/08\/MANIFESTO-COL-IN-FESTA-2019_page-0001-212x300.jpg 212w, https:\/\/www.radiopiu.net\/wordpress\/wp-content\/uploads\/2019\/08\/MANIFESTO-COL-IN-FESTA-2019_page-0001-768x1086.jpg 768w, https:\/\/www.radiopiu.net\/wordpress\/wp-content\/uploads\/2019\/08\/MANIFESTO-COL-IN-FESTA-2019_page-0001-724x1024.jpg 724w, https:\/\/www.radiopiu.net\/wordpress\/wp-content\/uploads\/2019\/08\/MANIFESTO-COL-IN-FESTA-2019_page-0001.jpg 1755w\" sizes=\"auto, (max-width: 138px) 100vw, 138px\" \/><\/a><\/h3>\n<h3>DUE GIORNI DI FESTA A COLLE SANTA LUCIA<\/h3>\n<p><strong>COLLE SANTA LUCIA<\/strong>\u00a0 \u00a0Due giorni di festa , sabato e domenica si terr\u00e0 come di consueto \u201cCol in Festa\u201d\u2026 cultura, tradizioni, tanta musica, visite alle miniere del Fursil, visite alle mostre presso l\u2019Istitut Cesa de Jan ed alla mostra dal titolo \u201cEmigrazione della montagna dolomitica nel corso del novecento\u201d curata da Luciana Palla<\/p>\n<p>&nbsp;<\/p>\n<p>&nbsp;<\/p>\n<p>&nbsp;<\/p>\n<p>&nbsp;<\/p>\n<p>&nbsp;<\/p>\n<p>&nbsp;<\/p>\n<h3><a class=\"dt-pswp-item\" href=\"http:\/\/www.radiopiu.net\/wordpress\/wp-content\/uploads\/2019\/08\/MiV2019_oio_bis-1.jpg\" data-dt-img-description=\"\" data-large_image_width=\"3508\" data-large_image_height=\"4961\"><img loading=\"lazy\" decoding=\"async\" class=\"wp-image-96076 alignleft\" src=\"http:\/\/www.radiopiu.net\/wordpress\/wp-content\/uploads\/2019\/08\/MiV2019_oio_bis-1-212x300.jpg\" alt=\"\" width=\"140\" height=\"198\" srcset=\"https:\/\/www.radiopiu.net\/wordpress\/wp-content\/uploads\/2019\/08\/MiV2019_oio_bis-1-212x300.jpg 212w, https:\/\/www.radiopiu.net\/wordpress\/wp-content\/uploads\/2019\/08\/MiV2019_oio_bis-1-768x1086.jpg 768w, https:\/\/www.radiopiu.net\/wordpress\/wp-content\/uploads\/2019\/08\/MiV2019_oio_bis-1-724x1024.jpg 724w\" sizes=\"auto, (max-width: 140px) 100vw, 140px\" \/><\/a>MUSICA INTE LE VILE<\/h3>\n<p><strong>SAN TOMASO<\/strong> La Proloco ha organizzato una serata con il Coro Oio di Santa Giustina, sabato alle 20.30 a Tocol, in caso di maltempo in chiesa.<\/p>\n<p>&nbsp;<\/p>\n<p>&nbsp;<\/p>\n<h3><\/h3>\n<h3><\/h3>\n<h3><\/h3>\n<p>&nbsp;<\/p>\n<blockquote><p>&nbsp;<\/p><\/blockquote>\n<h3><a class=\"dt-pswp-item\" href=\"http:\/\/www.radiopiu.net\/wordpress\/wp-content\/uploads\/2019\/08\/IMG-20190808-WA0001-1.jpg\" data-dt-img-description=\"\" data-large_image_width=\"1131\" data-large_image_height=\"1600\"><img loading=\"lazy\" decoding=\"async\" class=\" wp-image-95483 alignleft\" src=\"http:\/\/www.radiopiu.net\/wordpress\/wp-content\/uploads\/2019\/08\/IMG-20190808-WA0001-1-212x300.jpg\" alt=\"\" width=\"149\" height=\"211\" srcset=\"https:\/\/www.radiopiu.net\/wordpress\/wp-content\/uploads\/2019\/08\/IMG-20190808-WA0001-1-212x300.jpg 212w, https:\/\/www.radiopiu.net\/wordpress\/wp-content\/uploads\/2019\/08\/IMG-20190808-WA0001-1-768x1086.jpg 768w, https:\/\/www.radiopiu.net\/wordpress\/wp-content\/uploads\/2019\/08\/IMG-20190808-WA0001-1-724x1024.jpg 724w, https:\/\/www.radiopiu.net\/wordpress\/wp-content\/uploads\/2019\/08\/IMG-20190808-WA0001-1.jpg 1131w\" sizes=\"auto, (max-width: 149px) 100vw, 149px\" \/><\/a>CICLOMELANDO IL RITORNO, IL 25 AGOSTO SI PEDALA<\/h3>\n<p><strong>MEL<\/strong>\u00a0A maggio le condizioni meteo avevano costretto gli organizzatori a rinviare il partecipato evento, ed ecco la nuova data: 25 agosto con ritrovo e partenza alle 8.30 da Pagogna, Due i tracciati, classic da 32 chilometri, 600 metri di dislivello, et\u00e0 minima 14 anni; enduro 22 chilometri, 900 metri di dislivello, et\u00e0 minima 18 anni. Servizio e noleggio e-bike, mtb, info 351 9368333. Pranzo, assicurazione, ristoro e guide. Per informazioni ed iscrizioni, Elisa al 338 9848878. Iscrizioni entro il 24 agosto, quota iscrizione comprensiva di pranzo 15 euro.<\/p>\n<p>&nbsp;<\/p>\n<p>&nbsp;<\/p>\n<p>&nbsp;<\/p>\n<p>&nbsp;<\/p>\n<p>&nbsp;<\/p>\n<p>&nbsp;<\/p>\n<p>&nbsp;<\/p>\n<p><a class=\"dt-pswp-item\" href=\"http:\/\/www.radiopiu.net\/wordpress\/wp-content\/uploads\/2018\/09\/sport.jpg\" data-dt-img-description=\"\" data-large_image_width=\"800\" data-large_image_height=\"100\"><img loading=\"lazy\" decoding=\"async\" class=\"alignnone wp-image-60761 size-full\" src=\"http:\/\/www.radiopiu.net\/wordpress\/wp-content\/uploads\/2018\/09\/sport.jpg\" alt=\"\" width=\"800\" height=\"100\" srcset=\"https:\/\/www.radiopiu.net\/wordpress\/wp-content\/uploads\/2018\/09\/sport.jpg 800w, https:\/\/www.radiopiu.net\/wordpress\/wp-content\/uploads\/2018\/09\/sport-300x38.jpg 300w, https:\/\/www.radiopiu.net\/wordpress\/wp-content\/uploads\/2018\/09\/sport-768x96.jpg 768w\" sizes=\"auto, (max-width: 800px) 100vw, 800px\" \/><\/a><\/p>\n<p>&nbsp;<\/p>\n<h3>UFFICIALIZZATO IL CAMPIONATO DI TERZA CATEGORIA E I GIRONI DELLA COPPA DOLOMITI<\/h3>\n<p>Notizia &#8220;fresca&#8221;&#8230; l&#8217;ufficializzazione da parte della FIGC di Belluno del Campionato di Terza Categoria e della Coppa Dolomiti. Agordina che sar\u00e0 presente in entrambe le competizioni. I calendari non sono ancora stati distribuiti e bisogner\u00e0 aspettare fino al 26 agosto per avere un quadro completo delle gare in programma per la stagione 2019\/2020.<a class=\"dt-pswp-item\" href=\"http:\/\/www.radiopiu.net\/wordpress\/wp-content\/uploads\/2019\/08\/COPPA-DOLOMITI.jpeg\" data-dt-img-description=\"\" data-large_image_width=\"351\" data-large_image_height=\"230\"><img loading=\"lazy\" decoding=\"async\" class=\"size-medium wp-image-96379 alignright\" src=\"http:\/\/www.radiopiu.net\/wordpress\/wp-content\/uploads\/2019\/08\/COPPA-DOLOMITI-300x197.jpeg\" alt=\"\" width=\"300\" height=\"197\" srcset=\"https:\/\/www.radiopiu.net\/wordpress\/wp-content\/uploads\/2019\/08\/COPPA-DOLOMITI-300x197.jpeg 300w, https:\/\/www.radiopiu.net\/wordpress\/wp-content\/uploads\/2019\/08\/COPPA-DOLOMITI.jpeg 351w\" sizes=\"auto, (max-width: 300px) 100vw, 300px\" \/><\/a><\/p>\n<p>Intanto l&#8217;Agordina di Marco Lorenzi si prepara per il primo appuntamento, la Coppa Dolomiti. Il torneo inizier\u00e0 domenica 1 settembre e la squadra di Agordo \u00e8 finita nel girone C con Sois e Lentiai. Girone all&#8217;italiana per questa competizione dove passer\u00e0 il turno la prima di ogni girone.<\/p>\n<p><a class=\"dt-pswp-item\" href=\"http:\/\/www.radiopiu.net\/wordpress\/wp-content\/uploads\/2019\/08\/GIRONE-TERZA.jpeg\" data-dt-img-description=\"\" data-large_image_width=\"330\" data-large_image_height=\"286\"><img loading=\"lazy\" decoding=\"async\" class=\"size-medium wp-image-96380 alignleft\" src=\"http:\/\/www.radiopiu.net\/wordpress\/wp-content\/uploads\/2019\/08\/GIRONE-TERZA-300x260.jpeg\" alt=\"\" width=\"300\" height=\"260\" srcset=\"https:\/\/www.radiopiu.net\/wordpress\/wp-content\/uploads\/2019\/08\/GIRONE-TERZA-300x260.jpeg 300w, https:\/\/www.radiopiu.net\/wordpress\/wp-content\/uploads\/2019\/08\/GIRONE-TERZA.jpeg 330w\" sizes=\"auto, (max-width: 300px) 100vw, 300px\" \/><\/a>Per il campionato di Terza Categoria bisogner\u00e0 aspettare fino al 15 settembre, quando le 14 formazioni iscritte inizieranno la stagione con la prima giornata. 13 le partite di andata e di ritorno con la prima fase che dovrebbe terminare con la seconda domenica di dicembre e ritorno che dovrebbe iniziare a marzo per terminare a fine maggio, pi\u00f9 eventuali playoff. Ancora nulla di ufficiale ma la stagione dell&#8217;Agordina Calcio dovrebbe essere questa.<\/p>\n<p>&nbsp;<\/p>\n<p>&nbsp;<\/p>\n<p>&nbsp;<\/p>\n<p>&nbsp;<\/p>\n<p>&nbsp;<\/p>\n<p>&nbsp;<\/p>\n<p>&nbsp;<\/p>\n<p>&nbsp;<\/p>\n<h2>107 SCALINI&#8230; ADRENALINA, FATICA E SFIDA.<\/h2>\n<p><strong><a class=\"dt-pswp-item\" href=\"http:\/\/www.radiopiu.net\/wordpress\/wp-content\/uploads\/2018\/07\/vertical107_falcade.jpg\" data-dt-img-description=\"\" data-large_image_width=\"2000\" data-large_image_height=\"1500\"><img loading=\"lazy\" decoding=\"async\" class=\"wp-image-52810 alignleft\" src=\"http:\/\/www.radiopiu.net\/wordpress\/wp-content\/uploads\/2018\/07\/vertical107_falcade-300x225.jpg\" alt=\"\" width=\"139\" height=\"104\" srcset=\"https:\/\/www.radiopiu.net\/wordpress\/wp-content\/uploads\/2018\/07\/vertical107_falcade-300x225.jpg 300w, https:\/\/www.radiopiu.net\/wordpress\/wp-content\/uploads\/2018\/07\/vertical107_falcade-768x576.jpg 768w, https:\/\/www.radiopiu.net\/wordpress\/wp-content\/uploads\/2018\/07\/vertical107_falcade-1024x768.jpg 1024w, https:\/\/www.radiopiu.net\/wordpress\/wp-content\/uploads\/2018\/07\/vertical107_falcade.jpg 2000w\" sizes=\"auto, (max-width: 139px) 100vw, 139px\" \/><\/a>FALCADE<\/strong> Mancano pochi giorni ad un altro partecipato evento estivo, Claudio Fontanive ne ha parlato con Carlo Zanon e Patrizio Deola<\/p>\n<audio class=\"wp-audio-shortcode\" id=\"audio-96352-6\" preload=\"none\" style=\"width: 100%;\" controls=\"controls\"><source type=\"audio\/mpeg\" src=\"http:\/\/www.radiopiu.net\/wordpress\/wp-content\/uploads\/2019\/08\/VERTICAL-107-1.mp3?_=6\" \/><a href=\"http:\/\/www.radiopiu.net\/wordpress\/wp-content\/uploads\/2019\/08\/VERTICAL-107-1.mp3\">http:\/\/www.radiopiu.net\/wordpress\/wp-content\/uploads\/2019\/08\/VERTICAL-107-1.mp3<\/a><\/audio>\n<p>&nbsp;<\/p>\n<p>&nbsp;<\/p>\n<p>&nbsp;<\/p>\n<p>&nbsp;<\/p>\n<h4><b><a class=\"dt-pswp-item\" href=\"http:\/\/www.radiopiu.net\/wordpress\/wp-content\/uploads\/2018\/09\/WhatsApp-Image-2018-09-20-at-16.04.06.jpeg\" data-dt-img-description=\"\" data-large_image_width=\"800\" data-large_image_height=\"100\"><img loading=\"lazy\" decoding=\"async\" class=\"alignnone wp-image-61378 size-full\" src=\"http:\/\/www.radiopiu.net\/wordpress\/wp-content\/uploads\/2018\/09\/WhatsApp-Image-2018-09-20-at-16.04.06.jpeg\" alt=\"\" width=\"800\" height=\"100\" srcset=\"https:\/\/www.radiopiu.net\/wordpress\/wp-content\/uploads\/2018\/09\/WhatsApp-Image-2018-09-20-at-16.04.06.jpeg 800w, https:\/\/www.radiopiu.net\/wordpress\/wp-content\/uploads\/2018\/09\/WhatsApp-Image-2018-09-20-at-16.04.06-300x38.jpeg 300w, https:\/\/www.radiopiu.net\/wordpress\/wp-content\/uploads\/2018\/09\/WhatsApp-Image-2018-09-20-at-16.04.06-768x96.jpeg 768w\" sizes=\"auto, (max-width: 800px) 100vw, 800px\" \/><\/a><\/b><\/h4>\n<p><center><b>Giovedi 22<\/b><\/center><b>Tempo atteso: <\/b>Molte nubi con brevi schiarite in un atmosfera piuttosto umida. La probabilit\u00e0 di fenomeni di instabilit\u00e0 sar\u00e0 minore rispetto a mercoled\u00ec, ma ancora presente. Clima diurno mite nei fondovalle, nonostante il deficit di sole.<br \/>\n<b>Precipitazioni: <\/b>Possibili rovesci sparsi e locali temporali (40\/50%), pi\u00f9 probabili al pomeriggio, ma non esclusi ne al mattino ne verso sera.<br \/>\n<b>Temperature: <\/b>Senza notevoli variazioni rispetto a mercoled\u00ec. Sono previste punte di 25\/26\u00b0C nelle conche prealpine e di 21\/23\u00b0C a 1000\/1200 m. Su Prealpi a 1500 m min 14\u00b0C max 16\u00b0C, a 2000 m min 11\u00b0C max 13\u00b0C. Su Dolomiti a 2000 m min 11\u00b0C max 14\u00b0C, a 3000 m min 4\u00b0C max 6\u00b0C.<br \/>\n<b>Venti: <\/b>Nelle valli deboli\/moderati di direzione variabile; in quota deboli\/moderati da Sud-Ovest al mattino e deboli da Sud-Est al pomeriggio\/sera, a 5-10 km\/h a 2000 m, a 5-15 km\/h a 3000 m.<\/p>\n<hr \/>\n<p><center><b>Venerdi 23<\/b><\/center><b>Tempo atteso: <\/b>Ancora una giornata nel complesso piuttosto nuvolosa, con schiarite un po&#8217; pi\u00f9 ampie al mattino e cumuli tra le ore centrali e il pomeriggio, che potranno provocare ancora qualche fenomeno di instabilit\u00e0. Clima sempre piuttosto mite nonostante il ridotto soleggiamento.<br \/>\n<b>Precipitazioni: <\/b>Al mattino possibili isolati rovesci (20\/30%); al pomeriggio e in serata possibili rovesci sparsi e qualche temporale (50\/60%).<br \/>\n<b>Temperature: <\/b>Senza notevoli variazioni. Su Prealpi a 1500 m min 14\u00b0C max 16\u00b0C, a 2000 m min 11\u00b0C max 13\u00b0C. Su Dolomiti a 2000 m min 11\u00b0C max 13\u00b0C, a 3000 m min 4\u00b0C max 6\u00b0C.<br \/>\n<b>Venti: <\/b>Nelle valli deboli\/moderati di direzione variabile; in quota perlopi\u00f9 deboli meridionali, a 5-10 km\/h a 2000 m, a 5-20 km\/h a 3000 m.<\/p>\n<hr \/>\n<p><center><b>Sabato 24<\/b><\/center>Tempo solo parzialmente soleggiato, anche se le schiarite saranno pi\u00f9 ampie dei giorni precedenti; il rischio di locali rovesci o temporali, sebbene ancora presente nelle ore centrali e pomeridiane, sar\u00e0 minore dei giorni precedenti. Clima piuttosto mite, anche caldo nei fondovalle, con temperature massime in lieve aumento. Venti deboli sud-orientali in quota, brezze nelle valli.<\/p>\n<hr \/>\n<p><center><b>Domenica 25<\/b><\/center>Tempo perlopi\u00f9 soleggiato e caldo, con ampie schiarite mattutine e aumento della copertura nuvolosa per cumuli a modesto o moderato sviluppo nelle ore centrali e pomeridiane, con rischio contenuto di qualche isolato fenomeno di instabilit\u00e0. Venti deboli. Previsore: G.M.<\/p>\n<p>&nbsp;<\/p>\n","protected":false},"excerpt":{"rendered":"<p>203 AGORDINA INTERRUZIONI ALLA VIABILITA&#8217; OLTRE LA MUDA IN COMUNE DI SEDICO Oggi dalle 8.15 alle 12 e dalle 13.00 alle 17\u00a0 possibili\u00a0 interruzioni in entrambi i sensi di marcia per un massimo di 15 minuti per ispezione\u00a0 versanti dove di recente si \u00e8 staccato un masso che ha centrato un&#8217;auto. &nbsp; Gestione Servizi Pubblici&hellip;<\/p>\n","protected":false},"author":1,"featured_media":96375,"comment_status":"closed","ping_status":"closed","sticky":false,"template":"","format":"standard","meta":{"_monsterinsights_skip_tracking":false,"_monsterinsights_sitenote_active":false,"_monsterinsights_sitenote_note":"","_monsterinsights_sitenote_category":0,"footnotes":""},"categories":[86],"tags":[],"class_list":["post-96352","post","type-post","status-publish","format-standard","has-post-thumbnail","hentry","category-gr","category-86","description-off"],"img_url":"https:\/\/www.radiopiu.net\/wordpress\/wp-content\/uploads\/2019\/08\/S-TOMASO.jpg","_links":{"self":[{"href":"https:\/\/www.radiopiu.net\/wordpress\/wp-json\/wp\/v2\/posts\/96352","targetHints":{"allow":["GET"]}}],"collection":[{"href":"https:\/\/www.radiopiu.net\/wordpress\/wp-json\/wp\/v2\/posts"}],"about":[{"href":"https:\/\/www.radiopiu.net\/wordpress\/wp-json\/wp\/v2\/types\/post"}],"author":[{"embeddable":true,"href":"https:\/\/www.radiopiu.net\/wordpress\/wp-json\/wp\/v2\/users\/1"}],"replies":[{"embeddable":true,"href":"https:\/\/www.radiopiu.net\/wordpress\/wp-json\/wp\/v2\/comments?post=96352"}],"version-history":[{"count":0,"href":"https:\/\/www.radiopiu.net\/wordpress\/wp-json\/wp\/v2\/posts\/96352\/revisions"}],"wp:featuredmedia":[{"embeddable":true,"href":"https:\/\/www.radiopiu.net\/wordpress\/wp-json\/wp\/v2\/media\/96375"}],"wp:attachment":[{"href":"https:\/\/www.radiopiu.net\/wordpress\/wp-json\/wp\/v2\/media?parent=96352"}],"wp:term":[{"taxonomy":"category","embeddable":true,"href":"https:\/\/www.radiopiu.net\/wordpress\/wp-json\/wp\/v2\/categories?post=96352"},{"taxonomy":"post_tag","embeddable":true,"href":"https:\/\/www.radiopiu.net\/wordpress\/wp-json\/wp\/v2\/tags?post=96352"}],"curies":[{"name":"wp","href":"https:\/\/api.w.org\/{rel}","templated":true}]}}