{"id":96378,"date":"2019-08-21T23:58:57","date_gmt":"2019-08-21T21:58:57","guid":{"rendered":"http:\/\/www.radiopiu.net\/wordpress\/?p=96378"},"modified":"2019-08-21T17:47:31","modified_gmt":"2019-08-21T15:47:31","slug":"ufficializzato-il-campionato-di-terza-categoria-e-i-gironi-della-coppa-dolomiti","status":"publish","type":"post","link":"https:\/\/www.radiopiu.net\/wordpress\/ufficializzato-il-campionato-di-terza-categoria-e-i-gironi-della-coppa-dolomiti\/","title":{"rendered":"UFFICIALIZZATO IL CAMPIONATO DI TERZA CATEGORIA E I GIRONI DELLA COPPA DOLOMITI"},"content":{"rendered":"<p>Notizia &#8220;fresca&#8221;&#8230; l&#8217;ufficializzazione da parte della FIGC di Belluno del Campionato di Terza Categoria e della Coppa Dolomiti. Agordina che sar\u00e0 presente in entrambe le competizioni. I calendari non sono ancora stati distribuiti e bisogner\u00e0 aspettare fino al 26 agosto per avere un quadro completo delle gare in programma per la stagione 2019\/2020.<a class=\"dt-pswp-item\" href=\"http:\/\/www.radiopiu.net\/wordpress\/wp-content\/uploads\/2019\/08\/COPPA-DOLOMITI.jpeg\" data-dt-img-description=\"\" data-large_image_width=\"351\" data-large_image_height=\"230\"><img loading=\"lazy\" decoding=\"async\" class=\"size-medium wp-image-96379 alignright\" src=\"http:\/\/www.radiopiu.net\/wordpress\/wp-content\/uploads\/2019\/08\/COPPA-DOLOMITI-300x197.jpeg\" alt=\"\" width=\"300\" height=\"197\" srcset=\"https:\/\/www.radiopiu.net\/wordpress\/wp-content\/uploads\/2019\/08\/COPPA-DOLOMITI-300x197.jpeg 300w, https:\/\/www.radiopiu.net\/wordpress\/wp-content\/uploads\/2019\/08\/COPPA-DOLOMITI.jpeg 351w\" sizes=\"auto, (max-width: 300px) 100vw, 300px\" \/><\/a><\/p>\n<p>Intanto l&#8217;Agordina di Marco Lorenzi si prepara per il primo appuntamento, la Coppa Dolomiti. Il torneo inizier\u00e0 domenica 1 settembre e la squadra di Agordo \u00e8 finita nel girone C con Sois e Lentiai. Girone all&#8217;italiana per questa competizione dove passer\u00e0 il turno la prima di ogni girone.<\/p>\n<p><a class=\"dt-pswp-item\" href=\"http:\/\/www.radiopiu.net\/wordpress\/wp-content\/uploads\/2019\/08\/GIRONE-TERZA.jpeg\" data-dt-img-description=\"\" data-large_image_width=\"330\" data-large_image_height=\"286\"><img loading=\"lazy\" decoding=\"async\" class=\"size-medium wp-image-96380 alignleft\" src=\"http:\/\/www.radiopiu.net\/wordpress\/wp-content\/uploads\/2019\/08\/GIRONE-TERZA-300x260.jpeg\" alt=\"\" width=\"300\" height=\"260\" srcset=\"https:\/\/www.radiopiu.net\/wordpress\/wp-content\/uploads\/2019\/08\/GIRONE-TERZA-300x260.jpeg 300w, https:\/\/www.radiopiu.net\/wordpress\/wp-content\/uploads\/2019\/08\/GIRONE-TERZA.jpeg 330w\" sizes=\"auto, (max-width: 300px) 100vw, 300px\" \/><\/a>Per il campionato di Terza Categoria bisogner\u00e0 aspettare fino al 15 settembre, quando le 14 formazioni iscritte inizieranno la stagione con la prima giornata. 13 le partite di andata e di ritorno con la prima fase che dovrebbe terminare con la seconda domenica di dicembre e ritorno che dovrebbe iniziare a marzo per terminare a fine maggio, pi\u00f9 eventuali playoff. Ancora nulla di ufficiale ma la stagione dell&#8217;Agordina Calcio dovrebbe essere questa.<\/p>\n","protected":false},"excerpt":{"rendered":"<p>Notizia &#8220;fresca&#8221;&#8230; l&#8217;ufficializzazione da parte della FIGC di Belluno del Campionato di Terza Categoria e della Coppa Dolomiti. Agordina che sar\u00e0 presente in entrambe le competizioni. I calendari non sono ancora stati distribuiti e bisogner\u00e0 aspettare fino al 26 agosto per avere un quadro completo delle gare in programma per la stagione 2019\/2020. Intanto l&#8217;Agordina&hellip;<\/p>\n","protected":false},"author":4,"featured_media":91405,"comment_status":"closed","ping_status":"closed","sticky":false,"template":"","format":"standard","meta":{"_monsterinsights_skip_tracking":false,"_monsterinsights_sitenote_active":false,"_monsterinsights_sitenote_note":"","_monsterinsights_sitenote_category":0,"footnotes":""},"categories":[51,49,72],"tags":[],"class_list":["post-96378","post","type-post","status-publish","format-standard","has-post-thumbnail","hentry","category-evidenza-top","category-news-18","category-sport","category-51","category-49","category-72","description-off"],"img_url":"https:\/\/www.radiopiu.net\/wordpress\/wp-content\/uploads\/2019\/07\/pallone-calcio-2019.jpg","_links":{"self":[{"href":"https:\/\/www.radiopiu.net\/wordpress\/wp-json\/wp\/v2\/posts\/96378","targetHints":{"allow":["GET"]}}],"collection":[{"href":"https:\/\/www.radiopiu.net\/wordpress\/wp-json\/wp\/v2\/posts"}],"about":[{"href":"https:\/\/www.radiopiu.net\/wordpress\/wp-json\/wp\/v2\/types\/post"}],"author":[{"embeddable":true,"href":"https:\/\/www.radiopiu.net\/wordpress\/wp-json\/wp\/v2\/users\/4"}],"replies":[{"embeddable":true,"href":"https:\/\/www.radiopiu.net\/wordpress\/wp-json\/wp\/v2\/comments?post=96378"}],"version-history":[{"count":0,"href":"https:\/\/www.radiopiu.net\/wordpress\/wp-json\/wp\/v2\/posts\/96378\/revisions"}],"wp:featuredmedia":[{"embeddable":true,"href":"https:\/\/www.radiopiu.net\/wordpress\/wp-json\/wp\/v2\/media\/91405"}],"wp:attachment":[{"href":"https:\/\/www.radiopiu.net\/wordpress\/wp-json\/wp\/v2\/media?parent=96378"}],"wp:term":[{"taxonomy":"category","embeddable":true,"href":"https:\/\/www.radiopiu.net\/wordpress\/wp-json\/wp\/v2\/categories?post=96378"},{"taxonomy":"post_tag","embeddable":true,"href":"https:\/\/www.radiopiu.net\/wordpress\/wp-json\/wp\/v2\/tags?post=96378"}],"curies":[{"name":"wp","href":"https:\/\/api.w.org\/{rel}","templated":true}]}}