{"id":96448,"date":"2019-08-23T14:27:55","date_gmt":"2019-08-23T12:27:55","guid":{"rendered":"http:\/\/www.radiopiu.net\/wordpress\/?p=96448"},"modified":"2019-08-23T14:40:21","modified_gmt":"2019-08-23T12:40:21","slug":"parcheggi-a-caviola-sempre-pieni-durante-le-vacanze","status":"publish","type":"post","link":"https:\/\/www.radiopiu.net\/wordpress\/parcheggi-a-caviola-sempre-pieni-durante-le-vacanze\/","title":{"rendered":"PARCHEGGI A CAVIOLA SEMPRE PIENI DURANTE LE VACANZE"},"content":{"rendered":"<p><a class=\"dt-pswp-item\" href=\"http:\/\/www.radiopiu.net\/wordpress\/wp-content\/uploads\/2019\/08\/PARCHEGGIO-JUNIOR-W-CAVIOLA.jpeg\" data-dt-img-description=\"\" data-large_image_width=\"756\" data-large_image_height=\"497\"><img loading=\"lazy\" decoding=\"async\" class=\"size-medium wp-image-96449 alignleft\" src=\"http:\/\/www.radiopiu.net\/wordpress\/wp-content\/uploads\/2019\/08\/PARCHEGGIO-JUNIOR-W-CAVIOLA-300x197.jpeg\" alt=\"\" width=\"300\" height=\"197\" srcset=\"https:\/\/www.radiopiu.net\/wordpress\/wp-content\/uploads\/2019\/08\/PARCHEGGIO-JUNIOR-W-CAVIOLA-300x197.jpeg 300w, https:\/\/www.radiopiu.net\/wordpress\/wp-content\/uploads\/2019\/08\/PARCHEGGIO-JUNIOR-W-CAVIOLA.jpeg 756w\" sizes=\"auto, (max-width: 300px) 100vw, 300px\" \/><\/a>Siamo quasi ormai alla fine della stagione estiva e tutti gli interessati si preparano a stilare i bilanci siano essi positivi che negativi. In questo contesto credo siano utili e costruttive anche le critiche su dei disservizi riscontrati.<br \/>\nCome cittadino mi permetto di segnalare quanto constatato personalmente al supermercato \u201c Junior W\u201d di Caviola \u2013 via Pietro Nenni n. 5.<br \/>\nUna anomalia non di poco conto in quanto i parcheggi comunali situati proprio di fronte all\u2019esercizio sono costantemente occupati da autovetture di turisti che occupano i condomini o le case private vicine. Personalmente pi\u00f9 volte ho trovato difficolt\u00e0 nel parcheggiare pur non essendoci clienti nel supermercato.<br \/>\nCome detto il parcheggio in questione \u00e8 comunale.<br \/>\nMi chiedo e chiedo a chi di competenza perch\u00e9, come in altre situazioni similari, l\u2019amministrazione comunale non provvede a regolamentare detto parcheggio con il disco orario di un\u2019ora?<br \/>\nNe trarrebbero vantaggio sia i clienti che l\u2019attivit\u00e0 commerciale.<br \/>\nTra l\u2019altro coloro che abitano i condomini e gli appartamenti privati credo abbiano tutti i relativi posti macchina.<br \/>\nAuspico che le Autorit\u00e0 comunali mettano rimedio a questa che \u00e9 una vera anomalia anche perch\u00e9 l\u2019attivit\u00e0 commerciale \u00e9 un servizio non indifferente per cittadini e turisti che, tra l\u2019altro, esercita anche una azione di calmiere dei prezzi praticati sul territorio.<\/p>\n<p>Rodolfo Pellegrinon &#8211; FALCADE<\/p>\n","protected":false},"excerpt":{"rendered":"<p>Siamo quasi ormai alla fine della stagione estiva e tutti gli interessati si preparano a stilare i bilanci siano essi positivi che negativi. In questo contesto credo siano utili e costruttive anche le critiche su dei disservizi riscontrati. Come cittadino mi permetto di segnalare quanto constatato personalmente al supermercato \u201c Junior W\u201d di Caviola \u2013&hellip;<\/p>\n","protected":false},"author":4,"featured_media":96449,"comment_status":"closed","ping_status":"closed","sticky":false,"template":"","format":"standard","meta":{"_monsterinsights_skip_tracking":false,"_monsterinsights_sitenote_active":false,"_monsterinsights_sitenote_note":"","_monsterinsights_sitenote_category":0,"footnotes":""},"categories":[51,49],"tags":[],"class_list":["post-96448","post","type-post","status-publish","format-standard","has-post-thumbnail","hentry","category-evidenza-top","category-news-18","category-51","category-49","description-off"],"img_url":"https:\/\/www.radiopiu.net\/wordpress\/wp-content\/uploads\/2019\/08\/PARCHEGGIO-JUNIOR-W-CAVIOLA.jpeg","_links":{"self":[{"href":"https:\/\/www.radiopiu.net\/wordpress\/wp-json\/wp\/v2\/posts\/96448","targetHints":{"allow":["GET"]}}],"collection":[{"href":"https:\/\/www.radiopiu.net\/wordpress\/wp-json\/wp\/v2\/posts"}],"about":[{"href":"https:\/\/www.radiopiu.net\/wordpress\/wp-json\/wp\/v2\/types\/post"}],"author":[{"embeddable":true,"href":"https:\/\/www.radiopiu.net\/wordpress\/wp-json\/wp\/v2\/users\/4"}],"replies":[{"embeddable":true,"href":"https:\/\/www.radiopiu.net\/wordpress\/wp-json\/wp\/v2\/comments?post=96448"}],"version-history":[{"count":0,"href":"https:\/\/www.radiopiu.net\/wordpress\/wp-json\/wp\/v2\/posts\/96448\/revisions"}],"wp:featuredmedia":[{"embeddable":true,"href":"https:\/\/www.radiopiu.net\/wordpress\/wp-json\/wp\/v2\/media\/96449"}],"wp:attachment":[{"href":"https:\/\/www.radiopiu.net\/wordpress\/wp-json\/wp\/v2\/media?parent=96448"}],"wp:term":[{"taxonomy":"category","embeddable":true,"href":"https:\/\/www.radiopiu.net\/wordpress\/wp-json\/wp\/v2\/categories?post=96448"},{"taxonomy":"post_tag","embeddable":true,"href":"https:\/\/www.radiopiu.net\/wordpress\/wp-json\/wp\/v2\/tags?post=96448"}],"curies":[{"name":"wp","href":"https:\/\/api.w.org\/{rel}","templated":true}]}}