{"id":96495,"date":"2019-08-25T23:59:03","date_gmt":"2019-08-25T21:59:03","guid":{"rendered":"http:\/\/www.radiopiu.net\/wordpress\/?p=96495"},"modified":"2019-08-25T17:52:40","modified_gmt":"2019-08-25T15:52:40","slug":"michele-zasso-e-astrid-miola-sono-il-re-e-la-regina-della-ciclinvalle-2019","status":"publish","type":"post","link":"https:\/\/www.radiopiu.net\/wordpress\/michele-zasso-e-astrid-miola-sono-il-re-e-la-regina-della-ciclinvalle-2019\/","title":{"rendered":"MICHELE ZASSO E ASTRID MIOLA SONO IL RE E LA REGINA DELLA CICLINVALLE 2019"},"content":{"rendered":"<p><a class=\"dt-pswp-item\" href=\"http:\/\/www.radiopiu.net\/wordpress\/wp-content\/uploads\/2019\/08\/CICLINVALLE-2019-PARTENZA-2.jpeg\" data-dt-img-description=\"\" data-large_image_width=\"1600\" data-large_image_height=\"1200\"><img loading=\"lazy\" decoding=\"async\" class=\"size-medium wp-image-96498 alignleft\" src=\"http:\/\/www.radiopiu.net\/wordpress\/wp-content\/uploads\/2019\/08\/CICLINVALLE-2019-PARTENZA-2-300x225.jpeg\" alt=\"\" width=\"300\" height=\"225\" srcset=\"https:\/\/www.radiopiu.net\/wordpress\/wp-content\/uploads\/2019\/08\/CICLINVALLE-2019-PARTENZA-2-300x225.jpeg 300w, https:\/\/www.radiopiu.net\/wordpress\/wp-content\/uploads\/2019\/08\/CICLINVALLE-2019-PARTENZA-2-768x576.jpeg 768w, https:\/\/www.radiopiu.net\/wordpress\/wp-content\/uploads\/2019\/08\/CICLINVALLE-2019-PARTENZA-2-1024x768.jpeg 1024w, https:\/\/www.radiopiu.net\/wordpress\/wp-content\/uploads\/2019\/08\/CICLINVALLE-2019-PARTENZA-2.jpeg 1600w\" sizes=\"auto, (max-width: 300px) 100vw, 300px\" \/><\/a>La Ciclinvalle \u00e8 sempre un successo. 400 gli iscritti alla gara ciclistica pro Unicef non competitiva che, dalla frazione di Valcozzena ad Agordo, arriva a Col di Pr\u00e0 a Taibon Agordino. Un bel mix di giovani e meno giovani che si sono alternati lungo i 10 km di percorso lungo una Valle di San Lucano ancora segnata dal passaggio di Vaia. 26\u00b0 edizione caratterizzata anche da un passaggio di testimone. Infatti la competizione, per la prima volta, \u00e8 stata organizzata da Attivamente Agordino che, con l&#8217;aiuto di Promosport Agordino (ex organizzatori), ha saputo prendere in mano nel migliore dei modi l&#8217;evento.<\/p>\n<p><a class=\"dt-pswp-item\" href=\"http:\/\/www.radiopiu.net\/wordpress\/wp-content\/uploads\/2019\/08\/CICLINVALLE-2019-ARRIVO-2.jpeg\" data-dt-img-description=\"\" data-large_image_width=\"1600\" data-large_image_height=\"1200\"><img loading=\"lazy\" decoding=\"async\" class=\"size-medium wp-image-96497 alignright\" src=\"http:\/\/www.radiopiu.net\/wordpress\/wp-content\/uploads\/2019\/08\/CICLINVALLE-2019-ARRIVO-2-300x225.jpeg\" alt=\"\" width=\"300\" height=\"225\" srcset=\"https:\/\/www.radiopiu.net\/wordpress\/wp-content\/uploads\/2019\/08\/CICLINVALLE-2019-ARRIVO-2-300x225.jpeg 300w, https:\/\/www.radiopiu.net\/wordpress\/wp-content\/uploads\/2019\/08\/CICLINVALLE-2019-ARRIVO-2-768x576.jpeg 768w, https:\/\/www.radiopiu.net\/wordpress\/wp-content\/uploads\/2019\/08\/CICLINVALLE-2019-ARRIVO-2-1024x768.jpeg 1024w, https:\/\/www.radiopiu.net\/wordpress\/wp-content\/uploads\/2019\/08\/CICLINVALLE-2019-ARRIVO-2.jpeg 1600w\" sizes=\"auto, (max-width: 300px) 100vw, 300px\" \/><\/a>Per quanto riguarda la gara, Michele Zasso ha tagliato il traguardo per primo con il tempo di 17&#8217;36\u201d, vincitore per la nona volta in carriera della Ciclinvalle, sfiorando il record per soli 20\u201d. Categoria femminile che ha visto la vittoria di Astrid Miola, terza consecutiva e quinta in totale per l&#8217;atleta di Agordo.<\/p>\n<p>Per quanto riguarda la combinata Corrinvalle\/Ciclinvalle, tra i maschi la vittoria \u00e8 andata a Marco Case mentre per la femminile a vincere \u00e8 stata Emanuela Zaetta<\/p>\n<p>Tra i premi speciali un ringraziamento particolare \u00e8 andato a Giancarlo Deola, direttore dei supermercati Super W, che in questi anni ha saputo aiutare da dietro le quinte sia la Ciclinvalle che l&#8217;Unicef. Un premio \u00e8 andato anche al ciclista pi\u00f9 anziano che \u00e8 stato Agostino Ciprian, classe 1938. Il pi\u00f9 giovane in gara Carlo Stieven, nato nel 2013.<\/p>\n<p><strong>L&#8217;INTERVISTA A FIORENDO DALLA CA&#8217;, IDEATORE DELLA CICLINVALLE<\/strong><\/p>\n<audio class=\"wp-audio-shortcode\" id=\"audio-96495-1\" preload=\"none\" style=\"width: 100%;\" controls=\"controls\"><source type=\"audio\/mpeg\" src=\"http:\/\/www.radiopiu.net\/wordpress\/wp-content\/uploads\/2019\/08\/FIORENDO-DALLA-CA.mp3?_=1\" \/><a href=\"http:\/\/www.radiopiu.net\/wordpress\/wp-content\/uploads\/2019\/08\/FIORENDO-DALLA-CA.mp3\">http:\/\/www.radiopiu.net\/wordpress\/wp-content\/uploads\/2019\/08\/FIORENDO-DALLA-CA.mp3<\/a><\/audio>\n<p>&nbsp;<\/p>\n<p><strong>L&#8217;INTERVISTA A SARA BRESSAN, PRESIDENTE DI ATTIVAMENTE AGORDINO<\/strong><\/p>\n<audio class=\"wp-audio-shortcode\" id=\"audio-96495-2\" preload=\"none\" style=\"width: 100%;\" controls=\"controls\"><source type=\"audio\/mpeg\" src=\"http:\/\/www.radiopiu.net\/wordpress\/wp-content\/uploads\/2019\/08\/SARA-BRESSAN.mp3?_=2\" \/><a href=\"http:\/\/www.radiopiu.net\/wordpress\/wp-content\/uploads\/2019\/08\/SARA-BRESSAN.mp3\">http:\/\/www.radiopiu.net\/wordpress\/wp-content\/uploads\/2019\/08\/SARA-BRESSAN.mp3<\/a><\/audio>\n<p>&nbsp;<\/p>\n<p><strong>LE FOTO DELLA PARTENZA E DELL&#8217;ARRIVO<\/strong><\/p>\n\n\t\t\t<style type='text\/css'>\n\t\t\t\t#gallery-1 {\n\t\t\t\t\tmargin: auto;\n\t\t\t\t}\n\t\t\t\t#gallery-1 .gallery-item {\n\t\t\t\t\tfloat: left;\n\t\t\t\t\tmargin-top: 10px;\n\t\t\t\t\ttext-align: center;\n\t\t\t\t\twidth: 33%;\n\t\t\t\t}\n\t\t\t\t#gallery-1 img {\n\t\t\t\t\tborder: 2px solid #cfcfcf;\n\t\t\t\t}\n\t\t\t\t#gallery-1 .gallery-caption {\n\t\t\t\t\tmargin-left: 0;\n\t\t\t\t}\n\t\t\t\t\/* see gallery_shortcode() in wp-includes\/media.php *\/\n\t\t\t<\/style>\n\t\t<div id='gallery-1' class='dt-gallery-container gallery galleryid-96495 gallery-columns-3 gallery-size-medium'><dl class='gallery-item'>\n\t\t\t\t<dt class='gallery-icon landscape'>\n\t\t\t\t\t<a class=\"rollover\" href='https:\/\/www.radiopiu.net\/wordpress\/michele-zasso-e-astrid-miola-sono-il-re-e-la-regina-della-ciclinvalle-2019\/ciclinvalle-2019-partenza-1\/'><img loading=\"lazy\" decoding=\"async\" width=\"300\" height=\"225\" src=\"https:\/\/www.radiopiu.net\/wordpress\/wp-content\/uploads\/2019\/08\/CICLINVALLE-2019-PARTENZA-1-300x225.jpeg\" class=\"attachment-medium size-medium\" alt=\"\" srcset=\"https:\/\/www.radiopiu.net\/wordpress\/wp-content\/uploads\/2019\/08\/CICLINVALLE-2019-PARTENZA-1-300x225.jpeg 300w, https:\/\/www.radiopiu.net\/wordpress\/wp-content\/uploads\/2019\/08\/CICLINVALLE-2019-PARTENZA-1-768x576.jpeg 768w, https:\/\/www.radiopiu.net\/wordpress\/wp-content\/uploads\/2019\/08\/CICLINVALLE-2019-PARTENZA-1-1024x768.jpeg 1024w, https:\/\/www.radiopiu.net\/wordpress\/wp-content\/uploads\/2019\/08\/CICLINVALLE-2019-PARTENZA-1.jpeg 1600w\" sizes=\"auto, (max-width: 300px) 100vw, 300px\" \/><\/a>\n\t\t\t\t<\/dt><\/dl><dl class='gallery-item'>\n\t\t\t\t<dt class='gallery-icon landscape'>\n\t\t\t\t\t<a class=\"rollover\" href='https:\/\/www.radiopiu.net\/wordpress\/michele-zasso-e-astrid-miola-sono-il-re-e-la-regina-della-ciclinvalle-2019\/ciclinvalle-2019-partenza-2\/'><img loading=\"lazy\" decoding=\"async\" width=\"300\" height=\"225\" src=\"https:\/\/www.radiopiu.net\/wordpress\/wp-content\/uploads\/2019\/08\/CICLINVALLE-2019-PARTENZA-2-300x225.jpeg\" class=\"attachment-medium size-medium\" alt=\"\" srcset=\"https:\/\/www.radiopiu.net\/wordpress\/wp-content\/uploads\/2019\/08\/CICLINVALLE-2019-PARTENZA-2-300x225.jpeg 300w, https:\/\/www.radiopiu.net\/wordpress\/wp-content\/uploads\/2019\/08\/CICLINVALLE-2019-PARTENZA-2-768x576.jpeg 768w, https:\/\/www.radiopiu.net\/wordpress\/wp-content\/uploads\/2019\/08\/CICLINVALLE-2019-PARTENZA-2-1024x768.jpeg 1024w, https:\/\/www.radiopiu.net\/wordpress\/wp-content\/uploads\/2019\/08\/CICLINVALLE-2019-PARTENZA-2.jpeg 1600w\" sizes=\"auto, (max-width: 300px) 100vw, 300px\" \/><\/a>\n\t\t\t\t<\/dt><\/dl><dl class='gallery-item'>\n\t\t\t\t<dt class='gallery-icon landscape'>\n\t\t\t\t\t<a class=\"rollover\" href='https:\/\/www.radiopiu.net\/wordpress\/michele-zasso-e-astrid-miola-sono-il-re-e-la-regina-della-ciclinvalle-2019\/ciclinvalle-2019-arrivo-2\/'><img loading=\"lazy\" decoding=\"async\" width=\"300\" height=\"225\" src=\"https:\/\/www.radiopiu.net\/wordpress\/wp-content\/uploads\/2019\/08\/CICLINVALLE-2019-ARRIVO-2-300x225.jpeg\" class=\"attachment-medium size-medium\" alt=\"\" srcset=\"https:\/\/www.radiopiu.net\/wordpress\/wp-content\/uploads\/2019\/08\/CICLINVALLE-2019-ARRIVO-2-300x225.jpeg 300w, https:\/\/www.radiopiu.net\/wordpress\/wp-content\/uploads\/2019\/08\/CICLINVALLE-2019-ARRIVO-2-768x576.jpeg 768w, https:\/\/www.radiopiu.net\/wordpress\/wp-content\/uploads\/2019\/08\/CICLINVALLE-2019-ARRIVO-2-1024x768.jpeg 1024w, https:\/\/www.radiopiu.net\/wordpress\/wp-content\/uploads\/2019\/08\/CICLINVALLE-2019-ARRIVO-2.jpeg 1600w\" sizes=\"auto, (max-width: 300px) 100vw, 300px\" \/><\/a>\n\t\t\t\t<\/dt><\/dl><br style=\"clear: both\" \/><dl class='gallery-item'>\n\t\t\t\t<dt class='gallery-icon landscape'>\n\t\t\t\t\t<a class=\"rollover\" href='https:\/\/www.radiopiu.net\/wordpress\/michele-zasso-e-astrid-miola-sono-il-re-e-la-regina-della-ciclinvalle-2019\/ciclinvalle-2019-arrivo-1\/'><img loading=\"lazy\" decoding=\"async\" width=\"300\" height=\"170\" src=\"https:\/\/www.radiopiu.net\/wordpress\/wp-content\/uploads\/2019\/08\/CICLINVALLE-2019-ARRIVO-1-300x170.jpeg\" class=\"attachment-medium size-medium\" alt=\"\" srcset=\"https:\/\/www.radiopiu.net\/wordpress\/wp-content\/uploads\/2019\/08\/CICLINVALLE-2019-ARRIVO-1-300x170.jpeg 300w, https:\/\/www.radiopiu.net\/wordpress\/wp-content\/uploads\/2019\/08\/CICLINVALLE-2019-ARRIVO-1.jpeg 514w\" sizes=\"auto, (max-width: 300px) 100vw, 300px\" \/><\/a>\n\t\t\t\t<\/dt><\/dl><dl class='gallery-item'>\n\t\t\t\t<dt class='gallery-icon landscape'>\n\t\t\t\t\t<a class=\"rollover\" href='https:\/\/www.radiopiu.net\/wordpress\/michele-zasso-e-astrid-miola-sono-il-re-e-la-regina-della-ciclinvalle-2019\/ciclinvalle-2019-arrivo-3\/'><img loading=\"lazy\" decoding=\"async\" width=\"300\" height=\"225\" src=\"https:\/\/www.radiopiu.net\/wordpress\/wp-content\/uploads\/2019\/08\/CICLINVALLE-2019-ARRIVO-3-300x225.jpeg\" class=\"attachment-medium size-medium\" alt=\"\" srcset=\"https:\/\/www.radiopiu.net\/wordpress\/wp-content\/uploads\/2019\/08\/CICLINVALLE-2019-ARRIVO-3-300x225.jpeg 300w, https:\/\/www.radiopiu.net\/wordpress\/wp-content\/uploads\/2019\/08\/CICLINVALLE-2019-ARRIVO-3-768x576.jpeg 768w, https:\/\/www.radiopiu.net\/wordpress\/wp-content\/uploads\/2019\/08\/CICLINVALLE-2019-ARRIVO-3-1024x768.jpeg 1024w, https:\/\/www.radiopiu.net\/wordpress\/wp-content\/uploads\/2019\/08\/CICLINVALLE-2019-ARRIVO-3.jpeg 1600w\" sizes=\"auto, (max-width: 300px) 100vw, 300px\" \/><\/a>\n\t\t\t\t<\/dt><\/dl>\n\t\t\t\t<br style='clear: both' \/>\n\t\t\t<\/div>\n\n<p>&nbsp;<\/p>\n<p><strong>DI SEGUITO LE CLASSIFICHE DI CICLINVALLE E COMBINATA CORRINVALLE\/CICLINVALLE<\/strong><\/p>\n<p><a href=\"http:\/\/www.radiopiu.net\/wordpress\/wp-content\/uploads\/2019\/08\/Classifiche-Ciclinvalle-2019.pdf\">Classifiche Ciclinvalle 2019<\/a><\/p>\n<p><a href=\"http:\/\/www.radiopiu.net\/wordpress\/wp-content\/uploads\/2019\/08\/Classifiche-Combinata-2019.pdf\">Classifiche Combinata 2019<\/a><\/p>\n<p><a href=\"http:\/\/www.radiopiu.net\/wordpress\/wp-content\/uploads\/2019\/08\/Classifiche-Combinata-U-14-2019.pdf\">Classifiche Combinata U 14 2019<\/a><\/p>\n","protected":false},"excerpt":{"rendered":"<p>La Ciclinvalle \u00e8 sempre un successo. 400 gli iscritti alla gara ciclistica pro Unicef non competitiva che, dalla frazione di Valcozzena ad Agordo, arriva a Col di Pr\u00e0 a Taibon Agordino. Un bel mix di giovani e meno giovani che si sono alternati lungo i 10 km di percorso lungo una Valle di San Lucano&hellip;<\/p>\n","protected":false},"author":4,"featured_media":96496,"comment_status":"closed","ping_status":"closed","sticky":false,"template":"","format":"standard","meta":{"_monsterinsights_skip_tracking":false,"_monsterinsights_sitenote_active":false,"_monsterinsights_sitenote_note":"","_monsterinsights_sitenote_category":0,"footnotes":""},"categories":[51,49,72],"tags":[],"class_list":["post-96495","post","type-post","status-publish","format-standard","has-post-thumbnail","hentry","category-evidenza-top","category-news-18","category-sport","category-51","category-49","category-72","description-off"],"img_url":"https:\/\/www.radiopiu.net\/wordpress\/wp-content\/uploads\/2019\/08\/CICLINVALLE-2019-ARRIVO-1.jpeg","_links":{"self":[{"href":"https:\/\/www.radiopiu.net\/wordpress\/wp-json\/wp\/v2\/posts\/96495","targetHints":{"allow":["GET"]}}],"collection":[{"href":"https:\/\/www.radiopiu.net\/wordpress\/wp-json\/wp\/v2\/posts"}],"about":[{"href":"https:\/\/www.radiopiu.net\/wordpress\/wp-json\/wp\/v2\/types\/post"}],"author":[{"embeddable":true,"href":"https:\/\/www.radiopiu.net\/wordpress\/wp-json\/wp\/v2\/users\/4"}],"replies":[{"embeddable":true,"href":"https:\/\/www.radiopiu.net\/wordpress\/wp-json\/wp\/v2\/comments?post=96495"}],"version-history":[{"count":0,"href":"https:\/\/www.radiopiu.net\/wordpress\/wp-json\/wp\/v2\/posts\/96495\/revisions"}],"wp:featuredmedia":[{"embeddable":true,"href":"https:\/\/www.radiopiu.net\/wordpress\/wp-json\/wp\/v2\/media\/96496"}],"wp:attachment":[{"href":"https:\/\/www.radiopiu.net\/wordpress\/wp-json\/wp\/v2\/media?parent=96495"}],"wp:term":[{"taxonomy":"category","embeddable":true,"href":"https:\/\/www.radiopiu.net\/wordpress\/wp-json\/wp\/v2\/categories?post=96495"},{"taxonomy":"post_tag","embeddable":true,"href":"https:\/\/www.radiopiu.net\/wordpress\/wp-json\/wp\/v2\/tags?post=96495"}],"curies":[{"name":"wp","href":"https:\/\/api.w.org\/{rel}","templated":true}]}}