{"id":96527,"date":"2019-08-26T23:59:56","date_gmt":"2019-08-26T21:59:56","guid":{"rendered":"http:\/\/www.radiopiu.net\/wordpress\/?p=96527"},"modified":"2019-08-26T17:18:50","modified_gmt":"2019-08-26T15:18:50","slug":"pubblicato-il-calendario-della-coppa-dolomiti-2019-2020","status":"publish","type":"post","link":"https:\/\/www.radiopiu.net\/wordpress\/pubblicato-il-calendario-della-coppa-dolomiti-2019-2020\/","title":{"rendered":"PUBBLICATO IL CALENDARIO DELLA COPPA DOLOMITI 2019\/2020"},"content":{"rendered":"<p>\u00c8 stato ufficializzato il calendario della Coppa Dolomiti, il torneo dedicato alle squadre di Terza Categoria organizzato dalla FIGC Belluno. 12 le squadre iscritte alla Coppa provinciale, primo impegno ufficiale prima dell&#8217;inizio del campionato. Si inizia domenica prossima con le prime partite e l&#8217;Agordina di Marco Lorenzi, finita nel Girone C assieme a Sois e Lentiai, far\u00e0 il suo esordio l&#8217;8 settembre quando affronter\u00e0 in trasferta il Lentiai. Prima parte della manifestazione che terminer\u00e0 il 31 ottobre. Passa il turno la prima di ogni girone quindi per la squadra di Agordo sar\u00e0 importante non solo vincere le due partite in programma ma cercare di segnare il pi\u00f9 possibile e di non subire reti.<\/p>\n<p><a class=\"dt-pswp-item\" href=\"http:\/\/www.radiopiu.net\/wordpress\/wp-content\/uploads\/2019\/08\/COPPA-DOLOMITI-AGORDINA.jpeg\" data-dt-img-description=\"\" data-large_image_width=\"1039\" data-large_image_height=\"212\"><img loading=\"lazy\" decoding=\"async\" class=\"aligncenter wp-image-96528 size-large\" src=\"http:\/\/www.radiopiu.net\/wordpress\/wp-content\/uploads\/2019\/08\/COPPA-DOLOMITI-AGORDINA-1024x209.jpeg\" alt=\"\" width=\"1024\" height=\"209\" srcset=\"https:\/\/www.radiopiu.net\/wordpress\/wp-content\/uploads\/2019\/08\/COPPA-DOLOMITI-AGORDINA-1024x209.jpeg 1024w, https:\/\/www.radiopiu.net\/wordpress\/wp-content\/uploads\/2019\/08\/COPPA-DOLOMITI-AGORDINA-300x61.jpeg 300w, https:\/\/www.radiopiu.net\/wordpress\/wp-content\/uploads\/2019\/08\/COPPA-DOLOMITI-AGORDINA-768x157.jpeg 768w, https:\/\/www.radiopiu.net\/wordpress\/wp-content\/uploads\/2019\/08\/COPPA-DOLOMITI-AGORDINA.jpeg 1039w\" sizes=\"auto, (max-width: 1024px) 100vw, 1024px\" \/><\/a><\/p>\n","protected":false},"excerpt":{"rendered":"<p>\u00c8 stato ufficializzato il calendario della Coppa Dolomiti, il torneo dedicato alle squadre di Terza Categoria organizzato dalla FIGC Belluno. 12 le squadre iscritte alla Coppa provinciale, primo impegno ufficiale prima dell&#8217;inizio del campionato. Si inizia domenica prossima con le prime partite e l&#8217;Agordina di Marco Lorenzi, finita nel Girone C assieme a Sois e&hellip;<\/p>\n","protected":false},"author":4,"featured_media":0,"comment_status":"closed","ping_status":"closed","sticky":false,"template":"","format":"standard","meta":{"_monsterinsights_skip_tracking":false,"_monsterinsights_sitenote_active":false,"_monsterinsights_sitenote_note":"","_monsterinsights_sitenote_category":0,"footnotes":""},"categories":[51,49,72],"tags":[],"class_list":["post-96527","post","type-post","status-publish","format-standard","hentry","category-evidenza-top","category-news-18","category-sport","category-51","category-49","category-72","description-off"],"img_url":false,"_links":{"self":[{"href":"https:\/\/www.radiopiu.net\/wordpress\/wp-json\/wp\/v2\/posts\/96527","targetHints":{"allow":["GET"]}}],"collection":[{"href":"https:\/\/www.radiopiu.net\/wordpress\/wp-json\/wp\/v2\/posts"}],"about":[{"href":"https:\/\/www.radiopiu.net\/wordpress\/wp-json\/wp\/v2\/types\/post"}],"author":[{"embeddable":true,"href":"https:\/\/www.radiopiu.net\/wordpress\/wp-json\/wp\/v2\/users\/4"}],"replies":[{"embeddable":true,"href":"https:\/\/www.radiopiu.net\/wordpress\/wp-json\/wp\/v2\/comments?post=96527"}],"version-history":[{"count":0,"href":"https:\/\/www.radiopiu.net\/wordpress\/wp-json\/wp\/v2\/posts\/96527\/revisions"}],"wp:attachment":[{"href":"https:\/\/www.radiopiu.net\/wordpress\/wp-json\/wp\/v2\/media?parent=96527"}],"wp:term":[{"taxonomy":"category","embeddable":true,"href":"https:\/\/www.radiopiu.net\/wordpress\/wp-json\/wp\/v2\/categories?post=96527"},{"taxonomy":"post_tag","embeddable":true,"href":"https:\/\/www.radiopiu.net\/wordpress\/wp-json\/wp\/v2\/tags?post=96527"}],"curies":[{"name":"wp","href":"https:\/\/api.w.org\/{rel}","templated":true}]}}