{"id":96533,"date":"2019-08-26T20:34:33","date_gmt":"2019-08-26T18:34:33","guid":{"rendered":"http:\/\/www.radiopiu.net\/wordpress\/?p=96533"},"modified":"2019-08-26T20:34:33","modified_gmt":"2019-08-26T18:34:33","slug":"parapendio-sospeso-nel-vuoto-difficile-recupero-sulla-croda-marcora","status":"publish","type":"post","link":"https:\/\/www.radiopiu.net\/wordpress\/parapendio-sospeso-nel-vuoto-difficile-recupero-sulla-croda-marcora\/","title":{"rendered":"PARAPENDIO SOSPESO NEL VUOTO: DIFFICILE RECUPERO SULLA CRODA MARCORA"},"content":{"rendered":"<p><a class=\"dt-pswp-item\" href=\"http:\/\/www.radiopiu.net\/wordpress\/wp-content\/uploads\/2019\/08\/PARAPENDIO-CONTRO-MONTAGNA-1.jpg\" data-dt-img-description=\"\" data-large_image_width=\"1600\" data-large_image_height=\"1600\"><img loading=\"lazy\" decoding=\"async\" class=\"size-medium wp-image-96534 alignleft\" src=\"http:\/\/www.radiopiu.net\/wordpress\/wp-content\/uploads\/2019\/08\/PARAPENDIO-CONTRO-MONTAGNA-1-300x300.jpg\" alt=\"\" width=\"300\" height=\"300\" srcset=\"https:\/\/www.radiopiu.net\/wordpress\/wp-content\/uploads\/2019\/08\/PARAPENDIO-CONTRO-MONTAGNA-1-300x300.jpg 300w, https:\/\/www.radiopiu.net\/wordpress\/wp-content\/uploads\/2019\/08\/PARAPENDIO-CONTRO-MONTAGNA-1-150x150.jpg 150w, https:\/\/www.radiopiu.net\/wordpress\/wp-content\/uploads\/2019\/08\/PARAPENDIO-CONTRO-MONTAGNA-1-768x768.jpg 768w, https:\/\/www.radiopiu.net\/wordpress\/wp-content\/uploads\/2019\/08\/PARAPENDIO-CONTRO-MONTAGNA-1-1024x1024.jpg 1024w, https:\/\/www.radiopiu.net\/wordpress\/wp-content\/uploads\/2019\/08\/PARAPENDIO-CONTRO-MONTAGNA-1.jpg 1600w\" sizes=\"auto, (max-width: 300px) 100vw, 300px\" \/><\/a>Attorno alle 13.30 alcune persone che si trovavano al Bivacco Slataper hanno contattato il 118 dopo aver visto un parapendio precipitare sulla Croda Marcora. Il pilota, J.M., 34 anni, polacco, che aveva avuto problemi nella fase di decollo, era finito contro la parete 30 metri sotto la cima, rimanendo appeso per la vela a 2.500 metri di altitudine. Grazie al materiale alpinistico che portava con s\u00e9, si era subito assicurato alla roccia. L&#8217;elicottero del Suem di Pieve di Cadore arrivato sul posto, ha sbarcato in hovering pi\u00f9 in quota il tecnico di elisoccorso, per evitare che la turbolenza dei rotori gonfiasse la vela. Il tecnico si \u00e8 quindi portato sulla verticale e ha iniziato a predisporre gli ancoraggi, mentre.l&#8217;eliambulanza volava a imbarcare due volontari del Soccorso alpino di San Vito di Cadore in supporto alle operazioni. Il soccorritore si \u00e8 calato una trentina di metri e ha raggiunto il pilota. Dopo aver verificato che fosse tranquillo, \u00e8 risalito, ha ripiegato la vela e la ha inserita nel saccone. L&#8217;elicottero \u00e8 poi tornato e ha recuperato con un verricello di 35 metri il tecnico di elisoccorso e l&#8217;infortunato, che aveva riportato un probabile trauma alla caviglia, per trasportarli a San Vito, dove l&#8217;equipe medica gli ha prestato le prime cure. L&#8217;eliambulanza \u00e8 infine tornata sul Marcora, ha imbarcato i due soccorritori, li ha riportati a valle ed \u00e8 decollato in direzione dell&#8217;ospedale di Belluno.<\/p>\n<p><a class=\"dt-pswp-item\" href=\"http:\/\/www.radiopiu.net\/wordpress\/wp-content\/uploads\/2019\/08\/PARAPENDIO-CONTRO-MONTAGNA-2.jpg\" data-dt-img-description=\"\" data-large_image_width=\"1600\" data-large_image_height=\"1600\"><img loading=\"lazy\" decoding=\"async\" class=\"aligncenter wp-image-96535 size-large\" src=\"http:\/\/www.radiopiu.net\/wordpress\/wp-content\/uploads\/2019\/08\/PARAPENDIO-CONTRO-MONTAGNA-2-1024x1024.jpg\" alt=\"\" width=\"1024\" height=\"1024\" srcset=\"https:\/\/www.radiopiu.net\/wordpress\/wp-content\/uploads\/2019\/08\/PARAPENDIO-CONTRO-MONTAGNA-2-1024x1024.jpg 1024w, https:\/\/www.radiopiu.net\/wordpress\/wp-content\/uploads\/2019\/08\/PARAPENDIO-CONTRO-MONTAGNA-2-150x150.jpg 150w, https:\/\/www.radiopiu.net\/wordpress\/wp-content\/uploads\/2019\/08\/PARAPENDIO-CONTRO-MONTAGNA-2-300x300.jpg 300w, https:\/\/www.radiopiu.net\/wordpress\/wp-content\/uploads\/2019\/08\/PARAPENDIO-CONTRO-MONTAGNA-2-768x768.jpg 768w, https:\/\/www.radiopiu.net\/wordpress\/wp-content\/uploads\/2019\/08\/PARAPENDIO-CONTRO-MONTAGNA-2.jpg 1600w\" sizes=\"auto, (max-width: 1024px) 100vw, 1024px\" \/><\/a><\/p>\n","protected":false},"excerpt":{"rendered":"<p>Attorno alle 13.30 alcune persone che si trovavano al Bivacco Slataper hanno contattato il 118 dopo aver visto un parapendio precipitare sulla Croda Marcora. Il pilota, J.M., 34 anni, polacco, che aveva avuto problemi nella fase di decollo, era finito contro la parete 30 metri sotto la cima, rimanendo appeso per la vela a 2.500&hellip;<\/p>\n","protected":false},"author":4,"featured_media":96534,"comment_status":"closed","ping_status":"closed","sticky":false,"template":"","format":"standard","meta":{"_monsterinsights_skip_tracking":false,"_monsterinsights_sitenote_active":false,"_monsterinsights_sitenote_note":"","_monsterinsights_sitenote_category":0,"footnotes":""},"categories":[51,49],"tags":[],"class_list":["post-96533","post","type-post","status-publish","format-standard","has-post-thumbnail","hentry","category-evidenza-top","category-news-18","category-51","category-49","description-off"],"img_url":"https:\/\/www.radiopiu.net\/wordpress\/wp-content\/uploads\/2019\/08\/PARAPENDIO-CONTRO-MONTAGNA-1.jpg","_links":{"self":[{"href":"https:\/\/www.radiopiu.net\/wordpress\/wp-json\/wp\/v2\/posts\/96533","targetHints":{"allow":["GET"]}}],"collection":[{"href":"https:\/\/www.radiopiu.net\/wordpress\/wp-json\/wp\/v2\/posts"}],"about":[{"href":"https:\/\/www.radiopiu.net\/wordpress\/wp-json\/wp\/v2\/types\/post"}],"author":[{"embeddable":true,"href":"https:\/\/www.radiopiu.net\/wordpress\/wp-json\/wp\/v2\/users\/4"}],"replies":[{"embeddable":true,"href":"https:\/\/www.radiopiu.net\/wordpress\/wp-json\/wp\/v2\/comments?post=96533"}],"version-history":[{"count":0,"href":"https:\/\/www.radiopiu.net\/wordpress\/wp-json\/wp\/v2\/posts\/96533\/revisions"}],"wp:featuredmedia":[{"embeddable":true,"href":"https:\/\/www.radiopiu.net\/wordpress\/wp-json\/wp\/v2\/media\/96534"}],"wp:attachment":[{"href":"https:\/\/www.radiopiu.net\/wordpress\/wp-json\/wp\/v2\/media?parent=96533"}],"wp:term":[{"taxonomy":"category","embeddable":true,"href":"https:\/\/www.radiopiu.net\/wordpress\/wp-json\/wp\/v2\/categories?post=96533"},{"taxonomy":"post_tag","embeddable":true,"href":"https:\/\/www.radiopiu.net\/wordpress\/wp-json\/wp\/v2\/tags?post=96533"}],"curies":[{"name":"wp","href":"https:\/\/api.w.org\/{rel}","templated":true}]}}