{"id":96664,"date":"2019-08-30T17:15:06","date_gmt":"2019-08-30T15:15:06","guid":{"rendered":"http:\/\/www.radiopiu.net\/wordpress\/?p=96664"},"modified":"2019-08-30T17:15:06","modified_gmt":"2019-08-30T15:15:06","slug":"rinvenuti-resti-umani-a-seren-del-grappa-e-livinallongo","status":"publish","type":"post","link":"https:\/\/www.radiopiu.net\/wordpress\/rinvenuti-resti-umani-a-seren-del-grappa-e-livinallongo\/","title":{"rendered":"RINVENUTI RESTI UMANI A SEREN DEL GRAPPA E LIVINALLONGO"},"content":{"rendered":"<p><a class=\"dt-pswp-item\" href=\"http:\/\/www.radiopiu.net\/wordpress\/wp-content\/uploads\/2019\/08\/resti-umani-seren.jpg\" data-dt-img-description=\"\" data-large_image_width=\"576\" data-large_image_height=\"1024\"><img loading=\"lazy\" decoding=\"async\" class=\"size-medium wp-image-96665 alignleft\" src=\"http:\/\/www.radiopiu.net\/wordpress\/wp-content\/uploads\/2019\/08\/resti-umani-seren-169x300.jpg\" alt=\"\" width=\"169\" height=\"300\" srcset=\"https:\/\/www.radiopiu.net\/wordpress\/wp-content\/uploads\/2019\/08\/resti-umani-seren-169x300.jpg 169w, https:\/\/www.radiopiu.net\/wordpress\/wp-content\/uploads\/2019\/08\/resti-umani-seren.jpg 576w\" sizes=\"auto, (max-width: 169px) 100vw, 169px\" \/><\/a>I Carabinieri Forestali, nella giornata di ieri, hanno rinvenuto dei resti umani in due localit\u00e0 diverse appartenenti a dei militari deceduti nella Prima Guerra Mondiale. In localit\u00e0 Col Del Cuc a Seren Del Grappa, sono stati trovati dei resti di 7 militari. Al lavoro i Carabinieri Forestali di Fonzaso.<\/p>\n<p><a class=\"dt-pswp-item\" href=\"http:\/\/www.radiopiu.net\/wordpress\/wp-content\/uploads\/2019\/08\/resti-umani-livinallongo-2.jpg\" data-dt-img-description=\"\" data-large_image_width=\"960\" data-large_image_height=\"1280\"><img loading=\"lazy\" decoding=\"async\" class=\"size-medium wp-image-96666 alignright\" src=\"http:\/\/www.radiopiu.net\/wordpress\/wp-content\/uploads\/2019\/08\/resti-umani-livinallongo-2-225x300.jpg\" alt=\"\" width=\"225\" height=\"300\" srcset=\"https:\/\/www.radiopiu.net\/wordpress\/wp-content\/uploads\/2019\/08\/resti-umani-livinallongo-2-225x300.jpg 225w, https:\/\/www.radiopiu.net\/wordpress\/wp-content\/uploads\/2019\/08\/resti-umani-livinallongo-2-768x1024.jpg 768w, https:\/\/www.radiopiu.net\/wordpress\/wp-content\/uploads\/2019\/08\/resti-umani-livinallongo-2.jpg 960w\" sizes=\"auto, (max-width: 225px) 100vw, 225px\" \/><\/a>A Livinallongo del Col Di Lana un&#8217;altro resto umano. Questa volta sono stati i Carabinieri Forestali di Caprile a scoprire un corpo con una piastrina che per\u00f2 \u00e8 risultata illeggibile. In entrambi i casi l&#8217;autorit\u00e0 giudiziaria ha concesso il nulla osta per la rimozione dei resti che sono stati poi conservati nella camera mortuaria dei rispettivi comuni.<\/p>\n","protected":false},"excerpt":{"rendered":"<p>I Carabinieri Forestali, nella giornata di ieri, hanno rinvenuto dei resti umani in due localit\u00e0 diverse appartenenti a dei militari deceduti nella Prima Guerra Mondiale. In localit\u00e0 Col Del Cuc a Seren Del Grappa, sono stati trovati dei resti di 7 militari. Al lavoro i Carabinieri Forestali di Fonzaso. A Livinallongo del Col Di Lana&hellip;<\/p>\n","protected":false},"author":4,"featured_media":96665,"comment_status":"closed","ping_status":"closed","sticky":false,"template":"","format":"standard","meta":{"_monsterinsights_skip_tracking":false,"_monsterinsights_sitenote_active":false,"_monsterinsights_sitenote_note":"","_monsterinsights_sitenote_category":0,"footnotes":""},"categories":[51,49],"tags":[],"class_list":["post-96664","post","type-post","status-publish","format-standard","has-post-thumbnail","hentry","category-evidenza-top","category-news-18","category-51","category-49","description-off"],"img_url":"https:\/\/www.radiopiu.net\/wordpress\/wp-content\/uploads\/2019\/08\/resti-umani-seren.jpg","_links":{"self":[{"href":"https:\/\/www.radiopiu.net\/wordpress\/wp-json\/wp\/v2\/posts\/96664","targetHints":{"allow":["GET"]}}],"collection":[{"href":"https:\/\/www.radiopiu.net\/wordpress\/wp-json\/wp\/v2\/posts"}],"about":[{"href":"https:\/\/www.radiopiu.net\/wordpress\/wp-json\/wp\/v2\/types\/post"}],"author":[{"embeddable":true,"href":"https:\/\/www.radiopiu.net\/wordpress\/wp-json\/wp\/v2\/users\/4"}],"replies":[{"embeddable":true,"href":"https:\/\/www.radiopiu.net\/wordpress\/wp-json\/wp\/v2\/comments?post=96664"}],"version-history":[{"count":0,"href":"https:\/\/www.radiopiu.net\/wordpress\/wp-json\/wp\/v2\/posts\/96664\/revisions"}],"wp:featuredmedia":[{"embeddable":true,"href":"https:\/\/www.radiopiu.net\/wordpress\/wp-json\/wp\/v2\/media\/96665"}],"wp:attachment":[{"href":"https:\/\/www.radiopiu.net\/wordpress\/wp-json\/wp\/v2\/media?parent=96664"}],"wp:term":[{"taxonomy":"category","embeddable":true,"href":"https:\/\/www.radiopiu.net\/wordpress\/wp-json\/wp\/v2\/categories?post=96664"},{"taxonomy":"post_tag","embeddable":true,"href":"https:\/\/www.radiopiu.net\/wordpress\/wp-json\/wp\/v2\/tags?post=96664"}],"curies":[{"name":"wp","href":"https:\/\/api.w.org\/{rel}","templated":true}]}}