{"id":96673,"date":"2019-08-30T17:25:52","date_gmt":"2019-08-30T15:25:52","guid":{"rendered":"http:\/\/www.radiopiu.net\/wordpress\/?p=96673"},"modified":"2019-08-30T17:25:52","modified_gmt":"2019-08-30T15:25:52","slug":"soccorso-alpino-gli-ultimi-interventi","status":"publish","type":"post","link":"https:\/\/www.radiopiu.net\/wordpress\/soccorso-alpino-gli-ultimi-interventi\/","title":{"rendered":"SOCCORSO ALPINO: GLI ULTIMI INTERVENTI"},"content":{"rendered":"<p><a class=\"dt-pswp-item\" href=\"http:\/\/www.radiopiu.net\/wordpress\/wp-content\/uploads\/2015\/06\/Soccorso-Alpino-elicottero-imbarco-persone.jpg\" data-dt-img-description=\"\" data-large_image_width=\"700\" data-large_image_height=\"467\"><img loading=\"lazy\" decoding=\"async\" class=\"size-medium wp-image-6941 alignleft\" src=\"http:\/\/www.radiopiu.net\/wordpress\/wp-content\/uploads\/2015\/06\/Soccorso-Alpino-elicottero-imbarco-persone-300x200.jpg\" alt=\"\" width=\"300\" height=\"200\" \/><\/a>Questa mattina alle 8 l&#8217;elicottero del Suem di Pieve di Cadore \u00e8 volato al Rifugio Nuvolau, dove una turista francese, N.F., 42 anni, si era sentita male. Dopo che l&#8217;equipe medica le ha fatto un primo controllo prestandole le cure del caso, la donna \u00e8 stata caricata a bordo e trasportata all&#8217;ospedale di Belluno per le dovute verifiche.<\/p>\n<p>A seguito dell&#8217;allertamento del Soccorso alpino di Cortina, attorno alle 10.30 una squadra del Sagf si \u00e8 portata sulla strada che porta al Lago d&#8217;Ajal, poich\u00e9 una turista padovana, C.S., 67 anni, era caduta dalla bicicletta infortunandosi. I soccorritori la hanno raggiunta con il fuoristrada e, dopo averla caricata a bordo, la hanno accompagnata al Codivilla, per il probabile trauma al ginocchio riportato.<\/p>\n<p>Passate da poco le 10.30 il Soccorso alpino di Feltre \u00e8 stato allertato per un&#8217;escursionista in difficolt\u00e0 sulla Strada degli eroi. La giovane, 22 anni, di Venezia, era partita ieri da Caupo per arrivare lungo una strada forestale a Malga Paoda dove aveva dormito. Questa mattina, con lo zaino estremamente carico &#8211; tenda saccoapelo, fornelletto &#8211; sulle spalle, era partita con l&#8217;intenzione di percorrere la Cengia di Prada, ma anzich\u00e9 intraprendere l&#8217;itinerario corretto, aveva seguito una traccia di cacciatori pi\u00f9 alta. Dopo pi\u00f9 di un&#8217;ora di cammino era scivolata e finita un paio di metri sotto il sentiero. Fortunatamente non aveva riportato alcuna conseguenza, poich\u00e9 con il carico pesante temeva per\u00f2 di poter peggiorare la situazione e cadere sul ripido pendio, era rimasta ferma e aveva chiesto aiuto. Una squadra \u00e8 partita da Feltre con un piccolo fuoristrada e in un&#8217;ora e mezza ha raggiunto la malga. Da l\u00ec i due soccorritori si sono separati per perlustrare i due possibili percorsi e dopo venti minuti a piedi la hanno individuata e aiutata a tornare sul sentiero. Da l\u00ec la hanno riaccompagnata alla Malga e di seguito alla stazione.<\/p>\n","protected":false},"excerpt":{"rendered":"<p>Questa mattina alle 8 l&#8217;elicottero del Suem di Pieve di Cadore \u00e8 volato al Rifugio Nuvolau, dove una turista francese, N.F., 42 anni, si era sentita male. Dopo che l&#8217;equipe medica le ha fatto un primo controllo prestandole le cure del caso, la donna \u00e8 stata caricata a bordo e trasportata all&#8217;ospedale di Belluno per&hellip;<\/p>\n","protected":false},"author":4,"featured_media":59164,"comment_status":"closed","ping_status":"closed","sticky":false,"template":"","format":"standard","meta":{"_monsterinsights_skip_tracking":false,"_monsterinsights_sitenote_active":false,"_monsterinsights_sitenote_note":"","_monsterinsights_sitenote_category":0,"footnotes":""},"categories":[51,49],"tags":[],"class_list":["post-96673","post","type-post","status-publish","format-standard","has-post-thumbnail","hentry","category-evidenza-top","category-news-18","category-51","category-49","description-off"],"img_url":"https:\/\/www.radiopiu.net\/wordpress\/wp-content\/uploads\/2018\/08\/soccorsoalpino.jpg","_links":{"self":[{"href":"https:\/\/www.radiopiu.net\/wordpress\/wp-json\/wp\/v2\/posts\/96673","targetHints":{"allow":["GET"]}}],"collection":[{"href":"https:\/\/www.radiopiu.net\/wordpress\/wp-json\/wp\/v2\/posts"}],"about":[{"href":"https:\/\/www.radiopiu.net\/wordpress\/wp-json\/wp\/v2\/types\/post"}],"author":[{"embeddable":true,"href":"https:\/\/www.radiopiu.net\/wordpress\/wp-json\/wp\/v2\/users\/4"}],"replies":[{"embeddable":true,"href":"https:\/\/www.radiopiu.net\/wordpress\/wp-json\/wp\/v2\/comments?post=96673"}],"version-history":[{"count":0,"href":"https:\/\/www.radiopiu.net\/wordpress\/wp-json\/wp\/v2\/posts\/96673\/revisions"}],"wp:featuredmedia":[{"embeddable":true,"href":"https:\/\/www.radiopiu.net\/wordpress\/wp-json\/wp\/v2\/media\/59164"}],"wp:attachment":[{"href":"https:\/\/www.radiopiu.net\/wordpress\/wp-json\/wp\/v2\/media?parent=96673"}],"wp:term":[{"taxonomy":"category","embeddable":true,"href":"https:\/\/www.radiopiu.net\/wordpress\/wp-json\/wp\/v2\/categories?post=96673"},{"taxonomy":"post_tag","embeddable":true,"href":"https:\/\/www.radiopiu.net\/wordpress\/wp-json\/wp\/v2\/tags?post=96673"}],"curies":[{"name":"wp","href":"https:\/\/api.w.org\/{rel}","templated":true}]}}