{"id":96758,"date":"2019-09-01T23:59:21","date_gmt":"2019-09-01T21:59:21","guid":{"rendered":"http:\/\/www.radiopiu.net\/wordpress\/?p=96758"},"modified":"2019-09-02T07:05:34","modified_gmt":"2019-09-02T05:05:34","slug":"marcialonga-running-2019","status":"publish","type":"post","link":"https:\/\/www.radiopiu.net\/wordpress\/marcialonga-running-2019\/","title":{"rendered":"MARCIALONGA RUNNING 2019"},"content":{"rendered":"<p><a class=\"dt-pswp-item\" href=\"http:\/\/www.radiopiu.net\/wordpress\/wp-content\/uploads\/2019\/09\/PODIO-MARCIALONGA-RUNNING-2019.jpeg\" data-dt-img-description=\"\" data-large_image_width=\"768\" data-large_image_height=\"1024\"><img loading=\"lazy\" decoding=\"async\" class=\"size-medium wp-image-96760 alignleft\" src=\"http:\/\/www.radiopiu.net\/wordpress\/wp-content\/uploads\/2019\/09\/PODIO-MARCIALONGA-RUNNING-2019-225x300.jpeg\" alt=\"\" width=\"225\" height=\"300\" srcset=\"https:\/\/www.radiopiu.net\/wordpress\/wp-content\/uploads\/2019\/09\/PODIO-MARCIALONGA-RUNNING-2019-225x300.jpeg 225w, https:\/\/www.radiopiu.net\/wordpress\/wp-content\/uploads\/2019\/09\/PODIO-MARCIALONGA-RUNNING-2019.jpeg 768w\" sizes=\"auto, (max-width: 225px) 100vw, 225px\" \/><\/a>Si \u00e8 concluso in questo fine settimana il trittico della Marcialonga. Dopo i 70 km di sci, i 130 km di bicicletta, \u00e8 andata in scena la Marcialonga Running. 26 km di corsa in cui si \u00e8 imposto su tutti Lorenzo Busin. L&#8217;atleta della Valle del Biois ha tagliato per primo il traguardo. Ottimo terzo posto per Antonio Barp. In campo femminile terza posizione per Silvia Mariani. Tra i bellunesi al via anche Claudio Fontanive e Andrea Viel.<\/p>\n<p>&nbsp;<\/p>\n<p>&nbsp;<\/p>\n<p>&nbsp;<\/p>\n<p>&nbsp;<\/p>\n<p>&nbsp;<\/p>\n<p>&nbsp;<\/p>\n<p>&nbsp;<\/p>\n<p>&nbsp;<\/p>\n<p><strong>IL SERVIZIO DI CLAUDIO FONTANIVE E LE PAROLE DI LORENZO BUSIN<\/strong><\/p>\n<audio class=\"wp-audio-shortcode\" id=\"audio-96758-1\" preload=\"none\" style=\"width: 100%;\" controls=\"controls\"><source type=\"audio\/mpeg\" src=\"http:\/\/www.radiopiu.net\/wordpress\/wp-content\/uploads\/2019\/09\/lorenzo-busin-combinata.mp3?_=1\" \/><a href=\"http:\/\/www.radiopiu.net\/wordpress\/wp-content\/uploads\/2019\/09\/lorenzo-busin-combinata.mp3\">http:\/\/www.radiopiu.net\/wordpress\/wp-content\/uploads\/2019\/09\/lorenzo-busin-combinata.mp3<\/a><\/audio>\n","protected":false},"excerpt":{"rendered":"<p>Si \u00e8 concluso in questo fine settimana il trittico della Marcialonga. Dopo i 70 km di sci, i 130 km di bicicletta, \u00e8 andata in scena la Marcialonga Running. 26 km di corsa in cui si \u00e8 imposto su tutti Lorenzo Busin. L&#8217;atleta della Valle del Biois ha tagliato per primo il traguardo. Ottimo terzo&hellip;<\/p>\n","protected":false},"author":4,"featured_media":96760,"comment_status":"closed","ping_status":"closed","sticky":false,"template":"","format":"standard","meta":{"_monsterinsights_skip_tracking":false,"_monsterinsights_sitenote_active":false,"_monsterinsights_sitenote_note":"","_monsterinsights_sitenote_category":0,"footnotes":""},"categories":[51,49,72],"tags":[],"class_list":["post-96758","post","type-post","status-publish","format-standard","has-post-thumbnail","hentry","category-evidenza-top","category-news-18","category-sport","category-51","category-49","category-72","description-off"],"img_url":"https:\/\/www.radiopiu.net\/wordpress\/wp-content\/uploads\/2019\/09\/PODIO-MARCIALONGA-RUNNING-2019.jpeg","_links":{"self":[{"href":"https:\/\/www.radiopiu.net\/wordpress\/wp-json\/wp\/v2\/posts\/96758","targetHints":{"allow":["GET"]}}],"collection":[{"href":"https:\/\/www.radiopiu.net\/wordpress\/wp-json\/wp\/v2\/posts"}],"about":[{"href":"https:\/\/www.radiopiu.net\/wordpress\/wp-json\/wp\/v2\/types\/post"}],"author":[{"embeddable":true,"href":"https:\/\/www.radiopiu.net\/wordpress\/wp-json\/wp\/v2\/users\/4"}],"replies":[{"embeddable":true,"href":"https:\/\/www.radiopiu.net\/wordpress\/wp-json\/wp\/v2\/comments?post=96758"}],"version-history":[{"count":0,"href":"https:\/\/www.radiopiu.net\/wordpress\/wp-json\/wp\/v2\/posts\/96758\/revisions"}],"wp:featuredmedia":[{"embeddable":true,"href":"https:\/\/www.radiopiu.net\/wordpress\/wp-json\/wp\/v2\/media\/96760"}],"wp:attachment":[{"href":"https:\/\/www.radiopiu.net\/wordpress\/wp-json\/wp\/v2\/media?parent=96758"}],"wp:term":[{"taxonomy":"category","embeddable":true,"href":"https:\/\/www.radiopiu.net\/wordpress\/wp-json\/wp\/v2\/categories?post=96758"},{"taxonomy":"post_tag","embeddable":true,"href":"https:\/\/www.radiopiu.net\/wordpress\/wp-json\/wp\/v2\/tags?post=96758"}],"curies":[{"name":"wp","href":"https:\/\/api.w.org\/{rel}","templated":true}]}}