{"id":97027,"date":"2019-09-03T17:23:14","date_gmt":"2019-09-03T15:23:14","guid":{"rendered":"http:\/\/www.radiopiu.net\/wordpress\/?p=97027"},"modified":"2019-09-04T08:28:35","modified_gmt":"2019-09-04T06:28:35","slug":"giornale-radiopiu-04-settembre-2019-direttore-mirko-mezzacasa","status":"publish","type":"post","link":"https:\/\/www.radiopiu.net\/wordpress\/giornale-radiopiu-04-settembre-2019-direttore-mirko-mezzacasa\/","title":{"rendered":"GIORNALE RADIOPIU 04 SETTEMBRE 2019, DIRETTORE MIRKO MEZZACASA"},"content":{"rendered":"<p><strong>Sono 12 i bellunesi truffati da una banda<\/strong> che vendevano auto, o almeno promettevano la vendita di auto. L&#8217;indagine \u00e8 in corso da parte della Finanza, ne da notizia in prima pagina il Corriere delle Alpi, sono almeno 20 gli indagati.\u00a0 Sgominata un&#8217;associazione per delinquere che commercializzava centinaia di veicoli, soprattutto auto di lusso, sottraendosi, per\u00f2, secondo gli inquirenti, agli obblighi fiscali, nonch\u00e9 manomettendo i contachilometri dei mezzi. In provincia di Belluno i truffati sarebbero 12 per un importo complessivo pari a 366 mila euro. Hanno acquistato auto &#8220;ringiovanite&#8221;o veicoli fantasma, ovvero mai consegnati.<\/p>\n<p>&nbsp;<\/p>\n<p>&nbsp;<\/p>\n<p>&nbsp;<\/p>\n<p><strong><a class=\"dt-pswp-item\" href=\"http:\/\/www.radiopiu.net\/wordpress\/wp-content\/uploads\/2019\/09\/WhatsApp-Image-2019-09-03-at-08.09.01.jpeg\" data-dt-img-description=\"\" data-large_image_width=\"970\" data-large_image_height=\"1280\"><img loading=\"lazy\" decoding=\"async\" class=\"wp-image-96979 alignleft\" src=\"http:\/\/www.radiopiu.net\/wordpress\/wp-content\/uploads\/2019\/09\/WhatsApp-Image-2019-09-03-at-08.09.01-227x300.jpeg\" alt=\"\" width=\"125\" height=\"165\" srcset=\"https:\/\/www.radiopiu.net\/wordpress\/wp-content\/uploads\/2019\/09\/WhatsApp-Image-2019-09-03-at-08.09.01-227x300.jpeg 227w, https:\/\/www.radiopiu.net\/wordpress\/wp-content\/uploads\/2019\/09\/WhatsApp-Image-2019-09-03-at-08.09.01-768x1013.jpeg 768w, https:\/\/www.radiopiu.net\/wordpress\/wp-content\/uploads\/2019\/09\/WhatsApp-Image-2019-09-03-at-08.09.01-776x1024.jpeg 776w, https:\/\/www.radiopiu.net\/wordpress\/wp-content\/uploads\/2019\/09\/WhatsApp-Image-2019-09-03-at-08.09.01.jpeg 970w\" sizes=\"auto, (max-width: 125px) 100vw, 125px\" \/><\/a><\/strong><\/p>\n<p><strong>AGORDO<\/strong> Paura tanta, fortunatamente nessuna conseguenza per i due occupanti dell&#8217;utilitaria che ieri mattina \u00e8 finita direttamente nel greto del torrente Cordevole dopo un volo di qualche metro perpendicolare all&#8217;argine in cemento. E&#8217; successo poco prima delle 8 davanti alla portineria dello stabilimento Luxottica. Pare che l&#8217;incidente sia stato causato dal tappettino in plastica finito sotto ai pedali di freno e frizione che hanno impedito alla donna di arrestare la marcia del veicolo. Sia lei che il passeggero sono scesi autonomamente dall&#8217;auto poi recuperata dall&#8217;autogru dei vigili del fuoco.<\/p>\n<p>&nbsp;<\/p>\n<p>&nbsp;<\/p>\n<p>&nbsp;<\/p>\n<p>&nbsp;<\/p>\n<p>&nbsp;<\/p>\n<p><strong><a class=\"dt-pswp-item\" href=\"http:\/\/www.radiopiu.net\/wordpress\/wp-content\/uploads\/2016\/05\/carabinieri-6-2-1.jpg\" data-dt-img-description=\"\" data-large_image_width=\"1000\" data-large_image_height=\"681\"><img loading=\"lazy\" decoding=\"async\" class=\" wp-image-19931 alignleft\" src=\"http:\/\/www.radiopiu.net\/wordpress\/wp-content\/uploads\/2016\/05\/carabinieri-6-2-1-300x204.jpg\" alt=\"\" width=\"219\" height=\"149\" \/><\/a>LA VALLE<\/strong> Ennesimo incidente fra motociclisti, ieri nel primo pomeriggio lungo la 347 di Passo Cereda e Duran, in curva si sono scontrate una Suzuki condotta da A.A. 18 anni di Venezia e una Honda 1000 condotta da B.D.\u00a0 35enne tedesco. La ragazza \u00e8 stata portata all&#8217;ospedale di Agordo per una lesione ad un dito del piede, all&#8217;ospedale per accertamenti anche il motociclista tedesco. La diciottenne veneziana procedeva verso la Val di Zoldo, in senso contrario verso Agordo il motociclista proveniente dalla Germania. Sono intervenuti i Carabinieri di Cencenighe e l&#8217;ambulanza del Pronto Soccorso di Agordo.<\/p>\n<p>&nbsp;<\/p>\n<p>&nbsp;<\/p>\n<p>&nbsp;<\/p>\n<p>&nbsp;<\/p>\n<h2>POLIZIA BELLUNESE CON IL NETWORK EUROPEO TISPOL PER &#8220;VIAGGIARE SICURI&#8221;<\/h2>\n<p><strong>BELLUNO<\/strong> La Sezione Polizia Stradale di Belluno ha partecipato all&#8217;operazione Tispol sia a fine luglio che a fine agosto, predisponendo esclusivi servizi sulle principali arterie provinciali, procedendo, oltre alla normale attivit\u00e0 istituzionale, al controllo specifico di 224 autoveicoli, di cui 11 stranieri, e 19 motoveicoli. Nel complesso sono state accertate un totale di 195 infrazioni, in particolare 25 relative al mancato uso dei sistemi di ritenuta, 12 per <a class=\"dt-pswp-item\" href=\"http:\/\/www.radiopiu.net\/wordpress\/wp-content\/uploads\/2018\/09\/POLIZIA-1.jpg\" data-dt-img-description=\"\" data-large_image_width=\"1600\" data-large_image_height=\"1200\"><img loading=\"lazy\" decoding=\"async\" class=\"size-medium wp-image-60258 alignleft\" src=\"http:\/\/www.radiopiu.net\/wordpress\/wp-content\/uploads\/2018\/09\/POLIZIA-1-300x225.jpg\" alt=\"\" width=\"300\" height=\"225\" srcset=\"https:\/\/www.radiopiu.net\/wordpress\/wp-content\/uploads\/2018\/09\/POLIZIA-1-300x225.jpg 300w, https:\/\/www.radiopiu.net\/wordpress\/wp-content\/uploads\/2018\/09\/POLIZIA-1-768x576.jpg 768w, https:\/\/www.radiopiu.net\/wordpress\/wp-content\/uploads\/2018\/09\/POLIZIA-1-1024x768.jpg 1024w, https:\/\/www.radiopiu.net\/wordpress\/wp-content\/uploads\/2018\/09\/POLIZIA-1.jpg 1600w\" sizes=\"auto, (max-width: 300px) 100vw, 300px\" \/><\/a>uso improprio del cellulare, 2 relative al carico trasportato, 1 guida senza patente 1 mancanza di copertura assicurativa e 7 relative alla mancanza al seguito della documentazione per la circolazione (patente, carta di circolazione, certificato assicurativo).<\/p>\n<blockquote><p><em>Lo scopo della campagna &#8221; viaggiare sicuri &#8220;, effettuata nel periodo dal 26 al 29 luglio e dal 23 al 26 agosto 2019, \u00e8 stata quella di operare un&#8217;intensificazione dei controlli, effettuati dalle Polizie Stradali di tutta Europa, dei autoveicoli e motoveicoli adibiti al trasporto di persone e merci, sia d&#8217;immatricolazione nazionale sia straniera. Durante le giornate di controlli, gli agenti della Polstrada hanno proceduto alla verifica dello stato psicofisico dei conducenti, il rispetto dei limiti di velocit\u00e0, il rispetto delle normative per il trasporto di passeggeri e delle merci.<\/em><\/p><\/blockquote>\n<p>&nbsp;<\/p>\n<p>&nbsp;<\/p>\n<p>&nbsp;<\/p>\n<h3>IN CONTATTO CON LE TRASMITTENTI MA NON E&#8217; SUFFICIENTE PER RITROVARE LA STRADA DA SOLI<\/h3>\n<p>&nbsp;<\/p>\n<p><strong>AURONZO<\/strong> Ieri mattina alle 8.40 circa una turista francese, Y.A., 28 anni, si e procurata un probabile trauma alla caviglia nei pressi del Rifugio Auronzo. Allertato il Soccorso alpino, una squadra del Sagf la ha raggiunta e accompagnata in fuoristrada fino a Misurina, per affidarla all&#8217;ambulanza diretta al Codivilla.<\/p>\n<p><strong>CORTINA<\/strong> Verso le 13.30 l&#8217;elicottero del Suem di Pieve di Cadore \u00e8 decollato in direzione del Rifugio Averau, a Cortina d&#8217;Ampezzo, dove un sedicenne di Venezia aveva menifestato difficolt\u00e0 respiratorie. Dopo essere stato <a class=\"dt-pswp-item\" href=\"http:\/\/www.radiopiu.net\/wordpress\/wp-content\/uploads\/2019\/05\/ELI-SUEM-SOCC-3-1.jpg\" data-dt-img-description=\"\" data-large_image_width=\"1600\" data-large_image_height=\"900\"><img loading=\"lazy\" decoding=\"async\" class=\"size-medium wp-image-86194 alignleft\" src=\"http:\/\/www.radiopiu.net\/wordpress\/wp-content\/uploads\/2019\/05\/ELI-SUEM-SOCC-3-1-300x169.jpg\" alt=\"\" width=\"300\" height=\"169\" srcset=\"https:\/\/www.radiopiu.net\/wordpress\/wp-content\/uploads\/2019\/05\/ELI-SUEM-SOCC-3-1-300x169.jpg 300w, https:\/\/www.radiopiu.net\/wordpress\/wp-content\/uploads\/2019\/05\/ELI-SUEM-SOCC-3-1-768x432.jpg 768w, https:\/\/www.radiopiu.net\/wordpress\/wp-content\/uploads\/2019\/05\/ELI-SUEM-SOCC-3-1-1024x576.jpg 1024w, https:\/\/www.radiopiu.net\/wordpress\/wp-content\/uploads\/2019\/05\/ELI-SUEM-SOCC-3-1.jpg 1600w\" sizes=\"auto, (max-width: 300px) 100vw, 300px\" \/><\/a>visitato dall&#8217;equipe medica, il giovane \u00e8 stato imbarcato e trasportato all&#8217;ospedale di Belluno per gli approfondimenti del caso.<\/p>\n<p><strong>CORTINA<\/strong> Anche una donna che si trovava al Rifugio Lagazuoi, A.T., 56 anni, di Selva di Cadore (BL), si \u00e8 sentita male poco pi\u00f9 tardi. In suo aiuto \u00e8 atterrata nella piazzola della struttura l&#8217;eliambulanza dell&#8217;Aiut Alpin Dolomites di Bolzano, che la ha accompagnata a Belluno per le dovute verifiche.<\/p>\n<p><strong>COMELIC<\/strong>O Alle 13.15 invece la Centrale del 118 ha allertato il Soccorso alpino della Val Comelico per una coppia che si era persa di vista sopra il Rifugio Forcella Zovo. Marito e moglie, 69 e 61 anni, di Imola (BO), stavano percorrendo una strada, quando il marito era partito in cerca di funghi e si era smarrito ritrovandosi su un&#8217;altra sterrata. I due erano in contatto tramite radioline e, proprio attraverso il walkie talkie, la donna aveva chiesto aiuto al gestore del Rifugio, che aveva contattato il 118. Sei soccorritori, compresi due del Sagf, si sono portati sul posto e hanno sintonizzato le loro radio sulla frequenza dei coniugi, cos\u00ec da contattarli e farsi spiegare il percorso seguito. In breve hanno quindi raggiunto la donna, che si trovava su una strada di San Pietro di Cadore, e subito dopo il marito, che era invece su una sterrata pi\u00f9 distante, quasi parallela, gia in comune di San Nicol\u00f2 Comelico. Le squadre hanno poi riaccompagnato la coppia alla propria macchina parcheggiata al Rifugio Forcella Zovo.<\/p>\n<p><strong>CORTINA<\/strong>\u00a0 Ieri sera alle 18.40\u00a0 il 118 \u00e8 stato allertato per un alpinista, primo di cordata, volato sugli ultimi tiri della Via Pompanin- Alver\u00e0 sul primo spigolo della Tofana di Rozes, e rimasto sospeso sulle corde. Recuperato dall&#8217;elicottero del Suem di Pieve di Cadore con un probabile trauma alla caviglia, il rocciatore \u00e8 stato trasportato all&#8217;ospedale di Belluno. Imbarcati anche i suoi due compagni di arrampicata, lasciati poi al Rifugio Dibona. I rocciatori sono stati recuperati in tre rotazioni dal tecnico di elisoccorso con un verricello di 30 metri.<\/p>\n<p>&nbsp;<\/p>\n<p>&nbsp;<\/p>\n<p>&nbsp;<\/p>\n<h2>&#8220;VIGILERO&#8217; PERCHE&#8217; PAGHINO IL CONTO, LI SEGUIRO&#8217; CON L&#8217;AVVOCATO&#8221;<\/h2>\n<p><strong><a class=\"dt-pswp-item\" href=\"http:\/\/www.radiopiu.net\/wordpress\/wp-content\/uploads\/2019\/02\/zaia-1.jpg\" data-dt-img-description=\"\" data-large_image_width=\"3648\" data-large_image_height=\"5472\"><img loading=\"lazy\" decoding=\"async\" class=\" wp-image-76405 alignleft\" src=\"http:\/\/www.radiopiu.net\/wordpress\/wp-content\/uploads\/2019\/02\/zaia-1-200x300.jpg\" alt=\"\" width=\"141\" height=\"212\" srcset=\"https:\/\/www.radiopiu.net\/wordpress\/wp-content\/uploads\/2019\/02\/zaia-1-200x300.jpg 200w, https:\/\/www.radiopiu.net\/wordpress\/wp-content\/uploads\/2019\/02\/zaia-1-768x1152.jpg 768w, https:\/\/www.radiopiu.net\/wordpress\/wp-content\/uploads\/2019\/02\/zaia-1-683x1024.jpg 683w\" sizes=\"auto, (max-width: 141px) 100vw, 141px\" \/><\/a><\/strong><\/p>\n<p>&nbsp;<\/p>\n<p><strong>VENEZIA<\/strong> All&#8217;indomani della tristemente nota vicenda del soccorso rifiutato per due volte e poi accettato dagli alpinisti spagnoli \u00e8 intervenuto anche il presidente della Regione Luca Zaia pronto a scatenare una guerra legale, se necessario, perch\u00e9 i due paghino il conto che s&#8217;aggira attorno ai 30mila euro.<\/p>\n<p><strong>IL GOVERNATORE LUCA ZAIA<\/strong><\/p>\n<p>&nbsp;<\/p>\n<p>&nbsp;<\/p>\n<p>&nbsp;<\/p>\n<audio class=\"wp-audio-shortcode\" id=\"audio-97027-1\" preload=\"none\" style=\"width: 100%;\" controls=\"controls\"><source type=\"audio\/mpeg\" src=\"http:\/\/www.radiopiu.net\/wordpress\/wp-content\/uploads\/2019\/09\/ZAIA-SOCCO.mp3?_=1\" \/><a href=\"http:\/\/www.radiopiu.net\/wordpress\/wp-content\/uploads\/2019\/09\/ZAIA-SOCCO.mp3\">http:\/\/www.radiopiu.net\/wordpress\/wp-content\/uploads\/2019\/09\/ZAIA-SOCCO.mp3<\/a><\/audio>\n<p>&nbsp;<\/p>\n<p><strong><a class=\"dt-pswp-item\" href=\"http:\/\/www.radiopiu.net\/wordpress\/wp-content\/uploads\/2019\/07\/Dario-Bond.jpg\" data-dt-img-description=\"\" data-large_image_width=\"2449\" data-large_image_height=\"1633\"><img loading=\"lazy\" decoding=\"async\" class=\" wp-image-93051 alignleft\" src=\"http:\/\/www.radiopiu.net\/wordpress\/wp-content\/uploads\/2019\/07\/Dario-Bond-300x200.jpg\" alt=\"\" width=\"167\" height=\"111\" srcset=\"https:\/\/www.radiopiu.net\/wordpress\/wp-content\/uploads\/2019\/07\/Dario-Bond-300x200.jpg 300w, https:\/\/www.radiopiu.net\/wordpress\/wp-content\/uploads\/2019\/07\/Dario-Bond-768x512.jpg 768w, https:\/\/www.radiopiu.net\/wordpress\/wp-content\/uploads\/2019\/07\/Dario-Bond-1024x683.jpg 1024w\" sizes=\"auto, (max-width: 167px) 100vw, 167px\" \/><\/a><\/strong><\/p>\n<p>&nbsp;<\/p>\n<p>&nbsp;<\/p>\n<p><strong>ROMA<\/strong> Dario Bond insiste sulla necessit\u00e0 di introdurre l&#8217;assicurazione obbligatoria per chi intende salire le montagne, inaccettabile quanto accaduto sulle Tre Cime.<\/p>\n<p>&nbsp;<\/p>\n<audio class=\"wp-audio-shortcode\" id=\"audio-97027-2\" preload=\"none\" style=\"width: 100%;\" controls=\"controls\"><source type=\"audio\/mpeg\" src=\"http:\/\/www.radiopiu.net\/wordpress\/wp-content\/uploads\/2019\/09\/BOND.mp3?_=2\" \/><a href=\"http:\/\/www.radiopiu.net\/wordpress\/wp-content\/uploads\/2019\/09\/BOND.mp3\">http:\/\/www.radiopiu.net\/wordpress\/wp-content\/uploads\/2019\/09\/BOND.mp3<\/a><\/audio>\n<p>&nbsp;<\/p>\n<p>&nbsp;<\/p>\n<p>&nbsp;<\/p>\n<p>&nbsp;<\/p>\n<p>&nbsp;<\/p>\n<h1>FONDO DI SOLIDARIETA&#8217; EUROPEO VIA LIBERA AI 277 MILIONI PER IL POST-VAIA<\/h1>\n<p lang=\"it-IT\"><span style=\"color: #000000;\"><span style=\"font-family: Arial, sans-serif;\"><span style=\"font-size: large;\"><a class=\"dt-pswp-item\" href=\"http:\/\/www.radiopiu.net\/wordpress\/wp-content\/uploads\/2019\/03\/Herbert-Dorfmann-1.jpg\" data-dt-img-description=\"\" data-large_image_width=\"2000\" data-large_image_height=\"1333\"><img loading=\"lazy\" decoding=\"async\" class=\"size-medium wp-image-79123 alignleft\" src=\"http:\/\/www.radiopiu.net\/wordpress\/wp-content\/uploads\/2019\/03\/Herbert-Dorfmann-1-300x200.jpg\" alt=\"\" width=\"300\" height=\"200\" srcset=\"https:\/\/www.radiopiu.net\/wordpress\/wp-content\/uploads\/2019\/03\/Herbert-Dorfmann-1-300x200.jpg 300w, https:\/\/www.radiopiu.net\/wordpress\/wp-content\/uploads\/2019\/03\/Herbert-Dorfmann-1-768x512.jpg 768w, https:\/\/www.radiopiu.net\/wordpress\/wp-content\/uploads\/2019\/03\/Herbert-Dorfmann-1-1024x682.jpg 1024w, https:\/\/www.radiopiu.net\/wordpress\/wp-content\/uploads\/2019\/03\/Herbert-Dorfmann-1.jpg 2000w\" sizes=\"auto, (max-width: 300px) 100vw, 300px\" \/><\/a><\/span><\/span><\/span>Via libera ai 277 milioni di euro del Fondo di Solidariet\u00e0 Europeo per i danni del maltempo di fine ottobre 2018, in particolare quelli legati al passaggio della tempesta Vaia sul Bellunese e le Dolomiti: la notizia \u00e8 arrivata in mattinata da Bruxelles, annunciata dall&#8217;europarlamentare Herbert Dorfmann, componente della Commissione Bilancio. Confermata quindi la proposta di maggio avanzata dalla Commissione Europea che proponeva l&#8217;attivazione del Fondo di Solidariet\u00e0 Europeo per 277 milioni di euro a favore dell&#8217;Italia: il conto dei danni presentato dall&#8217;Italia per i danni provocati dal maltempo su tutto il territorio nazionale lo scorso autunno superava di poco i 6 miliardi di euro. Il sostegno del Fondo viene calcolato con parametri che tengono conto anche dei Pil regionale e nazionale, e in media varia fra il 2,5% e il 6% della stima dei danni fornita dagli stati (nel caso italiano, il 4,4%). 15 le regioni italiane che potranno avere accesso alle risorse del Fondo, e la ripartizione sar\u00e0 competenza del governo italiano. Il Fondo di Solidariet\u00e0 \u00e8 nato nel 2002, e in questi anni \u00e8 stato utilizzato 80 volte a livello europeo, 9 delle quali in Italia, che risulta essere il Paese che pi\u00f9 ne ha dovuto chiedere l&#8217;accesso con oltre 2,5 miliardi di euro di aiuti sul territorio nazionale. Ora la palla passa a Roma, che dovr\u00e0 stabilire la ripartizione del Fondo sul territorio nazionale.<\/p>\n<p lang=\"it-IT\"><strong>audio dal notiziario principale<\/strong><\/p>\n<audio class=\"wp-audio-shortcode\" id=\"audio-97027-3\" preload=\"none\" style=\"width: 100%;\" controls=\"controls\"><source type=\"audio\/mpeg\" src=\"http:\/\/www.radiopiu.net\/wordpress\/wp-content\/uploads\/2019\/09\/Dorfmann-Approvazione-finanziamento-Vaia.mp3?_=3\" \/><a href=\"http:\/\/www.radiopiu.net\/wordpress\/wp-content\/uploads\/2019\/09\/Dorfmann-Approvazione-finanziamento-Vaia.mp3\">http:\/\/www.radiopiu.net\/wordpress\/wp-content\/uploads\/2019\/09\/Dorfmann-Approvazione-finanziamento-Vaia.mp3<\/a><\/audio>\n<p>&nbsp;<\/p>\n<p align=\"JUSTIFY\"><span style=\"font-size: large;\"><b>PRESIDENTE ZAIA, \u201cRISORSE NECESSARIE PER LA RICOSTRUZIONE. GIA\u2019 IMPEGNATI 377 MILIONI DI EURO DEL GOVERNO PER IL 2019\u201d <\/b><\/span><\/p>\n<p align=\"JUSTIFY\"><strong><span style=\"font-size: medium;\">VENEZIA\u00a0 <\/span><\/strong>\u201c<span style=\"font-size: medium;\">Una buona notizia da Bruxelles perch\u00e9 servono ancora risorse per continuare l\u2019enorme opera di ripristino e ricostruzione che abbiamo messo in piedi nei territori devastati dalla tempesta Vaia. Abbiamo interamente impegnato i 377 milioni di euro, comprensivi dei primi sostegni per privati ed imprese, da investire per l\u2019anno in corso e da cantierare entro il 30 settembre. Pi\u00f9 del 70 per cento delle opere \u00e8 stato contrattualizzato e abbiamo la necessit\u00e0 di almeno altri 50 milioni di euro per far fronte ai danni ai privati.\u201d <\/span><span style=\"font-size: medium;\">Cos\u00ec il Presidente della Regione Luca Zaia, nella sua veste di Commissario Delegato per il maltempo di ottobre 2018, commenta la notizia dell\u2019approvazione, da parte della Commissione Bilanci del Parlamento Europeo, della proposta della Commissione UE di stanziare risorse del Fondo europeo di solidariet\u00e0 277,2 milioni di euro per 15 regioni italiane (il Veneto fu la pi\u00f9 colpita) dopo i danni causati dagli eventi atmosferici eccezionali del 2018. Il via libera definitivo \u00e8 atteso il 18 settembre quando il provvedimento sar\u00e0 al vaglio del Parlamento europeo. <\/span>\u201c<span style=\"font-size: medium;\">La Regione Veneto ha mantenuto i patti con Ministero dell\u2019Economia e delle Finanze, \u2013 sottolinea il Presidente Zaia \u2013 questo nonostante le difficolt\u00e0 e la mancanza di risorse, visto che non ci \u00e8 stata concessa la struttura di missione. Ma abbiamo trovato una soluzione, facendo leva sulle nostre societ\u00e0 controllate che hanno lavorato cos\u00ec intensamente da permetterci di impegnare tutte le risorse stanziate dal Governo, con un impegno di spesa superiore alle risorse affidate.\u201d <\/span>\u201c<span style=\"font-size: medium;\">In previsione, \u2013 precisa il Commissario \u2013 abbiamo gi\u00e0 progettato opere per il prossimo anno per 80 milioni di euro e abbiamo necessit\u00e0, oltre a quanto gi\u00e0 stanziato dal Governo pari a 977 milioni di euro in tre anni, di ulteriori 400 milioni di euro.\u201d<\/span><\/p>\n<p>&nbsp;<\/p>\n<p>&nbsp;<\/p>\n<p>&nbsp;<\/p>\n<h2>FINALMENTE UNA SOLUZIONE PER LA MARTORIATA STRADA DEL CENTRO STORICO: ERA ORA!<\/h2>\n<p><strong>VOLTAGO<\/strong>\u00a0 Le fotografie scattate nel corso dell&#8217;estate avevano sollevato la &#8220;rabbia&#8221; del cittadino che paga le tasse, buchi nella strada tappati con pezzi di legna da ardere, fossi nel vero senso della parola che hanno messo a dura prova le sospensioni delle auto e le caviglie degli abitanti, da non poterne pi\u00f9. a Dieci mesi dai giorni di Vaia finalmente sar\u00e0 messo mano a quella strada in centro al paese, meglio tardi che mai, sicuramente la sopportazione aveva raggiunto livelli di guardia.<\/p>\n<p><strong>GIANNI SANTOMASO\u00a0<\/strong><\/p>\n<audio class=\"wp-audio-shortcode\" id=\"audio-97027-4\" preload=\"none\" style=\"width: 100%;\" controls=\"controls\"><source type=\"audio\/mpeg\" src=\"http:\/\/www.radiopiu.net\/wordpress\/wp-content\/uploads\/2019\/09\/GIANNI-VOLTAGO.mp3?_=4\" \/><a href=\"http:\/\/www.radiopiu.net\/wordpress\/wp-content\/uploads\/2019\/09\/GIANNI-VOLTAGO.mp3\">http:\/\/www.radiopiu.net\/wordpress\/wp-content\/uploads\/2019\/09\/GIANNI-VOLTAGO.mp3<\/a><\/audio>\n<p><a class=\"dt-pswp-item\" href=\"http:\/\/www.radiopiu.net\/wordpress\/wp-content\/uploads\/2019\/09\/WhatsApp-Image-2019-09-03-at-20.24.38-1.jpeg\" data-dt-img-description=\"\" data-large_image_width=\"720\" data-large_image_height=\"960\"><img loading=\"lazy\" decoding=\"async\" class=\"alignnone wp-image-97110\" src=\"http:\/\/www.radiopiu.net\/wordpress\/wp-content\/uploads\/2019\/09\/WhatsApp-Image-2019-09-03-at-20.24.38-1-225x300.jpeg\" alt=\"\" width=\"168\" height=\"224\" srcset=\"https:\/\/www.radiopiu.net\/wordpress\/wp-content\/uploads\/2019\/09\/WhatsApp-Image-2019-09-03-at-20.24.38-1-225x300.jpeg 225w, https:\/\/www.radiopiu.net\/wordpress\/wp-content\/uploads\/2019\/09\/WhatsApp-Image-2019-09-03-at-20.24.38-1.jpeg 720w\" sizes=\"auto, (max-width: 168px) 100vw, 168px\" \/><\/a><a class=\"dt-pswp-item\" href=\"http:\/\/www.radiopiu.net\/wordpress\/wp-content\/uploads\/2019\/09\/WhatsApp-Image-2019-09-03-at-20.24.39.jpeg\" data-dt-img-description=\"\" data-large_image_width=\"960\" data-large_image_height=\"720\"><img loading=\"lazy\" decoding=\"async\" class=\"alignnone size-medium wp-image-97106\" src=\"http:\/\/www.radiopiu.net\/wordpress\/wp-content\/uploads\/2019\/09\/WhatsApp-Image-2019-09-03-at-20.24.39-300x225.jpeg\" alt=\"\" width=\"300\" height=\"225\" srcset=\"https:\/\/www.radiopiu.net\/wordpress\/wp-content\/uploads\/2019\/09\/WhatsApp-Image-2019-09-03-at-20.24.39-300x225.jpeg 300w, https:\/\/www.radiopiu.net\/wordpress\/wp-content\/uploads\/2019\/09\/WhatsApp-Image-2019-09-03-at-20.24.39-768x576.jpeg 768w, https:\/\/www.radiopiu.net\/wordpress\/wp-content\/uploads\/2019\/09\/WhatsApp-Image-2019-09-03-at-20.24.39.jpeg 960w\" sizes=\"auto, (max-width: 300px) 100vw, 300px\" \/><\/a><a class=\"dt-pswp-item\" href=\"http:\/\/www.radiopiu.net\/wordpress\/wp-content\/uploads\/2019\/09\/WhatsApp-Image-2019-09-03-at-20.24.39-1.jpeg\" data-dt-img-description=\"\" data-large_image_width=\"960\" data-large_image_height=\"720\"><img loading=\"lazy\" decoding=\"async\" class=\"alignnone size-medium wp-image-97105\" src=\"http:\/\/www.radiopiu.net\/wordpress\/wp-content\/uploads\/2019\/09\/WhatsApp-Image-2019-09-03-at-20.24.39-1-300x225.jpeg\" alt=\"\" width=\"300\" height=\"225\" srcset=\"https:\/\/www.radiopiu.net\/wordpress\/wp-content\/uploads\/2019\/09\/WhatsApp-Image-2019-09-03-at-20.24.39-1-300x225.jpeg 300w, https:\/\/www.radiopiu.net\/wordpress\/wp-content\/uploads\/2019\/09\/WhatsApp-Image-2019-09-03-at-20.24.39-1-768x576.jpeg 768w, https:\/\/www.radiopiu.net\/wordpress\/wp-content\/uploads\/2019\/09\/WhatsApp-Image-2019-09-03-at-20.24.39-1.jpeg 960w\" sizes=\"auto, (max-width: 300px) 100vw, 300px\" \/><\/a><a class=\"dt-pswp-item\" href=\"http:\/\/www.radiopiu.net\/wordpress\/wp-content\/uploads\/2019\/09\/WhatsApp-Image-2019-09-03-at-20.24.39-2.jpeg\" data-dt-img-description=\"\" data-large_image_width=\"960\" data-large_image_height=\"720\"><img loading=\"lazy\" decoding=\"async\" class=\"alignnone size-medium wp-image-97104\" src=\"http:\/\/www.radiopiu.net\/wordpress\/wp-content\/uploads\/2019\/09\/WhatsApp-Image-2019-09-03-at-20.24.39-2-300x225.jpeg\" alt=\"\" width=\"300\" height=\"225\" srcset=\"https:\/\/www.radiopiu.net\/wordpress\/wp-content\/uploads\/2019\/09\/WhatsApp-Image-2019-09-03-at-20.24.39-2-300x225.jpeg 300w, https:\/\/www.radiopiu.net\/wordpress\/wp-content\/uploads\/2019\/09\/WhatsApp-Image-2019-09-03-at-20.24.39-2-768x576.jpeg 768w, https:\/\/www.radiopiu.net\/wordpress\/wp-content\/uploads\/2019\/09\/WhatsApp-Image-2019-09-03-at-20.24.39-2.jpeg 960w\" sizes=\"auto, (max-width: 300px) 100vw, 300px\" \/><\/a><a class=\"dt-pswp-item\" href=\"http:\/\/www.radiopiu.net\/wordpress\/wp-content\/uploads\/2019\/09\/WhatsApp-Image-2019-09-03-at-20.24.38.jpeg\" data-dt-img-description=\"\" data-large_image_width=\"960\" data-large_image_height=\"720\"><img loading=\"lazy\" decoding=\"async\" class=\"alignnone size-medium wp-image-97103\" src=\"http:\/\/www.radiopiu.net\/wordpress\/wp-content\/uploads\/2019\/09\/WhatsApp-Image-2019-09-03-at-20.24.38-300x225.jpeg\" alt=\"\" width=\"300\" height=\"225\" srcset=\"https:\/\/www.radiopiu.net\/wordpress\/wp-content\/uploads\/2019\/09\/WhatsApp-Image-2019-09-03-at-20.24.38-300x225.jpeg 300w, https:\/\/www.radiopiu.net\/wordpress\/wp-content\/uploads\/2019\/09\/WhatsApp-Image-2019-09-03-at-20.24.38-768x576.jpeg 768w, https:\/\/www.radiopiu.net\/wordpress\/wp-content\/uploads\/2019\/09\/WhatsApp-Image-2019-09-03-at-20.24.38.jpeg 960w\" sizes=\"auto, (max-width: 300px) 100vw, 300px\" \/><\/a><\/p>\n<p>&nbsp;<\/p>\n<p>&nbsp;<\/p>\n<p>&nbsp;<\/p>\n<h2>NUOVO PRESIDE AL FOLLADOR<\/h2>\n<p><strong>AGORDO<\/strong> E&#8217; Renata Dal Farra gi\u00e0 preside del Calvi il nuovo dirigente scolastico per L&#8217;Istituto Umberto Follador in localit\u00e0 Tamonich. Agordo saluta il preside &#8220;locale&#8221; Giovanni Paolo Zanin che salir\u00e0 di qualche chilometro per prendere servizio presso il polo scolastico di Cencenighe<\/p>\n<p>&nbsp;<\/p>\n<p>&nbsp;<\/p>\n<p>&nbsp;<\/p>\n<h2>TUTTO TACE SUL COLLE BELLUNESE DOVE PREVALE LA RASSEGNAZIONE. FINITO IL TEMPO DELLE SPERANZE.<\/h2>\n<p><a class=\"dt-pswp-item\" href=\"http:\/\/www.radiopiu.net\/wordpress\/wp-content\/uploads\/2019\/08\/alpe-del-nevegal-seggiovia-1600x625.jpg\" data-dt-img-description=\"\" data-large_image_width=\"1600\" data-large_image_height=\"625\"><img loading=\"lazy\" decoding=\"async\" class=\"size-medium wp-image-94965 alignleft\" src=\"http:\/\/www.radiopiu.net\/wordpress\/wp-content\/uploads\/2019\/08\/alpe-del-nevegal-seggiovia-1600x625-300x117.jpg\" alt=\"\" width=\"300\" height=\"117\" srcset=\"https:\/\/www.radiopiu.net\/wordpress\/wp-content\/uploads\/2019\/08\/alpe-del-nevegal-seggiovia-1600x625-300x117.jpg 300w, https:\/\/www.radiopiu.net\/wordpress\/wp-content\/uploads\/2019\/08\/alpe-del-nevegal-seggiovia-1600x625-768x300.jpg 768w, https:\/\/www.radiopiu.net\/wordpress\/wp-content\/uploads\/2019\/08\/alpe-del-nevegal-seggiovia-1600x625-1024x400.jpg 1024w, https:\/\/www.radiopiu.net\/wordpress\/wp-content\/uploads\/2019\/08\/alpe-del-nevegal-seggiovia-1600x625.jpg 1600w\" sizes=\"auto, (max-width: 300px) 100vw, 300px\" \/><\/a><\/p>\n<p>&nbsp;<\/p>\n<p>&nbsp;<\/p>\n<p>BELLUNO<\/p>\n<p><strong>DI DAMIANO TORMEN\u00a0<\/strong><\/p>\n<audio class=\"wp-audio-shortcode\" id=\"audio-97027-5\" preload=\"none\" style=\"width: 100%;\" controls=\"controls\"><source type=\"audio\/mpeg\" src=\"http:\/\/www.radiopiu.net\/wordpress\/wp-content\/uploads\/2019\/09\/DAMIANO-NEVEGAL\u00f9.mp3?_=5\" \/><a href=\"http:\/\/www.radiopiu.net\/wordpress\/wp-content\/uploads\/2019\/09\/DAMIANO-NEVEGAL\u00f9.mp3\">http:\/\/www.radiopiu.net\/wordpress\/wp-content\/uploads\/2019\/09\/DAMIANO-NEVEGAL\u00f9.mp3<\/a><\/audio>\n<p>&nbsp;<\/p>\n<p>&nbsp;<\/p>\n<p>&nbsp;<\/p>\n<p>&nbsp;<\/p>\n<h1>NUOVA ROTATORIA IN NEVEGAL: DA UNA SINERGIA TRA PROVINCIA E VIVAIO DOLOMITI<\/h1>\n<blockquote><p><em>\u00a0UN PROGETTO DI RIQUALIFICAZIONE CHE PU\u00d2 DIVENTARE UN FORMAT DA ESPORTARE SU TUTTE LE STRADE PROVINCIALI<\/em><\/p><\/blockquote>\n<p><strong><a class=\"dt-pswp-item\" href=\"http:\/\/www.radiopiu.net\/wordpress\/wp-content\/uploads\/2019\/09\/e75da058-1af4-4547-9b72-5700a2905bf0.jpg\" data-dt-img-description=\"\" data-large_image_width=\"1599\" data-large_image_height=\"799\"><img loading=\"lazy\" decoding=\"async\" class=\"size-medium wp-image-97075 alignleft\" src=\"http:\/\/www.radiopiu.net\/wordpress\/wp-content\/uploads\/2019\/09\/e75da058-1af4-4547-9b72-5700a2905bf0-300x150.jpg\" alt=\"\" width=\"300\" height=\"150\" srcset=\"https:\/\/www.radiopiu.net\/wordpress\/wp-content\/uploads\/2019\/09\/e75da058-1af4-4547-9b72-5700a2905bf0-300x150.jpg 300w, https:\/\/www.radiopiu.net\/wordpress\/wp-content\/uploads\/2019\/09\/e75da058-1af4-4547-9b72-5700a2905bf0-768x384.jpg 768w, https:\/\/www.radiopiu.net\/wordpress\/wp-content\/uploads\/2019\/09\/e75da058-1af4-4547-9b72-5700a2905bf0-1024x512.jpg 1024w, https:\/\/www.radiopiu.net\/wordpress\/wp-content\/uploads\/2019\/09\/e75da058-1af4-4547-9b72-5700a2905bf0.jpg 1599w\" sizes=\"auto, (max-width: 300px) 100vw, 300px\" \/><\/a>BELLUNO<\/strong> \u00c8 stato presentato oggi, in conferenza stampa nella sede provinciale di Palazzo Piloni, il progetto di riqualificazione della rotatoria del Nevegal (sulla SP 31, in ingresso al Piazzale) donato dall\u2019associazione Vivaio Dolomiti alla Provincia di Belluno. Un\u2019operazione che sar\u00e0 portata avanti in maniera sinergica, grazie ad un accordo di programma tra l\u2019amministrazione provinciale, che si sta gi\u00e0 occupando della parte tecnica, e l\u2019associazione. La nuova rotatoria che sar\u00e0 realizzata nei prossimi mesi avr\u00e0 un profilo completamente diverso rispetto all\u2019attuale: pi\u00f9 sicura per la circolazione stradale, pi\u00f9 decorosa sotto l\u2019aspetto urbano. In particolare, all\u2019interno della rotonda ci saranno alcuni elementi identificativi della localit\u00e0, in modo da creare un primo biglietto da visita del Nevegal. Il profilo stilizzato della catena Faverghera-Toront-Visentin sar\u00e0 ricreato a contornare il nome Nevegal; e collocato in posizione di rilievo, assieme al simbolo del gallo cedrone, da cui il toponimo, e assieme ad arbusti autoctoni, come erica, rododendro e ginestra. Come ha spiegato l\u2019architetto progettista Willi Guidolin, verranno installate tre insegne retroilluminate di localit\u00e0, in acciaio corten tagliato a laser, collocate su sei monoliti in pietra di Castellavazzo. Attorno alla torre faro centrale, si dipartiranno nove cavi a led sino alla base centrale dell\u2019isola, per configurarsi come un albero stilizzato, simbolo di rinascita agli schianti provocati da Vaia, che hanno colpito duramente anche il Nevegal. E proprio da una serata di raccolta fondi per la ricostruzione \u00e8 partita l\u2019idea dell\u2019associazione Vivaio Dolomiti, subito accolta dalla Provincia. L\u2019operazione relativa alla rotatoria del Nevegal ha un valore complessivo di 50mila euro; 10mila da un contributo di Vivaio Dolomiti, che si occuper\u00e0 anche della manutenzione ordinaria, il resto invece sar\u00e0 a carico della Provincia. L\u2019opera potrebbe essere conclusa gi\u00e0 nella primavera 2020.<\/p>\n<p><strong>IL PROGETTISTA WILLI GUIDOLIN<\/strong><\/p>\n<audio class=\"wp-audio-shortcode\" id=\"audio-97027-6\" preload=\"none\" style=\"width: 100%;\" controls=\"controls\"><source type=\"audio\/mpeg\" src=\"http:\/\/www.radiopiu.net\/wordpress\/wp-content\/uploads\/2019\/09\/GUIDOLIN.mp3?_=6\" \/><a href=\"http:\/\/www.radiopiu.net\/wordpress\/wp-content\/uploads\/2019\/09\/GUIDOLIN.mp3\">http:\/\/www.radiopiu.net\/wordpress\/wp-content\/uploads\/2019\/09\/GUIDOLIN.mp3<\/a><\/audio>\n<p><strong>IL PRESIDENTE DELLA PROVINCIA ROBERTO PADRIN<\/strong><\/p>\n<blockquote><audio class=\"wp-audio-shortcode\" id=\"audio-97027-7\" preload=\"none\" style=\"width: 100%;\" controls=\"controls\"><source type=\"audio\/mpeg\" src=\"http:\/\/www.radiopiu.net\/wordpress\/wp-content\/uploads\/2019\/09\/PADRIN.mp3?_=7\" \/><a href=\"http:\/\/www.radiopiu.net\/wordpress\/wp-content\/uploads\/2019\/09\/PADRIN.mp3\">http:\/\/www.radiopiu.net\/wordpress\/wp-content\/uploads\/2019\/09\/PADRIN.mp3<\/a><\/audio>\n<p><em>\u00abVeneto Strade ha gi\u00e0 dato il primo ok alla nuova rotatoria &#8211; afferma il consigliere provinciale delegato, Massimo Bortoluzzi -. Crediamo che questo modello possa essere replicato anche per le altre localit\u00e0 turistiche della provincia e per altre strade provinciali in ingresso alle zone pi\u00f9 significative del nostro territorio\u00bb.<\/em><\/p><\/blockquote>\n<p>&nbsp;<\/p>\n<p>&nbsp;<\/p>\n<p>&nbsp;<\/p>\n<h2>CARENZA MEDICI. VERTICE REGIONE-UNIVERSITA\u2019<\/h2>\n<blockquote>\n<blockquote>\n<p class=\"western\"><em><b>ORDINE DEI MEDICI. LA PROSSIMA SETTIMANA UN TAVOLO VERSO SOLUZIONI CONDIVISE<\/b><\/em><\/p>\n<\/blockquote>\n<p><strong>VENEZIA\u00a0<\/strong> Prosegue in un clima di fattiva collaborazione il confronto apertosi tra Regione Veneto, Universit\u00e0 e Ordine dei Medici all\u2019indomani delle delibere con cui la Regione ha deciso di \u201caprire\u201d all\u2019assunzione di medici <a class=\"dt-pswp-item\" href=\"http:\/\/www.radiopiu.net\/wordpress\/wp-content\/uploads\/2019\/09\/RIUNIONE-MEDICI.png\" data-dt-img-description=\"\" data-large_image_width=\"1232\" data-large_image_height=\"633\"><img loading=\"lazy\" decoding=\"async\" class=\"size-medium wp-image-97045 alignleft\" src=\"http:\/\/www.radiopiu.net\/wordpress\/wp-content\/uploads\/2019\/09\/RIUNIONE-MEDICI-300x154.png\" alt=\"\" width=\"300\" height=\"154\" srcset=\"https:\/\/www.radiopiu.net\/wordpress\/wp-content\/uploads\/2019\/09\/RIUNIONE-MEDICI-300x154.png 300w, https:\/\/www.radiopiu.net\/wordpress\/wp-content\/uploads\/2019\/09\/RIUNIONE-MEDICI-768x395.png 768w, https:\/\/www.radiopiu.net\/wordpress\/wp-content\/uploads\/2019\/09\/RIUNIONE-MEDICI-1024x526.png 1024w, https:\/\/www.radiopiu.net\/wordpress\/wp-content\/uploads\/2019\/09\/RIUNIONE-MEDICI.png 1232w\" sizes=\"auto, (max-width: 300px) 100vw, 300px\" \/><\/a>laureati e abilitati, ma non specializzati, per far fronte alla carenza di professionisti negli ospedali. Nuovi passi avanti sono stati fatti oggi, al termine di un incontro, tenutosi in Giunta regionale, tra l\u2019Assessore alla Sanit\u00e0 Manuela Lanzarin, affiancata dal Direttore Generale Regionale Domenico Mantoan, i Presidenti delle Scuole di Medicina delle Universit\u00e0 di Padova e Verona, e i rappresentanti della Federazione regionale degli Ordini dei Medici. Premesso che c\u2019\u00e8 pieno accordo sulla necessit\u00e0 che il Governo nazionale aumenti le borse di specialit\u00e0 fino a portarle in numero pari ai laureati, Regione, Universit\u00e0 e Ordini professionali hanno istituito un Tavolo, che si riunir\u00e0 gi\u00e0 la settimana prossima, al termine del quale potrebbe scaturire una soluzione finale condivisa.<\/p>\n<p><strong>IL GOVERNATORE LUCA ZAIA SULL&#8217;ASSUNZIONE DEI 500 MEDICI<\/strong><\/p>\n<audio class=\"wp-audio-shortcode\" id=\"audio-97027-8\" preload=\"none\" style=\"width: 100%;\" controls=\"controls\"><source type=\"audio\/mpeg\" src=\"http:\/\/www.radiopiu.net\/wordpress\/wp-content\/uploads\/2019\/09\/Zaia-su-assunzione-500-medici.mp3?_=8\" \/><a href=\"http:\/\/www.radiopiu.net\/wordpress\/wp-content\/uploads\/2019\/09\/Zaia-su-assunzione-500-medici.mp3\">http:\/\/www.radiopiu.net\/wordpress\/wp-content\/uploads\/2019\/09\/Zaia-su-assunzione-500-medici.mp3<\/a><\/audio>\n<p><strong>IL &#8220;TAPPO&#8221; E&#8217; NELLA SCUOLA DI SPECIALITA&#8217;, NON NEL NUMERO CHIUSO<\/strong><\/p><\/blockquote>\n<audio class=\"wp-audio-shortcode\" id=\"audio-97027-9\" preload=\"none\" style=\"width: 100%;\" controls=\"controls\"><source type=\"audio\/mpeg\" src=\"http:\/\/www.radiopiu.net\/wordpress\/wp-content\/uploads\/2019\/09\/Numero-chiuso-e-test-a-Medicina.mp3?_=9\" \/><a href=\"http:\/\/www.radiopiu.net\/wordpress\/wp-content\/uploads\/2019\/09\/Numero-chiuso-e-test-a-Medicina.mp3\">http:\/\/www.radiopiu.net\/wordpress\/wp-content\/uploads\/2019\/09\/Numero-chiuso-e-test-a-Medicina.mp3<\/a><\/audio>\n<blockquote><p>&nbsp;<\/p>\n<p class=\"western\"><em>\u201cAl Tavolo \u2013 riferisce l\u2019Assessore Lanzarin &#8211; verranno valutati i numeri delle necessit\u00e0 della Regione, e le Universit\u00e0 porteranno una quantificazione della possibilit\u00e0 di mettere a disposizione loro specializzandi per partecipare al raggiungimento dei posti necessari da coprire, anticipando l\u2019anno di rotazione all\u2019esterno delle sedi istituzionali di quelli che gi\u00e0 stanno ruotando sulla rete formativa delle due Scuole di Medicina\u201d.<\/em><\/p>\n<\/blockquote>\n<p>&nbsp;<\/p>\n<p>&nbsp;<\/p>\n<h2>OBIETTIVO RAGGIUNTO AI PIEDI DELLA CRODA GRANDA, IL RESTAURO DEL RIFUGIO A TRE ANNI DALL&#8217;APPALTO E SUB APPALTI.<\/h2>\n<p><strong>GOSALDO<\/strong><\/p>\n<p><strong>GIANNI SANTOMASO<\/strong><\/p>\n<audio class=\"wp-audio-shortcode\" id=\"audio-97027-10\" preload=\"none\" style=\"width: 100%;\" controls=\"controls\"><source type=\"audio\/mpeg\" src=\"http:\/\/www.radiopiu.net\/wordpress\/wp-content\/uploads\/2019\/09\/GIANNI-GOSALDO.mp3?_=10\" \/><a href=\"http:\/\/www.radiopiu.net\/wordpress\/wp-content\/uploads\/2019\/09\/GIANNI-GOSALDO.mp3\">http:\/\/www.radiopiu.net\/wordpress\/wp-content\/uploads\/2019\/09\/GIANNI-GOSALDO.mp3<\/a><\/audio>\n<p><a class=\"dt-pswp-item\" href=\"http:\/\/www.radiopiu.net\/wordpress\/wp-content\/uploads\/2019\/09\/WhatsApp-Image-2019-09-03-at-20.24.22.jpeg\" data-dt-img-description=\"\" data-large_image_width=\"1600\" data-large_image_height=\"901\"><img loading=\"lazy\" decoding=\"async\" class=\"alignnone size-medium wp-image-97109\" src=\"http:\/\/www.radiopiu.net\/wordpress\/wp-content\/uploads\/2019\/09\/WhatsApp-Image-2019-09-03-at-20.24.22-300x169.jpeg\" alt=\"\" width=\"300\" height=\"169\" srcset=\"https:\/\/www.radiopiu.net\/wordpress\/wp-content\/uploads\/2019\/09\/WhatsApp-Image-2019-09-03-at-20.24.22-300x169.jpeg 300w, https:\/\/www.radiopiu.net\/wordpress\/wp-content\/uploads\/2019\/09\/WhatsApp-Image-2019-09-03-at-20.24.22-768x432.jpeg 768w, https:\/\/www.radiopiu.net\/wordpress\/wp-content\/uploads\/2019\/09\/WhatsApp-Image-2019-09-03-at-20.24.22-1024x577.jpeg 1024w, https:\/\/www.radiopiu.net\/wordpress\/wp-content\/uploads\/2019\/09\/WhatsApp-Image-2019-09-03-at-20.24.22.jpeg 1600w\" sizes=\"auto, (max-width: 300px) 100vw, 300px\" \/><\/a><a class=\"dt-pswp-item\" href=\"http:\/\/www.radiopiu.net\/wordpress\/wp-content\/uploads\/2019\/09\/WhatsApp-Image-2019-09-03-at-20.24.22-1.jpeg\" data-dt-img-description=\"\" data-large_image_width=\"1600\" data-large_image_height=\"901\"><img loading=\"lazy\" decoding=\"async\" class=\"alignnone size-medium wp-image-97108\" src=\"http:\/\/www.radiopiu.net\/wordpress\/wp-content\/uploads\/2019\/09\/WhatsApp-Image-2019-09-03-at-20.24.22-1-300x169.jpeg\" alt=\"\" width=\"300\" height=\"169\" srcset=\"https:\/\/www.radiopiu.net\/wordpress\/wp-content\/uploads\/2019\/09\/WhatsApp-Image-2019-09-03-at-20.24.22-1-300x169.jpeg 300w, https:\/\/www.radiopiu.net\/wordpress\/wp-content\/uploads\/2019\/09\/WhatsApp-Image-2019-09-03-at-20.24.22-1-768x432.jpeg 768w, https:\/\/www.radiopiu.net\/wordpress\/wp-content\/uploads\/2019\/09\/WhatsApp-Image-2019-09-03-at-20.24.22-1-1024x577.jpeg 1024w, https:\/\/www.radiopiu.net\/wordpress\/wp-content\/uploads\/2019\/09\/WhatsApp-Image-2019-09-03-at-20.24.22-1.jpeg 1600w\" sizes=\"auto, (max-width: 300px) 100vw, 300px\" \/><\/a><a class=\"dt-pswp-item\" href=\"http:\/\/www.radiopiu.net\/wordpress\/wp-content\/uploads\/2019\/09\/WhatsApp-Image-2019-09-03-at-20.24.22-2.jpeg\" data-dt-img-description=\"\" data-large_image_width=\"1600\" data-large_image_height=\"901\"><img loading=\"lazy\" decoding=\"async\" class=\"alignnone size-medium wp-image-97107\" src=\"http:\/\/www.radiopiu.net\/wordpress\/wp-content\/uploads\/2019\/09\/WhatsApp-Image-2019-09-03-at-20.24.22-2-300x169.jpeg\" alt=\"\" width=\"300\" height=\"169\" srcset=\"https:\/\/www.radiopiu.net\/wordpress\/wp-content\/uploads\/2019\/09\/WhatsApp-Image-2019-09-03-at-20.24.22-2-300x169.jpeg 300w, https:\/\/www.radiopiu.net\/wordpress\/wp-content\/uploads\/2019\/09\/WhatsApp-Image-2019-09-03-at-20.24.22-2-768x432.jpeg 768w, https:\/\/www.radiopiu.net\/wordpress\/wp-content\/uploads\/2019\/09\/WhatsApp-Image-2019-09-03-at-20.24.22-2-1024x577.jpeg 1024w, https:\/\/www.radiopiu.net\/wordpress\/wp-content\/uploads\/2019\/09\/WhatsApp-Image-2019-09-03-at-20.24.22-2.jpeg 1600w\" sizes=\"auto, (max-width: 300px) 100vw, 300px\" \/><\/a><\/p>\n<p>&nbsp;<\/p>\n<p>&nbsp;<\/p>\n<p>&nbsp;<\/p>\n<p>&nbsp;<\/p>\n<h2>A Emilio Vallata la benemerenza dell\u2019Associazione Bellunesi nel Mondo per i suoi quarant\u2019anni di emigrazione all\u2019estero<\/h2>\n<p lang=\"it-IT\" align=\"JUSTIFY\"><span style=\"color: #000000;\"><span style=\"font-family: Helvetica, sans-serif;\"><span style=\"font-size: medium;\"><strong>BELLUNO<\/strong> \u00abEmilio Vallata ha onorato il nome del Veneto e del Bellunese in oltre quarant\u2019anni di emigrazione a Milano, in Scozia e in Australia raggiungendo importanti traguardi, come l\u2019apertura di un\u2019impresa artigianale. Da sempre con un cuore generoso verso la sua terra natia tanto da ricevere la cittadinanza onoraria\u00bb. Questa la frase presente nella pergamena che il presidente Abm Oscar De Bona, assieme alla presidente della Famiglia ex emigranti dell\u2019Agordino Lucia De Toffol, ha consegnato a Emilio Vallata in occasione della Festa dell\u2019orzo svoltasi a San Tomaso Agordino nella giornata di domenica 1 settembre. <\/span><\/span><\/span><span style=\"color: #000000;\"><span style=\"font-family: Helvetica, sans-serif;\"><span style=\"font-size: medium;\">\u00abEra nostro dovere consegnare a Vallata questo riconoscimento\u00bb, sono le parole del presidente Abm Oscar De Bona, \u00abanche perch\u00e9 Emilio ha dimostrato un grande cuore per la sua terra, San Tomaso Agordino, proprio in occasione del disastro di Vaia. Dall\u2019Australia, il Paese in cui vive da oltre trent\u2019anni, ha inviato delle ingenti somme di denaro per sostenere i volontari che stavano sistemando i danni provocati dal mal tempo di fine ottobre 2018\u00bb. <\/span><\/span><\/span><span style=\"color: #000000;\"><span style=\"font-family: Helvetica, sans-serif;\"><span style=\"font-size: medium;\">Una persona da cui prendere esempio. Un emigrante che non deve essere dimenticato, anche perch\u00e9 lo stesso Emilio Vallata non dimentica la sua terra e la sua comunit\u00e0.<\/span><\/span><\/span><\/p>\n<p lang=\"it-IT\" align=\"JUSTIFY\"><a class=\"dt-pswp-item\" href=\"http:\/\/www.radiopiu.net\/wordpress\/wp-content\/uploads\/2019\/09\/vallata.jpg\" data-dt-img-description=\"\" data-large_image_width=\"1024\" data-large_image_height=\"768\"><img loading=\"lazy\" decoding=\"async\" class=\"aligncenter wp-image-97068 size-large\" src=\"http:\/\/www.radiopiu.net\/wordpress\/wp-content\/uploads\/2019\/09\/vallata-1024x768.jpg\" alt=\"\" width=\"1024\" height=\"768\" srcset=\"https:\/\/www.radiopiu.net\/wordpress\/wp-content\/uploads\/2019\/09\/vallata.jpg 1024w, https:\/\/www.radiopiu.net\/wordpress\/wp-content\/uploads\/2019\/09\/vallata-300x225.jpg 300w, https:\/\/www.radiopiu.net\/wordpress\/wp-content\/uploads\/2019\/09\/vallata-768x576.jpg 768w\" sizes=\"auto, (max-width: 1024px) 100vw, 1024px\" \/><\/a><\/p>\n<p lang=\"it-IT\" align=\"JUSTIFY\"><span style=\"color: #000000;\"><span style=\"font-family: Helvetica, sans-serif;\"><span style=\"font-size: medium;\"><i>\u00a0Da sinistra Lucia Macutan, Emilio Vallata, Moreno De Val, Oscar De Bona, Luciano Dal Molin<\/i><\/span><\/span><\/span><\/p>\n<p>&nbsp;<\/p>\n<p>&nbsp;<\/p>\n<p>&nbsp;<\/p>\n<h2>Chiusura sportello Agenzia delle Entrate di Pieve di Cadore. De Carlo: \u201cPenalizzati i cittadini. Meno servizi? Meno tasse\u201d<\/h2>\n<p><strong><a class=\"dt-pswp-item\" href=\"http:\/\/www.radiopiu.net\/wordpress\/wp-content\/uploads\/2019\/09\/agenziaentrate1-1-645452.jpg\" data-dt-img-description=\"\" data-large_image_width=\"1280\" data-large_image_height=\"852\"><img loading=\"lazy\" decoding=\"async\" class=\"wp-image-97102 alignleft\" src=\"http:\/\/www.radiopiu.net\/wordpress\/wp-content\/uploads\/2019\/09\/agenziaentrate1-1-645452-300x200.jpg\" alt=\"\" width=\"191\" height=\"127\" srcset=\"https:\/\/www.radiopiu.net\/wordpress\/wp-content\/uploads\/2019\/09\/agenziaentrate1-1-645452-300x200.jpg 300w, https:\/\/www.radiopiu.net\/wordpress\/wp-content\/uploads\/2019\/09\/agenziaentrate1-1-645452-768x511.jpg 768w, https:\/\/www.radiopiu.net\/wordpress\/wp-content\/uploads\/2019\/09\/agenziaentrate1-1-645452-1024x682.jpg 1024w, https:\/\/www.radiopiu.net\/wordpress\/wp-content\/uploads\/2019\/09\/agenziaentrate1-1-645452.jpg 1280w\" sizes=\"auto, (max-width: 191px) 100vw, 191px\" \/><\/a>CALALZO<\/strong> \u201cVogliono continuare a tagliarci i servizi? Allora ci taglino anche le tasse!\u201d: la provocazione \u00e8 del deputato di Fratelli d\u2019Italia, Luca De Carlo, all\u2019annuncio della chiusura il prossimo 30 settembre dello sportello di Pieve di Cadore dell\u2019Agenzia delle Entrate. \u201cQuesto \u00e8 l\u2019ennesimo danno ai cittadini della montagna\u201d, commenta De Carlo. \u201cPensiamo ai risvolti che una decisione simile ha in una realt\u00e0 turistica come il Cadore e l\u2019alto Bellunese: a Pieve i cittadini si rivolgono per avere informazioni o per registrare i contratti di affitto. Vogliamo costringere tutti, magari anche i pi\u00f9 anziani, a avventurarsi nel complicato mondo delle comunicazioni via Internet, soprattutto in un territorio dove la connessione \u00e8 lenta e difficoltosa?\u201d. \u201cSi danneggiano i privati cittadini e si ostacola il lavoro dei liberi professionisti, che perdono un importante punto di appoggio\u201d, conclude De Carlo. \u201cNon \u00e8 pi\u00f9 accettabile che si taglino i servizi in montagna con una logica di tagli orizzontali: se vogliono dimezzarci diritti e dignit\u00e0, almeno ci dimezzino anche le tasse\u201d.<\/p>\n<p>&nbsp;<\/p>\n<p>&nbsp;<\/p>\n<p>&nbsp;<\/p>\n<h2>ELIZA E LYUTSIYA, UN ANNO VOTATO AL TURISMO<\/h2>\n<blockquote>\n<h3><em>Le volontarie europee si sono impegnate in diversi progetti<\/em><\/h3>\n<\/blockquote>\n<p><a class=\"dt-pswp-item\" href=\"http:\/\/www.radiopiu.net\/wordpress\/wp-content\/uploads\/2019\/09\/Eliza-e-Lyutsiya.jpeg\" data-dt-img-description=\"\" data-large_image_width=\"1600\" data-large_image_height=\"1200\"><img loading=\"lazy\" decoding=\"async\" class=\"size-medium wp-image-97041 alignleft\" src=\"http:\/\/www.radiopiu.net\/wordpress\/wp-content\/uploads\/2019\/09\/Eliza-e-Lyutsiya-300x225.jpeg\" alt=\"\" width=\"300\" height=\"225\" srcset=\"https:\/\/www.radiopiu.net\/wordpress\/wp-content\/uploads\/2019\/09\/Eliza-e-Lyutsiya-300x225.jpeg 300w, https:\/\/www.radiopiu.net\/wordpress\/wp-content\/uploads\/2019\/09\/Eliza-e-Lyutsiya-768x576.jpeg 768w, https:\/\/www.radiopiu.net\/wordpress\/wp-content\/uploads\/2019\/09\/Eliza-e-Lyutsiya-1024x768.jpeg 1024w, https:\/\/www.radiopiu.net\/wordpress\/wp-content\/uploads\/2019\/09\/Eliza-e-Lyutsiya.jpeg 1600w\" sizes=\"auto, (max-width: 300px) 100vw, 300px\" \/><\/a><strong>BELLUNO<\/strong> Un anno votato al turismo e agli scambi culturali quello di Eliza e Lyutsiya. Le due volontarie europee hanno ultimato il loro anno a Belluno, ospiti del Comitato d&#8217;Intesa, e sono da poco tornate nei rispettivi paesi d&#8217;origine. Eliza , 27 anni, proveniente dalla cittadina russa di Krasnodar, e Lyutsiya, 31 anni di Mosca, hanno svolto diverse attivit\u00e0 di volontariato in territorio bellunese. In primis, hanno affiancato il personale dell\u2019ufficio turistico del Comune di Feltre, prestando anche collaborazione nelle visite a siti storici e archeologici della citt\u00e0 in collaborazione con i referenti dell&#8217;associazione \u201cIl Fondaco per Feltre\u201d. Le volontarie, dopo adeguata formazione, si sono impegnate nelle visite guidate in lingua inglese e russa ai tanti turisti. Sempre sul tema, hanno lavorato, in collaborazione con l&#8217;associazione Isoipse e in particolare nella persona di Giacomo Pompanin, all&#8217;ideazione di percorsi e visite guidate a Feltre e Belluno attraverso l&#8217;applicazione \u201cIZI.Travel\u201d; scaricando l&#8217;app, infatti, un visitatore pu\u00f2 trovare approfondimenti storici e curiosit\u00e0 sulle due citt\u00e0 nelle diverse lingue. Si sono poi messe in luce a differenti workshop presso l&#8217;istutito magistrale Renier e il Liceo Dal Piaz di Feltre, anch&#8217;essi in lingua inglese e russa, su svariati temi, dalle differenze culturali tra la loro nazione e la nostra, con l&#8217;obiettivo di superare stereotipi e pregiudizi, ad approdimenti sulla comunicazione fino alla promozione dei progetti Erasmus+ e Sve. Interessante la ricerca locale sull&#8217;utilizzo di droghe tra i giovani, coinvolgendo gli studenti del Dal Piaz, in seguito alla quale \u00e8 stato realizzato un report che sar\u00e0 scaricabile in formato elettronico come e-book. Infine, hanno preso parte il 12 e 13 ottobre alle varie iniziative del Csv Belluno proposte nell&#8217;ambito degli \u201cErasmus days\u201d, celebrati in tutta Europa: si \u00e8 trattato di due giornate in cui si \u00e8 raccontato ai giovani cos&#8217;\u00e8 il programma Erasmus+, quali opportunit\u00e0 offre e come \u00e8 cresciuto nel corso degli anni. Il progetto a cui hanno preso parte le due ragazze \u00e8 un volunteering project finanziato da Agenzia Nazionale per i Giovani dell&#8217;ambito del programma Erasmus+ intitolato &#8220;YOUng Culture&#8221;, dove il Comitato d&#8217;Intesa era l&#8217;ente capofila assieme al Comune di Feltre, l&#8217;ente ospitante.<\/p>\n<p>&nbsp;<\/p>\n<p>&nbsp;<\/p>\n<p>&nbsp;<\/p>\n<h2>L&#8217;OSPEDALE DI MISURINA NON CHIUDE, ALMENO SECONDO ZAIA<\/h2>\n<p><strong><a class=\"dt-pswp-item\" href=\"http:\/\/www.radiopiu.net\/wordpress\/wp-content\/uploads\/2019\/09\/PIO-XI-MISURINA-300x200.jpeg\" data-dt-img-description=\"\" data-large_image_width=\"300\" data-large_image_height=\"200\"><img loading=\"lazy\" decoding=\"async\" class=\" wp-image-97057 alignleft\" src=\"http:\/\/www.radiopiu.net\/wordpress\/wp-content\/uploads\/2019\/09\/PIO-XI-MISURINA-300x200-300x200.jpeg\" alt=\"\" width=\"194\" height=\"129\" \/><\/a><\/strong><\/p>\n<p>&nbsp;<\/p>\n<p><strong>VENEZIA<\/strong>\u00a0 punto stampa il presidente della Regione Luca Zaia \u00e8 intervenuto anche a proposito dell&#8217;ospedale di Misurina. Ecco il suo intervento<\/p>\n<audio class=\"wp-audio-shortcode\" id=\"audio-97027-11\" preload=\"none\" style=\"width: 100%;\" controls=\"controls\"><source type=\"audio\/mpeg\" src=\"http:\/\/www.radiopiu.net\/wordpress\/wp-content\/uploads\/2019\/09\/zaia-misurina.mp3?_=11\" \/><a href=\"http:\/\/www.radiopiu.net\/wordpress\/wp-content\/uploads\/2019\/09\/zaia-misurina.mp3\">http:\/\/www.radiopiu.net\/wordpress\/wp-content\/uploads\/2019\/09\/zaia-misurina.mp3<\/a><\/audio>\n<blockquote><p><strong>Istituto di Misurina, interrogazione di Zanoni (PD):\u00a0 \u201cCosa intende fare Zaia per evitare la perdita di un\u2019eccellenza sanitaria del Veneto nelle cure dei bambini asmatici?\u201d<\/strong><\/p><\/blockquote>\n<p><strong>VENEZIA<\/strong>\u00a0 \u201cNon so dove il presidente Zaia trovi le certezze per affermare che l\u2019Istituto Pio XII di Misurina rester\u00e0 aperto: la propriet\u00e0 dice altro, entro fine anno il centro verr\u00e0 chiuso per problemi economici. Visto che si tratta di un\u2019eccellenza, perch\u00e9 non c\u2019\u00e8 stato un adeguato riconoscimento in termini di contributi economici? Cosa intende fare la Regione per scongiurare la perdita di un punto di riferimento sanitario per bambini e adolescenti affetti da malattie respiratorie? Mi hanno anche scritto diverse mamme dispiaciute perch\u00e9 l\u00ec, con quell\u2019aria fresca e pulita, i loro figli erano guariti\u201d. Andrea Zanoni, consigliere del Partito Democratico, interroga la Giunta sul futuro della struttura del Bellunese diventata nel suo mezzo secolo di attivit\u00e0, uno dei centri pi\u00f9 importanti a livello mondiale per la cura delle malattie respiratorie.\u00a0 \u201cNon si capisce come mai, nonostante le patologie siano in crescita, il numero dei pazienti continui ad assottigliarsi, considerando che \u00e8 convenzionata con il sistema sanitario regionale e con numerosi ospedali pediatrici. Zaia non si limiti alle solite promesse, ma si impegni seriamente affinch\u00e9 anche a livello nazionale si valuti l\u2019importanza dell\u2019Istituto di Misurina. Mi domando come mai non l\u2019ha fatto fino adesso, quando la Lega era al governo e con un sottosegretario alla Salute veneto, l\u2019ex assessore Coletto. Le istituzioni devono dare una risposta concreta a un territorio che si \u00e8 prontamente mobilitato, inclusa l\u2019amministrazione comunale di Auronzo di Cadore, con una raccolta firme che ha superato quota tremila per chiedere al ministero della Salute di attivarsi per evitare la chiusura. L\u2019eccellenza della sanit\u00e0 veneta va difesa con i fatti, non bastano le parole\u201d.<\/p>\n<p>&nbsp;<\/p>\n<blockquote class=\"wp-embedded-content\" data-secret=\"je2ryIKycl\"><p><a href=\"http:\/\/www.radiopiu.net\/wordpress\/pio-xii-di-misurina-la-lettera\/\">PIO XII DI MISURINA: LA LETTERA<\/a><\/p><\/blockquote>\n<p><iframe loading=\"lazy\" title=\"&#8220;PIO XII DI MISURINA: LA LETTERA&#8221; &#8212; Radio Pi\u00f9\" class=\"wp-embedded-content\" sandbox=\"allow-scripts\" security=\"restricted\" style=\"position: absolute; clip: rect(1px, 1px, 1px, 1px);\" src=\"http:\/\/www.radiopiu.net\/wordpress\/pio-xii-di-misurina-la-lettera\/embed\/#?secret=je2ryIKycl\" data-secret=\"je2ryIKycl\" width=\"600\" height=\"338\" frameborder=\"0\" marginwidth=\"0\" marginheight=\"0\" scrolling=\"no\"><\/iframe><\/p>\n<p>&nbsp;<\/p>\n<p>&nbsp;<\/p>\n<p>&nbsp;<\/p>\n<p>&nbsp;<\/p>\n<p><strong>NUOVO QUESTORE A BELLUNO \u00abBELLUNESE, TERRA DI DONNE SOGGETTO, ESEMPIO DI RESPONSABILIZZAZIONE PER LE PI\u00d9 GIOVANI\u00bb<\/strong><\/p>\n<blockquote><p><em>\u00abIl problema dello spopolamento nel Bellunese si combatte anche cos\u00ec, portando casi di successo e trasmettendo alle nostre ragazze e ai nostri ragazzi la cultura del rispetto, della libert\u00e0 e del lavoro. Un territorio inclusivo e aperto alle differenze \u00e8 un territorio vincente\u00bb<\/em><\/p><\/blockquote>\n<p><strong>BELLUNO<\/strong> \u00a0\u00abFaccio i miei migliori auguri al nuovo questore di Belluno Lilia Fredella e mi congratulo con la comandante dei Carabinieri della stazione di Belluno Emanuela Cervellera, rientrata al lavoro dopo essere diventata mamma per la seconda volta e promossa a \u201cMaggiore\u201d. Penso siano due esempi di grande rilevanza per tutte le giovani della nostra terra, un segnale che non bisogna avere paura ad assumersi dei rischi anche nella vita professionale\u00bb. A dirlo \u00e8 la presidente di Confindustria Belluno Dolomiti Lorraine Berton: \u00abNelle forze dell\u2019ordine come nell\u2019imprenditoria molte cose sono cambiate e il Bellunese, da questo punto di vista, non \u00e8 secondo a nessuno. Dobbiamo andare avanti su questa strada e far capire alle nostre giovani che il futuro \u00e8 nelle loro mani. Siamo una provincia di donne soggetto e lo dobbiamo rivendicare con forza. Il maschilismo non \u00e8 ancora morto, ma siamo sulla buona strada\u00bb. \u00abL\u2019occhialeria \u00e8 sempre stato un comparto rosa, soprattutto se si guarda alla manodopera. Oggi sono sempre di pi\u00f9 le donne con ruoli di responsabilit\u00e0\u00bb, rimarca Berton. \u00ab\u00c8 una rivincita anche per le nostre nonne e mamme, spesso relegate ai lavori pi\u00f9 faticosi. Oggi la tecnologia \u2013 e non solo \u2013 aiuta\u00bb.<\/p>\n<p>&nbsp;<\/p>\n<p>&nbsp;<\/p>\n<p>&nbsp;<\/p>\n<h2>DOMENICA LA MESSA NEL RICORDO DEI FIGLI CON GENITORI SEMPRE<\/h2>\n<p><a class=\"dt-pswp-item\" href=\"http:\/\/www.radiopiu.net\/wordpress\/wp-content\/uploads\/2019\/09\/10150700_490739931102308_6049440367794500624_n.jpg\" data-dt-img-description=\"\" data-large_image_width=\"851\" data-large_image_height=\"315\"><img loading=\"lazy\" decoding=\"async\" class=\"alignnone size-medium wp-image-97120\" src=\"http:\/\/www.radiopiu.net\/wordpress\/wp-content\/uploads\/2019\/09\/10150700_490739931102308_6049440367794500624_n-300x111.jpg\" alt=\"\" width=\"300\" height=\"111\" srcset=\"https:\/\/www.radiopiu.net\/wordpress\/wp-content\/uploads\/2019\/09\/10150700_490739931102308_6049440367794500624_n-300x111.jpg 300w, https:\/\/www.radiopiu.net\/wordpress\/wp-content\/uploads\/2019\/09\/10150700_490739931102308_6049440367794500624_n-768x284.jpg 768w, https:\/\/www.radiopiu.net\/wordpress\/wp-content\/uploads\/2019\/09\/10150700_490739931102308_6049440367794500624_n.jpg 851w\" sizes=\"auto, (max-width: 300px) 100vw, 300px\" \/><\/a><\/p>\n<p><strong>DI GIANNI SANTOMASO\u00a0<\/strong><\/p>\n<p>&nbsp;<\/p>\n<audio class=\"wp-audio-shortcode\" id=\"audio-97027-12\" preload=\"none\" style=\"width: 100%;\" controls=\"controls\"><source type=\"audio\/mpeg\" src=\"http:\/\/www.radiopiu.net\/wordpress\/wp-content\/uploads\/2019\/09\/GIANNI-DOMENICA-MESSA.mp3?_=12\" \/><a href=\"http:\/\/www.radiopiu.net\/wordpress\/wp-content\/uploads\/2019\/09\/GIANNI-DOMENICA-MESSA.mp3\">http:\/\/www.radiopiu.net\/wordpress\/wp-content\/uploads\/2019\/09\/GIANNI-DOMENICA-MESSA.mp3<\/a><\/audio>\n<p>&nbsp;<\/p>\n<p>&nbsp;<\/p>\n<h2>ARTISTI ALPINI AL NOF FILO&#8217; DI CENCENIGHE<\/h2>\n<p><a class=\"dt-pswp-item\" href=\"http:\/\/www.radiopiu.net\/wordpress\/wp-content\/uploads\/2019\/09\/Il-sindaco-Mauro-Soppelsa-Dante-Colli-Bepi-Pellegrinon-e-Loris-Santomaso.jpg\" data-dt-img-description=\"\" data-large_image_width=\"3264\" data-large_image_height=\"1836\"><img loading=\"lazy\" decoding=\"async\" class=\"size-medium wp-image-97122 alignleft\" src=\"http:\/\/www.radiopiu.net\/wordpress\/wp-content\/uploads\/2019\/09\/Il-sindaco-Mauro-Soppelsa-Dante-Colli-Bepi-Pellegrinon-e-Loris-Santomaso-300x169.jpg\" alt=\"\" width=\"300\" height=\"169\" srcset=\"https:\/\/www.radiopiu.net\/wordpress\/wp-content\/uploads\/2019\/09\/Il-sindaco-Mauro-Soppelsa-Dante-Colli-Bepi-Pellegrinon-e-Loris-Santomaso-300x169.jpg 300w, https:\/\/www.radiopiu.net\/wordpress\/wp-content\/uploads\/2019\/09\/Il-sindaco-Mauro-Soppelsa-Dante-Colli-Bepi-Pellegrinon-e-Loris-Santomaso-768x432.jpg 768w, https:\/\/www.radiopiu.net\/wordpress\/wp-content\/uploads\/2019\/09\/Il-sindaco-Mauro-Soppelsa-Dante-Colli-Bepi-Pellegrinon-e-Loris-Santomaso-1024x576.jpg 1024w\" sizes=\"auto, (max-width: 300px) 100vw, 300px\" \/><\/a><strong>DI LUISA MANFROI<\/strong><\/p>\n<p><strong>CENCENIGHE<\/strong> \u2013 Rester\u00e0 aperta fino a sabato 7 settembre, la mostra \u201cArtisti delle vallate alpine\u201d allestita al Nof Fil\u00f2. Una sessantina di opere di dipinti e sculture di quarantasette maestri dell\u2019arte. Nomi eccellenti del panorama artistico che Bepi Pellegrinon, accademico del Cai e cultore della montagna, oltre che titolare della casa editrice Nuovi Sentieri, ha riunito in questa rassegna di notevole valore culturale con la collaborazione del Gism (Gruppo italiano scrittori di montagna). Lavori recenti e pi\u00f9 datati, provenienti da collezioni private, portano la firma di autori come Augusto e Franco Murer, Dino Buzzati, Giuliano De Rocco, Vico Calabr\u00f2, Dante Moro, Domenico Rudatis, Tommaso Magalotti, Adolf Vallazza, Lucio Groja, Dunio, Albino Mezzacasa, solo per citarne alcuni. L\u2019inaugurazione avvenuta nel pomeriggio di sabato 24 agosto, ha visto il saluto del sindaco di Cencenighe Mauro Soppelsa e gli interventi di Dante Colli, presidente del Gism\u00a0 e di Bepi Pellegrinon.<\/p>\n<p>&nbsp;<\/p>\n<p>&nbsp;<\/p>\n<p>&nbsp;<\/p>\n<h2>TRA LEGGENDE E MISTERI, IL CONCORSO DI INEDITI<\/h2>\n<p><strong><a class=\"dt-pswp-item\" href=\"http:\/\/www.radiopiu.net\/wordpress\/wp-content\/uploads\/2019\/09\/immagine-del-concorso-2019.jpg\" data-dt-img-description=\"\" data-large_image_width=\"2480\" data-large_image_height=\"2518\"><img loading=\"lazy\" decoding=\"async\" class=\" wp-image-97030 alignright\" src=\"http:\/\/www.radiopiu.net\/wordpress\/wp-content\/uploads\/2019\/09\/immagine-del-concorso-2019-295x300.jpg\" alt=\"\" width=\"187\" height=\"190\" srcset=\"https:\/\/www.radiopiu.net\/wordpress\/wp-content\/uploads\/2019\/09\/immagine-del-concorso-2019-295x300.jpg 295w, https:\/\/www.radiopiu.net\/wordpress\/wp-content\/uploads\/2019\/09\/immagine-del-concorso-2019-768x780.jpg 768w, https:\/\/www.radiopiu.net\/wordpress\/wp-content\/uploads\/2019\/09\/immagine-del-concorso-2019-1009x1024.jpg 1009w\" sizes=\"auto, (max-width: 187px) 100vw, 187px\" \/><\/a>SOSPIROLO<\/strong> C&#8217;\u00e8 ancora tempo fino a luned\u00ec 30 settembre per partecipare alla decima edizione del concorso letterario \u201cSospirolo tra leggende e misteri\u201d promosso da Pro Loco \u201cMonti del Sole\u201d e Comune di Sospirolo, abbinato a \u201cVeneto, spettacoli di Mistero 2019\u201d di Unpli e Regione Veneto. Sono previste 3 sezioni: A- Bambini (da 6 a 12 anni); B- Giovani (da 13 a 18 anni); C- Adulti (oltre i 18 anni), aperte a singoli o gruppi. Oggetto del concorso sono racconti brevi inediti incentrati sul tema del gioco nella pluralit\u00e0 delle sue manifestazioni. Il concorso si rivolge ai nati e\/o residenti nel Triveneto e la partecipazione \u00e8 gratuita. Ogni concorrente, singolo o gruppo, pu\u00f2 partecipare con un solo racconto inedito in lingua italiana, completo di titolo, della lunghezza massima di 8000 battute, spazi inclusi. Sono in palio 200 euro per la sezione A, 300 a testa per le sezioni B e C pi\u00f9 altri premi. Particolarmente gradita dai promotori \u00e8 la partecipazione di giovani e giovanissimi, per i quali sono stati promossi, anche in altre occasioni, da Pro loco e biblioteca civica diversi appuntamenti legati al tema. Per info 338 4677367 (dopo le 18), <a href=\"mailto:concorsisospirolo@gmail.com\" target=\"_blank\" rel=\"noopener noreferrer\">concorsisospirolo@gmail.com<\/a>. L\u2019intero regolamento \u00e8 visibile nel sito <a href=\"http:\/\/www.sospirolo.net\" target=\"_blank\" rel=\"noopener noreferrer\">www.sospirolo.net<\/a> e su Facebook (Pro Loco \u201cMonti del Sole\u201d). Il concorso vede il patrocinio di Provincia di Belluno, Unione Montana Val Belluna, Latteria sociale di Camolino, associazione Il Veses.<\/p>\n<p>&nbsp;<\/p>\n<p>&nbsp;<\/p>\n<p>&nbsp;<\/p>\n<p align=\"CENTER\"><span style=\"color: #000000;\"><span style=\"font-family: Helvetica, serif;\"><span style=\"color: #323232;\"><span style=\"font-family: Calibri, serif;\"><span style=\"font-size: large;\"><u><b>PROGETTO ASTUS: ALPINE SMART TRANSPORT AND URBANISM STRATEGIES<\/b><\/u><\/span><\/span><\/span><\/span><\/span><\/p>\n<p><strong>LONGARONE <\/strong><span style=\"color: #323232;\"><span style=\"font-family: Calibri, serif;\"><span style=\"font-size: medium;\">Nell\u2019ambito del progetto <\/span><\/span><\/span><span style=\"color: #323232;\"><span style=\"font-family: Calibri, serif;\"><span style=\"font-size: medium;\"><b>ASTUS: Alpine Smart Transport And Urbanism Strategies<\/b><\/span><\/span><\/span><span style=\"color: #323232;\"><span style=\"font-family: Calibri, serif;\"><span style=\"font-size: medium;\">,<\/span><\/span><\/span><b> <\/b><span style=\"color: #323232;\"><span style=\"font-family: Calibri, serif;\"><span style=\"font-size: medium;\">di cui il Consorzio BIM Piave \u00e8 partner, <\/span><\/span><\/span><span style=\"color: #323232;\"><span style=\"font-family: Calibri, serif;\"><span style=\"font-size: medium;\"><u>venerd\u00ec 6 settembre, alle ore 16.00,<\/u><\/span><\/span><\/span><span style=\"color: #323232;\"><span style=\"font-family: Calibri, serif;\"><span style=\"font-size: medium;\"> si terr\u00e0 a Longarone, presso il Centro Culturale, la tavola rotonda dal titolo: <\/span><\/span><\/span><span style=\"color: #000000;\"><span style=\"font-family: Helvetica, serif;\"><span style=\"color: #323232;\"><span style=\"font-family: Calibri, serif;\"><span style=\"font-size: medium;\"><b>CARPOOLING: la mobilit\u00e0 che sostiene il territorio <\/b><\/span><\/span><\/span><\/span><\/span><span style=\"color: #000000;\"><span style=\"font-family: Helvetica, serif;\"><span style=\"color: #323232;\"><span style=\"font-family: Calibri, serif;\"><span style=\"font-size: medium;\">Il progetto \u00e8 finanziato dal Programma Interreg Spazio Alpino 2014-2020, Asse Prioritaria 2.<\/span><\/span><\/span> <span style=\"color: #323232;\"><span style=\"font-family: Calibri, serif;\"><span style=\"font-size: medium;\">Il progetto coinvolge 5 diverse regioni alpine e sono coinvolti 12 Partner. I<\/span><\/span><\/span><\/span><\/span><span style=\"color: #000000;\"><span style=\"font-family: Helvetica, serif;\"><span style=\"color: #323232;\"><span style=\"font-family: Calibri, serif;\"><span style=\"font-size: medium;\">l progetto nasce dall\u2019esigenza di trovare soluzioni a lungo termine per rispondere al costante aumento del volume di traffico nell\u2019area alpina, adottando una mobilit\u00e0 sostenibile. <\/span><\/span><\/span><\/span><\/span><span style=\"color: #000000;\"><span style=\"font-family: Helvetica, serif;\"><span style=\"color: #323232;\"><span style=\"font-family: Calibri, serif;\"><span style=\"font-size: medium;\">In questa definizione raggruppiamo tutte le modalit\u00e0 di spostamento in grado di diminuire gli impatti ambientali, sociali ed economici generati dall&#8217;uso di veicoli privati. <\/span><\/span><\/span><\/span><\/span><span style=\"font-size: medium; font-family: Calibri, serif; color: #323232;\">L\u2019impatto della mobilit\u00e0 a cui siamo abituati ha conseguenze negative da una prospettiva ambientale, economica e sociale e contraddice lo sviluppo sostenibile dello spazio alpino poich\u00e9 crea livelli sempre pi\u00f9 elevati di emissioni di CO2. <\/span><span style=\"color: #000000;\"><span style=\"font-family: Helvetica, serif;\"><span style=\"color: #323232;\"><span style=\"font-family: Calibri, serif;\"><span style=\"font-size: medium;\">L\u2019iniziativa, organizzata dal Consorzio BIM Piave in collaborazione con Regione Veneto, Fondazione Dolomiti UNESCO, Dolomiti Bus, Confindustria Belluno Dolomiti e Comitato d\u2019Intesa, punta a diffondere il concetto di adottare la mobilit\u00e0 sostenibile come una nuova normalit\u00e0.<\/span><\/span><\/span><\/span><\/span><\/p>\n<p>&nbsp;<\/p>\n<h3><\/h3>\n<p>&nbsp;<\/p>\n<h3>IERI ALLA RADIO, LA SECONDA DELLE 10 PUNTATE DOLOMITI FLASH, DI CLAUDIO PRA<\/h3>\n<div style=\"width: 1200px;\" class=\"wp-video\"><video class=\"wp-video-shortcode\" id=\"video-97027-1\" width=\"1200\" height=\"675\" preload=\"metadata\" controls=\"controls\"><source type=\"video\/mp4\" src=\"http:\/\/www.radiopiu.net\/wordpress\/wp-content\/uploads\/2019\/09\/Dolomiti-flash-2-1.mp4?_=1\" \/><a href=\"http:\/\/www.radiopiu.net\/wordpress\/wp-content\/uploads\/2019\/09\/Dolomiti-flash-2-1.mp4\">http:\/\/www.radiopiu.net\/wordpress\/wp-content\/uploads\/2019\/09\/Dolomiti-flash-2-1.mp4<\/a><\/video><\/div>\n<p>&nbsp;<\/p>\n<p>&nbsp;<\/p>\n<p>&nbsp;<\/p>\n<p><a class=\"dt-pswp-item\" href=\"http:\/\/www.radiopiu.net\/wordpress\/wp-content\/uploads\/2018\/09\/appuntamenti.jpeg\" data-dt-img-description=\"\" data-large_image_width=\"800\" data-large_image_height=\"100\"><img loading=\"lazy\" decoding=\"async\" class=\"aligncenter wp-image-61958 size-full\" src=\"http:\/\/www.radiopiu.net\/wordpress\/wp-content\/uploads\/2018\/09\/appuntamenti.jpeg\" alt=\"\" width=\"800\" height=\"100\" srcset=\"https:\/\/www.radiopiu.net\/wordpress\/wp-content\/uploads\/2018\/09\/appuntamenti.jpeg 800w, https:\/\/www.radiopiu.net\/wordpress\/wp-content\/uploads\/2018\/09\/appuntamenti-300x38.jpeg 300w, https:\/\/www.radiopiu.net\/wordpress\/wp-content\/uploads\/2018\/09\/appuntamenti-768x96.jpeg 768w\" sizes=\"auto, (max-width: 800px) 100vw, 800px\" \/><\/a><\/p>\n<p>&nbsp;<\/p>\n<p>&nbsp;<\/p>\n<h3><a class=\"dt-pswp-item\" href=\"http:\/\/www.radiopiu.net\/wordpress\/wp-content\/uploads\/2019\/09\/4627eb0a-25b9-4c96-817e-da3f72b33d41.jpg\" data-dt-img-description=\"\" data-large_image_width=\"285\" data-large_image_height=\"498\"><img loading=\"lazy\" decoding=\"async\" class=\"size-medium wp-image-96911 alignleft\" src=\"http:\/\/www.radiopiu.net\/wordpress\/wp-content\/uploads\/2019\/09\/4627eb0a-25b9-4c96-817e-da3f72b33d41-172x300.jpg\" alt=\"\" width=\"172\" height=\"300\" srcset=\"https:\/\/www.radiopiu.net\/wordpress\/wp-content\/uploads\/2019\/09\/4627eb0a-25b9-4c96-817e-da3f72b33d41-172x300.jpg 172w, https:\/\/www.radiopiu.net\/wordpress\/wp-content\/uploads\/2019\/09\/4627eb0a-25b9-4c96-817e-da3f72b33d41.jpg 285w\" sizes=\"auto, (max-width: 172px) 100vw, 172px\" \/><\/a><\/h3>\n<h3><\/h3>\n<h3><\/h3>\n<h3><\/h3>\n<h3><\/h3>\n<h3>HO FATTO CENTRO, DOMANI AD AGORDO.<\/h3>\n<p>DI GIANNI SANTOMASO<\/p>\n<p>&nbsp;<\/p>\n<h3><\/h3>\n<h3><\/h3>\n<audio class=\"wp-audio-shortcode\" id=\"audio-97027-13\" preload=\"none\" style=\"width: 100%;\" controls=\"controls\"><source type=\"audio\/mpeg\" src=\"http:\/\/www.radiopiu.net\/wordpress\/wp-content\/uploads\/2019\/09\/ho-fatto-centro-giovedi.mp3?_=13\" \/><a href=\"http:\/\/www.radiopiu.net\/wordpress\/wp-content\/uploads\/2019\/09\/ho-fatto-centro-giovedi.mp3\">http:\/\/www.radiopiu.net\/wordpress\/wp-content\/uploads\/2019\/09\/ho-fatto-centro-giovedi.mp3<\/a><\/audio>\n<p>&nbsp;<\/p>\n<p>&nbsp;<\/p>\n<h3><\/h3>\n<blockquote>\n<h3><\/h3>\n<\/blockquote>\n<h3>GLI APPUNTAMENTI DEL ROTARY DI BELLUNO CON I RADIO AMATORI ITALIANI 5 SETTEMBRE<\/h3>\n<audio class=\"wp-audio-shortcode\" id=\"audio-97027-14\" preload=\"none\" style=\"width: 100%;\" controls=\"controls\"><source type=\"audio\/mpeg\" src=\"http:\/\/www.radiopiu.net\/wordpress\/wp-content\/uploads\/2019\/09\/rotary-scade-5-settembre.mp3?_=14\" \/><a href=\"http:\/\/www.radiopiu.net\/wordpress\/wp-content\/uploads\/2019\/09\/rotary-scade-5-settembre.mp3\">http:\/\/www.radiopiu.net\/wordpress\/wp-content\/uploads\/2019\/09\/rotary-scade-5-settembre.mp3<\/a><\/audio>\n<p>&nbsp;<\/p>\n<p>&nbsp;<\/p>\n<p>&nbsp;<\/p>\n<h3>CONCERTI AL BORGO, 6 SETTEMBRE<\/h3>\n<audio class=\"wp-audio-shortcode\" id=\"audio-97027-15\" preload=\"none\" style=\"width: 100%;\" controls=\"controls\"><source type=\"audio\/mpeg\" src=\"http:\/\/www.radiopiu.net\/wordpress\/wp-content\/uploads\/2019\/09\/concerti-borgo-damiano-scade-6-settembre.mp3?_=15\" \/><a href=\"http:\/\/www.radiopiu.net\/wordpress\/wp-content\/uploads\/2019\/09\/concerti-borgo-damiano-scade-6-settembre.mp3\">http:\/\/www.radiopiu.net\/wordpress\/wp-content\/uploads\/2019\/09\/concerti-borgo-damiano-scade-6-settembre.mp3<\/a><\/audio>\n<p>&nbsp;<\/p>\n<p>&nbsp;<\/p>\n<p>&nbsp;<\/p>\n<p><strong>SELVA DI CADORE<\/strong> In localita&#8217; i Piegn de Santa Fosca\u00a0 festa della desmontegada, nona edizione. Sabato 7 e domenica 8 settembre. Sabato da mezzogiorno apertura tendone e spiedo trevisano, iniziativa del comune di Maser, a sostegno della comunita&#8217; locale.\u00a0 intrattenimento e musica tradizionale con i sonde.\u00a014.30 presentazione delle associazioni di soccorso locale ed esposizione mezzi di soccorso, nel pomeriggio voli turistici in elicottero. \u00a017.30 aperitivo happy hour.\u00a0 \u00a018.30 stand gastronomico con piatti tipici locali. \u00a021 musica e divertimento dalla Val Comelico con i dottor Jacky e mister Hyde.\u00a0 Domenica dalle 9 alle 17 scivoli gonfiabili per bambini.\u00a0 \u00a010 apertura mercatino di artigianato e prodotti tipici locali, 10.30 esibizione in piazzale santa fosca del gruppo folk nevegal, 1130 tradizionale sfilata dei capi di bestiame di ritorno da pascoli e malghe di Selva di Cadore e da mezzogiorno stand gastronomico con piatti tipici locali, 12.30 esibilzione sotto il tendone del gruppo Salten Oberk Krainer,\u00a0 ringraziamento delle autorit\u00e0 alle associazioni di soccorso locale. 15.30 esibizione del gruppo folk Selva di Cadore e del gruppo folk Nevegal.<\/p>\n<p>&nbsp;<\/p>\n<p>&nbsp;<\/p>\n<p>&nbsp;<\/p>\n<p><strong>GITA CON I DONATORI DEL SANGUE DI CANALE D&#8217;AGORDO<\/strong><\/p>\n<audio class=\"wp-audio-shortcode\" id=\"audio-97027-16\" preload=\"none\" style=\"width: 100%;\" controls=\"controls\"><source type=\"audio\/mpeg\" src=\"http:\/\/www.radiopiu.net\/wordpress\/wp-content\/uploads\/2019\/09\/gr-28-gita-donatori-sangue-canale.mp3?_=16\" \/><a href=\"http:\/\/www.radiopiu.net\/wordpress\/wp-content\/uploads\/2019\/09\/gr-28-gita-donatori-sangue-canale.mp3\">http:\/\/www.radiopiu.net\/wordpress\/wp-content\/uploads\/2019\/09\/gr-28-gita-donatori-sangue-canale.mp3<\/a><\/audio>\n<p>&nbsp;<\/p>\n<p>&nbsp;<\/p>\n<h3>SESSANTA GIOCHI DI UNA VOLTA&#8230; PER TUTTI.<\/h3>\n<h3><a class=\"dt-pswp-item\" href=\"http:\/\/www.radiopiu.net\/wordpress\/wp-content\/uploads\/2019\/09\/LUDOTECA-BASSA-RISOLUZIONE.jpg\" data-dt-img-description=\"\" data-large_image_width=\"1754\" data-large_image_height=\"2480\"><img loading=\"lazy\" decoding=\"async\" class=\" wp-image-96899 alignleft\" src=\"http:\/\/www.radiopiu.net\/wordpress\/wp-content\/uploads\/2019\/09\/LUDOTECA-BASSA-RISOLUZIONE-212x300.jpg\" alt=\"\" width=\"166\" height=\"235\" srcset=\"https:\/\/www.radiopiu.net\/wordpress\/wp-content\/uploads\/2019\/09\/LUDOTECA-BASSA-RISOLUZIONE-212x300.jpg 212w, https:\/\/www.radiopiu.net\/wordpress\/wp-content\/uploads\/2019\/09\/LUDOTECA-BASSA-RISOLUZIONE-768x1086.jpg 768w, https:\/\/www.radiopiu.net\/wordpress\/wp-content\/uploads\/2019\/09\/LUDOTECA-BASSA-RISOLUZIONE-724x1024.jpg 724w, https:\/\/www.radiopiu.net\/wordpress\/wp-content\/uploads\/2019\/09\/LUDOTECA-BASSA-RISOLUZIONE.jpg 1754w\" sizes=\"auto, (max-width: 166px) 100vw, 166px\" \/><\/a><\/h3>\n<h3><\/h3>\n<h3><\/h3>\n<p><strong>CENCENIGHE<\/strong> Alla riscoperta del gioco perduto, sabato 14 settembre dalle 14 in poi presso il piazzale del Nof Filo&#8217; di Cencenighe, sessanta giochi di una volta con entrata libera e merenda per tutti. In caso di maltempo all&#8217;interno del Nof Filo&#8217;.<\/p>\n<p><strong>L&#8217;INTERVISTA ALLA RADIO<\/strong><\/p>\n<p>&nbsp;<\/p>\n<p>&nbsp;<\/p>\n<audio class=\"wp-audio-shortcode\" id=\"audio-97027-17\" preload=\"none\" style=\"width: 100%;\" controls=\"controls\"><source type=\"audio\/mpeg\" src=\"http:\/\/www.radiopiu.net\/wordpress\/wp-content\/uploads\/2019\/09\/giochi-di-una-volta-irina-baiolla-scade-14-settembre.mp3?_=17\" \/><a href=\"http:\/\/www.radiopiu.net\/wordpress\/wp-content\/uploads\/2019\/09\/giochi-di-una-volta-irina-baiolla-scade-14-settembre.mp3\">http:\/\/www.radiopiu.net\/wordpress\/wp-content\/uploads\/2019\/09\/giochi-di-una-volta-irina-baiolla-scade-14-settembre.mp3<\/a><\/audio>\n<p>&nbsp;<\/p>\n<p>&nbsp;<\/p>\n<p>&nbsp;<\/p>\n<p><strong>CANALE D&#8217;AGORDO Sabato<\/strong> 14 e domenica\u00a0 15 settembre sagra con l&#8217;associazione Ki da Fargona. Nell&#8217;ambito della festa &#8220;Doi varc entorn Frena&#8221;, primo memorial Bepino De Ventura, gara i corsa in montagna non competitiva quasi interamente su terreno sterrato. Sabato 14 settembre alle 11, iscrizioni sotto al tendone dalle 9.15, gadget tecnico per i primi 150 iscritti e buono pasta party. info 3331850468<\/p>\n<p><span style=\"color: #ff0000;\">SAGRA FREGONA, LO SPOT ALLA RADIO<\/span><\/p>\n<audio class=\"wp-audio-shortcode\" id=\"audio-97027-18\" preload=\"none\" style=\"width: 100%;\" controls=\"controls\"><source type=\"audio\/mpeg\" src=\"http:\/\/www.radiopiu.net\/wordpress\/wp-content\/uploads\/2019\/09\/SAGRA-FREGONA.mp3?_=18\" \/><a href=\"http:\/\/www.radiopiu.net\/wordpress\/wp-content\/uploads\/2019\/09\/SAGRA-FREGONA.mp3\">http:\/\/www.radiopiu.net\/wordpress\/wp-content\/uploads\/2019\/09\/SAGRA-FREGONA.mp3<\/a><\/audio>\n<p>&nbsp;<\/p>\n<p>&nbsp;<\/p>\n<p><strong>AGORDO<\/strong> Dolomiti racing motorsport, in collaborazione con Tormen Motorsport e il patrocinio del Comune di Agordo organizza per domenica 15 settembre al terzo dolomiti racing motor party. Dalle 10 del mattino e per tutto il giorno in localita&#8217; Valcozzena\u00a0con il taxi rally, per un giorno, puoi essere tu il navigatore di una delle due mitiche lancia delta evo da oltre 400 cavalli. Sara&#8217; presente anche la formula tre renault del pilota agordino Denis Mezzacasa. Funzionera&#8217; un chiosco con panini e bibite, e la musica di dj energy. \u00a0info al 348 7368715<\/p>\n<p>&nbsp;<\/p>\n<p>&nbsp;<\/p>\n<h3><\/h3>\n<h3><a class=\"dt-pswp-item\" href=\"http:\/\/www.radiopiu.net\/wordpress\/wp-content\/uploads\/2018\/09\/sport.jpg\" data-dt-img-description=\"\" data-large_image_width=\"800\" data-large_image_height=\"100\"><img loading=\"lazy\" decoding=\"async\" class=\"aligncenter wp-image-60761 size-full\" src=\"http:\/\/www.radiopiu.net\/wordpress\/wp-content\/uploads\/2018\/09\/sport.jpg\" alt=\"\" width=\"800\" height=\"100\" srcset=\"https:\/\/www.radiopiu.net\/wordpress\/wp-content\/uploads\/2018\/09\/sport.jpg 800w, https:\/\/www.radiopiu.net\/wordpress\/wp-content\/uploads\/2018\/09\/sport-300x38.jpg 300w, https:\/\/www.radiopiu.net\/wordpress\/wp-content\/uploads\/2018\/09\/sport-768x96.jpg 768w\" sizes=\"auto, (max-width: 800px) 100vw, 800px\" \/><\/a><\/h3>\n<p>&nbsp;<\/p>\n<p>&nbsp;<\/p>\n<h2>MOTORI E DISABILI A POLPET DI PONTE NELLE ALPI CON LA &#8220;TRE CIME PROMOTOR&#8221;<\/h2>\n<p><strong>DI ROBERTO BONA\u00a0<\/strong><\/p>\n<audio class=\"wp-audio-shortcode\" id=\"audio-97027-19\" preload=\"none\" style=\"width: 100%;\" controls=\"controls\"><source type=\"audio\/mpeg\" src=\"http:\/\/www.radiopiu.net\/wordpress\/wp-content\/uploads\/2019\/09\/ROBERTO-MOTORI-E-DISABILI-A-POLPLET.mp3?_=19\" \/><a href=\"http:\/\/www.radiopiu.net\/wordpress\/wp-content\/uploads\/2019\/09\/ROBERTO-MOTORI-E-DISABILI-A-POLPLET.mp3\">http:\/\/www.radiopiu.net\/wordpress\/wp-content\/uploads\/2019\/09\/ROBERTO-MOTORI-E-DISABILI-A-POLPLET.mp3<\/a><\/audio>\n<p>&nbsp;<\/p>\n<p>&nbsp;<\/p>\n<h2>AL VIA LA STAGIONE 2019-2020 DI CSI BELLUNO<\/h2>\n<p><strong><a class=\"dt-pswp-item\" href=\"http:\/\/www.radiopiu.net\/wordpress\/wp-content\/uploads\/2019\/09\/veterani-castion-2017-2018-2.jpeg\" data-dt-img-description=\"\" data-large_image_width=\"1059\" data-large_image_height=\"496\"><img loading=\"lazy\" decoding=\"async\" class=\"size-medium wp-image-97010 alignleft\" src=\"http:\/\/www.radiopiu.net\/wordpress\/wp-content\/uploads\/2019\/09\/veterani-castion-2017-2018-2-300x141.jpeg\" alt=\"\" width=\"300\" height=\"141\" srcset=\"https:\/\/www.radiopiu.net\/wordpress\/wp-content\/uploads\/2019\/09\/veterani-castion-2017-2018-2-300x141.jpeg 300w, https:\/\/www.radiopiu.net\/wordpress\/wp-content\/uploads\/2019\/09\/veterani-castion-2017-2018-2-768x360.jpeg 768w, https:\/\/www.radiopiu.net\/wordpress\/wp-content\/uploads\/2019\/09\/veterani-castion-2017-2018-2-1024x480.jpeg 1024w, https:\/\/www.radiopiu.net\/wordpress\/wp-content\/uploads\/2019\/09\/veterani-castion-2017-2018-2.jpeg 1059w\" sizes=\"auto, (max-width: 300px) 100vw, 300px\" \/><\/a>BELLUNO<\/strong> <span style=\"font-family: verdana, sans-serif;\"><span style=\"color: #000000;\">Ai nastri di partenza la stagione 2019-2020 del comitato di Belluno del Centro Sportivo Italiano. Nel fine settimana ripartono infatti le attivit\u00e0, in particolare quelle legate all&#8217;atletica e al calcio. <\/span><\/span><span style=\"font-family: verdana, sans-serif;\">Per quanto riguarda l&#8217;<\/span><b style=\"font-family: verdana, sans-serif;\">atletica<\/b><span style=\"font-family: verdana, sans-serif;\">, da venerd\u00ec 6 a domenica 8 settembre lo stadio Adriatico di Pescara ospiter\u00e0 il 22.mo Campionato nazionale del Csi. Come tradizione, numerosa (e qualificata) sar\u00e0 la partecipazione delle societ\u00e0 di Csi Belluno: cinque i club in lizza, per un totale di 42 atleti. Le societ\u00e0 che gareggeranno in Abruzzo sono l&#8217;Associazione sportiva Pozzale, Giocallena Atleticadore, Astra Quero, Polisportiva Santa Giustina e Gs Castionese. <\/span><span style=\"color: #000000;\"><span style=\"font-family: verdana, sans-serif;\">Tra venerd\u00ec 6 e domenica 8 ripartir\u00e0 anche la Coppa di <b>calcio<\/b> riservata alle societ\u00e0 Over. Quattro i gironi previsti per la prima fase. Eccoli: Girone A: Salinas, Vittoria Assicurazioni, Danta. <\/span><\/span><span style=\"color: #000000;\"><span style=\"font-family: verdana, sans-serif;\">Girone B: La Buona Tavola, La Valle, Bar La Sosta, Dynamo Vellai <\/span><\/span><span style=\"color: #000000;\"><span style=\"font-family: verdana, sans-serif;\">Girone C: Osteria Villabruna, Sois Veterani, Tomo Veterani, Plavis Veterani <\/span><\/span><span style=\"color: #000000;\"><span style=\"font-family: verdana, sans-serif;\">Girone D: Cavarzano Veterani, Willy&#8217;s, Nicia <\/span><\/span><span style=\"font-family: verdana, sans-serif;\"><span style=\"color: #000000;\">Di seguito il programma della prima giornata: <\/span><\/span><span style=\"font-family: verdana, sans-serif;\">Danta Domegge sabato 7 settembre ore 15.30 a Danta. Arbitro Pat <\/span><span style=\"font-family: verdana, sans-serif;\">La Sosta &#8211; Dynamo Vellai sabato 7 settembre ore 15 a Foen. Arbitro Yondja <\/span><span style=\"font-family: verdana, sans-serif;\">Osteria Villabruna &#8211; Sois Veterani venerd\u00ec 6 settembre ore 20.30 a Foen. Arbitro Barbieri <\/span><span style=\"font-family: verdana, sans-serif;\">Tomo Veterani &#8211; Plavis Veterani domenica 8 settembre ore 10 a Tomo. Arbitro Essama <\/span><span style=\"font-family: verdana, sans-serif;\">Cavarzano Veterani &#8211; Willy&#8217;s Bar sabato 7 settembre ore 15 a Fontanella. Arbitro Unterberger\u00a0<\/span><\/p>\n<p>&nbsp;<\/p>\n<p>&nbsp;<\/p>\n<p>&nbsp;<\/p>\n<h2>MARCO TORMEN SI PREPARA PER IL MONDIALE KART<\/h2>\n<p><a class=\"dt-pswp-item\" href=\"http:\/\/www.radiopiu.net\/wordpress\/wp-content\/uploads\/2019\/09\/MARCO-TORMEN-02.jpeg\" data-dt-img-description=\"\" data-large_image_width=\"1600\" data-large_image_height=\"1200\"><img loading=\"lazy\" decoding=\"async\" class=\" wp-image-96949 alignleft\" src=\"http:\/\/www.radiopiu.net\/wordpress\/wp-content\/uploads\/2019\/09\/MARCO-TORMEN-02-300x225.jpeg\" alt=\"\" width=\"236\" height=\"177\" srcset=\"https:\/\/www.radiopiu.net\/wordpress\/wp-content\/uploads\/2019\/09\/MARCO-TORMEN-02-300x225.jpeg 300w, https:\/\/www.radiopiu.net\/wordpress\/wp-content\/uploads\/2019\/09\/MARCO-TORMEN-02-768x576.jpeg 768w, https:\/\/www.radiopiu.net\/wordpress\/wp-content\/uploads\/2019\/09\/MARCO-TORMEN-02-1024x768.jpeg 1024w, https:\/\/www.radiopiu.net\/wordpress\/wp-content\/uploads\/2019\/09\/MARCO-TORMEN-02.jpeg 1600w\" sizes=\"auto, (max-width: 236px) 100vw, 236px\" \/><\/a>Il pilota di kart Marco Tormen si racconta ai microfoni di Radio Pi\u00f9. Il ragazzo di Voltago \u00e8 arrivato negli studi accompagnato dal fratello Luca, che ad ogni gara prepara il kart a regola d&#8217;arte. I due fratelli hanno una grande passione per le corse ed entrambi hanno iniziato a guidare dall&#8217;et\u00e0 di 5 anni.<\/p>\n<p><a class=\"dt-pswp-item\" href=\"http:\/\/www.radiopiu.net\/wordpress\/wp-content\/uploads\/2019\/09\/MARCO-TORMEN-01.jpeg\" data-dt-img-description=\"\" data-large_image_width=\"1200\" data-large_image_height=\"1600\"><img loading=\"lazy\" decoding=\"async\" class=\"size-medium wp-image-96950 alignright\" src=\"http:\/\/www.radiopiu.net\/wordpress\/wp-content\/uploads\/2019\/09\/MARCO-TORMEN-01-225x300.jpeg\" alt=\"\" width=\"225\" height=\"300\" srcset=\"https:\/\/www.radiopiu.net\/wordpress\/wp-content\/uploads\/2019\/09\/MARCO-TORMEN-01-225x300.jpeg 225w, https:\/\/www.radiopiu.net\/wordpress\/wp-content\/uploads\/2019\/09\/MARCO-TORMEN-01-768x1024.jpeg 768w, https:\/\/www.radiopiu.net\/wordpress\/wp-content\/uploads\/2019\/09\/MARCO-TORMEN-01.jpeg 1200w\" sizes=\"auto, (max-width: 225px) 100vw, 225px\" \/><\/a>Marco quest&#8217;anno ha partecipato al Campionato Italiano con dei buoni risultati nelle prime gare. Negli ultimi appuntamenti per\u00f2 non \u00e8 andata per il verso giusto quindi ha deciso di allenarsi per il Mondiale che si disputer\u00e0 sulla pista di Lonato del Garda in provincia di Brescia nel fine settimana del 22 settembre. Non sar\u00e0 facile per Marco visto che gli iscritti alla gara sono 122 e per arrivare in finale dovr\u00e0 superare tutte le batterie in programma per gareggiare con i migliori 30. Un appuntamento importantissimo per dimostrare a tutti di che stoffa \u00e8 fatto il pilota di Voltago.<\/p>\n<p><strong>L&#8217;INTERVISTA A MARCO TORMEN<\/strong><\/p>\n<audio class=\"wp-audio-shortcode\" id=\"audio-97027-20\" preload=\"none\" style=\"width: 100%;\" controls=\"controls\"><source type=\"audio\/mpeg\" src=\"http:\/\/www.radiopiu.net\/wordpress\/wp-content\/uploads\/2019\/09\/INTERVISTA-MARCO-TORMEN-PER-SITO.mp3?_=20\" \/><a href=\"http:\/\/www.radiopiu.net\/wordpress\/wp-content\/uploads\/2019\/09\/INTERVISTA-MARCO-TORMEN-PER-SITO.mp3\">http:\/\/www.radiopiu.net\/wordpress\/wp-content\/uploads\/2019\/09\/INTERVISTA-MARCO-TORMEN-PER-SITO.mp3<\/a><\/audio>\n<p>&nbsp;<\/p>\n<p>&nbsp;<\/p>\n<p><a class=\"dt-pswp-item\" href=\"http:\/\/www.radiopiu.net\/wordpress\/wp-content\/uploads\/2018\/09\/WhatsApp-Image-2018-09-20-at-16.04.06.jpeg\" data-dt-img-description=\"\" data-large_image_width=\"800\" data-large_image_height=\"100\"><img loading=\"lazy\" decoding=\"async\" class=\"aligncenter wp-image-61378 size-full\" src=\"http:\/\/www.radiopiu.net\/wordpress\/wp-content\/uploads\/2018\/09\/WhatsApp-Image-2018-09-20-at-16.04.06.jpeg\" alt=\"\" width=\"800\" height=\"100\" srcset=\"https:\/\/www.radiopiu.net\/wordpress\/wp-content\/uploads\/2018\/09\/WhatsApp-Image-2018-09-20-at-16.04.06.jpeg 800w, https:\/\/www.radiopiu.net\/wordpress\/wp-content\/uploads\/2018\/09\/WhatsApp-Image-2018-09-20-at-16.04.06-300x38.jpeg 300w, https:\/\/www.radiopiu.net\/wordpress\/wp-content\/uploads\/2018\/09\/WhatsApp-Image-2018-09-20-at-16.04.06-768x96.jpeg 768w\" sizes=\"auto, (max-width: 800px) 100vw, 800px\" \/><\/a><\/p>\n<p><center><\/center><center><b>Mercoledi 4<\/b><\/center><b>Tempo atteso: <\/b>Sole splendente con cielo generalmente sereno e terso per tutto il giorno, con aria limpida ed ottima visibilit\u00e0 in montagna, mentre nelle valli prealpine non sar\u00e0 esclusa del tutto la possibilit\u00e0 di qualche banco di nubi basse al primo mattino. Clima fresco al mattino nelle valli, mite di giorno.<br \/>\n<b>Precipitazioni: <\/b>Assenti (0%).<br \/>\n<b>Temperature: <\/b>Minime stazionarie o in ulteriore lieve calo nelle valli, in aumento in quota; massime stazionarie. Su Prealpi a 1500 m min 11\u00b0C max 16\u00b0C, a 2000 m min 8\u00b0C max 12\u00b0C. Su Dolomiti a 2000 m min 8\u00b0C max 14\u00b0C, a 3000 m min 5\u00b0C max 8\u00b0C.<br \/>\n<b>Venti: <\/b>Nelle valli deboli o localmente moderati a regime di brezza; in quota deboli dai quadranti settentrionali, in rotazione a Sud-Ovest alla sera, a 5-10 km\/h a 2000 m, 5-15 km\/h a 3000 m.<\/p>\n<hr \/>\n<p><center><b>Giovedi 5<\/b><\/center><b>Tempo atteso: <\/b>Tempo in parziale peggioramento, con ampie schiarite mattutine e aumento della nuvolosit\u00e0, fino a cielo irregolarmente nuvoloso o molto nuvoloso al pomeriggio\/sera, quando sar\u00e0 possibile qualche fenomeno di instabilit\u00e0. Clima sempre mite e gradevole ma con un inizio di calo termico.<br \/>\n<b>Precipitazioni: <\/b>Al mattino assenti (0%); al pomeriggio, ma soprattutto verso sera, possibili rovesci sparsi o isolati temporali, pi\u00f9 probabili sui settori occidentali al confine con il Trentino Alto Adige (60\/70%), meno su Prealpi bellunesi e zone di confine col Friuli Venezia Giulia (30\/50%). Qualora i fenomeni proseguissero nelle notte, il limite delle neve si abbasser\u00e0 fino sui 2700\/2800 m.<br \/>\n<b>Temperature: <\/b>Senza notevoli variazioni nelle valli; in moderato calo in quota, dove le minime saranno registrate alla sera. Su Prealpi a 1500 m min 10\u00b0C max 14\u00b0C, a 2000 m min 5\u00b0C max 11\u00b0C. Su Dolomiti a 2000 m min 5\u00b0C max 12\u00b0C, a 3000 m min 0\u00b0C max 4\u00b0C.<br \/>\n<b>Venti: <\/b>Nelle valli deboli meridionali, in rotazione a Nord con qualche possibile rinforzo di F\u00f6hn alla sera; in quota deboli\/moderati dai quadranti meridionali, a 5-20 km\/h a 2000 m, 15-30 km\/h a 3000 m.<\/p>\n<hr \/>\n<p><center><b>Venerdi 6<\/b><\/center>Irregolarmente nuvoloso sia per nubi basse che cumuliformi, con qualche schiarita temporanea. In questo contesto saranno possibili alcuni rovesci, ma dovrebbe trattarsi di fenomeni intermittenti e con scarsi apporti pluviometrici. Clima decisamente pi\u00f9 fresco, con qualche fiocco di neve possibile fino sui 2700\/2900 m, eventualmente senza accumuli rilevanti. Tendenza ad attenuazione della nuvolosit\u00e0 e alla cessazione dei deboli fenomeni entro sera. Venti deboli\/moderati orientali in quota, con qualche rinforzo sulle Prealpi.<\/p>\n<hr \/>\n<p><center><b>Sabato 7<\/b><\/center>Tempo variabile e fresco specie al primo mattino, anche instabile nelle ore centrali e pomeridiane, quando sar\u00e0 possibile qualche rovescio o temporale sparso, con qualche fiocco di neve fino sui 2500\/2700 m non escluso. Venti deboli settentrionali in quota. Previsore: G.M.<\/p>\n<hr \/>\n<p>&nbsp;<\/p>\n","protected":false},"excerpt":{"rendered":"<p>Sono 12 i bellunesi truffati da una banda che vendevano auto, o almeno promettevano la vendita di auto. L&#8217;indagine \u00e8 in corso da parte della Finanza, ne da notizia in prima pagina il Corriere delle Alpi, sono almeno 20 gli indagati.\u00a0 Sgominata un&#8217;associazione per delinquere che commercializzava centinaia di veicoli, soprattutto auto di lusso, sottraendosi,&hellip;<\/p>\n","protected":false},"author":1,"featured_media":97106,"comment_status":"closed","ping_status":"closed","sticky":false,"template":"","format":"standard","meta":{"_monsterinsights_skip_tracking":false,"_monsterinsights_sitenote_active":false,"_monsterinsights_sitenote_note":"","_monsterinsights_sitenote_category":0,"footnotes":""},"categories":[86],"tags":[],"class_list":["post-97027","post","type-post","status-publish","format-standard","has-post-thumbnail","hentry","category-gr","category-86","description-off"],"img_url":"https:\/\/www.radiopiu.net\/wordpress\/wp-content\/uploads\/2019\/09\/WhatsApp-Image-2019-09-03-at-20.24.39.jpeg","_links":{"self":[{"href":"https:\/\/www.radiopiu.net\/wordpress\/wp-json\/wp\/v2\/posts\/97027","targetHints":{"allow":["GET"]}}],"collection":[{"href":"https:\/\/www.radiopiu.net\/wordpress\/wp-json\/wp\/v2\/posts"}],"about":[{"href":"https:\/\/www.radiopiu.net\/wordpress\/wp-json\/wp\/v2\/types\/post"}],"author":[{"embeddable":true,"href":"https:\/\/www.radiopiu.net\/wordpress\/wp-json\/wp\/v2\/users\/1"}],"replies":[{"embeddable":true,"href":"https:\/\/www.radiopiu.net\/wordpress\/wp-json\/wp\/v2\/comments?post=97027"}],"version-history":[{"count":0,"href":"https:\/\/www.radiopiu.net\/wordpress\/wp-json\/wp\/v2\/posts\/97027\/revisions"}],"wp:featuredmedia":[{"embeddable":true,"href":"https:\/\/www.radiopiu.net\/wordpress\/wp-json\/wp\/v2\/media\/97106"}],"wp:attachment":[{"href":"https:\/\/www.radiopiu.net\/wordpress\/wp-json\/wp\/v2\/media?parent=97027"}],"wp:term":[{"taxonomy":"category","embeddable":true,"href":"https:\/\/www.radiopiu.net\/wordpress\/wp-json\/wp\/v2\/categories?post=97027"},{"taxonomy":"post_tag","embeddable":true,"href":"https:\/\/www.radiopiu.net\/wordpress\/wp-json\/wp\/v2\/tags?post=97027"}],"curies":[{"name":"wp","href":"https:\/\/api.w.org\/{rel}","templated":true}]}}