{"id":97033,"date":"2019-09-03T15:01:54","date_gmt":"2019-09-03T13:01:54","guid":{"rendered":"http:\/\/www.radiopiu.net\/wordpress\/?p=97033"},"modified":"2019-09-03T15:45:03","modified_gmt":"2019-09-03T13:45:03","slug":"fondo-di-solidarieta-europeo-via-libera-ai-277-milioni-per-il-post-vaia","status":"publish","type":"post","link":"https:\/\/www.radiopiu.net\/wordpress\/fondo-di-solidarieta-europeo-via-libera-ai-277-milioni-per-il-post-vaia\/","title":{"rendered":"FONDO DI SOLIDARIETA&#8217; EUROPEO VIA LIBERA AI 277 MILIONI PER IL POST-VAIA"},"content":{"rendered":"<p lang=\"it-IT\"><span style=\"color: #000000;\"><span style=\"font-family: Arial, sans-serif;\"><span style=\"font-size: large;\"><a class=\"dt-pswp-item\" href=\"http:\/\/www.radiopiu.net\/wordpress\/wp-content\/uploads\/2019\/03\/Herbert-Dorfmann-1.jpg\" data-dt-img-description=\"\" data-large_image_width=\"2000\" data-large_image_height=\"1333\"><img loading=\"lazy\" decoding=\"async\" class=\"size-medium wp-image-79123 alignleft\" src=\"http:\/\/www.radiopiu.net\/wordpress\/wp-content\/uploads\/2019\/03\/Herbert-Dorfmann-1-300x200.jpg\" alt=\"\" width=\"300\" height=\"200\" srcset=\"https:\/\/www.radiopiu.net\/wordpress\/wp-content\/uploads\/2019\/03\/Herbert-Dorfmann-1-300x200.jpg 300w, https:\/\/www.radiopiu.net\/wordpress\/wp-content\/uploads\/2019\/03\/Herbert-Dorfmann-1-768x512.jpg 768w, https:\/\/www.radiopiu.net\/wordpress\/wp-content\/uploads\/2019\/03\/Herbert-Dorfmann-1-1024x682.jpg 1024w, https:\/\/www.radiopiu.net\/wordpress\/wp-content\/uploads\/2019\/03\/Herbert-Dorfmann-1.jpg 2000w\" sizes=\"auto, (max-width: 300px) 100vw, 300px\" \/><\/a>Via libera ai 277 milioni di euro del Fondo di Solidariet\u00e0 Europeo per i danni del maltempo di fine ottobre 2018, in particolare quelli legati al passaggio della tempesta Vaia sul Bellunese e le Dolomiti: la notizia \u00e8 arrivata in mattinata da Bruxelles, annunciata dall&#8217;europarlamentare Herbert Dorfmann, componente della Commissione Bilancio. <\/span><\/span><\/span><span style=\"color: #000000;\"><span style=\"font-family: Arial, sans-serif;\"><span style=\"font-size: large;\">\u00abQuesta mattina c&#8217;\u00e8 stato il voto in Commissione, e ora manca solo un ultimo passaggio formale, con la votazione in aula che si terr\u00e0 tra un paio di settimane, ma possiamo dire che ormai \u00e8 fatta. &#8211; commenta Dorfmann \u2013 Questa decisione ha avuto tempi pi\u00f9 lunghi del necessario, a causa delle elezioni europee, ma siamo riusciti a portare a casa un risultato che, come Partito Popolare Europeo, abbiamo sempre sostenuto, dai giorni della tempesta fino al passaggio in Commissione Bilancio lo scorso luglio\u00bb. <\/span><\/span><\/span><span style=\"color: #000000;\"><span style=\"font-family: Arial, sans-serif;\"><span style=\"font-size: large;\">Confermata quindi la proposta di maggio avanzata dalla Commissione Europea che proponeva l&#8217;attivazione del Fondo di Solidariet\u00e0 Europeo per 277 milioni di euro a favore dell&#8217;Italia: il conto dei danni presentato dall&#8217;Italia per i danni provocati dal maltempo su tutto il territorio nazionale lo scorso autunno superava di poco i 6 miliardi di euro. <\/span><\/span><\/span><span style=\"color: #000000;\"><span style=\"font-family: Arial, sans-serif;\"><span style=\"font-size: large;\">Il sostegno del Fondo viene calcolato con parametri che tengono conto anche dei Pil regionale e nazionale, e in media varia fra il 2,5% e il 6% della stima dei danni fornita dagli stati (nel caso italiano, il 4,4%). 15 le regioni italiane che potranno avere accesso alle risorse del Fondo, e la ripartizione sar\u00e0 competenza del governo italiano. <\/span><\/span><\/span><span style=\"color: #000000;\"><span style=\"font-family: Tahoma, sans-serif;\"><span style=\"font-size: large;\">Il Fondo di Solidariet\u00e0 \u00e8 nato nel 2002, e in questi anni \u00e8 stato utilizzato 80 volte a livello europeo, 9 delle quali in Italia, che risulta essere il Paese che pi\u00f9 ne ha dovuto chiedere l&#8217;accesso con oltre 2,5 miliardi di euro di aiuti sul territorio nazionale. <\/span><\/span><\/span><span style=\"color: #000000;\"><span style=\"font-family: Tahoma, sans-serif;\"><span style=\"font-size: large;\">\u00abSono particolarmente orgoglioso di questo risultato, che mi ha visto impegnato fin dalla scorsa legislatura, quando ho chiesto l&#8217;attivazione del Fondo nei giorni immediatamente successivi al passaggio di Vaia. &#8211; ricorda Dorfmann \u2013 Un risultato che abbiamo ottenuto grazie al sostegno di tutto il Partito Popolare Europeo, partito che sostiene l&#8217;attuale nuova maggioranza in Parlamento Europeo; sappiamo che c&#8217;\u00e8 ancora molto da fare nei nostri territori, ci vorranno anni per tornare alla normalit\u00e0, ma quello di oggi \u00e8 un ottimo aiuto\u00bb. <\/span><\/span><\/span><span style=\"font-size: large; font-family: Tahoma, sans-serif; color: #000000;\">Ora la palla passa a Roma, che dovr\u00e0 stabilire la ripartizione del Fondo sul territorio nazionale.<\/span><\/p>\n<p lang=\"it-IT\"><strong>audio dal notiziario principale<\/strong><\/p>\n<audio class=\"wp-audio-shortcode\" id=\"audio-97033-1\" preload=\"none\" style=\"width: 100%;\" controls=\"controls\"><source type=\"audio\/mpeg\" src=\"http:\/\/www.radiopiu.net\/wordpress\/wp-content\/uploads\/2019\/09\/Dorfmann-Approvazione-finanziamento-Vaia.mp3?_=1\" \/><a href=\"http:\/\/www.radiopiu.net\/wordpress\/wp-content\/uploads\/2019\/09\/Dorfmann-Approvazione-finanziamento-Vaia.mp3\">http:\/\/www.radiopiu.net\/wordpress\/wp-content\/uploads\/2019\/09\/Dorfmann-Approvazione-finanziamento-Vaia.mp3<\/a><\/audio>\n<p>&nbsp;<\/p>\n<p align=\"JUSTIFY\"><span style=\"font-size: large;\"><b>PRESIDENTE ZAIA, \u201cRISORSE NECESSARIE PER LA RICOSTRUZIONE. GIA\u2019 IMPEGNATI 377 MILIONI DI EURO DEL GOVERNO PER IL 2019\u201d <\/b><\/span><\/p>\n<p align=\"JUSTIFY\"><strong><span style=\"font-size: medium;\">VENEZIA\u00a0 <\/span><\/strong>\u201c<span style=\"font-size: medium;\">Una buona notizia da Bruxelles perch\u00e9 servono ancora risorse per continuare l\u2019enorme opera di ripristino e ricostruzione che abbiamo messo in piedi nei territori devastati dalla tempesta Vaia. Abbiamo interamente impegnato i 377 milioni di euro, comprensivi dei primi sostegni per privati ed imprese, da investire per l\u2019anno in corso e da cantierare entro il 30 settembre. Pi\u00f9 del 70 per cento delle opere \u00e8 stato contrattualizzato e abbiamo la necessit\u00e0 di almeno altri 50 milioni di euro per far fronte ai danni ai privati.\u201d <\/span><span style=\"font-size: medium;\">Cos\u00ec il Presidente della Regione Luca Zaia, nella sua veste di Commissario Delegato per il maltempo di ottobre 2018, commenta la notizia dell\u2019approvazione, da parte della Commissione Bilanci del Parlamento Europeo, della proposta della Commissione UE di stanziare risorse del Fondo europeo di solidariet\u00e0 277,2 milioni di euro per 15 regioni italiane (il Veneto fu la pi\u00f9 colpita) dopo i danni causati dagli eventi atmosferici eccezionali del 2018. Il via libera definitivo \u00e8 atteso il 18 settembre quando il provvedimento sar\u00e0 al vaglio del Parlamento europeo. <\/span>\u201c<span style=\"font-size: medium;\">La Regione Veneto ha mantenuto i patti con Ministero dell\u2019Economia e delle Finanze, \u2013 sottolinea il Presidente Zaia \u2013 questo nonostante le difficolt\u00e0 e la mancanza di risorse, visto che non ci \u00e8 stata concessa la struttura di missione. Ma abbiamo trovato una soluzione, facendo leva sulle nostre societ\u00e0 controllate che hanno lavorato cos\u00ec intensamente da permetterci di impegnare tutte le risorse stanziate dal Governo, con un impegno di spesa superiore alle risorse affidate.\u201d <\/span>\u201c<span style=\"font-size: medium;\">In previsione, \u2013 precisa il Commissario \u2013 abbiamo gi\u00e0 progettato opere per il prossimo anno per 80 milioni di euro e abbiamo necessit\u00e0, oltre a quanto gi\u00e0 stanziato dal Governo pari a 977 milioni di euro in tre anni, di ulteriori 400 milioni di euro.\u201d<\/span><\/p>\n<p align=\"JUSTIFY\">\n","protected":false},"excerpt":{"rendered":"<p>Via libera ai 277 milioni di euro del Fondo di Solidariet\u00e0 Europeo per i danni del maltempo di fine ottobre 2018, in particolare quelli legati al passaggio della tempesta Vaia sul Bellunese e le Dolomiti: la notizia \u00e8 arrivata in mattinata da Bruxelles, annunciata dall&#8217;europarlamentare Herbert Dorfmann, componente della Commissione Bilancio. \u00abQuesta mattina c&#8217;\u00e8 stato&hellip;<\/p>\n","protected":false},"author":1,"featured_media":92705,"comment_status":"closed","ping_status":"closed","sticky":false,"template":"","format":"standard","meta":{"_monsterinsights_skip_tracking":false,"_monsterinsights_sitenote_active":false,"_monsterinsights_sitenote_note":"","_monsterinsights_sitenote_category":0,"footnotes":""},"categories":[51,49],"tags":[],"class_list":["post-97033","post","type-post","status-publish","format-standard","has-post-thumbnail","hentry","category-evidenza-top","category-news-18","category-51","category-49","description-off"],"img_url":"https:\/\/www.radiopiu.net\/wordpress\/wp-content\/uploads\/2019\/07\/Herbert-Dorfmann-2.jpg","_links":{"self":[{"href":"https:\/\/www.radiopiu.net\/wordpress\/wp-json\/wp\/v2\/posts\/97033","targetHints":{"allow":["GET"]}}],"collection":[{"href":"https:\/\/www.radiopiu.net\/wordpress\/wp-json\/wp\/v2\/posts"}],"about":[{"href":"https:\/\/www.radiopiu.net\/wordpress\/wp-json\/wp\/v2\/types\/post"}],"author":[{"embeddable":true,"href":"https:\/\/www.radiopiu.net\/wordpress\/wp-json\/wp\/v2\/users\/1"}],"replies":[{"embeddable":true,"href":"https:\/\/www.radiopiu.net\/wordpress\/wp-json\/wp\/v2\/comments?post=97033"}],"version-history":[{"count":0,"href":"https:\/\/www.radiopiu.net\/wordpress\/wp-json\/wp\/v2\/posts\/97033\/revisions"}],"wp:featuredmedia":[{"embeddable":true,"href":"https:\/\/www.radiopiu.net\/wordpress\/wp-json\/wp\/v2\/media\/92705"}],"wp:attachment":[{"href":"https:\/\/www.radiopiu.net\/wordpress\/wp-json\/wp\/v2\/media?parent=97033"}],"wp:term":[{"taxonomy":"category","embeddable":true,"href":"https:\/\/www.radiopiu.net\/wordpress\/wp-json\/wp\/v2\/categories?post=97033"},{"taxonomy":"post_tag","embeddable":true,"href":"https:\/\/www.radiopiu.net\/wordpress\/wp-json\/wp\/v2\/tags?post=97033"}],"curies":[{"name":"wp","href":"https:\/\/api.w.org\/{rel}","templated":true}]}}