{"id":97044,"date":"2019-09-03T15:29:37","date_gmt":"2019-09-03T13:29:37","guid":{"rendered":"http:\/\/www.radiopiu.net\/wordpress\/?p=97044"},"modified":"2019-09-03T15:29:37","modified_gmt":"2019-09-03T13:29:37","slug":"carenza-medici-vertice-regione-universita","status":"publish","type":"post","link":"https:\/\/www.radiopiu.net\/wordpress\/carenza-medici-vertice-regione-universita\/","title":{"rendered":"CARENZA MEDICI. VERTICE REGIONE-UNIVERSITA\u2019"},"content":{"rendered":"<blockquote>\n<p class=\"western\"><em><b>ORDINE DEI MEDICI. LA PROSSIMA SETTIMANA UN TAVOLO VERSO SOLUZIONI CONDIVISE<\/b><\/em><\/p>\n<\/blockquote>\n<p><strong>VENEZIA\u00a0<\/strong> Prosegue in un clima di fattiva collaborazione il confronto apertosi tra Regione Veneto, Universit\u00e0 e Ordine dei Medici all\u2019indomani delle delibere con cui la Regione ha deciso di \u201caprire\u201d all\u2019assunzione di medici <a class=\"dt-pswp-item\" href=\"http:\/\/www.radiopiu.net\/wordpress\/wp-content\/uploads\/2019\/09\/RIUNIONE-MEDICI.png\" data-dt-img-description=\"\" data-large_image_width=\"1232\" data-large_image_height=\"633\"><img loading=\"lazy\" decoding=\"async\" class=\"size-medium wp-image-97045 alignleft\" src=\"http:\/\/www.radiopiu.net\/wordpress\/wp-content\/uploads\/2019\/09\/RIUNIONE-MEDICI-300x154.png\" alt=\"\" width=\"300\" height=\"154\" srcset=\"https:\/\/www.radiopiu.net\/wordpress\/wp-content\/uploads\/2019\/09\/RIUNIONE-MEDICI-300x154.png 300w, https:\/\/www.radiopiu.net\/wordpress\/wp-content\/uploads\/2019\/09\/RIUNIONE-MEDICI-768x395.png 768w, https:\/\/www.radiopiu.net\/wordpress\/wp-content\/uploads\/2019\/09\/RIUNIONE-MEDICI-1024x526.png 1024w, https:\/\/www.radiopiu.net\/wordpress\/wp-content\/uploads\/2019\/09\/RIUNIONE-MEDICI.png 1232w\" sizes=\"auto, (max-width: 300px) 100vw, 300px\" \/><\/a>laureati e abilitati, ma non specializzati, per far fronte alla carenza di professionisti negli ospedali. Nuovi passi avanti sono stati fatti oggi, al termine di un incontro, tenutosi in Giunta regionale, tra l\u2019Assessore alla Sanit\u00e0 Manuela Lanzarin, affiancata dal Direttore Generale Regionale Domenico Mantoan, i Presidenti delle Scuole di Medicina delle Universit\u00e0 di Padova e Verona, e i rappresentanti della Federazione regionale degli Ordini dei Medici. Premesso che c\u2019\u00e8 pieno accordo sulla necessit\u00e0 che il Governo nazionale aumenti le borse di specialit\u00e0 fino a portarle in numero pari ai laureati, Regione, Universit\u00e0 e Ordini professionali hanno istituito un Tavolo, che si riunir\u00e0 gi\u00e0 la settimana prossima, al termine del quale potrebbe scaturire una soluzione finale condivisa.<\/p>\n<p><strong>IL GOVERNATORE LUCA ZAIA SULL&#8217;ASSUNZIONE DEI 500 MEDICI<\/strong><\/p>\n<audio class=\"wp-audio-shortcode\" id=\"audio-97044-1\" preload=\"none\" style=\"width: 100%;\" controls=\"controls\"><source type=\"audio\/mpeg\" src=\"http:\/\/www.radiopiu.net\/wordpress\/wp-content\/uploads\/2019\/09\/Zaia-su-assunzione-500-medici.mp3?_=1\" \/><a href=\"http:\/\/www.radiopiu.net\/wordpress\/wp-content\/uploads\/2019\/09\/Zaia-su-assunzione-500-medici.mp3\">http:\/\/www.radiopiu.net\/wordpress\/wp-content\/uploads\/2019\/09\/Zaia-su-assunzione-500-medici.mp3<\/a><\/audio>\n<p><strong>IL &#8220;TAPPO&#8221; E&#8217; NELLA SCUOLA DI SPECIALITA&#8217;, NON NEL NUMERO CHIUSO<\/strong><\/p>\n<audio class=\"wp-audio-shortcode\" id=\"audio-97044-2\" preload=\"none\" style=\"width: 100%;\" controls=\"controls\"><source type=\"audio\/mpeg\" src=\"http:\/\/www.radiopiu.net\/wordpress\/wp-content\/uploads\/2019\/09\/Numero-chiuso-e-test-a-Medicina.mp3?_=2\" \/><a href=\"http:\/\/www.radiopiu.net\/wordpress\/wp-content\/uploads\/2019\/09\/Numero-chiuso-e-test-a-Medicina.mp3\">http:\/\/www.radiopiu.net\/wordpress\/wp-content\/uploads\/2019\/09\/Numero-chiuso-e-test-a-Medicina.mp3<\/a><\/audio>\n<blockquote>\n<p class=\"western\"><em>\u201cAl Tavolo \u2013 riferisce l\u2019Assessore Lanzarin &#8211; verranno valutati i numeri delle necessit\u00e0 della Regione, e le Universit\u00e0 porteranno una quantificazione della possibilit\u00e0 di mettere a disposizione loro specializzandi per partecipare al raggiungimento dei posti necessari da coprire, anticipando l\u2019anno di rotazione all\u2019esterno delle sedi istituzionali di quelli che gi\u00e0 stanno ruotando sulla rete formativa delle due Scuole di Medicina\u201d.<\/em><\/p>\n<\/blockquote>\n<p class=\"western\">\n","protected":false},"excerpt":{"rendered":"<p>ORDINE DEI MEDICI. LA PROSSIMA SETTIMANA UN TAVOLO VERSO SOLUZIONI CONDIVISE VENEZIA\u00a0 Prosegue in un clima di fattiva collaborazione il confronto apertosi tra Regione Veneto, Universit\u00e0 e Ordine dei Medici all\u2019indomani delle delibere con cui la Regione ha deciso di \u201caprire\u201d all\u2019assunzione di medici laureati e abilitati, ma non specializzati, per far fronte alla carenza&hellip;<\/p>\n","protected":false},"author":1,"featured_media":97045,"comment_status":"closed","ping_status":"closed","sticky":false,"template":"","format":"standard","meta":{"_monsterinsights_skip_tracking":false,"_monsterinsights_sitenote_active":false,"_monsterinsights_sitenote_note":"","_monsterinsights_sitenote_category":0,"footnotes":""},"categories":[51,49],"tags":[],"class_list":["post-97044","post","type-post","status-publish","format-standard","has-post-thumbnail","hentry","category-evidenza-top","category-news-18","category-51","category-49","description-off"],"img_url":"https:\/\/www.radiopiu.net\/wordpress\/wp-content\/uploads\/2019\/09\/RIUNIONE-MEDICI.png","_links":{"self":[{"href":"https:\/\/www.radiopiu.net\/wordpress\/wp-json\/wp\/v2\/posts\/97044","targetHints":{"allow":["GET"]}}],"collection":[{"href":"https:\/\/www.radiopiu.net\/wordpress\/wp-json\/wp\/v2\/posts"}],"about":[{"href":"https:\/\/www.radiopiu.net\/wordpress\/wp-json\/wp\/v2\/types\/post"}],"author":[{"embeddable":true,"href":"https:\/\/www.radiopiu.net\/wordpress\/wp-json\/wp\/v2\/users\/1"}],"replies":[{"embeddable":true,"href":"https:\/\/www.radiopiu.net\/wordpress\/wp-json\/wp\/v2\/comments?post=97044"}],"version-history":[{"count":0,"href":"https:\/\/www.radiopiu.net\/wordpress\/wp-json\/wp\/v2\/posts\/97044\/revisions"}],"wp:featuredmedia":[{"embeddable":true,"href":"https:\/\/www.radiopiu.net\/wordpress\/wp-json\/wp\/v2\/media\/97045"}],"wp:attachment":[{"href":"https:\/\/www.radiopiu.net\/wordpress\/wp-json\/wp\/v2\/media?parent=97044"}],"wp:term":[{"taxonomy":"category","embeddable":true,"href":"https:\/\/www.radiopiu.net\/wordpress\/wp-json\/wp\/v2\/categories?post=97044"},{"taxonomy":"post_tag","embeddable":true,"href":"https:\/\/www.radiopiu.net\/wordpress\/wp-json\/wp\/v2\/tags?post=97044"}],"curies":[{"name":"wp","href":"https:\/\/api.w.org\/{rel}","templated":true}]}}