{"id":97056,"date":"2022-11-29T12:36:01","date_gmt":"2022-11-29T11:36:01","guid":{"rendered":"http:\/\/www.radiopiu.net\/wordpress\/?p=97056"},"modified":"2022-11-29T12:49:27","modified_gmt":"2022-11-29T11:49:27","slug":"ospedale-di-misurina-interviene-il-governatore-luca-zaia","status":"publish","type":"post","link":"https:\/\/www.radiopiu.net\/wordpress\/ospedale-di-misurina-interviene-il-governatore-luca-zaia\/","title":{"rendered":"OSPEDALE DI MISURINA, INTERVIENE IL GOVERNATORE LUCA ZAIA"},"content":{"rendered":"<p>&nbsp;<\/p>\n<p><strong>VENEZIA\u00a0<\/strong> Nessuna volont\u00e0 di chiusura; anzi una progettualit\u00e0 condivisa, ma che si scontra con un\u2019oggettiva difficolt\u00e0 nel \u201ctrovare\u201d pazienti. In merito alle notizie sull\u2019intenzione della propriet\u00e0, la Diocesi di Parma, di chiudere l\u2019Istituto Pio XII di Misurina per bambini, la Regione del Veneto e l\u2019Opera Diocesana San Bernardo degli Uberti &#8211; Istituto Pio XII, puntualizzano quanto segue: La Regione del Veneto ha garantito la propria disponibilit\u00e0 ed il necessario sostegno all\u2019Istituto, non solo garantendo i finanziamenti a rimborso delle attivit\u00e0 di cura, ma promuovendo ogni sforzo per allargare lo spettro delle patologie curabili nell\u2019Istituto e, non ultimo, ha proceduto all\u2019aggiornamento delle tariffe di remunerazione delle prestazioni erogate da tutti i centri Ex Art. 26, dal primo gennaio 2022 che in particolare per il Pio XII ha consentito di beneficiare di un importo maggiore rispetto agli anni precedenti. In questi anni, la Regione e la propriet\u00e0 hanno collaborato proficuamente anche con la partecipazione a numerosi tavoli condivisi tra le due realt\u00e0, riunioni sempre indirizzate alla ricerca di soluzioni che permettessero di garantire alla struttura una sostenibilit\u00e0 finanziaria, richiesta dalla propriet\u00e0. Tavoli che sono stati allargati ben oltre i confini della Regione Veneto, coinvolgendo anche la Conferenza delle Regioni, sollecitando l\u2019invio di pazienti a Misurina. Nel 2019 la Giunta Regionale ha confermato il tetto di spesa pari ad euro 1.203.000 per ciascuno degli anni 2020-2022, esteso anche all\u2019anno a venire. Tetto di spesa liquidato sulla base delle prestazioni medico-sanitarie effettuate dall\u2019Istituto (come per le Aziende Ospedaliere e le altre strutture in convenzione) ma mai raggiunto per la scarsit\u00e0 di pazienti. Nel 2021 la Regione ha liquidato rimborsi per 777.585 \u20ac, nel 2020 per 725.749 \u20ac. Con specifica delibera, nel 2021, \u00e8 stata ampliata l\u2019offerta assistenziale, con l\u2019approvazione da parte della Regione del modello progettuale sperimentale per la riabilitazione dal Disturbo da deficit d&#8217;attenzione ed iperattivit\u00e0 \u2013 ADHD, della durata di anni tre, affidandone la realizzazione all\u2019Istituto che si \u00e8 prontamente attrezzato. Nel merito, l\u2019Unit\u00e0 Organizzativa Famiglia, Minori, Giovani e Servizio Civile della Direzione per i Servizi Sociali della Regione ha proceduto a numerosi incontri con tutti i servizi delle Aziende del Servizio Sanitario Regionale interessati e continua a monitorare l\u2019invio dei pazienti secondo le caratteristiche previste dal progetto in parola. Nel giugno di quest\u2019anno, nel tentativo di rafforzare l\u2019attrattivit\u00e0 dell\u2019istituto, \u00e8 stato approvato il Percorso Diagnostico Terapeutico Assistenziale (PDTA) per la presa in carico del paziente in et\u00e0 evolutiva affetto da asma. Il decreto \u00e8 stato trasmesso a tutte le Aziende del Servizio Sanitario Regionale, invitando i Direttori Generali a garantire l\u2019applicazione dei relativi contenuti. Appare chiaro che da parte della Regione Veneto, non \u00e8 mancato lo sforzo per cercare di dare all\u2019Istituto di Misurina ogni strumento necessario per poter mantenere, ed estendere, il numero di pazienti e l\u2019attivit\u00e0 di cura. Volont\u00e0 auspicata anche dalla propriet\u00e0. Ma \u00e8 doveroso osservare che i pediatri, anche a causa di mutate indicazioni terapeutiche che trovano altre risposte nell\u2019ambito del sistema sanitario, non inviano pi\u00f9 pazienti in numero che giustifichi l\u2019apertura dell\u2019Istituto secondo i criteri attuali, rendendo non sostenibili dalla propriet\u00e0 le spese d\u2019esercizio, stante le attuali condizioni.L\u2019anno scorso, i pazienti ricoverati in cicli di ricovero a tempo pieno per asma sono stati 124, meno di uno al giorno, (120 nel 2020 e 113 nel 2019), numeri che &#8211; secondo la propriet\u00e0 &#8211; non permettono di sostenere le spese necessarie al mantenimento dell\u2019imponente struttura. Anche l\u2019ampliamento delle patologie curabili non ha riscontrato un significativo aumento delle presenze. La Regione del Veneto ed i rappresentanti dell\u2019Opera Diocesana San Bernardo degli Uberti &#8211; Istituto Pio XII rendono comunque noto che continua il confronto, per poter valutare ogni ipotesi in grado di consentire di mantenere il presidio a Misurina.<\/p>\n<p>&nbsp;<\/p>\n<p>&nbsp;<\/p>\n<hr \/>\n<p>&nbsp;<\/p>\n<p>&nbsp;<\/p>\n<p><strong>archivio radiopiu 3 settembre 2019<\/strong><\/p>\n<blockquote>\n<h3>OSPEDALE DI MISURINA, INTERVIENE IL GOVERNATORE LUCA ZAIA<\/h3>\n<\/blockquote>\n<p><strong>VENEZIA<\/strong> Nell&#8217;odierno punto stampa il presidente della Regione Luca Zaia \u00e8 intervenuto anche a proposito dell&#8217;ospedale di Misurina. Ecco il suo intervento in video<\/p>\n<div style=\"width: 1200px;\" class=\"wp-video\"><video class=\"wp-video-shortcode\" id=\"video-97056-1\" width=\"1200\" height=\"900\" preload=\"metadata\" controls=\"controls\"><source type=\"video\/mp4\" src=\"http:\/\/www.radiopiu.net\/wordpress\/wp-content\/uploads\/2019\/09\/Misurina.mp4?_=1\" \/><a href=\"http:\/\/www.radiopiu.net\/wordpress\/wp-content\/uploads\/2019\/09\/Misurina.mp4\">http:\/\/www.radiopiu.net\/wordpress\/wp-content\/uploads\/2019\/09\/Misurina.mp4<\/a><\/video><\/div>\n<p>&nbsp;<\/p>\n<blockquote><p><strong>Istituto di Misurina, interrogazione di Zanoni (PD):\u00a0 \u201cCosa intende fare Zaia per evitare la perdita di un\u2019eccellenza sanitaria del Veneto nelle cure dei bambini asmatici?\u201d<\/strong><\/p><\/blockquote>\n<p><strong>VENEZIA<\/strong>\u00a0 \u201cNon so dove il presidente Zaia trovi le certezze per affermare che l\u2019Istituto Pio XII di Misurina rester\u00e0 aperto: la propriet\u00e0 dice altro, entro fine anno il centro verr\u00e0 chiuso per problemi economici. Visto che si tratta di un\u2019eccellenza, perch\u00e9 non c\u2019\u00e8 stato un adeguato riconoscimento in termini di contributi economici? Cosa intende fare la Regione per scongiurare la perdita di un punto di riferimento sanitario per bambini e adolescenti affetti da malattie respiratorie? Mi hanno anche scritto diverse mamme dispiaciute perch\u00e9 l\u00ec, con quell\u2019aria fresca e pulita, i loro figli erano guariti\u201d. Andrea Zanoni, consigliere del Partito Democratico, interroga la Giunta sul futuro della struttura del Bellunese diventata nel suo mezzo secolo di attivit\u00e0, uno dei centri pi\u00f9 importanti a livello mondiale per la cura delle malattie respiratorie.\u00a0 \u201cNon si capisce come mai, nonostante le patologie siano in crescita, il numero dei pazienti continui ad assottigliarsi, considerando che \u00e8 convenzionata con il sistema sanitario regionale e con numerosi ospedali pediatrici. Zaia non si limiti alle solite promesse, ma si impegni seriamente affinch\u00e9 anche a livello nazionale si valuti l\u2019importanza dell\u2019Istituto di Misurina. Mi domando come mai non l\u2019ha fatto fino adesso, quando la Lega era al governo e con un sottosegretario alla Salute veneto, l\u2019ex assessore Coletto. Le istituzioni devono dare una risposta concreta a un territorio che si \u00e8 prontamente mobilitato, inclusa l\u2019amministrazione comunale di Auronzo di Cadore, con una raccolta firme che ha superato quota tremila per chiedere al ministero della Salute di attivarsi per evitare la chiusura. L\u2019eccellenza della sanit\u00e0 veneta va difesa con i fatti, non bastano le parole\u201d.<\/p>\n<p>&nbsp;<\/p>\n<p>&nbsp;<\/p>\n<blockquote class=\"wp-embedded-content\" data-secret=\"NlUl1kC6L6\"><p><a href=\"https:\/\/www.radiopiu.net\/wordpress\/pio-xii-di-misurina-la-lettera\/\">PIO XII DI MISURINA: LA LETTERA<\/a><\/p><\/blockquote>\n<p><iframe loading=\"lazy\" class=\"wp-embedded-content\" sandbox=\"allow-scripts\" security=\"restricted\" style=\"position: absolute; clip: rect(1px, 1px, 1px, 1px);\" title=\"&#8220;PIO XII DI MISURINA: LA LETTERA&#8221; &#8212; Radio Pi\u00f9\" src=\"https:\/\/www.radiopiu.net\/wordpress\/pio-xii-di-misurina-la-lettera\/embed\/#?secret=qcs7i7dFWa#?secret=NlUl1kC6L6\" data-secret=\"NlUl1kC6L6\" width=\"600\" height=\"338\" frameborder=\"0\" marginwidth=\"0\" marginheight=\"0\" scrolling=\"no\"><\/iframe><\/p>\n","protected":false},"excerpt":{"rendered":"<p>&nbsp; VENEZIA\u00a0 Nessuna volont\u00e0 di chiusura; anzi una progettualit\u00e0 condivisa, ma che si scontra con un\u2019oggettiva difficolt\u00e0 nel \u201ctrovare\u201d pazienti. In merito alle notizie sull\u2019intenzione della propriet\u00e0, la Diocesi di Parma, di chiudere l\u2019Istituto Pio XII di Misurina per bambini, la Regione del Veneto e l\u2019Opera Diocesana San Bernardo degli Uberti &#8211; Istituto Pio XII,&hellip;<\/p>\n","protected":false},"author":1,"featured_media":97057,"comment_status":"closed","ping_status":"closed","sticky":false,"template":"","format":"standard","meta":{"_monsterinsights_skip_tracking":false,"_monsterinsights_sitenote_active":false,"_monsterinsights_sitenote_note":"","_monsterinsights_sitenote_category":0,"footnotes":""},"categories":[51,49],"tags":[],"class_list":["post-97056","post","type-post","status-publish","format-standard","has-post-thumbnail","hentry","category-evidenza-top","category-news-18","category-51","category-49","description-off"],"img_url":"https:\/\/www.radiopiu.net\/wordpress\/wp-content\/uploads\/2019\/09\/PIO-XI-MISURINA-300x200.jpeg","_links":{"self":[{"href":"https:\/\/www.radiopiu.net\/wordpress\/wp-json\/wp\/v2\/posts\/97056","targetHints":{"allow":["GET"]}}],"collection":[{"href":"https:\/\/www.radiopiu.net\/wordpress\/wp-json\/wp\/v2\/posts"}],"about":[{"href":"https:\/\/www.radiopiu.net\/wordpress\/wp-json\/wp\/v2\/types\/post"}],"author":[{"embeddable":true,"href":"https:\/\/www.radiopiu.net\/wordpress\/wp-json\/wp\/v2\/users\/1"}],"replies":[{"embeddable":true,"href":"https:\/\/www.radiopiu.net\/wordpress\/wp-json\/wp\/v2\/comments?post=97056"}],"version-history":[{"count":0,"href":"https:\/\/www.radiopiu.net\/wordpress\/wp-json\/wp\/v2\/posts\/97056\/revisions"}],"wp:featuredmedia":[{"embeddable":true,"href":"https:\/\/www.radiopiu.net\/wordpress\/wp-json\/wp\/v2\/media\/97057"}],"wp:attachment":[{"href":"https:\/\/www.radiopiu.net\/wordpress\/wp-json\/wp\/v2\/media?parent=97056"}],"wp:term":[{"taxonomy":"category","embeddable":true,"href":"https:\/\/www.radiopiu.net\/wordpress\/wp-json\/wp\/v2\/categories?post=97056"},{"taxonomy":"post_tag","embeddable":true,"href":"https:\/\/www.radiopiu.net\/wordpress\/wp-json\/wp\/v2\/tags?post=97056"}],"curies":[{"name":"wp","href":"https:\/\/api.w.org\/{rel}","templated":true}]}}