{"id":97077,"date":"2019-09-03T16:46:28","date_gmt":"2019-09-03T14:46:28","guid":{"rendered":"http:\/\/www.radiopiu.net\/wordpress\/?p=97077"},"modified":"2019-09-03T16:46:28","modified_gmt":"2019-09-03T14:46:28","slug":"in-contatto-con-le-trasmittenti-ma-non-e-sufficiente-per-ritrovare-la-strada-da-soli","status":"publish","type":"post","link":"https:\/\/www.radiopiu.net\/wordpress\/in-contatto-con-le-trasmittenti-ma-non-e-sufficiente-per-ritrovare-la-strada-da-soli\/","title":{"rendered":"IN CONTATTO CON LE TRASMITTENTI MA NON E&#8217; SUFFICIENTE PER RITROVARE LA STRADA DA SOLI"},"content":{"rendered":"<p><strong>AURONZO<\/strong> Questa mattina alle 8.40 circa una turista francese, Y.A., 28 anni, si e procurata un probabile trauma alla caviglia nei pressi del Rifugio Auronzo. Allertato il Soccorso alpino, una squadra del Sagf la ha raggiunta e accompagnata in fuoristrada fino a Misurina, per affidarla all&#8217;ambulanza diretta al Codivilla.<\/p>\n<p><strong>CORTINA<\/strong> Verso le 13.30 l&#8217;elicottero del Suem di Pieve di Cadore \u00e8 decollato in direzione del Rifugio Averau, a Cortina d&#8217;Ampezzo, dove un sedicenne di Venezia aveva menifestato difficolt\u00e0 respiratorie. Dopo essere stato visitato dall&#8217;equipe medica, il giovane \u00e8 stato imbarcato e trasportato all&#8217;ospedale di Belluno per gli approfondimenti del caso.<\/p>\n<p><strong>CORTINA<\/strong> Anche una donna che si trovava al Rifugio Lagazuoi, A.T., 56 anni, di Selva di Cadore (BL), si \u00e8 sentita male poco pi\u00f9 tardi. In suo aiuto \u00e8 atterrata nella piazzola della struttura l&#8217;eliambulanza dell&#8217;Aiut Alpin Dolomites di Bolzano, che la ha accompagnata a Belluno per le dovute verifiche.<\/p>\n<p><strong>COMELIC<\/strong>O Alle 13.15 invece la Centrale del 118 ha allertato il Soccorso alpino della Val Comelico per una coppia che si era persa di vista sopra il Rifugio Forcella Zovo. Marito e moglie, 69 e 61 anni, di Imola (BO), stavano percorrendo una strada, quando il marito era partito in cerca di funghi e si era smarrito ritrovandosi su un&#8217;altra sterrata. I due erano in contatto tramite radioline e, proprio attraverso il walkie talkie, la donna aveva chiesto aiuto al gestore del Rifugio, che aveva contattato il 118. Sei soccorritori, compresi due del Sagf, si sono portati sul posto e hanno sintonizzato le loro radio sulla frequenza dei coniugi, cos\u00ec da contattarli e farsi spiegare il percorso seguito. In breve hanno quindi raggiunto la donna, che si trovava su una strada di San Pietro di Cadore, e subito dopo il marito, che era invece su una sterrata pi\u00f9 distante, quasi parallela, gia in comune di San Nicol\u00f2 Comelico. Le squadre hanno poi riaccompagnato la coppia alla propria macchina parcheggiata al Rifugio Forcella Zovo.<\/p>\n","protected":false},"excerpt":{"rendered":"<p>AURONZO Questa mattina alle 8.40 circa una turista francese, Y.A., 28 anni, si e procurata un probabile trauma alla caviglia nei pressi del Rifugio Auronzo. Allertato il Soccorso alpino, una squadra del Sagf la ha raggiunta e accompagnata in fuoristrada fino a Misurina, per affidarla all&#8217;ambulanza diretta al Codivilla. CORTINA Verso le 13.30 l&#8217;elicottero del&hellip;<\/p>\n","protected":false},"author":1,"featured_media":96479,"comment_status":"closed","ping_status":"closed","sticky":false,"template":"","format":"standard","meta":{"_monsterinsights_skip_tracking":false,"_monsterinsights_sitenote_active":false,"_monsterinsights_sitenote_note":"","_monsterinsights_sitenote_category":0,"footnotes":""},"categories":[51,49],"tags":[],"class_list":["post-97077","post","type-post","status-publish","format-standard","has-post-thumbnail","hentry","category-evidenza-top","category-news-18","category-51","category-49","description-off"],"img_url":"https:\/\/www.radiopiu.net\/wordpress\/wp-content\/uploads\/2019\/08\/SOCCORSO-ALPINO-2019.jpg","_links":{"self":[{"href":"https:\/\/www.radiopiu.net\/wordpress\/wp-json\/wp\/v2\/posts\/97077","targetHints":{"allow":["GET"]}}],"collection":[{"href":"https:\/\/www.radiopiu.net\/wordpress\/wp-json\/wp\/v2\/posts"}],"about":[{"href":"https:\/\/www.radiopiu.net\/wordpress\/wp-json\/wp\/v2\/types\/post"}],"author":[{"embeddable":true,"href":"https:\/\/www.radiopiu.net\/wordpress\/wp-json\/wp\/v2\/users\/1"}],"replies":[{"embeddable":true,"href":"https:\/\/www.radiopiu.net\/wordpress\/wp-json\/wp\/v2\/comments?post=97077"}],"version-history":[{"count":0,"href":"https:\/\/www.radiopiu.net\/wordpress\/wp-json\/wp\/v2\/posts\/97077\/revisions"}],"wp:featuredmedia":[{"embeddable":true,"href":"https:\/\/www.radiopiu.net\/wordpress\/wp-json\/wp\/v2\/media\/96479"}],"wp:attachment":[{"href":"https:\/\/www.radiopiu.net\/wordpress\/wp-json\/wp\/v2\/media?parent=97077"}],"wp:term":[{"taxonomy":"category","embeddable":true,"href":"https:\/\/www.radiopiu.net\/wordpress\/wp-json\/wp\/v2\/categories?post=97077"},{"taxonomy":"post_tag","embeddable":true,"href":"https:\/\/www.radiopiu.net\/wordpress\/wp-json\/wp\/v2\/tags?post=97077"}],"curies":[{"name":"wp","href":"https:\/\/api.w.org\/{rel}","templated":true}]}}