{"id":97221,"date":"2019-09-04T16:57:35","date_gmt":"2019-09-04T14:57:35","guid":{"rendered":"http:\/\/www.radiopiu.net\/wordpress\/?p=97221"},"modified":"2019-09-04T16:57:35","modified_gmt":"2019-09-04T14:57:35","slug":"i-costi-dellintervento-sulle-tre-cime-zaia-schiuma-di-rabbia","status":"publish","type":"post","link":"https:\/\/www.radiopiu.net\/wordpress\/i-costi-dellintervento-sulle-tre-cime-zaia-schiuma-di-rabbia\/","title":{"rendered":"I COSTI DELL&#8217;INTERVENTO SULLE TRE CIME, ZAIA SCHIUMA DI RABBIA"},"content":{"rendered":"<p align=\"JUSTIFY\">VENEZIA\u00a0 \u201c<span style=\"font-size: medium;\">A noi le beghe familiari non interessano e lasciamo che vengano gestite dentro la famiglia dei turisti spagnoli. Gli operatori hanno registrato pi\u00f9 chiamate da parte della madre e i nostri soccorsi sono intervenuti perch\u00e9 in questi casi sono obbligati a farlo.\u201d Lo afferma il Presidente della Regione Luca Zaia in merito alla vicenda degli alpinisti recuperati luned\u00ec mentre stavano percorrendo una via lungo le Tre Cime di Lavaredo che, in un\u2019intervista pubblicata oggi su alcuni quotidiani, affermano di non voler pagare il servizio di recupero. <\/span>\u201c<span style=\"font-size: medium;\">Ho dato incarico all\u2019ULSS 1 Dolomiti di seguire con attenzione la vicenda, \u2013 prosegue il Presidente della Regione &#8211; e di adire, eventualmente, alle vie legali qualora confermassero la volont\u00e0 dichiarata nelle interviste di non pagare gli interventi dei mezzi di soccorso. Tutto questo \u00e8 una lezione, qualora volessero tornare dalle nostre parti. Perch\u00e9 questo non \u00e8 solo un problema di costi e di utilizzo di mezzi di soccorso costosi, ma soprattutto di messa a repentaglio dell\u2019incolumit\u00e0, della vita dei nostri soccorritori. Se per loro, turisti o alpinisti che siano, \u00e8 uno svago, per il Soccorso Alpino e SUEM 118 \u00e8 un pericolo.\u201d <\/span>\u201c<span style=\"font-size: medium;\">E comunque, &#8211; precisa Zaia &#8211; visto che erano autonomi e dato che hanno rifiutato, quasi infastiditi, di essere soccorsi nelle prime due occasioni, ci spieghino per quale motivo la terza volta hanno accettato di essere recuperati e portati a valle dall\u2019elicottero.\u201d <\/span><span style=\"font-size: medium;\">Il Presidente ha chiesto una ricostruzione esatta di quanto accaduto al SUEM 118 che, in merito all\u2019accaduto, riporta quanto segue: <\/span>\u201c<span style=\"font-size: medium;\">L\u2019azione di soccorso \u00e8 scattata domenica 1 settembre, quando la madre di uno dei due turisti spagnoli, ospite del rifugio Auronzo, ha segnalato che sulla via Cassin, gli scalatori non erano pi\u00f9 raggiungibili al telefono e non davano notizie da ore. Risultava, inoltre, che i due erano stati a lungo al telefono durante le ore notturne con il Soccorso Alpino di Agordo, che aveva fornito precise informazioni sullo sviluppo della via. Per il SUEM 118, l\u2019allarme e, quindi, il conseguente soccorso scatta quando qualcuno segnala che una persona non \u00e8 rintracciabile, non risponde al telefono n\u00e9 d\u00e0 segni da un certo numero di ore. <\/span><span style=\"font-size: medium;\">Domenica 1 settembre alle ore 7, su richiesta della madre, dopo contatto con la stazione CNSAS di Auronzo, che richiede individuazione dei due scalatori per verificare le loro condizioni, si \u00e8 alzato in volo un elicottero del SUEM 118 dell\u2019ULSS 1 Dolomiti da Pieve di Cadore per raggiungere i due turisti che, una volta individuati, non hanno voluto essere recuperati, dichiarando di non essere in pericolo. L\u2019intervento ha comportato circa un\u2019ora di volo per un costo approssimativo di circa 7.200 euro. <\/span><span style=\"font-size: medium;\">Luned\u00ec alle ore 8.30, su richiesta della stazione del CNSAS di Auronzo, su ripetute insistenze dei genitori perch\u00e9 i due scalatori non rispondevano, un altro elicottero di soccorso del SUEM, questa volta dalla base di Treviso ha raggiunto gli alpinisti spagnoli che, anche in questo caso, non hanno ritenuto necessario il recupero, convinti di poter tornare autonomamente al luogo dove avevano bivaccato. L\u2019intervento ha comportato un\u2019ora e 45 minuti di volo per un costo presunto di 12.600 euro. <\/span><span style=\"font-size: medium;\">Luned\u00ec pomeriggio, per la terza volta, viste le proibitive condizioni meteorologiche, la madre ha allertato nuovamente i soccorsi. \u00c8 intervenuto un elicottero dell\u2019Aiut Alpin Dolomites della Provincia Autonoma di Bolzano a seguito della richiesta di tentare una nuova missione di recupero a causa di un violento temporale, che ha interessato la zona alle ore 16. Dopo ripetuti tentativi per condizioni meteo avverse, l\u2019elicottero \u00e8 riuscito a trovare una zona di sereno e ad effettuare il recupero dei due scalatori in difficolt\u00e0, perch\u00e9 bagnati ed infreddoliti. In questo caso il costo dell\u2019intervento \u00e8 superiore (140 euro al minuto), ma sar\u00e0, comunque, quantificato dall\u2019Azienda Sanitaria dell\u2019Alto Adige, alla quale appartiene il mezzo di soccorso.\u201d<\/span><\/p>\n","protected":false},"excerpt":{"rendered":"<p>VENEZIA\u00a0 \u201cA noi le beghe familiari non interessano e lasciamo che vengano gestite dentro la famiglia dei turisti spagnoli. Gli operatori hanno registrato pi\u00f9 chiamate da parte della madre e i nostri soccorsi sono intervenuti perch\u00e9 in questi casi sono obbligati a farlo.\u201d Lo afferma il Presidente della Regione Luca Zaia in merito alla vicenda&hellip;<\/p>\n","protected":false},"author":1,"featured_media":96892,"comment_status":"closed","ping_status":"closed","sticky":false,"template":"","format":"standard","meta":{"_monsterinsights_skip_tracking":false,"_monsterinsights_sitenote_active":false,"_monsterinsights_sitenote_note":"","_monsterinsights_sitenote_category":0,"footnotes":""},"categories":[51,49],"tags":[],"class_list":["post-97221","post","type-post","status-publish","format-standard","has-post-thumbnail","hentry","category-evidenza-top","category-news-18","category-51","category-49","description-off"],"img_url":"https:\/\/www.radiopiu.net\/wordpress\/wp-content\/uploads\/2019\/09\/IMG-20190902-WA0008.jpg","_links":{"self":[{"href":"https:\/\/www.radiopiu.net\/wordpress\/wp-json\/wp\/v2\/posts\/97221","targetHints":{"allow":["GET"]}}],"collection":[{"href":"https:\/\/www.radiopiu.net\/wordpress\/wp-json\/wp\/v2\/posts"}],"about":[{"href":"https:\/\/www.radiopiu.net\/wordpress\/wp-json\/wp\/v2\/types\/post"}],"author":[{"embeddable":true,"href":"https:\/\/www.radiopiu.net\/wordpress\/wp-json\/wp\/v2\/users\/1"}],"replies":[{"embeddable":true,"href":"https:\/\/www.radiopiu.net\/wordpress\/wp-json\/wp\/v2\/comments?post=97221"}],"version-history":[{"count":0,"href":"https:\/\/www.radiopiu.net\/wordpress\/wp-json\/wp\/v2\/posts\/97221\/revisions"}],"wp:featuredmedia":[{"embeddable":true,"href":"https:\/\/www.radiopiu.net\/wordpress\/wp-json\/wp\/v2\/media\/96892"}],"wp:attachment":[{"href":"https:\/\/www.radiopiu.net\/wordpress\/wp-json\/wp\/v2\/media?parent=97221"}],"wp:term":[{"taxonomy":"category","embeddable":true,"href":"https:\/\/www.radiopiu.net\/wordpress\/wp-json\/wp\/v2\/categories?post=97221"},{"taxonomy":"post_tag","embeddable":true,"href":"https:\/\/www.radiopiu.net\/wordpress\/wp-json\/wp\/v2\/tags?post=97221"}],"curies":[{"name":"wp","href":"https:\/\/api.w.org\/{rel}","templated":true}]}}