{"id":97297,"date":"2019-09-05T05:52:20","date_gmt":"2019-09-05T03:52:20","guid":{"rendered":"http:\/\/www.radiopiu.net\/wordpress\/?p=97297"},"modified":"2019-09-05T05:53:04","modified_gmt":"2019-09-05T03:53:04","slug":"agordo-odroga","status":"publish","type":"post","link":"https:\/\/www.radiopiu.net\/wordpress\/agordo-odroga\/","title":{"rendered":"AGORDO&#8230;ODROGA"},"content":{"rendered":"<h2>LA TESTIMONIANZA<\/h2>\n<p><strong>AGORDO<\/strong> Dalla pagina facebook Sei di Agordo una storia &#8220;metropolitana&#8221; alla quale l&#8217;Agordino non \u00e8 certo abituato. Ecco il racconto di Nadia supportato dalle fotografie. Episodio denunciato al 112, sale la preoccupazione.<\/p>\n<blockquote><p><em>Agordo ore 19 del 4 \/09 , strani movimenti in via Aivata&#8230;. Dietro questa casa sta succedendo qualcosa di incredibile. Mi avvicino e colgo due drogati che si stanno bucando. Uno farfuglia qualcosa e si defila . Il compagno mi d\u00e0 le spalle e quando finalmente si gira innorridisco : tiene in mano delle siringhe sporche di sangue. Gocce di sangue anche sul marciapiede Inveisco mentre si dilegua. Ho chiaramente riconosciuto il primo. Sento l<span class=\"text_exposed_show\">a rabbia che mi sale a mille . \u00c8 nota la presenza della droga ad Agordo, ma che ci si faccia in pieno centro. Chiamo i carabinieri che mi consigliano di interpellare il 112. Ho un colloquio con la pattuglia di turno che far\u00e0 presente il fatto. Forse non ne sortir\u00e1 nulla. Certo \u00e8 che via Carrera e via Aivata sono zone frequentate , soprattutto di notte. Non possiamo far finta che questi problemi non esistano .<\/span><\/em><\/p><\/blockquote>\n<p><a class=\"dt-pswp-item\" href=\"http:\/\/www.radiopiu.net\/wordpress\/wp-content\/uploads\/2019\/09\/70720926_749322845488679_8424952305316528128_n.jpg\" data-dt-img-description=\"\" data-large_image_width=\"466\" data-large_image_height=\"960\"><img loading=\"lazy\" decoding=\"async\" class=\"alignnone size-medium wp-image-97294\" src=\"http:\/\/www.radiopiu.net\/wordpress\/wp-content\/uploads\/2019\/09\/70720926_749322845488679_8424952305316528128_n-146x300.jpg\" alt=\"\" width=\"146\" height=\"300\" srcset=\"https:\/\/www.radiopiu.net\/wordpress\/wp-content\/uploads\/2019\/09\/70720926_749322845488679_8424952305316528128_n-146x300.jpg 146w, https:\/\/www.radiopiu.net\/wordpress\/wp-content\/uploads\/2019\/09\/70720926_749322845488679_8424952305316528128_n.jpg 466w\" sizes=\"auto, (max-width: 146px) 100vw, 146px\" \/><\/a><a class=\"dt-pswp-item\" href=\"http:\/\/www.radiopiu.net\/wordpress\/wp-content\/uploads\/2019\/09\/69544150_749322815488682_5595324685597278208_n.jpg\" data-dt-img-description=\"\" data-large_image_width=\"466\" data-large_image_height=\"960\"><img loading=\"lazy\" decoding=\"async\" class=\"alignnone size-medium wp-image-97295\" src=\"http:\/\/www.radiopiu.net\/wordpress\/wp-content\/uploads\/2019\/09\/69544150_749322815488682_5595324685597278208_n-146x300.jpg\" alt=\"\" width=\"146\" height=\"300\" srcset=\"https:\/\/www.radiopiu.net\/wordpress\/wp-content\/uploads\/2019\/09\/69544150_749322815488682_5595324685597278208_n-146x300.jpg 146w, https:\/\/www.radiopiu.net\/wordpress\/wp-content\/uploads\/2019\/09\/69544150_749322815488682_5595324685597278208_n.jpg 466w\" sizes=\"auto, (max-width: 146px) 100vw, 146px\" \/><\/a><a class=\"dt-pswp-item\" href=\"http:\/\/www.radiopiu.net\/wordpress\/wp-content\/uploads\/2019\/09\/70188781_749322782155352_5532418331132297216_n.jpg\" data-dt-img-description=\"\" data-large_image_width=\"467\" data-large_image_height=\"960\"><img loading=\"lazy\" decoding=\"async\" class=\"alignnone size-medium wp-image-97296\" src=\"http:\/\/www.radiopiu.net\/wordpress\/wp-content\/uploads\/2019\/09\/70188781_749322782155352_5532418331132297216_n-146x300.jpg\" alt=\"\" width=\"146\" height=\"300\" srcset=\"https:\/\/www.radiopiu.net\/wordpress\/wp-content\/uploads\/2019\/09\/70188781_749322782155352_5532418331132297216_n-146x300.jpg 146w, https:\/\/www.radiopiu.net\/wordpress\/wp-content\/uploads\/2019\/09\/70188781_749322782155352_5532418331132297216_n.jpg 467w\" sizes=\"auto, (max-width: 146px) 100vw, 146px\" \/><\/a><\/p>\n","protected":false},"excerpt":{"rendered":"<p>LA TESTIMONIANZA AGORDO Dalla pagina facebook Sei di Agordo una storia &#8220;metropolitana&#8221; alla quale l&#8217;Agordino non \u00e8 certo abituato. Ecco il racconto di Nadia supportato dalle fotografie. Episodio denunciato al 112, sale la preoccupazione. Agordo ore 19 del 4 \/09 , strani movimenti in via Aivata&#8230;. Dietro questa casa sta succedendo qualcosa di incredibile. Mi&hellip;<\/p>\n","protected":false},"author":1,"featured_media":97295,"comment_status":"closed","ping_status":"closed","sticky":false,"template":"","format":"standard","meta":{"_monsterinsights_skip_tracking":false,"_monsterinsights_sitenote_active":false,"_monsterinsights_sitenote_note":"","_monsterinsights_sitenote_category":0,"footnotes":""},"categories":[51,49],"tags":[],"class_list":["post-97297","post","type-post","status-publish","format-standard","has-post-thumbnail","hentry","category-evidenza-top","category-news-18","category-51","category-49","description-off"],"img_url":"https:\/\/www.radiopiu.net\/wordpress\/wp-content\/uploads\/2019\/09\/69544150_749322815488682_5595324685597278208_n.jpg","_links":{"self":[{"href":"https:\/\/www.radiopiu.net\/wordpress\/wp-json\/wp\/v2\/posts\/97297","targetHints":{"allow":["GET"]}}],"collection":[{"href":"https:\/\/www.radiopiu.net\/wordpress\/wp-json\/wp\/v2\/posts"}],"about":[{"href":"https:\/\/www.radiopiu.net\/wordpress\/wp-json\/wp\/v2\/types\/post"}],"author":[{"embeddable":true,"href":"https:\/\/www.radiopiu.net\/wordpress\/wp-json\/wp\/v2\/users\/1"}],"replies":[{"embeddable":true,"href":"https:\/\/www.radiopiu.net\/wordpress\/wp-json\/wp\/v2\/comments?post=97297"}],"version-history":[{"count":0,"href":"https:\/\/www.radiopiu.net\/wordpress\/wp-json\/wp\/v2\/posts\/97297\/revisions"}],"wp:featuredmedia":[{"embeddable":true,"href":"https:\/\/www.radiopiu.net\/wordpress\/wp-json\/wp\/v2\/media\/97295"}],"wp:attachment":[{"href":"https:\/\/www.radiopiu.net\/wordpress\/wp-json\/wp\/v2\/media?parent=97297"}],"wp:term":[{"taxonomy":"category","embeddable":true,"href":"https:\/\/www.radiopiu.net\/wordpress\/wp-json\/wp\/v2\/categories?post=97297"},{"taxonomy":"post_tag","embeddable":true,"href":"https:\/\/www.radiopiu.net\/wordpress\/wp-json\/wp\/v2\/tags?post=97297"}],"curies":[{"name":"wp","href":"https:\/\/api.w.org\/{rel}","templated":true}]}}