{"id":97349,"date":"2019-09-05T14:41:51","date_gmt":"2019-09-05T12:41:51","guid":{"rendered":"http:\/\/www.radiopiu.net\/wordpress\/?p=97349"},"modified":"2019-09-05T17:26:05","modified_gmt":"2019-09-05T15:26:05","slug":"a-fargona-sagra-e-ricordi","status":"publish","type":"post","link":"https:\/\/www.radiopiu.net\/wordpress\/a-fargona-sagra-e-ricordi\/","title":{"rendered":"A FARGONA, SAGRA E RICORDI"},"content":{"rendered":"<p>&nbsp;<\/p>\n<p><strong>CANALE D&#8217;AGORDO Sabato<\/strong> 14 e domenica\u00a0 15 settembre sagra con l&#8217;associazione Ki da Fargona. Nell&#8217;ambito della festa &#8220;Doi varc entorn Frena&#8221;, primo memorial Bepino De Ventura, gara i corsa in montagna non competitiva quasi interamente su terreno sterrato. Sabato 14 settembre alle 11, iscrizioni sotto al tendone dalle 9.15, gadget tecnico per i primi 150 iscritti e buono pasta party. info 3331850468<\/p>\n<p><span style=\"color: #ff0000;\">SAGRA FREGONA, LO SPOT ALLA RADIO<\/span><\/p>\n<audio class=\"wp-audio-shortcode\" id=\"audio-97349-1\" preload=\"none\" style=\"width: 100%;\" controls=\"controls\"><source type=\"audio\/mpeg\" src=\"http:\/\/www.radiopiu.net\/wordpress\/wp-content\/uploads\/2019\/09\/SAGRA-FREGONA.mp3?_=1\" \/><a href=\"http:\/\/www.radiopiu.net\/wordpress\/wp-content\/uploads\/2019\/09\/SAGRA-FREGONA.mp3\">http:\/\/www.radiopiu.net\/wordpress\/wp-content\/uploads\/2019\/09\/SAGRA-FREGONA.mp3<\/a><\/audio>\n<p>&nbsp;<\/p>\n<div><a class=\"dt-pswp-item\" href=\"http:\/\/www.radiopiu.net\/wordpress\/wp-content\/uploads\/2019\/09\/f3b9f418-1d68-4cad-9fa1-ca729806b73c.jpg\" data-dt-img-description=\"\" data-large_image_width=\"1133\" data-large_image_height=\"1600\"><img loading=\"lazy\" decoding=\"async\" class=\"wp-image-97352 alignleft\" src=\"http:\/\/www.radiopiu.net\/wordpress\/wp-content\/uploads\/2019\/09\/f3b9f418-1d68-4cad-9fa1-ca729806b73c-725x1024.jpg\" alt=\"\" width=\"230\" height=\"326\" srcset=\"https:\/\/www.radiopiu.net\/wordpress\/wp-content\/uploads\/2019\/09\/f3b9f418-1d68-4cad-9fa1-ca729806b73c-725x1024.jpg 725w, https:\/\/www.radiopiu.net\/wordpress\/wp-content\/uploads\/2019\/09\/f3b9f418-1d68-4cad-9fa1-ca729806b73c-212x300.jpg 212w, https:\/\/www.radiopiu.net\/wordpress\/wp-content\/uploads\/2019\/09\/f3b9f418-1d68-4cad-9fa1-ca729806b73c-768x1085.jpg 768w, https:\/\/www.radiopiu.net\/wordpress\/wp-content\/uploads\/2019\/09\/f3b9f418-1d68-4cad-9fa1-ca729806b73c.jpg 1133w\" sizes=\"auto, (max-width: 230px) 100vw, 230px\" \/><\/a><a class=\"dt-pswp-item\" href=\"http:\/\/www.radiopiu.net\/wordpress\/wp-content\/uploads\/2019\/09\/IMG_7751.jpg\" data-dt-img-description=\"\" data-large_image_width=\"1250\" data-large_image_height=\"1760\"><img loading=\"lazy\" decoding=\"async\" class=\"wp-image-97351 alignleft\" src=\"http:\/\/www.radiopiu.net\/wordpress\/wp-content\/uploads\/2019\/09\/IMG_7751-727x1024.jpg\" alt=\"\" width=\"232\" height=\"328\" srcset=\"https:\/\/www.radiopiu.net\/wordpress\/wp-content\/uploads\/2019\/09\/IMG_7751-727x1024.jpg 727w, https:\/\/www.radiopiu.net\/wordpress\/wp-content\/uploads\/2019\/09\/IMG_7751-213x300.jpg 213w, https:\/\/www.radiopiu.net\/wordpress\/wp-content\/uploads\/2019\/09\/IMG_7751-768x1081.jpg 768w, https:\/\/www.radiopiu.net\/wordpress\/wp-content\/uploads\/2019\/09\/IMG_7751.jpg 1250w\" sizes=\"auto, (max-width: 232px) 100vw, 232px\" \/><\/a><\/div>\n<p>&nbsp;<\/p>\n<p>&nbsp;<\/p>\n<p>&nbsp;<\/p>\n<p>&nbsp;<\/p>\n<p>&nbsp;<\/p>\n<p>&nbsp;<\/p>\n<p>&nbsp;<\/p>\n<p>&nbsp;<\/p>\n<p>&nbsp;<\/p>\n<p>&nbsp;<\/p>\n<p>&nbsp;<\/p>\n<p>&nbsp;<\/p>\n<p>La poesia dedicata a Giuseppe De Ventura al quale \u00e8 dedicato il memorial della corsa in montagna<\/p>\n<p><strong><a class=\"dt-pswp-item\" href=\"http:\/\/www.radiopiu.net\/wordpress\/wp-content\/uploads\/2019\/09\/340357_2448612528802_1331834372_o-300x225.jpg\" data-dt-img-description=\"\" data-large_image_width=\"300\" data-large_image_height=\"225\"><img loading=\"lazy\" decoding=\"async\" class=\"size-full wp-image-97353 alignleft\" src=\"http:\/\/www.radiopiu.net\/wordpress\/wp-content\/uploads\/2019\/09\/340357_2448612528802_1331834372_o-300x225.jpg\" alt=\"\" width=\"300\" height=\"225\" \/><\/a><\/strong><\/p>\n<p>&nbsp;<\/p>\n<p>&nbsp;<\/p>\n<p><strong>BEPINO<\/strong><\/p>\n<p>di JOHN FRANCIS DELLA PIETRA<\/p>\n<audio class=\"wp-audio-shortcode\" id=\"audio-97349-2\" preload=\"none\" style=\"width: 100%;\" controls=\"controls\"><source type=\"audio\/mpeg\" src=\"http:\/\/www.radiopiu.net\/wordpress\/wp-content\/uploads\/2019\/09\/BEPINO.mp3?_=2\" \/><a href=\"http:\/\/www.radiopiu.net\/wordpress\/wp-content\/uploads\/2019\/09\/BEPINO.mp3\">http:\/\/www.radiopiu.net\/wordpress\/wp-content\/uploads\/2019\/09\/BEPINO.mp3<\/a><\/audio>\n<p>Da sen l era un de noi<br \/>\nDe ki da fargpna<br \/>\nNas\u00f9 \u0137ass\u00f9<br \/>\nAi piei de le aute<br \/>\nSot al bosc<br \/>\nTra prai camp e ort<br \/>\nCome che i usea na botha<br \/>\nDintorn a le case del paes<br \/>\nEl so vede da bocja<br \/>\nEl rivea fin l\u00e0 su chele zime p\u00ec alte<br \/>\nOnde che da doven<br \/>\nL \u00e8 dut su<br \/>\nDap\u00f2 laoro e fameja<br \/>\nL ha port\u00e0 distante<br \/>\nMa col cor semper qua<br \/>\nCo l \u00e8 torn\u00e0<br \/>\nL \u00e8 come che nol fusise mai camin\u00e0<br \/>\nL ha cjap\u00e0 Inte dal vers<br \/>\nEl s ha met\u00f9 a fa<br \/>\nA daid\u00e0<br \/>\nCon entusiasmo e capacit\u00e0<br \/>\nAnca con bone e bele parole<br \/>\nChe no assa mai le persone sole<br \/>\nE sti d\u00ec che vien<br \/>\nA sagra<br \/>\nDe ki da fargona<br \/>\nTra cant e bai<br \/>\nCo te spiar\u00e0 el ziel p\u00ec da visino<br \/>\nTe l intravedar\u00e0 sorridente apede la so dent<br \/>\nBepino<\/p>\n","protected":false},"excerpt":{"rendered":"<p>&nbsp; CANALE D&#8217;AGORDO Sabato 14 e domenica\u00a0 15 settembre sagra con l&#8217;associazione Ki da Fargona. Nell&#8217;ambito della festa &#8220;Doi varc entorn Frena&#8221;, primo memorial Bepino De Ventura, gara i corsa in montagna non competitiva quasi interamente su terreno sterrato. Sabato 14 settembre alle 11, iscrizioni sotto al tendone dalle 9.15, gadget tecnico per i primi&hellip;<\/p>\n","protected":false},"author":1,"featured_media":97353,"comment_status":"closed","ping_status":"closed","sticky":false,"template":"","format":"standard","meta":{"_monsterinsights_skip_tracking":false,"_monsterinsights_sitenote_active":false,"_monsterinsights_sitenote_note":"","_monsterinsights_sitenote_category":0,"footnotes":""},"categories":[103,49],"tags":[],"class_list":["post-97349","post","type-post","status-publish","format-standard","has-post-thumbnail","hentry","category-evidenza_2","category-news-18","category-103","category-49","description-off"],"img_url":"https:\/\/www.radiopiu.net\/wordpress\/wp-content\/uploads\/2019\/09\/340357_2448612528802_1331834372_o-300x225.jpg","_links":{"self":[{"href":"https:\/\/www.radiopiu.net\/wordpress\/wp-json\/wp\/v2\/posts\/97349","targetHints":{"allow":["GET"]}}],"collection":[{"href":"https:\/\/www.radiopiu.net\/wordpress\/wp-json\/wp\/v2\/posts"}],"about":[{"href":"https:\/\/www.radiopiu.net\/wordpress\/wp-json\/wp\/v2\/types\/post"}],"author":[{"embeddable":true,"href":"https:\/\/www.radiopiu.net\/wordpress\/wp-json\/wp\/v2\/users\/1"}],"replies":[{"embeddable":true,"href":"https:\/\/www.radiopiu.net\/wordpress\/wp-json\/wp\/v2\/comments?post=97349"}],"version-history":[{"count":0,"href":"https:\/\/www.radiopiu.net\/wordpress\/wp-json\/wp\/v2\/posts\/97349\/revisions"}],"wp:featuredmedia":[{"embeddable":true,"href":"https:\/\/www.radiopiu.net\/wordpress\/wp-json\/wp\/v2\/media\/97353"}],"wp:attachment":[{"href":"https:\/\/www.radiopiu.net\/wordpress\/wp-json\/wp\/v2\/media?parent=97349"}],"wp:term":[{"taxonomy":"category","embeddable":true,"href":"https:\/\/www.radiopiu.net\/wordpress\/wp-json\/wp\/v2\/categories?post=97349"},{"taxonomy":"post_tag","embeddable":true,"href":"https:\/\/www.radiopiu.net\/wordpress\/wp-json\/wp\/v2\/tags?post=97349"}],"curies":[{"name":"wp","href":"https:\/\/api.w.org\/{rel}","templated":true}]}}