{"id":97358,"date":"2019-09-05T15:43:17","date_gmt":"2019-09-05T13:43:17","guid":{"rendered":"http:\/\/www.radiopiu.net\/wordpress\/?p=97358"},"modified":"2019-09-05T15:45:27","modified_gmt":"2019-09-05T13:45:27","slug":"avvio-dei-lavori-di-somma-urgenza-a-davedino","status":"publish","type":"post","link":"https:\/\/www.radiopiu.net\/wordpress\/avvio-dei-lavori-di-somma-urgenza-a-davedino\/","title":{"rendered":"AVVIO DEI LAVORI DI SOMMA URGENZA A DAVEDINO"},"content":{"rendered":"<p><strong><a class=\"dt-pswp-item\" href=\"http:\/\/www.radiopiu.net\/wordpress\/wp-content\/uploads\/2019\/09\/DAVEDINO_spalla-del-ponte.jpeg\" data-dt-img-description=\"\" data-large_image_width=\"2048\" data-large_image_height=\"1536\"><img loading=\"lazy\" decoding=\"async\" class=\"wp-image-97368 alignleft\" src=\"http:\/\/www.radiopiu.net\/wordpress\/wp-content\/uploads\/2019\/09\/DAVEDINO_spalla-del-ponte-1024x768.jpeg\" alt=\"\" width=\"303\" height=\"228\" srcset=\"https:\/\/www.radiopiu.net\/wordpress\/wp-content\/uploads\/2019\/09\/DAVEDINO_spalla-del-ponte-1024x768.jpeg 1024w, https:\/\/www.radiopiu.net\/wordpress\/wp-content\/uploads\/2019\/09\/DAVEDINO_spalla-del-ponte-300x225.jpeg 300w, https:\/\/www.radiopiu.net\/wordpress\/wp-content\/uploads\/2019\/09\/DAVEDINO_spalla-del-ponte-768x576.jpeg 768w, https:\/\/www.radiopiu.net\/wordpress\/wp-content\/uploads\/2019\/09\/DAVEDINO_spalla-del-ponte.jpeg 2048w\" sizes=\"auto, (max-width: 303px) 100vw, 303px\" \/><\/a>LIVINALLONGO<\/strong> Il Servizio Difesa del Suolo della Provincia di Belluno ha avviato nei giorni scorsi un importante cantiere di messa in sicurezza in Comune di Livinallongo. Si tratta di una serie di interventi di consolidamento del dissesto franoso che ha coinvolto una parte di versante attraversato dalla strada comunale per la frazione di Davedino (la localit\u00e0 dista 2 chilometri circa dal capoluogo comunale ed \u00e8 abitata anche da una signora ultraottantenne). La strada \u00e8 ben nota per essere stata frequentemente oggetto di interventi di manutenzione ordinaria e straordinaria a causa della fragilit\u00e0 del versante sul quale insiste. Il movimento franoso si \u00e8 attivato a seguito dell\u2019evento alluvionale della tempesta Vaia, a fine ottobre. Le ripetute intense precipitazioni di aprile, maggio, luglio e agosto hanno fortemente aggravato la situazione: il <a class=\"dt-pswp-item\" href=\"http:\/\/www.radiopiu.net\/wordpress\/wp-content\/uploads\/2019\/09\/DAVEDINO-dissesto-su-strada-2.jpeg\" data-dt-img-description=\"\" data-large_image_width=\"2048\" data-large_image_height=\"1536\"><img loading=\"lazy\" decoding=\"async\" class=\"wp-image-97367 alignright\" src=\"http:\/\/www.radiopiu.net\/wordpress\/wp-content\/uploads\/2019\/09\/DAVEDINO-dissesto-su-strada-2-1024x768.jpeg\" alt=\"\" width=\"305\" height=\"229\" srcset=\"https:\/\/www.radiopiu.net\/wordpress\/wp-content\/uploads\/2019\/09\/DAVEDINO-dissesto-su-strada-2-1024x768.jpeg 1024w, https:\/\/www.radiopiu.net\/wordpress\/wp-content\/uploads\/2019\/09\/DAVEDINO-dissesto-su-strada-2-300x225.jpeg 300w, https:\/\/www.radiopiu.net\/wordpress\/wp-content\/uploads\/2019\/09\/DAVEDINO-dissesto-su-strada-2-768x576.jpeg 768w, https:\/\/www.radiopiu.net\/wordpress\/wp-content\/uploads\/2019\/09\/DAVEDINO-dissesto-su-strada-2.jpeg 2048w\" sizes=\"auto, (max-width: 305px) 100vw, 305px\" \/><\/a>dissesto si \u00e8 riattivato fino a ridurre sensibilmente le dimensioni della carreggiata, arrivate ormai al limite della praticabilit\u00e0 in condizioni di sicurezza; motivo per cui l\u2019amministrazione comunale \u00e8 stata costretta a emettere un\u2019ordinanza di divieto di transito, dal ponte sul Rio Dagh\u00e8 fino all\u2019abitato. Il 6 agosto \u00e8 stato effettuato un sopralluogo da parte dei tecnici della Provincia, i quali hanno constatato una continua e costante evoluzione dei dissesti. Nello specifico, hanno rilevato che in corrispondenza del ponticello di attraversamento del Ru Dagh\u00e8, le acque di piena avevano asportato i parapetti del ponticello, danneggiato in parte l\u2019impalcato in tavole di legno, ed eroso le sponde a valle del ponticello, con conseguente franamento parziale del ciglio stradale, per un tratto di circa 7 metri (risulta danneggiata anche la fondazione del muro destro del ponte). Gli stessi eventi hanno provocato il franamento del ciglio stradale verso valle, poco prima <a class=\"dt-pswp-item\" href=\"http:\/\/www.radiopiu.net\/wordpress\/wp-content\/uploads\/2019\/09\/DAVEDINO-dissesto-su-strada-1.jpg\" data-dt-img-description=\"\" data-large_image_width=\"2048\" data-large_image_height=\"1536\"><img loading=\"lazy\" decoding=\"async\" class=\"wp-image-97366 alignleft\" src=\"http:\/\/www.radiopiu.net\/wordpress\/wp-content\/uploads\/2019\/09\/DAVEDINO-dissesto-su-strada-1-1024x768.jpg\" alt=\"\" width=\"270\" height=\"203\" srcset=\"https:\/\/www.radiopiu.net\/wordpress\/wp-content\/uploads\/2019\/09\/DAVEDINO-dissesto-su-strada-1-1024x768.jpg 1024w, https:\/\/www.radiopiu.net\/wordpress\/wp-content\/uploads\/2019\/09\/DAVEDINO-dissesto-su-strada-1-300x225.jpg 300w, https:\/\/www.radiopiu.net\/wordpress\/wp-content\/uploads\/2019\/09\/DAVEDINO-dissesto-su-strada-1-768x576.jpg 768w, https:\/\/www.radiopiu.net\/wordpress\/wp-content\/uploads\/2019\/09\/DAVEDINO-dissesto-su-strada-1.jpg 2048w\" sizes=\"auto, (max-width: 270px) 100vw, 270px\" \/><\/a>dell\u2019abitato di Davedino, per un\u2019altezza di circa 4 metri e una lunghezza di 15. Quanto verificato ha reso necessario un intervento d\u2019urgenza per il ripristino delle condizioni di sicurezza di quella che risulta l\u2019unica viabilit\u00e0 di accesso alla frazione. Due i lavori necessari: la riattivazione della funzionalit\u00e0 del ponticello sul Ru Dagh\u00e8, assolutamente propedeutico a garantire condizioni di sicurezza nell\u2019allestimento della logistica e indispensabile per l\u2019accesso al cantiere principale; e il ripristino delle condizioni di viabilit\u00e0 d\u2019accesso alla frazione di Davedino. Il Servizio Difesa del Suolo ha prodotto gli elaborati per la realizzazione delle due tranche di operazioni. La realizzazione di un nuovo muro di sostegno in calcestruzzo armato, con una serie di tubazioni di drenaggio (sono previsti anche interventi di edilizia specializzata per garantire un migliore ancoraggio al terreno sottostante). Prima dell\u2019esecuzione del consolidamento del versante, si prevede di sistemare il profilo dissestato mediante la realizzazione di opere di sostegno con tecniche di ingegneria naturalistica. Si proceder\u00e0 <a class=\"dt-pswp-item\" href=\"http:\/\/www.radiopiu.net\/wordpress\/wp-content\/uploads\/2019\/09\/DAVEDINO-dissesto-su-strada-3.jpeg\" data-dt-img-description=\"\" data-large_image_width=\"2048\" data-large_image_height=\"1536\"><img loading=\"lazy\" decoding=\"async\" class=\"wp-image-97365 alignright\" src=\"http:\/\/www.radiopiu.net\/wordpress\/wp-content\/uploads\/2019\/09\/DAVEDINO-dissesto-su-strada-3-1024x768.jpeg\" alt=\"\" width=\"230\" height=\"173\" srcset=\"https:\/\/www.radiopiu.net\/wordpress\/wp-content\/uploads\/2019\/09\/DAVEDINO-dissesto-su-strada-3-1024x768.jpeg 1024w, https:\/\/www.radiopiu.net\/wordpress\/wp-content\/uploads\/2019\/09\/DAVEDINO-dissesto-su-strada-3-300x225.jpeg 300w, https:\/\/www.radiopiu.net\/wordpress\/wp-content\/uploads\/2019\/09\/DAVEDINO-dissesto-su-strada-3-768x576.jpeg 768w, https:\/\/www.radiopiu.net\/wordpress\/wp-content\/uploads\/2019\/09\/DAVEDINO-dissesto-su-strada-3.jpeg 2048w\" sizes=\"auto, (max-width: 230px) 100vw, 230px\" \/><\/a>poi con la costruzione dell\u2019opera di consolidamento, finalizzata al recupero della completa funzionalit\u00e0 del piano viabile, realizzando un\u2019opera di sostegno lungo il ciglio stradale di valle (circa 15 metri). Ultimate queste operazioni, la somma urgenza sar\u00e0 completata con il ripristino del sottofondo stradale e della pavimentazione.<\/p>\n<blockquote><p><em>Soddisfatto il consigliere provinciale delegato Massimo Bortoluzzi per il pronto avvio dei lavori. \u00abAnche nella circostanza dell\u2019emergenza dell\u2019abitato di Davedino, il lavoro del Settore Difesa del Suolo ha messo ancora una volta in evidenza la capacit\u00e0 e la competenza di questo gruppo animato da grande passione ed entusiasmo &#8211; commenta Bortoluzzi -. Pur in una situazione dettata da frequenti episodi emergenziali, la squadra di tecnici resi disponibili dalla Regione Veneto presso la Provincia di Belluno riesce a rispondere prontamente alle esigenze del territorio\u00bb.<\/em><\/p><\/blockquote>\n","protected":false},"excerpt":{"rendered":"<p>LIVINALLONGO Il Servizio Difesa del Suolo della Provincia di Belluno ha avviato nei giorni scorsi un importante cantiere di messa in sicurezza in Comune di Livinallongo. Si tratta di una serie di interventi di consolidamento del dissesto franoso che ha coinvolto una parte di versante attraversato dalla strada comunale per la frazione di Davedino (la&hellip;<\/p>\n","protected":false},"author":1,"featured_media":97368,"comment_status":"closed","ping_status":"closed","sticky":false,"template":"","format":"standard","meta":{"_monsterinsights_skip_tracking":false,"_monsterinsights_sitenote_active":false,"_monsterinsights_sitenote_note":"","_monsterinsights_sitenote_category":0,"footnotes":""},"categories":[51,49],"tags":[],"class_list":["post-97358","post","type-post","status-publish","format-standard","has-post-thumbnail","hentry","category-evidenza-top","category-news-18","category-51","category-49","description-off"],"img_url":"https:\/\/www.radiopiu.net\/wordpress\/wp-content\/uploads\/2019\/09\/DAVEDINO_spalla-del-ponte.jpeg","_links":{"self":[{"href":"https:\/\/www.radiopiu.net\/wordpress\/wp-json\/wp\/v2\/posts\/97358","targetHints":{"allow":["GET"]}}],"collection":[{"href":"https:\/\/www.radiopiu.net\/wordpress\/wp-json\/wp\/v2\/posts"}],"about":[{"href":"https:\/\/www.radiopiu.net\/wordpress\/wp-json\/wp\/v2\/types\/post"}],"author":[{"embeddable":true,"href":"https:\/\/www.radiopiu.net\/wordpress\/wp-json\/wp\/v2\/users\/1"}],"replies":[{"embeddable":true,"href":"https:\/\/www.radiopiu.net\/wordpress\/wp-json\/wp\/v2\/comments?post=97358"}],"version-history":[{"count":0,"href":"https:\/\/www.radiopiu.net\/wordpress\/wp-json\/wp\/v2\/posts\/97358\/revisions"}],"wp:featuredmedia":[{"embeddable":true,"href":"https:\/\/www.radiopiu.net\/wordpress\/wp-json\/wp\/v2\/media\/97368"}],"wp:attachment":[{"href":"https:\/\/www.radiopiu.net\/wordpress\/wp-json\/wp\/v2\/media?parent=97358"}],"wp:term":[{"taxonomy":"category","embeddable":true,"href":"https:\/\/www.radiopiu.net\/wordpress\/wp-json\/wp\/v2\/categories?post=97358"},{"taxonomy":"post_tag","embeddable":true,"href":"https:\/\/www.radiopiu.net\/wordpress\/wp-json\/wp\/v2\/tags?post=97358"}],"curies":[{"name":"wp","href":"https:\/\/api.w.org\/{rel}","templated":true}]}}