{"id":97378,"date":"2019-09-05T23:59:49","date_gmt":"2019-09-05T21:59:49","guid":{"rendered":"http:\/\/www.radiopiu.net\/wordpress\/?p=97378"},"modified":"2019-09-06T07:48:58","modified_gmt":"2019-09-06T05:48:58","slug":"agordo-dalla-droga-alle-fiamme","status":"publish","type":"post","link":"https:\/\/www.radiopiu.net\/wordpress\/agordo-dalla-droga-alle-fiamme\/","title":{"rendered":"AGORDO, DALLA DROGA ALLE FIAMME."},"content":{"rendered":"<h2 class=\"western\">LA CITTADINANZA CHIEDE MAGGIORE CONTROLLO E SICUREZZA, LA PREOCCUPAZIONE DEL SINDACO.<\/h2>\n<p><strong>AGORDO<\/strong> L&#8217;altra sera due ragazzi con la siringa piantata nel braccio in via Aivata, per terra il loro sangue. Nella stessa notte l&#8217;incendio a quattro contenitori dei rifiuti della Valpe tra il centro di Agordo e la frazione Parech. Peraltro un cassonetto \u00e8 stato incendiato in prossimit\u00e0 delle pompe di benzina del distributore IP di via IV novembre lungo la regionale 203 agordina. Purtroppo sono\u00a0 solo gli ultimi fatti, dopo le note vicende dell&#8217;estate con l&#8217;uccisione di un cane, atti vandalici e ritrovi tra il condominio la Corte e la zona scolastica di Viale Sommariva e Tamonich. Il sindaco di Agordo Roberto Chissal\u00e8 esprime la sua preoccupazione ai microfoni di Radio Pi\u00f9<\/p>\n<audio class=\"wp-audio-shortcode\" id=\"audio-97378-1\" preload=\"none\" style=\"width: 100%;\" controls=\"controls\"><source type=\"audio\/mpeg\" src=\"http:\/\/www.radiopiu.net\/wordpress\/wp-content\/uploads\/2019\/09\/ROBERTO-CHISSA.mp3?_=1\" \/><a href=\"http:\/\/www.radiopiu.net\/wordpress\/wp-content\/uploads\/2019\/09\/ROBERTO-CHISSA.mp3\">http:\/\/www.radiopiu.net\/wordpress\/wp-content\/uploads\/2019\/09\/ROBERTO-CHISSA.mp3<\/a><\/audio>\n<p><span style=\"color: #ff0000;\"><strong>IERI ALLA RADIO\u00a0<\/strong><\/span><\/p>\n<p><strong><a class=\"dt-pswp-item\" href=\"http:\/\/www.radiopiu.net\/wordpress\/wp-content\/uploads\/2019\/09\/70720926_749322845488679_8424952305316528128_n.jpg\" data-dt-img-description=\"\" data-large_image_width=\"466\" data-large_image_height=\"960\"><img loading=\"lazy\" decoding=\"async\" class=\"wp-image-97294 alignleft\" src=\"http:\/\/www.radiopiu.net\/wordpress\/wp-content\/uploads\/2019\/09\/70720926_749322845488679_8424952305316528128_n.jpg\" alt=\"\" width=\"115\" height=\"237\" srcset=\"https:\/\/www.radiopiu.net\/wordpress\/wp-content\/uploads\/2019\/09\/70720926_749322845488679_8424952305316528128_n.jpg 466w, https:\/\/www.radiopiu.net\/wordpress\/wp-content\/uploads\/2019\/09\/70720926_749322845488679_8424952305316528128_n-146x300.jpg 146w\" sizes=\"auto, (max-width: 115px) 100vw, 115px\" \/><\/a>AGORDO<\/strong> Dalla pagina facebook Sei di Agordo una storia &#8220;metropolitana&#8221; alla quale l&#8217;Agordino non \u00e8 certo abituato. Ecco il racconto di Nadia supportato dalle fotografie<\/p>\n<p>&nbsp;<\/p>\n<blockquote><p><em>Agordo ore 19 del 4 \/09 , strani movimenti in via Aivata&#8230;. Dietro questa casa sta succedendo qualcosa di incredibile. Mi avvicino e colgo due drogati che si stanno bucando. Uno farfuglia qualcosa e si defila . Il compagno mi d\u00e0 le spalle e quando finalmente si gira innorridisco : tiene in mano delle siringhe sporche di sangue. Gocce di sangue anche sul marciapiede Inveisco mentre si dilegua. Ho chiaramente riconosciuto il primo. Sento l<span class=\"text_exposed_show\">a rabbia che mi sale a mille . \u00c8 nota la presenza della droga ad Agordo, ma che ci si faccia in pieno centro. Chiamo i carabinieri che mi consigliano di interpellare il 112. Ho un colloquio con la pattuglia di turno che far\u00e0 presente il fatto. Forse non ne sortir\u00e1 nulla. Certo \u00e8 <a class=\"dt-pswp-item\" href=\"http:\/\/www.radiopiu.net\/wordpress\/wp-content\/uploads\/2019\/09\/6262800d-502b-4156-bda2-bcc6aa617ba7.jpg\" data-dt-img-description=\"\" data-large_image_width=\"1599\" data-large_image_height=\"1200\"><img loading=\"lazy\" decoding=\"async\" class=\"wp-image-97324 alignright\" src=\"http:\/\/www.radiopiu.net\/wordpress\/wp-content\/uploads\/2019\/09\/6262800d-502b-4156-bda2-bcc6aa617ba7-1024x768.jpg\" alt=\"\" width=\"242\" height=\"181\" srcset=\"https:\/\/www.radiopiu.net\/wordpress\/wp-content\/uploads\/2019\/09\/6262800d-502b-4156-bda2-bcc6aa617ba7-1024x768.jpg 1024w, https:\/\/www.radiopiu.net\/wordpress\/wp-content\/uploads\/2019\/09\/6262800d-502b-4156-bda2-bcc6aa617ba7-300x225.jpg 300w, https:\/\/www.radiopiu.net\/wordpress\/wp-content\/uploads\/2019\/09\/6262800d-502b-4156-bda2-bcc6aa617ba7-768x576.jpg 768w, https:\/\/www.radiopiu.net\/wordpress\/wp-content\/uploads\/2019\/09\/6262800d-502b-4156-bda2-bcc6aa617ba7.jpg 1599w\" sizes=\"auto, (max-width: 242px) 100vw, 242px\" \/><\/a>che via Carrera e via Aivata sono zone frequentate , soprattutto di notte. Non possiamo far finta che questi problemi non esistano .<\/span><\/em><\/p>\n<p>&nbsp;<\/p><\/blockquote>\n<p><strong>AGORDO<\/strong> Quattro cassonetti dei rifiuti della Valpe dati alla fiamme tra la piazza e la frazione Parech, lungo il percorso \u00e8 stato incendiato anche il contenitore per i rifiuti della plastica in prossimit\u00e0 del distributore, fatto che preoccupa ulteriormente vista la vicinanza con le pompe di benzina. L&#8217;impianto di distribuzione carburanti \u00e8 per\u00f2 dotato di telecamere e probabilmente l&#8217;incendiario non ha aveva la lucidit\u00e0 per tenerne conto. Le immagini potrebbero gi\u00e0 aver aiutato i Carabinieri di Cencengihe a dare un nome all&#8217;autore dell&#8217;insano gesto. Episodio che si aggiunge ai precedenti in una Agordo gi\u00e0 messa sottosopra per gli episodi vandalici, l&#8217;uccisione del cane la scorsa estate, il ritrovo di chi vive ai marigini nella periferia della citt\u00e0 e l&#8217;altra sera anche i &#8220;tossici&#8221; a bucarsi tra le vie cittadine. S&#8217;alza il livello di guardia anche se le situazioni non sembrano migliorare, anzi gli episodi anzich\u00e8 diminuire aumentano giorno per giorno.<\/p>\n<p>&nbsp;<\/p>\n","protected":false},"excerpt":{"rendered":"<p>LA CITTADINANZA CHIEDE MAGGIORE CONTROLLO E SICUREZZA, LA PREOCCUPAZIONE DEL SINDACO. AGORDO L&#8217;altra sera due ragazzi con la siringa piantata nel braccio in via Aivata, per terra il loro sangue. Nella stessa notte l&#8217;incendio a quattro contenitori dei rifiuti della Valpe tra il centro di Agordo e la frazione Parech. Peraltro un cassonetto \u00e8 stato&hellip;<\/p>\n","protected":false},"author":1,"featured_media":97325,"comment_status":"closed","ping_status":"closed","sticky":false,"template":"","format":"standard","meta":{"_monsterinsights_skip_tracking":false,"_monsterinsights_sitenote_active":false,"_monsterinsights_sitenote_note":"","_monsterinsights_sitenote_category":0,"footnotes":""},"categories":[51,49],"tags":[],"class_list":["post-97378","post","type-post","status-publish","format-standard","has-post-thumbnail","hentry","category-evidenza-top","category-news-18","category-51","category-49","description-off"],"img_url":"https:\/\/www.radiopiu.net\/wordpress\/wp-content\/uploads\/2019\/09\/a332802a-e948-40e5-8982-971db93e6327.jpg","_links":{"self":[{"href":"https:\/\/www.radiopiu.net\/wordpress\/wp-json\/wp\/v2\/posts\/97378","targetHints":{"allow":["GET"]}}],"collection":[{"href":"https:\/\/www.radiopiu.net\/wordpress\/wp-json\/wp\/v2\/posts"}],"about":[{"href":"https:\/\/www.radiopiu.net\/wordpress\/wp-json\/wp\/v2\/types\/post"}],"author":[{"embeddable":true,"href":"https:\/\/www.radiopiu.net\/wordpress\/wp-json\/wp\/v2\/users\/1"}],"replies":[{"embeddable":true,"href":"https:\/\/www.radiopiu.net\/wordpress\/wp-json\/wp\/v2\/comments?post=97378"}],"version-history":[{"count":0,"href":"https:\/\/www.radiopiu.net\/wordpress\/wp-json\/wp\/v2\/posts\/97378\/revisions"}],"wp:featuredmedia":[{"embeddable":true,"href":"https:\/\/www.radiopiu.net\/wordpress\/wp-json\/wp\/v2\/media\/97325"}],"wp:attachment":[{"href":"https:\/\/www.radiopiu.net\/wordpress\/wp-json\/wp\/v2\/media?parent=97378"}],"wp:term":[{"taxonomy":"category","embeddable":true,"href":"https:\/\/www.radiopiu.net\/wordpress\/wp-json\/wp\/v2\/categories?post=97378"},{"taxonomy":"post_tag","embeddable":true,"href":"https:\/\/www.radiopiu.net\/wordpress\/wp-json\/wp\/v2\/tags?post=97378"}],"curies":[{"name":"wp","href":"https:\/\/api.w.org\/{rel}","templated":true}]}}