{"id":97401,"date":"2019-09-06T05:55:20","date_gmt":"2019-09-06T03:55:20","guid":{"rendered":"http:\/\/www.radiopiu.net\/wordpress\/?p=97401"},"modified":"2019-09-06T05:55:15","modified_gmt":"2019-09-06T03:55:15","slug":"incontro-in-comune-ad-agordo-per-la-rsu-luxottica","status":"publish","type":"post","link":"https:\/\/www.radiopiu.net\/wordpress\/incontro-in-comune-ad-agordo-per-la-rsu-luxottica\/","title":{"rendered":"INCONTRO IN COMUNE AD AGORDO PER LA RSU LUXOTTICA"},"content":{"rendered":"<p>Il Sindaco di Agordo, Roberto Chissal\u00e8, ha incontrato una rappresentanza della commissione trasporti della Rsu Luxottica di Agordo. Un incontro per fare il punto della situazione su trasporti e parcheggi e per valutare dei possibili miglioramenti.<\/p>\n<p><a class=\"dt-pswp-item\" href=\"http:\/\/www.radiopiu.net\/wordpress\/wp-content\/uploads\/2019\/09\/f8ef780e-7ece-45b7-b092-4a57eb4e203d.jpg\" data-dt-img-description=\"\" data-large_image_width=\"1599\" data-large_image_height=\"1200\"><img loading=\"lazy\" decoding=\"async\" class=\"size-medium wp-image-97172 alignright\" src=\"http:\/\/www.radiopiu.net\/wordpress\/wp-content\/uploads\/2019\/09\/f8ef780e-7ece-45b7-b092-4a57eb4e203d-300x225.jpg\" alt=\"\" width=\"300\" height=\"225\" srcset=\"https:\/\/www.radiopiu.net\/wordpress\/wp-content\/uploads\/2019\/09\/f8ef780e-7ece-45b7-b092-4a57eb4e203d-300x225.jpg 300w, https:\/\/www.radiopiu.net\/wordpress\/wp-content\/uploads\/2019\/09\/f8ef780e-7ece-45b7-b092-4a57eb4e203d-768x576.jpg 768w, https:\/\/www.radiopiu.net\/wordpress\/wp-content\/uploads\/2019\/09\/f8ef780e-7ece-45b7-b092-4a57eb4e203d-1024x768.jpg 1024w, https:\/\/www.radiopiu.net\/wordpress\/wp-content\/uploads\/2019\/09\/f8ef780e-7ece-45b7-b092-4a57eb4e203d.jpg 1599w\" sizes=\"auto, (max-width: 300px) 100vw, 300px\" \/><\/a>Sindacati che hanno fatto presente al primo cittadino che l&#8217;area di sosta di Valcozzena dedicata ai camper viene utilizzata poco. Da qui la richiesta di poterla destinare a normale sosta per le automobili. Chissal\u00e8 infatti ha chiarito che l&#8217;amministrazione ha intenzione di trasferire il parcheggio dedicato ai camper e rendere disponibile l&#8217;area come parcheggio. Si \u00e8 parlato anche di una possibile pista ciclabile che unisca Agordo alla zona industriale. Idea da valutare anche in previsione di una passerella sul torrente Cordevole che comporterebbe dei costi. Infine, la RSU, ha fatto presente che l&#8217;area destinata alla fermata degli autobus di fronte alla portineria Luxottica risulta molto pericolosa, specialmente dopo il caso dell&#8217;auto terminata sulle sponde del Cordevole nei giorni scorsi. In quel caso sono gi\u00e0 stati installati dei new jersey per evitare si ripeta. Altro nodo al pettine per\u00f2 \u00e8 l&#8217;attraversamento della strada da parte di coloro che usano i mezzi pubblici. In questo caso le parti hanno ragionato su come evitare l&#8217;attraversamento pedonale al momento dell&#8217;arrivo sul posto di lavoro.<\/p>\n","protected":false},"excerpt":{"rendered":"<p>Il Sindaco di Agordo, Roberto Chissal\u00e8, ha incontrato una rappresentanza della commissione trasporti della Rsu Luxottica di Agordo. Un incontro per fare il punto della situazione su trasporti e parcheggi e per valutare dei possibili miglioramenti. Sindacati che hanno fatto presente al primo cittadino che l&#8217;area di sosta di Valcozzena dedicata ai camper viene utilizzata&hellip;<\/p>\n","protected":false},"author":4,"featured_media":0,"comment_status":"closed","ping_status":"closed","sticky":false,"template":"","format":"standard","meta":{"_monsterinsights_skip_tracking":false,"_monsterinsights_sitenote_active":false,"_monsterinsights_sitenote_note":"","_monsterinsights_sitenote_category":0,"footnotes":""},"categories":[103,49],"tags":[],"class_list":["post-97401","post","type-post","status-publish","format-standard","hentry","category-evidenza_2","category-news-18","category-103","category-49","description-off"],"img_url":false,"_links":{"self":[{"href":"https:\/\/www.radiopiu.net\/wordpress\/wp-json\/wp\/v2\/posts\/97401","targetHints":{"allow":["GET"]}}],"collection":[{"href":"https:\/\/www.radiopiu.net\/wordpress\/wp-json\/wp\/v2\/posts"}],"about":[{"href":"https:\/\/www.radiopiu.net\/wordpress\/wp-json\/wp\/v2\/types\/post"}],"author":[{"embeddable":true,"href":"https:\/\/www.radiopiu.net\/wordpress\/wp-json\/wp\/v2\/users\/4"}],"replies":[{"embeddable":true,"href":"https:\/\/www.radiopiu.net\/wordpress\/wp-json\/wp\/v2\/comments?post=97401"}],"version-history":[{"count":0,"href":"https:\/\/www.radiopiu.net\/wordpress\/wp-json\/wp\/v2\/posts\/97401\/revisions"}],"wp:attachment":[{"href":"https:\/\/www.radiopiu.net\/wordpress\/wp-json\/wp\/v2\/media?parent=97401"}],"wp:term":[{"taxonomy":"category","embeddable":true,"href":"https:\/\/www.radiopiu.net\/wordpress\/wp-json\/wp\/v2\/categories?post=97401"},{"taxonomy":"post_tag","embeddable":true,"href":"https:\/\/www.radiopiu.net\/wordpress\/wp-json\/wp\/v2\/tags?post=97401"}],"curies":[{"name":"wp","href":"https:\/\/api.w.org\/{rel}","templated":true}]}}