{"id":97409,"date":"2019-09-06T04:59:01","date_gmt":"2019-09-06T02:59:01","guid":{"rendered":"http:\/\/www.radiopiu.net\/wordpress\/?p=97409"},"modified":"2019-09-06T05:52:57","modified_gmt":"2019-09-06T03:52:57","slug":"ospedale-di-agordo-preoccupazioni-continue","status":"publish","type":"post","link":"https:\/\/www.radiopiu.net\/wordpress\/ospedale-di-agordo-preoccupazioni-continue\/","title":{"rendered":"OSPEDALE DI AGORDO, PREOCCUPAZIONI CONTINUE"},"content":{"rendered":"<h2><\/h2>\n<blockquote><p><strong>AGORDO<\/strong> Del Pronto Soccorso non se ne parla pi\u00f9 da tempo. Silenzio su tutti i fronti, nessun amministratore affronta pi\u00f9 il problema dei famosi 2,5 milioni dei fondi di confine per la sua ristrutturazione, n\u00e8 i sindaci pro (Lega Nord) ne i contro che un tempo erano la maggioranza. Il gruppo sanit\u00e0 \u00e8 scomparso, probabilmente si attendono le nuove nomine in Unione Montana, il presidente Fabio Luchetta \u00e8 uscito di scena con relativi assessori e alcuni consiglieri che non si sono pi\u00f9 ripresentati alle elezioni e si attende di conoscere il nome del nuovo presidente, come anticipato da tempo il pi\u00f9 papabile \u00e8 il sindaco di Falcade Michele Costa, ma questa \u00e8 un&#8217;altra storia e un&#8217;altra partita da giocare. Ci sar\u00e0 un altro gruppo che si occuper\u00e0 della sanit\u00e0? E&#8217; auspicabile, per risolvere finalmente il nodo del Pronto Soccorso, per non farsi prendere in giro da chi comanda per affrontare la nuova emergenza che da oggi chiameremo l&#8217;emergenza di carnevale, ma solo perch\u00e9 sar\u00e0 attuale nei primi giorni di febbraio quando andr\u00e0 in pensione \u00a0il medico\u00a0 radiologo Alessandro De Faveri e in reparto rimarr\u00e0 solo il dottor Matteo Spiezia e pare non siano stati previsti bandi per la sostituzione, non ancora o almeno non abbiamo notizie in proposito. In organico ci sono 3 medici,\u00a0 il terzo in effetti c&#8217;e&#8217; ma part time nel senso che ogni tanto sale da Belluno, si tratta del dottor Matteo Mazzoli. A febbraio pertanto in piena stagione sciistica tra gambe fratturate e braccia ingessate l&#8217;ospedale di Agordo rischia di trovarsi con un solo medico, Matteo Spiezia con tutte le conseguenze immaginabili e non potr\u00e0 nemmeno ammalarsi o prendersi qualche giorno di riposo se la situazione \u00e8 quella che si prospetta. Tra l&#8217;altro il dottor Alessandro De Faveri\u00a0 \u00e8 lo specialista della mammografia, da febbraio saranno fatti comunque gli esami ma non pi\u00f9 refertati ad Agordo con conseguenze per le pazienti anche in merito all&#8217;immediata risposta. E&#8217; anche vero che ormai ci hanno abituato alle &#8220;assenze&#8221; da cambiamento, l&#8217;ultimo esempio in ordine di tempo \u00e8 quello del laboratorio analisi.\u00a0 Mi chiedevo se i nostri amministratori sono informati, se si stanno interessando, se hanno gi\u00e0 chiesto informazioni al direttore generale, se hanno gi\u00e0 nel cassetto qualche promessa (quelle non mancano mai) ma soprattutto fatti, fatti concreti. (mm)<\/p><\/blockquote>\n","protected":false},"excerpt":{"rendered":"<p>AGORDO Del Pronto Soccorso non se ne parla pi\u00f9 da tempo. Silenzio su tutti i fronti, nessun amministratore affronta pi\u00f9 il problema dei famosi 2,5 milioni dei fondi di confine per la sua ristrutturazione, n\u00e8 i sindaci pro (Lega Nord) ne i contro che un tempo erano la maggioranza. Il gruppo sanit\u00e0 \u00e8 scomparso, probabilmente&hellip;<\/p>\n","protected":false},"author":1,"featured_media":0,"comment_status":"closed","ping_status":"closed","sticky":false,"template":"","format":"standard","meta":{"_monsterinsights_skip_tracking":false,"_monsterinsights_sitenote_active":false,"_monsterinsights_sitenote_note":"","_monsterinsights_sitenote_category":0,"footnotes":""},"categories":[51,49],"tags":[],"class_list":["post-97409","post","type-post","status-publish","format-standard","hentry","category-evidenza-top","category-news-18","category-51","category-49","description-off"],"img_url":false,"_links":{"self":[{"href":"https:\/\/www.radiopiu.net\/wordpress\/wp-json\/wp\/v2\/posts\/97409","targetHints":{"allow":["GET"]}}],"collection":[{"href":"https:\/\/www.radiopiu.net\/wordpress\/wp-json\/wp\/v2\/posts"}],"about":[{"href":"https:\/\/www.radiopiu.net\/wordpress\/wp-json\/wp\/v2\/types\/post"}],"author":[{"embeddable":true,"href":"https:\/\/www.radiopiu.net\/wordpress\/wp-json\/wp\/v2\/users\/1"}],"replies":[{"embeddable":true,"href":"https:\/\/www.radiopiu.net\/wordpress\/wp-json\/wp\/v2\/comments?post=97409"}],"version-history":[{"count":0,"href":"https:\/\/www.radiopiu.net\/wordpress\/wp-json\/wp\/v2\/posts\/97409\/revisions"}],"wp:attachment":[{"href":"https:\/\/www.radiopiu.net\/wordpress\/wp-json\/wp\/v2\/media?parent=97409"}],"wp:term":[{"taxonomy":"category","embeddable":true,"href":"https:\/\/www.radiopiu.net\/wordpress\/wp-json\/wp\/v2\/categories?post=97409"},{"taxonomy":"post_tag","embeddable":true,"href":"https:\/\/www.radiopiu.net\/wordpress\/wp-json\/wp\/v2\/tags?post=97409"}],"curies":[{"name":"wp","href":"https:\/\/api.w.org\/{rel}","templated":true}]}}