{"id":97463,"date":"2019-09-06T06:23:59","date_gmt":"2019-09-06T04:23:59","guid":{"rendered":"http:\/\/www.radiopiu.net\/wordpress\/?p=97463"},"modified":"2019-09-06T06:23:59","modified_gmt":"2019-09-06T04:23:59","slug":"centodue-anni-dalla-tragica-fine-delleroico-pilota-arturo-delloro-di-renato-bona","status":"publish","type":"post","link":"https:\/\/www.radiopiu.net\/wordpress\/centodue-anni-dalla-tragica-fine-delleroico-pilota-arturo-delloro-di-renato-bona\/","title":{"rendered":"CENTODUE ANNI DALLA TRAGICA FINE DELL\u2019EROICO PILOTA ARTURO DELL\u2019ORO di RENATO BONA"},"content":{"rendered":"<p>Domenica 1 settembre scorso ricorrevano 102 anni dalla morte tragica all\u2019et\u00e0 di venti anni (era nato luned\u00ec 7 settembre 1896), di Arturo Dell\u2019Oro, medaglia d\u2019oro al valor militare. In quanto \u201cAudacissimo pilota da caccia, infaticabilmente sorvolando le alte vette del Cadore, ardito fra gli arditi, piuttosto che rinunciare alla vittoria si slanciava contro un velivolo nemico e lo abbatteva coll\u2019urto, precipitando insieme col vinto, esempio altissimo di coraggio e di mirabile abnegazione\u201dcome recita la motivazione della massima onorificenza italiana. Il fatto avvenne nel cielo di Belluno, nella localit\u00e0 La Palazza, alle 11 di sabato 1 settembre 1917, un mese prima della rotta di Caporetto, quando un aereo austriaco Albatros, in volo da Pergine (Trento), cercava di defilarsi fra le vette del Pelf e dello Schiara, a nord di Belluno. Levatosi per intercettarlo e inceppatasi l\u2019arma, Dell\u2019Oro si lanci\u00f2 contro il nemico, precipitando insieme sulle prendici del Pelf. Va detto che, oriundo di famiglia piemontese, volontario dal Cile, il sergente pilota Dell\u2019Oro era gi\u00e0 decorato di medaglia d\u2019argento per azioni su Klause-Valle del Vilpacco (1915) e di Croce al merito. Il 28 maggio del 1925 il consiglio comunale deliberava il conferimento della cittadinanza onoraria. Arturo Dell\u2019Oro, anche in rappresentanza dei caduti di Belluno, \u00e8 uno dei 76 nomi sulla prima fusione della campana dei caduti di Rovereto. Dapprima sepolto nel cimitero monumentale, ora \u00e8 nella Chiesa-ossario di Mussoi. Alla sua memoria, il 19 giugno 1921, fu intitolato il Campo d&#8217;Aviazione di Pisa San Giusto, mentre qualche tempo dopo avvenne lo stesso per l\u2019Aeroporto di Belluno. Molte sono le strade a lui intitolate sia in Italia che in Cile. Nel paese sudamericano gli fu intitolata anche la Scuola Italiana di Valparaiso, ubicata in Avenida Pedro Montt. Dell\u2019Oro &#8211; come ricorda la libera enciclopedia Wikipedia &#8211; era nato a Vallenar in Cile, da famiglia emigrata in America del Sud per cercare fortuna. Il padre era nato a Vagna, mentre la madre era di Pallanza. Frequentate le elementari, giovanissimo inizi\u00f2 a collaborare con i genitori nella gestione della piccola vigna che il padre aveva impiantato, con grande fatica, nella fertilissima valle del Rio Huasco. All\u2019inizio del maggio 1915, avuto notizia dell&#8217;imminente ingresso in guerra dell&#8217;Italia, si rec\u00f2 a Valpara\u00edso, dove nel frattempo era stato costituito un Comitato per il reclutamento dei giovani destinati al fronte europeo. Arruolatosi, si imbarc\u00f2 lo stesso giorno su un piroscafo diretto a Genova. Giunto in Italia si arruol\u00f2 tra i volontari del Corpo Aeronautico, nuova specialit\u00e0 inquadrata nell&#8217;Arma del Genio del Regio Esercito. Ultimato il corso di pilotaggio e conseguito il brevetto di pilota aviatore, venne destinato nella seconda Sezione dell&#8217;83. Squadriglia Caccia dove si distinse in rischiosissime missioni di contrasto alle frequenti, e numerose, incursioni nemiche. Nel novembre 1915 gli fu assegnata la medaglia d\u2019argento al valor militare per un&#8217;azione eseguita nel cielo della Val Clusa e qualche tempo dopo ricevette la promozione a sergente per merito di guerra.<\/p>\n\n\t\t\t<style type='text\/css'>\n\t\t\t\t#gallery-1 {\n\t\t\t\t\tmargin: auto;\n\t\t\t\t}\n\t\t\t\t#gallery-1 .gallery-item {\n\t\t\t\t\tfloat: left;\n\t\t\t\t\tmargin-top: 10px;\n\t\t\t\t\ttext-align: center;\n\t\t\t\t\twidth: 33%;\n\t\t\t\t}\n\t\t\t\t#gallery-1 img {\n\t\t\t\t\tborder: 2px solid #cfcfcf;\n\t\t\t\t}\n\t\t\t\t#gallery-1 .gallery-caption {\n\t\t\t\t\tmargin-left: 0;\n\t\t\t\t}\n\t\t\t\t\/* see gallery_shortcode() in wp-includes\/media.php *\/\n\t\t\t<\/style>\n\t\t<div id='gallery-1' class='dt-gallery-container gallery galleryid-97463 gallery-columns-3 gallery-size-thumbnail'><dl class='gallery-item'>\n\t\t\t\t<dt class='gallery-icon landscape'>\n\t\t\t\t\t<a class=\"rollover\" href='https:\/\/www.radiopiu.net\/wordpress\/centodue-anni-dalla-tragica-fine-delleroico-pilota-arturo-delloro-di-renato-bona\/69495836_876760632708567_5917663540235206656_n\/'><img loading=\"lazy\" decoding=\"async\" width=\"150\" height=\"150\" src=\"https:\/\/www.radiopiu.net\/wordpress\/wp-content\/uploads\/2019\/09\/69495836_876760632708567_5917663540235206656_n-150x150.jpg\" class=\"attachment-thumbnail size-thumbnail\" alt=\"\" \/><\/a>\n\t\t\t\t<\/dt><\/dl><dl class='gallery-item'>\n\t\t\t\t<dt class='gallery-icon landscape'>\n\t\t\t\t\t<a class=\"rollover\" href='https:\/\/www.radiopiu.net\/wordpress\/centodue-anni-dalla-tragica-fine-delleroico-pilota-arturo-delloro-di-renato-bona\/69616210_234008760822943_1960071371354537984_n\/'><img loading=\"lazy\" decoding=\"async\" width=\"150\" height=\"150\" src=\"https:\/\/www.radiopiu.net\/wordpress\/wp-content\/uploads\/2019\/09\/69616210_234008760822943_1960071371354537984_n-150x150.jpg\" class=\"attachment-thumbnail size-thumbnail\" alt=\"\" \/><\/a>\n\t\t\t\t<\/dt><\/dl><dl class='gallery-item'>\n\t\t\t\t<dt class='gallery-icon portrait'>\n\t\t\t\t\t<a class=\"rollover\" href='https:\/\/www.radiopiu.net\/wordpress\/centodue-anni-dalla-tragica-fine-delleroico-pilota-arturo-delloro-di-renato-bona\/69689630_504340910299504_8717502546689654784_n\/'><img loading=\"lazy\" decoding=\"async\" width=\"88\" height=\"150\" src=\"https:\/\/www.radiopiu.net\/wordpress\/wp-content\/uploads\/2019\/09\/69689630_504340910299504_8717502546689654784_n-88x150.jpg\" class=\"attachment-thumbnail size-thumbnail\" alt=\"\" \/><\/a>\n\t\t\t\t<\/dt><\/dl><br style=\"clear: both\" \/><dl class='gallery-item'>\n\t\t\t\t<dt class='gallery-icon landscape'>\n\t\t\t\t\t<a class=\"rollover\" href='https:\/\/www.radiopiu.net\/wordpress\/centodue-anni-dalla-tragica-fine-delleroico-pilota-arturo-delloro-di-renato-bona\/69515707_518429035641635_6315741454488567808_n\/'><img loading=\"lazy\" decoding=\"async\" width=\"150\" height=\"150\" src=\"https:\/\/www.radiopiu.net\/wordpress\/wp-content\/uploads\/2019\/09\/69515707_518429035641635_6315741454488567808_n-150x150.jpg\" class=\"attachment-thumbnail size-thumbnail\" alt=\"\" \/><\/a>\n\t\t\t\t<\/dt><\/dl><dl class='gallery-item'>\n\t\t\t\t<dt class='gallery-icon portrait'>\n\t\t\t\t\t<a class=\"rollover\" href='https:\/\/www.radiopiu.net\/wordpress\/centodue-anni-dalla-tragica-fine-delleroico-pilota-arturo-delloro-di-renato-bona\/69766201_528144114656719_5983980493870202880_n\/'><img loading=\"lazy\" decoding=\"async\" width=\"150\" height=\"150\" src=\"https:\/\/www.radiopiu.net\/wordpress\/wp-content\/uploads\/2019\/09\/69766201_528144114656719_5983980493870202880_n-150x150.jpg\" class=\"attachment-thumbnail size-thumbnail\" alt=\"\" \/><\/a>\n\t\t\t\t<\/dt><\/dl><dl class='gallery-item'>\n\t\t\t\t<dt class='gallery-icon landscape'>\n\t\t\t\t\t<a class=\"rollover\" href='https:\/\/www.radiopiu.net\/wordpress\/centodue-anni-dalla-tragica-fine-delleroico-pilota-arturo-delloro-di-renato-bona\/69499297_847434599005515_5066776831806406656_n\/'><img loading=\"lazy\" decoding=\"async\" width=\"150\" height=\"150\" src=\"https:\/\/www.radiopiu.net\/wordpress\/wp-content\/uploads\/2019\/09\/69499297_847434599005515_5066776831806406656_n-150x150.jpg\" class=\"attachment-thumbnail size-thumbnail\" alt=\"\" \/><\/a>\n\t\t\t\t<\/dt><\/dl><br style=\"clear: both\" \/><dl class='gallery-item'>\n\t\t\t\t<dt class='gallery-icon landscape'>\n\t\t\t\t\t<a class=\"rollover\" href='https:\/\/www.radiopiu.net\/wordpress\/centodue-anni-dalla-tragica-fine-delleroico-pilota-arturo-delloro-di-renato-bona\/70334812_2695612027138251_2040622057061875712_n\/'><img loading=\"lazy\" decoding=\"async\" width=\"150\" height=\"94\" src=\"https:\/\/www.radiopiu.net\/wordpress\/wp-content\/uploads\/2019\/09\/70334812_2695612027138251_2040622057061875712_n-150x94.jpg\" class=\"attachment-thumbnail size-thumbnail\" alt=\"\" \/><\/a>\n\t\t\t\t<\/dt><\/dl><dl class='gallery-item'>\n\t\t\t\t<dt class='gallery-icon portrait'>\n\t\t\t\t\t<a class=\"rollover\" href='https:\/\/www.radiopiu.net\/wordpress\/centodue-anni-dalla-tragica-fine-delleroico-pilota-arturo-delloro-di-renato-bona\/70303681_2320143458023236_1624005706749313024_n\/'><img loading=\"lazy\" decoding=\"async\" width=\"150\" height=\"150\" src=\"https:\/\/www.radiopiu.net\/wordpress\/wp-content\/uploads\/2019\/09\/70303681_2320143458023236_1624005706749313024_n-150x150.jpg\" class=\"attachment-thumbnail size-thumbnail\" alt=\"\" \/><\/a>\n\t\t\t\t<\/dt><\/dl><dl class='gallery-item'>\n\t\t\t\t<dt class='gallery-icon landscape'>\n\t\t\t\t\t<a class=\"rollover\" href='https:\/\/www.radiopiu.net\/wordpress\/centodue-anni-dalla-tragica-fine-delleroico-pilota-arturo-delloro-di-renato-bona\/69798273_2316615725070267_1828363849875587072_n\/'><img loading=\"lazy\" decoding=\"async\" width=\"150\" height=\"150\" src=\"https:\/\/www.radiopiu.net\/wordpress\/wp-content\/uploads\/2019\/09\/69798273_2316615725070267_1828363849875587072_n-150x150.jpg\" class=\"attachment-thumbnail size-thumbnail\" alt=\"\" \/><\/a>\n\t\t\t\t<\/dt><\/dl><br style=\"clear: both\" \/><dl class='gallery-item'>\n\t\t\t\t<dt class='gallery-icon portrait'>\n\t\t\t\t\t<a class=\"rollover\" href='https:\/\/www.radiopiu.net\/wordpress\/centodue-anni-dalla-tragica-fine-delleroico-pilota-arturo-delloro-di-renato-bona\/69675809_1118747658514105_1912144754716442624_n\/'><img loading=\"lazy\" decoding=\"async\" width=\"150\" height=\"150\" src=\"https:\/\/www.radiopiu.net\/wordpress\/wp-content\/uploads\/2019\/09\/69675809_1118747658514105_1912144754716442624_n-150x150.jpg\" class=\"attachment-thumbnail size-thumbnail\" alt=\"\" \/><\/a>\n\t\t\t\t<\/dt><\/dl>\n\t\t\t\t<br style='clear: both' \/>\n\t\t\t<\/div>\n\n<p>NELLE FOTO (Wikipedia, Archivio storico Comune di Belluno, You reporter, Sito Borgato-Be.guerra): Arturo Dell\u2019Oro; il luogo della sua tragica morte; i resti dell\u2019aereo austriaco; momenti, a La Cerva, dei solenni funerali; l\u2019aeroporto di Belluno che porta il nome dell\u2019eroe (come una via nella zona di Sopracroda).<\/p>\n","protected":false},"excerpt":{"rendered":"<p>Domenica 1 settembre scorso ricorrevano 102 anni dalla morte tragica all\u2019et\u00e0 di venti anni (era nato luned\u00ec 7 settembre 1896), di Arturo Dell\u2019Oro, medaglia d\u2019oro al valor militare. In quanto \u201cAudacissimo pilota da caccia, infaticabilmente sorvolando le alte vette del Cadore, ardito fra gli arditi, piuttosto che rinunciare alla vittoria si slanciava contro un velivolo&hellip;<\/p>\n","protected":false},"author":1,"featured_media":97469,"comment_status":"closed","ping_status":"closed","sticky":false,"template":"","format":"standard","meta":{"_monsterinsights_skip_tracking":false,"_monsterinsights_sitenote_active":false,"_monsterinsights_sitenote_note":"","_monsterinsights_sitenote_category":0,"footnotes":""},"categories":[49],"tags":[],"class_list":["post-97463","post","type-post","status-publish","format-standard","has-post-thumbnail","hentry","category-news-18","category-49","description-off"],"img_url":"https:\/\/www.radiopiu.net\/wordpress\/wp-content\/uploads\/2019\/09\/69499297_847434599005515_5066776831806406656_n.jpg","_links":{"self":[{"href":"https:\/\/www.radiopiu.net\/wordpress\/wp-json\/wp\/v2\/posts\/97463","targetHints":{"allow":["GET"]}}],"collection":[{"href":"https:\/\/www.radiopiu.net\/wordpress\/wp-json\/wp\/v2\/posts"}],"about":[{"href":"https:\/\/www.radiopiu.net\/wordpress\/wp-json\/wp\/v2\/types\/post"}],"author":[{"embeddable":true,"href":"https:\/\/www.radiopiu.net\/wordpress\/wp-json\/wp\/v2\/users\/1"}],"replies":[{"embeddable":true,"href":"https:\/\/www.radiopiu.net\/wordpress\/wp-json\/wp\/v2\/comments?post=97463"}],"version-history":[{"count":0,"href":"https:\/\/www.radiopiu.net\/wordpress\/wp-json\/wp\/v2\/posts\/97463\/revisions"}],"wp:featuredmedia":[{"embeddable":true,"href":"https:\/\/www.radiopiu.net\/wordpress\/wp-json\/wp\/v2\/media\/97469"}],"wp:attachment":[{"href":"https:\/\/www.radiopiu.net\/wordpress\/wp-json\/wp\/v2\/media?parent=97463"}],"wp:term":[{"taxonomy":"category","embeddable":true,"href":"https:\/\/www.radiopiu.net\/wordpress\/wp-json\/wp\/v2\/categories?post=97463"},{"taxonomy":"post_tag","embeddable":true,"href":"https:\/\/www.radiopiu.net\/wordpress\/wp-json\/wp\/v2\/tags?post=97463"}],"curies":[{"name":"wp","href":"https:\/\/api.w.org\/{rel}","templated":true}]}}