{"id":97515,"date":"2019-09-06T14:58:11","date_gmt":"2019-09-06T12:58:11","guid":{"rendered":"http:\/\/www.radiopiu.net\/wordpress\/?p=97515"},"modified":"2019-09-07T09:39:02","modified_gmt":"2019-09-07T07:39:02","slug":"giornale-radiopiu-07-settem","status":"publish","type":"post","link":"https:\/\/www.radiopiu.net\/wordpress\/giornale-radiopiu-07-settem\/","title":{"rendered":"GIORNALE RADIOPIU 07 SETTEMBRE 2019 DIRETTORE MIRKO MEZZACASA"},"content":{"rendered":"<div class=\"wpb-content-wrapper\">[vc_row][vc_column][vc_column_text]\n<p>&nbsp;<\/p>\n<p><strong>Un uomo di 53 anni tedesco<\/strong> residente da tempo a Belluno, Pierluigi Tognon \u00e8 morto la scorsa notte nell&#8217;abitazione di un amico in via dei Fossi a Cavarzano. La causa della morte potrebbe essere un infarto, ma lo chiarir\u00e0 l&#8217;autopsia dopo che la Polizia ha sequestrato alcune vecchie siringhe ritrovate nell&#8217;appartamento. L&#8217;uomo era in compagnia di due amici con i quali aveva passato la serata, gli stessi che hanno chiamato il 118.<\/p>\n<p><strong>Italiani, stranieri, dal Brasile, Francia, Slovacchia, Inghilterra:<\/strong> sono i 10 studenti, impiegati e manager vincitori del concorso &#8220;una vacanza in rifugio senza telefonino&#8221;, da giovedi trascorreranno cinque giorni al Rifugio Falier.<\/p>\n<p><strong>Servono 400 mila euro per le spese,<\/strong> oppure il PioXII di Misurina chiuder\u00e0. Dalla Regione Veneto sono stati stanziati 786 mila euro ma non sono sufficienti. Si attende la stagione autunnale per capire che cosa accadr\u00e0 ma se non arriveranno i soldi l&#8217;ospedale chiuder\u00e0. E&#8217; l&#8217;ultimatum da Parma del direttore dell&#8217;Opera Diocesana San Bernardo degli Uberti Elena Cardinali. Nei giorni scorsi nel punto stampa il governatore Luca Zaia aveva dichiarato che la Regione ha stanziato 1 milione 200 mila euro &#8220;L&#8217;ospedale non chiuder\u00e0&#8230;&#8221;<\/p>\n<audio class=\"wp-audio-shortcode\" id=\"audio-97515-1\" preload=\"none\" style=\"width: 100%;\" controls=\"controls\"><source type=\"audio\/mpeg\" src=\"http:\/\/www.radiopiu.net\/wordpress\/wp-content\/uploads\/2019\/09\/zaia-misurina.mp3?_=1\" \/><a href=\"http:\/\/www.radiopiu.net\/wordpress\/wp-content\/uploads\/2019\/09\/zaia-misurina.mp3\">http:\/\/www.radiopiu.net\/wordpress\/wp-content\/uploads\/2019\/09\/zaia-misurina.mp3<\/a><\/audio>\n<p><strong>Serrai chiusi, niente Giro d&#8217;Italia.<\/strong> Ne d\u00e0 notizia il Corriere delle Alpi con l&#8217;articolo di Ilario Tancon<em> &#8220;Cancellato il Fedaia. O, meglio, rinviato al 2021. Con grandissime probabilit\u00e0 cambia il disegno del Giro d&#8217;Italia del prossimo anno, evento del quale una delle tappe di riferimento avrebbe dovuto essere quella bellunese con arrivo ai piedi della Marmolada, salendo da Rocca Pietore e Malga Ciapela dopo una probabile ascesa al Giau. Il progetto di far arrivare la corsa rosa in cima al Fedaia, che il Corriere aveva anticipato nei giorni scorsi, \u00e8 confermato ma non si concretizzer\u00e0 pi\u00f9 nella primavera prossima, bens\u00ec in quella del 2021.&#8221;<\/em><\/p>\n<p><strong>Fine settimana di rinvii<\/strong> A causa della situazione meteo avversa sono state rinviate la Sali Scendi a Forcella Aurine e la Alpago Eco Trail, annullata la Vertical Col di Lana gi\u00e0 rinviata a luglio. Oggi nel feltrino si corre la Monte Avena Vertical, a Cesiomaggiore la Ritornando sui 4 passi. Domani a Ponte nella Alpi \u00e8 in programma la StracaPolpet a Sois la Pedonata di Paluch.<\/p>\n<p>&nbsp;<\/p>\n<h2>SERVIZIO DI FISIOTERAPIA, ABBANDONATO? DIMENTICATO?<\/h2>\n<p><strong>Lettera firmata<\/strong><\/p>\n<blockquote><p><strong><a class=\"dt-pswp-item\" href=\"http:\/\/www.radiopiu.net\/wordpress\/wp-content\/uploads\/2015\/10\/Entrata-Agordo-300x225.jpg\" data-dt-img-description=\"\" data-large_image_width=\"300\" data-large_image_height=\"225\"><img loading=\"lazy\" decoding=\"async\" class=\" wp-image-11952 alignleft\" src=\"http:\/\/www.radiopiu.net\/wordpress\/wp-content\/uploads\/2015\/10\/Entrata-Agordo-300x225-300x225.jpg\" alt=\"\" width=\"259\" height=\"195\" \/><\/a>AGORDO<\/strong>\u00a0 Ricorre ormai periodicamente la crisi dell\u2019Ospedale di Agordo, su cui negli anni sono passate ripetute \u201cnuvole tempestose\u201d che ne hanno via via messo in discussione l\u2019esistenza e depauperato la funzionalit\u00e0. L\u2019attenzione si \u00e8 nel tempo focalizzata a problematiche contingenti che spesso non tenevano in considerazione un respiro pi\u00f9 ampio di programmazione, nel conflitto ormai ultraventennale tra amministratori di aziende sanitarie succedutesi e, a correnti alterne, comitati cittadini, locali o provinciali, e amministratori locali, per altro con risultati spesso fugaci o non sostanziali. Tra le varie situazioni precarie nel tempo, poco interesse \u00e8 stato dedicato al servizio di fisioterapia che, posizionato in modo congruo ed adeguato in un padiglione dedicato fino al 2006, da allora sopravvive ancora in attesa del ricollocamento, in situazioni quasi improvvisate e inaccettabili dal punto di vista logistico, diviso in parte in un piccolo padiglione al 3\u00b0 piano in parte in una stanza adibita a palestra al 1\u00b0 piano. Stanzette per terapie anguste e poco adeguate con infissi ancora risalenti alla costruzione dell\u2019ospedale degli anni \u201860, palestra con lettini per terapie ravvicinati, senza divisori e con assenza di privacy; \u201cpalestrina\u201d, se cos\u00ec si pu\u00f2 dire, congesta e poco accogliente, con attrezzature scarse e fatiscenti. Assenza di sale di attesa e qualsiasi minimo confort, tra cui bagni non facilmente raggiungibili ed adeguati all\u2019uso degli utenti. Solo la passione, lo spirito di adattamento e l\u2019impegno del personale sanitario specializzato ha probabilmente mantenuto a buoni livelli l\u2019attivit\u00e0 del servizio. Nonostante sia di recente trapelata qualche buona intenzione, resta da capire come sia possibile tollerare ancora e dopo cos\u00ec tanti anni una situazione del genere a fronte della pretesa dell\u2019amministrazione sanitaria bellunese di condurre l\u2019ospedale ad un servizio maggiormente mirato all\u2019et\u00e0 avanzata (lungodegenza e ospedale di comunit\u00e0) e nel quale l\u2019attivit\u00e0 del reparto di ortopedia riluce in provincia, soprattutto nel campo della protesizzazione articolare, per la quale ovviamente \u00e8 necessaria una riabilitazione di alta qualit\u00e0 per personale e strumentazione.<\/p><\/blockquote>\n<p>&nbsp;<\/p>\n<p>&nbsp;<\/p>\n<p><em>Martedi dalle 8 a Fine lavori verr\u00e0 sospesa l\u2019erogazione dell\u2019acqua a Cencenighe in localit\u00e0 Pascol<\/em><\/p>\n<p><em>In tutto il comune di Perarolo di Cadore l&#8217;acqua erogata dall&#8217;acquedotto non \u00e8 potabile e pu\u00f2 essere usata per scopi alimentari solo previa bollitura.<\/em><\/p>\n<p><em>Ad Arsi\u00e8 nelle localit\u00e0 Carazzagno, Centro, Col Perer, Fumegai, Rocca, in via 1 Maggio (e laterali) e in zona industriale l&#8217;acqua erogata dall&#8217;acquedotto non \u00e8 potabile e pu\u00f2 essere usata per scopi alimentari solo previa bollitura.<\/em><\/p>\n<p><em>A LIVINALLONGO DEL COL DI LANA in LOCALITA&#8217; VARDA, l&#8217;acqua erogata dall&#8217;acquedotto \u00e8 di nuovo potabile e pu\u00f2 essere usata, quindi, per scopi alimentari.<\/em><\/p>\n<p>&nbsp;<\/p>\n<p>&nbsp;<\/p>\n<h2><a class=\"dt-pswp-item\" href=\"http:\/\/www.radiopiu.net\/wordpress\/wp-content\/uploads\/2019\/09\/70720926_749322845488679_8424952305316528128_n.jpg\" data-dt-img-description=\"\" data-large_image_width=\"466\" data-large_image_height=\"960\"><img loading=\"lazy\" decoding=\"async\" class=\"size-medium wp-image-97294 alignleft\" src=\"http:\/\/www.radiopiu.net\/wordpress\/wp-content\/uploads\/2019\/09\/70720926_749322845488679_8424952305316528128_n-146x300.jpg\" alt=\"\" width=\"146\" height=\"300\" srcset=\"https:\/\/www.radiopiu.net\/wordpress\/wp-content\/uploads\/2019\/09\/70720926_749322845488679_8424952305316528128_n-146x300.jpg 146w, https:\/\/www.radiopiu.net\/wordpress\/wp-content\/uploads\/2019\/09\/70720926_749322845488679_8424952305316528128_n.jpg 466w\" sizes=\"auto, (max-width: 146px) 100vw, 146px\" \/><\/a><\/h2>\n<h2><\/h2>\n<h2><\/h2>\n<h2><\/h2>\n<h2>DROGA E VANDALISMI, IL DIBATTITO E&#8217; APERTO. &#8220;UN PROBLEMA DELLA COMUNITA&#8217;, CHE LA COMUNITA&#8217; DEVE AFFRONTARE&#8221;\u00a0 LO DICE MARIA ROSA SALMAZO INSEGNANTE E GIA&#8217; PRESIDE&#8221;<\/h2>\n<p><strong>AGORDO<\/strong><\/p>\n<p><strong>DI GIANNI SANTOMASO<\/strong><\/p>\n<audio class=\"wp-audio-shortcode\" id=\"audio-97515-2\" preload=\"none\" style=\"width: 100%;\" controls=\"controls\"><source type=\"audio\/mpeg\" src=\"http:\/\/www.radiopiu.net\/wordpress\/wp-content\/uploads\/2019\/09\/gianni-maria-rosa.mp3?_=2\" \/><a href=\"http:\/\/www.radiopiu.net\/wordpress\/wp-content\/uploads\/2019\/09\/gianni-maria-rosa.mp3\">http:\/\/www.radiopiu.net\/wordpress\/wp-content\/uploads\/2019\/09\/gianni-maria-rosa.mp3<\/a><\/audio>\n<p>&nbsp;<\/p>\n<p>&nbsp;<\/p>\n<p>&nbsp;<\/p>\n<h2>SANIT\u00c0; PROGETTO PUNTO MEDICO AVANZATO IN CADORE PER CALAMIT\u00c0, EMERGENZE E GRANDI EVENTI<\/h2>\n<p><strong><a class=\"dt-pswp-item\" href=\"http:\/\/www.radiopiu.net\/wordpress\/wp-content\/uploads\/2018\/06\/suem.jpg\" data-dt-img-description=\"\" data-large_image_width=\"1312\" data-large_image_height=\"1045\"><img loading=\"lazy\" decoding=\"async\" class=\" wp-image-51048 alignleft\" src=\"http:\/\/www.radiopiu.net\/wordpress\/wp-content\/uploads\/2018\/06\/suem-300x239.jpg\" alt=\"\" width=\"222\" height=\"177\" srcset=\"https:\/\/www.radiopiu.net\/wordpress\/wp-content\/uploads\/2018\/06\/suem-300x239.jpg 300w, https:\/\/www.radiopiu.net\/wordpress\/wp-content\/uploads\/2018\/06\/suem-768x612.jpg 768w, https:\/\/www.radiopiu.net\/wordpress\/wp-content\/uploads\/2018\/06\/suem-1024x816.jpg 1024w, https:\/\/www.radiopiu.net\/wordpress\/wp-content\/uploads\/2018\/06\/suem.jpg 1312w\" sizes=\"auto, (max-width: 222px) 100vw, 222px\" \/><\/a>VENEZIA\u00a0<\/strong> \u00a0Dai volontari del Seas (soccorso e aiuto sociale) del Comelico Superiore arriva un progetto strutturato di assistenza sanitaria in montagna nei casi di gravi emergenze o di grandi eventi come i Mondiali di sci e le Olimpiadi invernali del 2026, a supporto del Suem 118. I dettagli del progetto, nato sulla scorta dell\u2019esperienza maturata con le grandi nevicate delle passate stagioni e con la tempesta Vaia di fine ottobre, verranno presentati alla popolazione e alla stampa nella oggi a Tai di Cadore, nella sala Coletti di piazzale Dolomiti 1 alle 10.\u00a0 All\u2019iniziativa, promossa dall\u2019Ulss 1 Dolomiti, Seas e Servizio di urgenza ed emergenza medica 118, partecipa l\u2019assessore regionale alla Sanit\u00e0 e al Sociale Manuela Lanzarin. Sul progetto, fulcro della catena dei soccorsi in una situazione di emergenza territoriale, si confronteranno il direttore generale dell\u2019Ulss 1 Adriano Rasi Caldogno, il presidente della Provincia di Belluno Roberto Padrin, il coordinatore regionale dei servizi di emergenza e urgenza Paolo Rosi, il direttore del dipartimento di urgenza ed emergenza dell\u2019Ulss dolomitica Giovanni Cipolotti e Gianfranco Nadalet, responsabile dei volontari del soccorso e aiutosoccorso del Comelico Superiore.<\/p>\n<p>&nbsp;<\/p>\n<p>&nbsp;<\/p>\n<p>&nbsp;<\/p>\n<p>&nbsp;<\/p>\n<h3>TRASPORTO PUBBLICO LOCALE: DALL&#8217;11 SETTEMBRE ENTRA IN VIGORE IL NUOVO ORARIO INVERNALE<\/h3>\n<blockquote><p><a class=\"dt-pswp-item\" href=\"http:\/\/www.radiopiu.net\/wordpress\/wp-content\/uploads\/2016\/01\/dolomitibus.png\" data-dt-img-description=\"\" data-large_image_width=\"200\" data-large_image_height=\"47\"><img loading=\"lazy\" decoding=\"async\" class=\"size-full wp-image-15493 alignleft\" src=\"http:\/\/www.radiopiu.net\/wordpress\/wp-content\/uploads\/2016\/01\/dolomitibus.png\" alt=\"\" width=\"200\" height=\"47\" \/><\/a>L\u201911 settembre, primo giorno di scuola, entra in vigore il nuovo orario invernale del trasporto pubblico locale, che rester\u00e0 attivo fino al termine delle lezioni, il 6 giugno 2020. L\u2019orario prevede anche una riorganizzazione del servizio extraurbano di alcune linee a seguito della chiusura del ponte di Santa Caterina (a Ponte nelle Alpi) prevista fino al 3 novembre 2019. I nuovi orari del periodo invernale sono scaricabili dal sito delle ditte di trasporto Dolomiti Bus e Sbizzera.<\/p><\/blockquote>\n<p><strong>AI MICROFONI DI RADIO PIU&#8217; IL CONSIGLIERE PROVINCIALE DELEGATO GIANLUCA LORENZI<\/strong><\/p>\n<audio class=\"wp-audio-shortcode\" id=\"audio-97515-3\" preload=\"none\" style=\"width: 100%;\" controls=\"controls\"><source type=\"audio\/mpeg\" src=\"http:\/\/www.radiopiu.net\/wordpress\/wp-content\/uploads\/2019\/09\/TPL-orario-invernale_audio-consigliere-Lorenzi.m4a?_=3\" \/><a href=\"http:\/\/www.radiopiu.net\/wordpress\/wp-content\/uploads\/2019\/09\/TPL-orario-invernale_audio-consigliere-Lorenzi.m4a\">http:\/\/www.radiopiu.net\/wordpress\/wp-content\/uploads\/2019\/09\/TPL-orario-invernale_audio-consigliere-Lorenzi.m4a<\/a><\/audio>\n<p>&nbsp;<\/p>\n<p>&nbsp;<\/p>\n<p>&nbsp;<\/p>\n<p>&nbsp;<\/p>\n<p>&nbsp;<\/p>\n<h2><a class=\"dt-pswp-item\" href=\"http:\/\/www.radiopiu.net\/wordpress\/wp-content\/uploads\/2018\/01\/da-certottica-2-corsi-specialistici-richiesti-dalle-aziende_Platform_Optic.jpg\" data-dt-img-description=\"\" data-large_image_width=\"785\" data-large_image_height=\"454\"><img loading=\"lazy\" decoding=\"async\" class=\" wp-image-42612 alignleft\" src=\"http:\/\/www.radiopiu.net\/wordpress\/wp-content\/uploads\/2018\/01\/da-certottica-2-corsi-specialistici-richiesti-dalle-aziende_Platform_Optic-300x174.jpg\" alt=\"\" width=\"148\" height=\"86\" srcset=\"https:\/\/www.radiopiu.net\/wordpress\/wp-content\/uploads\/2018\/01\/da-certottica-2-corsi-specialistici-richiesti-dalle-aziende_Platform_Optic-300x174.jpg 300w, https:\/\/www.radiopiu.net\/wordpress\/wp-content\/uploads\/2018\/01\/da-certottica-2-corsi-specialistici-richiesti-dalle-aziende_Platform_Optic-768x444.jpg 768w, https:\/\/www.radiopiu.net\/wordpress\/wp-content\/uploads\/2018\/01\/da-certottica-2-corsi-specialistici-richiesti-dalle-aziende_Platform_Optic.jpg 785w\" sizes=\"auto, (max-width: 148px) 100vw, 148px\" \/><\/a>TAGLIO DEL NASTRO AL NUOVO POLITECNICO DELL&#8217;OCCHIALE<\/h2>\n<p><strong>LONGARONE<\/strong> Mercoledi alle 14 nella sede del Parco Tenologico in localit\u00e0 Roa di Casellavazzo sar\u00e0 inaugurato il Politecnico Internazionale dell&#8217;Occhiale.saranno presenti i soci, gli imprenditori dell\u2019occhiale, le autorit\u00e0 locali e gli stakeholder di Certottica: madrina dell\u2019inaugurazione sar\u00e0 l\u2019Assessore regionale, Elena Donazzan.<\/p>\n<p><strong>AI MICROFONI DI RADIO PIU&#8217; IL PRESIDENTE DI CERTOTTICA LUIGINO BOITO<\/strong><\/p>\n<audio class=\"wp-audio-shortcode\" id=\"audio-97515-4\" preload=\"none\" style=\"width: 100%;\" controls=\"controls\"><source type=\"audio\/mpeg\" src=\"http:\/\/www.radiopiu.net\/wordpress\/wp-content\/uploads\/2019\/09\/BOITO.mp3?_=4\" \/><a href=\"http:\/\/www.radiopiu.net\/wordpress\/wp-content\/uploads\/2019\/09\/BOITO.mp3\">http:\/\/www.radiopiu.net\/wordpress\/wp-content\/uploads\/2019\/09\/BOITO.mp3<\/a><\/audio>\n<p>&nbsp;<\/p>\n<p>&nbsp;<\/p>\n<p>&nbsp;<\/p>\n<p>&nbsp;<\/p>\n<h2>DEFIBRILLATORI PUBBLICI NELLE FILIALI DELLA CASSA RURALE DELLE DOLOMITI<\/h2>\n<p align=\"JUSTIFY\"><span style=\"font-family: Times New Roman, serif; font-size: large;\"><b>FELTRE\u00a0 <\/b><\/span><span style=\"font-family: Times New Roman, serif;\"><span style=\"font-size: large;\">Non solo tutela del risparmio, erogazione di prestiti e servizi finanziari. La Cassa Rurale delle Dolomiti di Fassa, Primiero e Belluno, fedele al proprio DNA di societ\u00e0 cooperativa e quindi, per sua stessa natura, particolarmente attenta alle esigenze delle comunit\u00e0 di cui fa parte e in cui vive, ha dotato nei mesi scorsi alcune sue filiali del Bellunese di un\u2019apparecchiatura DAE, ovvero il defibrillatore automatico esterno. I defibrillatori, tutti di nuova generazione, sono stati posizionati all\u2019ingresso delle agenzie di Falcade, Bribano di Sedico e Feltre, dove gioved\u00ec sera si \u00e8 tenuta una breve incontro di presentazione rivolto alla popolazione, con l\u2019obiettivo soprattutto di far conoscere ai l\u2019esistenza e la disponibilit\u00e0 delle strumentazioni. I sistemi DAE sono infatti posizionati in luogo aperto e accessibile al pubblico, a disposizione per un eventuale utilizzo qualora ve ne fosse la necessit\u00e0.<\/span><\/span><\/p>\n<p><a class=\"dt-pswp-item\" href=\"http:\/\/www.radiopiu.net\/wordpress\/wp-content\/uploads\/2019\/09\/IMG_20190905_175711.jpg\" data-dt-img-description=\"\" data-large_image_width=\"4000\" data-large_image_height=\"3000\"><img loading=\"lazy\" decoding=\"async\" class=\"wp-image-97500 alignleft\" src=\"http:\/\/www.radiopiu.net\/wordpress\/wp-content\/uploads\/2019\/09\/IMG_20190905_175711-1024x768.jpg\" alt=\"\" width=\"297\" height=\"223\" srcset=\"https:\/\/www.radiopiu.net\/wordpress\/wp-content\/uploads\/2019\/09\/IMG_20190905_175711-1024x768.jpg 1024w, https:\/\/www.radiopiu.net\/wordpress\/wp-content\/uploads\/2019\/09\/IMG_20190905_175711-300x225.jpg 300w, https:\/\/www.radiopiu.net\/wordpress\/wp-content\/uploads\/2019\/09\/IMG_20190905_175711-768x576.jpg 768w\" sizes=\"auto, (max-width: 297px) 100vw, 297px\" \/><\/a><a class=\"dt-pswp-item\" href=\"http:\/\/www.radiopiu.net\/wordpress\/wp-content\/uploads\/2019\/09\/IMG_20190905_173739.jpg\" data-dt-img-description=\"\" data-large_image_width=\"4000\" data-large_image_height=\"3000\"><img loading=\"lazy\" decoding=\"async\" class=\"wp-image-97499 alignleft\" src=\"http:\/\/www.radiopiu.net\/wordpress\/wp-content\/uploads\/2019\/09\/IMG_20190905_173739-300x225.jpg\" alt=\"\" width=\"305\" height=\"230\" srcset=\"https:\/\/www.radiopiu.net\/wordpress\/wp-content\/uploads\/2019\/09\/IMG_20190905_173739-300x225.jpg 300w, https:\/\/www.radiopiu.net\/wordpress\/wp-content\/uploads\/2019\/09\/IMG_20190905_173739-768x576.jpg 768w, https:\/\/www.radiopiu.net\/wordpress\/wp-content\/uploads\/2019\/09\/IMG_20190905_173739-1024x768.jpg 1024w\" sizes=\"auto, (max-width: 305px) 100vw, 305px\" \/><\/a><\/p>\n<p>&nbsp;<\/p>\n<p>&nbsp;<\/p>\n<p>&nbsp;<\/p>\n<p>&nbsp;<\/p>\n<p>&nbsp;<\/p>\n<p>&nbsp;<\/p>\n<p>&nbsp;<\/p>\n<p>&nbsp;<\/p>\n<p>&nbsp;<\/p>\n<p><strong>EDDY FONTANIVE RESPONSABILE AREA BELLUNESE DELL&#8217;ISTITUTO BANCARIO<\/strong><\/p>\n<audio class=\"wp-audio-shortcode\" id=\"audio-97515-5\" preload=\"none\" style=\"width: 100%;\" controls=\"controls\"><source type=\"audio\/mpeg\" src=\"http:\/\/www.radiopiu.net\/wordpress\/wp-content\/uploads\/2019\/09\/SCOPEL.mp3?_=5\" \/><a href=\"http:\/\/www.radiopiu.net\/wordpress\/wp-content\/uploads\/2019\/09\/SCOPEL.mp3\">http:\/\/www.radiopiu.net\/wordpress\/wp-content\/uploads\/2019\/09\/SCOPEL.mp3<\/a><\/audio>\n<p align=\"JUSTIFY\"><strong>ALESSANDRO SCOPEL, CONSIGLIERE D&#8217;AMMINISTRAZIONE PER LA VALBELLUNA DELLA CASSA RURALE DOLOMITI<\/strong><\/p>\n<audio class=\"wp-audio-shortcode\" id=\"audio-97515-6\" preload=\"none\" style=\"width: 100%;\" controls=\"controls\"><source type=\"audio\/mpeg\" src=\"http:\/\/www.radiopiu.net\/wordpress\/wp-content\/uploads\/2019\/09\/EDDY.mp3?_=6\" \/><a href=\"http:\/\/www.radiopiu.net\/wordpress\/wp-content\/uploads\/2019\/09\/EDDY.mp3\">http:\/\/www.radiopiu.net\/wordpress\/wp-content\/uploads\/2019\/09\/EDDY.mp3<\/a><\/audio>\n<p align=\"JUSTIFY\"><strong>MAURO FANTINEL, CARDIOLOGO ALL&#8217;OSPEDALE DI FELTRE\u00a0<\/strong><span style=\"font-family: Times New Roman, serif;\"><span style=\"font-size: large;\"> da molti anni attivo fautore di una diffusione capillare della cultura del defibrillatore<\/span><\/span><\/p>\n<audio class=\"wp-audio-shortcode\" id=\"audio-97515-7\" preload=\"none\" style=\"width: 100%;\" controls=\"controls\"><source type=\"audio\/mpeg\" src=\"http:\/\/www.radiopiu.net\/wordpress\/wp-content\/uploads\/2019\/09\/FANTINEL.mp3?_=7\" \/><a href=\"http:\/\/www.radiopiu.net\/wordpress\/wp-content\/uploads\/2019\/09\/FANTINEL.mp3\">http:\/\/www.radiopiu.net\/wordpress\/wp-content\/uploads\/2019\/09\/FANTINEL.mp3<\/a><\/audio>\n<p>&nbsp;<\/p>\n<p>&nbsp;<\/p>\n<p>&nbsp;<\/p>\n<h2>SPOSTAMENTO DELLA FARMACIA DI LOZZO, DE CARLO PRIMO FIRMATARIO DELLA PETIZIONE.<\/h2>\n<blockquote><p><em>Il \u201ctrasloco\u201d sulla strada statale della farmacia di Lozzo di Cadore, che lascerebbe cos\u00ec il centro storico, preoccupa i cittadini, tanto che in questi giorni \u00e8 nata una petizione per chiederne il mantenimento; petizione che ha visto la firma del deputato di Fratelli d&#8217;Italia e sindaco di Calalzo di Cadore, Luca De Carlo.<\/em><\/p><\/blockquote>\n<p><strong>AUDIO DALLA RASSEGNA STAMPA DELLE 8.05<\/strong><\/p>\n<audio class=\"wp-audio-shortcode\" id=\"audio-97515-8\" preload=\"none\" style=\"width: 100%;\" controls=\"controls\"><source type=\"audio\/mpeg\" src=\"http:\/\/www.radiopiu.net\/wordpress\/wp-content\/uploads\/2019\/09\/LUCA.mp3?_=8\" \/><a href=\"http:\/\/www.radiopiu.net\/wordpress\/wp-content\/uploads\/2019\/09\/LUCA.mp3\">http:\/\/www.radiopiu.net\/wordpress\/wp-content\/uploads\/2019\/09\/LUCA.mp3<\/a><\/audio>\n<blockquote><p><a class=\"dt-pswp-item\" href=\"http:\/\/www.radiopiu.net\/wordpress\/wp-content\/uploads\/2018\/03\/DE-CARLO-e1550809667344.jpg\" data-dt-img-description=\"\" data-large_image_width=\"203\" data-large_image_height=\"248\"><img loading=\"lazy\" decoding=\"async\" class=\" wp-image-44920 alignleft\" src=\"http:\/\/www.radiopiu.net\/wordpress\/wp-content\/uploads\/2018\/03\/DE-CARLO-e1550809667344.jpg\" alt=\"\" width=\"155\" height=\"189\" \/><\/a>\u201cPartendo dal fatto che lo spostamento \u00e8 una scelta commerciale legittima da parte della propriet\u00e0, ho sottoscritto la petizione per sostenere la voce dei cittadini che si vedrebbero privati di un servizio importante, soprattutto per gli anziani\u201d, spiega De Carlo. \u201cIn mattinata, mi sono anche confrontato con il commissario prefettizio, dando tutta la mia disponibilit\u00e0 per trovare soluzioni alternative, se la decisione di traslocare venisse confermata\u201d. Ecco alcune delle ipotesi prospettate da De Carlo: \u201cSi potrebbe pensare a un \u201carmadio farmaceutico\u201d, un&#8217;iniziativa esistente da tempo in altre realt\u00e0 che consiste in uno sportello presidiato da un farmacista aperto solo alcune ore al giorno; oppure organizzare un sistema di consegne a domicilio oppure, per concludere, instaurare una collaborazione con un&#8217;associazione del territorio, come gi\u00e0 avviene in Comelico, che si faccia carico del trasporto dei medicinali o degli anziani dal centro alla farmacia\u201d. \u201cQueste sono solo alcune delle possibilit\u00e0\u201d, conclude De Carlo. \u201cIo resto a disposizione di tutti, in un&#8217;ottica di massima collaborazione anche con la propriet\u00e0, per trovare una soluzione che possa soddisfare le necessit\u00e0 della popolazione\u201d.<\/p><\/blockquote>\n<p>&nbsp;<\/p>\n<p>&nbsp;<\/p>\n<h3><span style=\"color: #ff0000;\">DUBBI NON CHIARITI\u00a0<\/span><\/h3>\n<audio class=\"wp-audio-shortcode\" id=\"audio-97515-9\" preload=\"none\" style=\"width: 100%;\" controls=\"controls\"><source type=\"audio\/mpeg\" src=\"http:\/\/www.radiopiu.net\/wordpress\/wp-content\/uploads\/2019\/09\/gianni-falcade.mp3?_=9\" \/><a href=\"http:\/\/www.radiopiu.net\/wordpress\/wp-content\/uploads\/2019\/09\/gianni-falcade.mp3\">http:\/\/www.radiopiu.net\/wordpress\/wp-content\/uploads\/2019\/09\/gianni-falcade.mp3<\/a><\/audio>\n<h2>CAMION SOLLEVATO E RIPORTATO ALLA BASE, RIMANGONO I DANNI AL PONTE E LA CHIUSURA DELLA CICLABILE PER FALCADE<\/h2>\n<p><strong>DI GIANNI SANTOMASO<\/strong><\/p>\n<p><a class=\"dt-pswp-item\" href=\"http:\/\/www.radiopiu.net\/wordpress\/wp-content\/uploads\/2019\/09\/ef200ef4-97c4-4015-a36f-05be688ab03e.jpg\" data-dt-img-description=\"\" data-large_image_width=\"1600\" data-large_image_height=\"777\"><img loading=\"lazy\" decoding=\"async\" class=\"wp-image-97519 alignnone\" src=\"http:\/\/www.radiopiu.net\/wordpress\/wp-content\/uploads\/2019\/09\/ef200ef4-97c4-4015-a36f-05be688ab03e-300x146.jpg\" alt=\"\" width=\"229\" height=\"112\" srcset=\"https:\/\/www.radiopiu.net\/wordpress\/wp-content\/uploads\/2019\/09\/ef200ef4-97c4-4015-a36f-05be688ab03e-300x146.jpg 300w, https:\/\/www.radiopiu.net\/wordpress\/wp-content\/uploads\/2019\/09\/ef200ef4-97c4-4015-a36f-05be688ab03e-768x373.jpg 768w, https:\/\/www.radiopiu.net\/wordpress\/wp-content\/uploads\/2019\/09\/ef200ef4-97c4-4015-a36f-05be688ab03e-1024x497.jpg 1024w, https:\/\/www.radiopiu.net\/wordpress\/wp-content\/uploads\/2019\/09\/ef200ef4-97c4-4015-a36f-05be688ab03e.jpg 1600w\" sizes=\"auto, (max-width: 229px) 100vw, 229px\" \/><\/a><a class=\"dt-pswp-item\" href=\"http:\/\/www.radiopiu.net\/wordpress\/wp-content\/uploads\/2019\/09\/4cc8cda2-e92e-4dbe-81e7-bf40c688d1e9.jpg\" data-dt-img-description=\"\" data-large_image_width=\"1600\" data-large_image_height=\"777\"><img loading=\"lazy\" decoding=\"async\" class=\"wp-image-97517 alignnone\" src=\"http:\/\/www.radiopiu.net\/wordpress\/wp-content\/uploads\/2019\/09\/4cc8cda2-e92e-4dbe-81e7-bf40c688d1e9-300x146.jpg\" alt=\"\" width=\"232\" height=\"113\" srcset=\"https:\/\/www.radiopiu.net\/wordpress\/wp-content\/uploads\/2019\/09\/4cc8cda2-e92e-4dbe-81e7-bf40c688d1e9-300x146.jpg 300w, https:\/\/www.radiopiu.net\/wordpress\/wp-content\/uploads\/2019\/09\/4cc8cda2-e92e-4dbe-81e7-bf40c688d1e9-768x373.jpg 768w, https:\/\/www.radiopiu.net\/wordpress\/wp-content\/uploads\/2019\/09\/4cc8cda2-e92e-4dbe-81e7-bf40c688d1e9-1024x497.jpg 1024w, https:\/\/www.radiopiu.net\/wordpress\/wp-content\/uploads\/2019\/09\/4cc8cda2-e92e-4dbe-81e7-bf40c688d1e9.jpg 1600w\" sizes=\"auto, (max-width: 232px) 100vw, 232px\" \/><\/a><a class=\"dt-pswp-item\" href=\"http:\/\/www.radiopiu.net\/wordpress\/wp-content\/uploads\/2019\/09\/0830974d-5660-4b1f-9065-30f32b57b05e.jpg\" data-dt-img-description=\"\" data-large_image_width=\"1600\" data-large_image_height=\"777\"><img loading=\"lazy\" decoding=\"async\" class=\"wp-image-97518 alignleft\" src=\"http:\/\/www.radiopiu.net\/wordpress\/wp-content\/uploads\/2019\/09\/0830974d-5660-4b1f-9065-30f32b57b05e-300x146.jpg\" alt=\"\" width=\"233\" height=\"113\" srcset=\"https:\/\/www.radiopiu.net\/wordpress\/wp-content\/uploads\/2019\/09\/0830974d-5660-4b1f-9065-30f32b57b05e-300x146.jpg 300w, https:\/\/www.radiopiu.net\/wordpress\/wp-content\/uploads\/2019\/09\/0830974d-5660-4b1f-9065-30f32b57b05e-768x373.jpg 768w, https:\/\/www.radiopiu.net\/wordpress\/wp-content\/uploads\/2019\/09\/0830974d-5660-4b1f-9065-30f32b57b05e-1024x497.jpg 1024w, https:\/\/www.radiopiu.net\/wordpress\/wp-content\/uploads\/2019\/09\/0830974d-5660-4b1f-9065-30f32b57b05e.jpg 1600w\" sizes=\"auto, (max-width: 233px) 100vw, 233px\" \/><\/a><\/p>\n<p>&nbsp;<\/p>\n<h2>video e foto GRAZIANO RENON:<br \/>\n<a class=\"dt-pswp-item\" href=\"http:\/\/www.radiopiu.net\/wordpress\/wp-content\/uploads\/2019\/09\/WhatsApp-Image-2019-09-07-at-07.26.10-1.jpeg\" data-dt-img-description=\"\" data-large_image_width=\"1196\" data-large_image_height=\"1600\"><img loading=\"lazy\" decoding=\"async\" class=\"size-medium wp-image-97641 alignleft\" src=\"http:\/\/www.radiopiu.net\/wordpress\/wp-content\/uploads\/2019\/09\/WhatsApp-Image-2019-09-07-at-07.26.10-1-224x300.jpeg\" alt=\"\" width=\"224\" height=\"300\" srcset=\"https:\/\/www.radiopiu.net\/wordpress\/wp-content\/uploads\/2019\/09\/WhatsApp-Image-2019-09-07-at-07.26.10-1-224x300.jpeg 224w, https:\/\/www.radiopiu.net\/wordpress\/wp-content\/uploads\/2019\/09\/WhatsApp-Image-2019-09-07-at-07.26.10-1-768x1027.jpeg 768w, https:\/\/www.radiopiu.net\/wordpress\/wp-content\/uploads\/2019\/09\/WhatsApp-Image-2019-09-07-at-07.26.10-1-765x1024.jpeg 765w, https:\/\/www.radiopiu.net\/wordpress\/wp-content\/uploads\/2019\/09\/WhatsApp-Image-2019-09-07-at-07.26.10-1.jpeg 1196w\" sizes=\"auto, (max-width: 224px) 100vw, 224px\" \/><\/a><a class=\"dt-pswp-item\" href=\"http:\/\/www.radiopiu.net\/wordpress\/wp-content\/uploads\/2019\/09\/WhatsApp-Image-2019-09-07-at-07.26.10.jpeg\" data-dt-img-description=\"\" data-large_image_width=\"1196\" data-large_image_height=\"1600\"><img loading=\"lazy\" decoding=\"async\" class=\"size-medium wp-image-97642 alignleft\" src=\"http:\/\/www.radiopiu.net\/wordpress\/wp-content\/uploads\/2019\/09\/WhatsApp-Image-2019-09-07-at-07.26.10-224x300.jpeg\" alt=\"\" width=\"224\" height=\"300\" srcset=\"https:\/\/www.radiopiu.net\/wordpress\/wp-content\/uploads\/2019\/09\/WhatsApp-Image-2019-09-07-at-07.26.10-224x300.jpeg 224w, https:\/\/www.radiopiu.net\/wordpress\/wp-content\/uploads\/2019\/09\/WhatsApp-Image-2019-09-07-at-07.26.10-768x1027.jpeg 768w, https:\/\/www.radiopiu.net\/wordpress\/wp-content\/uploads\/2019\/09\/WhatsApp-Image-2019-09-07-at-07.26.10-765x1024.jpeg 765w, https:\/\/www.radiopiu.net\/wordpress\/wp-content\/uploads\/2019\/09\/WhatsApp-Image-2019-09-07-at-07.26.10.jpeg 1196w\" sizes=\"auto, (max-width: 224px) 100vw, 224px\" \/><\/a><\/h2>\n<div style=\"width: 640px;\" class=\"wp-video\"><video class=\"wp-video-shortcode\" id=\"video-97515-1\" width=\"640\" height=\"352\" preload=\"metadata\" controls=\"controls\"><source type=\"video\/mp4\" src=\"http:\/\/www.radiopiu.net\/wordpress\/wp-content\/uploads\/2019\/09\/WhatsApp-Video-2019-09-07-at-07.26.36.mp4?_=1\" \/><a href=\"http:\/\/www.radiopiu.net\/wordpress\/wp-content\/uploads\/2019\/09\/WhatsApp-Video-2019-09-07-at-07.26.36.mp4\">http:\/\/www.radiopiu.net\/wordpress\/wp-content\/uploads\/2019\/09\/WhatsApp-Video-2019-09-07-at-07.26.36.mp4<\/a><\/video><\/div>\n<h2><\/h2>\n<p>&nbsp;<\/p>\n<h2><\/h2>\n<h2><\/h2>\n<h2>FRAGILITA&#8217; DEGLI ASSI VIARI NELL&#8217;AGORDINO, IL CASO GALLERIA DEI CASTEI<\/h2>\n<p><strong><a class=\"dt-pswp-item\" href=\"http:\/\/www.radiopiu.net\/wordpress\/wp-content\/uploads\/2019\/09\/NNN\u00f9.jpg\" data-dt-img-description=\"\" data-large_image_width=\"168\" data-large_image_height=\"300\"><img loading=\"lazy\" decoding=\"async\" class=\"size-medium wp-image-97529 alignleft\" src=\"http:\/\/www.radiopiu.net\/wordpress\/wp-content\/uploads\/2019\/09\/NNN\u00f9-168x300.jpg\" alt=\"\" width=\"168\" height=\"300\" \/><\/a>AGORDO <\/strong>Non \u00e8 una novit\u00e0 che in montagna le strade siano continuamente a rischio, per eventi naturali (non ultimo quello dell\u2019uragano Vaia) e per l\u2019inevitabile fragilit\u00e0 del territorio. La questione pi\u00f9 cogente risulta per\u00f2 la manutenzione, senza la quale ci si pu\u00f2 trovare di fronte a danni inattesi (anche se a volte prevedibili) o, dove questa risulti dilazionata nel tempo, ad interventi molto costosi che avrebbero potuto essere evitati con attenzione e pronto intervento. E\u2019 ormai nota a tutti, amministratori ed utenti della strada, la situazione critica della galleria dei Castei in comune di La Valle Agordina, ormai in funzione dalla met\u00e0 degli anni \u201990, che necessiterebbe di importanti interventi di sistemazione ed ammodernamento, per garantire la miglior sicurezza possibile della rotabile. In questi anni si sono notati interventi molto pi\u00f9 simili a \u201ctoppe\u201d che non a veri e propri interventi di risanamento e ammodernamento programmato. Recenti avvenimenti ne hanno nuovamente fatto notare l\u2019inadeguatezza. I problemi non sono pochi e per altro non del tutto trascurabili. Da molti anni ormai in occasione di piogge intense, anche non molto protratte, la rotabile tende a essere allagata da cascate di acqua dalle volte della galleria, in pi\u00f9 punti, di varia entit\u00e0, spesso con pericolo per la stabilit\u00e0 degli automezzi. Inizialmente il fenomeno era stato riscontrato solamente in corrispondenza della \u201cstorica\u201d Pissa dei Castei, il cui percorso sotterraneo era stato intercettato e interrotto durante la costruzione della galleria, con inesorabili infiltrazioni, da presto manifestatesi. Ora il problema negli anni si \u00e8 manifestato in altri <a class=\"dt-pswp-item\" href=\"http:\/\/www.radiopiu.net\/wordpress\/wp-content\/uploads\/2019\/09\/doload.jpg\" data-dt-img-description=\"\" data-large_image_width=\"256\" data-large_image_height=\"197\"><img loading=\"lazy\" decoding=\"async\" class=\"size-full wp-image-97528 alignright\" src=\"http:\/\/www.radiopiu.net\/wordpress\/wp-content\/uploads\/2019\/09\/doload.jpg\" alt=\"\" width=\"256\" height=\"197\" \/><\/a>punti, soprattutto verso lo sbocco a Nord, divenendo una costante ineluttabile per chi la attraversa. Da molto tempo non vengono ritinteggiati i lati della galleria con il bianco che darebbe maggior luminosit\u00e0 alla stessa; tutt\u2019altro che infrequenti inoltre sono le interruzioni dell\u2019illuminazione. La pulizia della segnaletica con catarifrangenti, essenziale per la definizione del margine stradale ai lati della rotabile, lascia molto a desiderare, tanto da apparire pi\u00f9 spesso grigia o marrone, piuttosto che bianca e rossa. Ancora tutt\u2019altro che ortodossa risulta l\u2019uscita di sicurezza a met\u00e0 della galleria, in corrispondenza del primitivo tunnel di accesso eseguito ai tempi dell\u2019inizio della costruzione della galleria, che parrebbe ancora tamponato da materiale, che lascia per lo meno qualche <a class=\"dt-pswp-item\" href=\"http:\/\/www.radiopiu.net\/wordpress\/wp-content\/uploads\/2019\/09\/dowDDnload.jpg\" data-dt-img-description=\"\" data-large_image_width=\"314\" data-large_image_height=\"160\"><img loading=\"lazy\" decoding=\"async\" class=\"size-medium wp-image-97527 alignleft\" src=\"http:\/\/www.radiopiu.net\/wordpress\/wp-content\/uploads\/2019\/09\/dowDDnload-300x153.jpg\" alt=\"\" width=\"300\" height=\"153\" srcset=\"https:\/\/www.radiopiu.net\/wordpress\/wp-content\/uploads\/2019\/09\/dowDDnload-300x153.jpg 300w, https:\/\/www.radiopiu.net\/wordpress\/wp-content\/uploads\/2019\/09\/dowDDnload.jpg 314w\" sizes=\"auto, (max-width: 300px) 100vw, 300px\" \/><\/a>dubbio sulla sua adeguatezza. Lo stesso dicasi per le \u201ccasette-rifugio\u201d posizionate al primo e all\u2019ultimo terzo della galleria, da utilizzare in caso di incendio, sicuramente di scarsa capienza in caso di necessit\u00e0. Recentissimo il guaio dell\u2019arresto del sistema del ventilazione che ha causato l\u2019accumulo dello smog prodotto dai gas di scarico delle auto all\u2019interno del tunnel, in una situazione molto pericolosa, oltrech\u00e9 grottesca e surreale. Sistema per altro che in pi\u00f9 di un\u2019occasione ha mostrato falle per incompleto e inefficace funzionamento. Infine non sarebbe male che si programmasse l\u2019installazione di segnaletica elettronica agli ingressi del tunnel, come ormai di uso nelle nuove realizzazioni similari, sia luminosa (giallo, rosso, verde), che scritta, per informare gli utenti della situazione in tempo reale. Resta il problema della mancanza di adeguate alternative alla galleria dei Castei in caso di chiusura (per lavori o per interruzioni di altra natura). Il vecchio percorso della SS243 Agordina \u00e8 stato completamente e inopinatamente abbandonato e non potr\u00e0 mai essere utilizzato come percorso in caso di necessit\u00e0 e la pur \u201ceroica\u201d strada della Valle del Mis non rappresenta una garanzia di comunicazione in caso di difficolt\u00e0 perduranti. Tutti quindi, ma gli agordini in particolare, auspicano una maggiore attenzione a un passaggio strategico della viabilit\u00e0 agordina, la cui sistemazione inizia a dimostrarsi necessaria nel breve. (G.C.)<\/p>\n<p>&nbsp;<\/p>\n<p>&nbsp;<\/p>\n<p>&nbsp;<\/p>\n<p>&nbsp;<\/p>\n<h2>ECCO CHI HA VINTO LA VACANZA DETOX 10 PARTECIPANTI PER 1 OBIETTIVO RIGENERARSI IN NATURA SENZA SMARTPHONE<\/h2>\n<p>\u201cTemo di avere perso la capacit\u00e0 di vivere la vita reale. Con mia moglie passiamo le serate scorrendo lo smartphone senza parlare. Ma non abbiamo il coraggio di cambiare\u201d. \u00c8 questa la disarmante presentazione con cui Lucas, architetto informatico, 36 anni di Lione, ha ottenuto uno dei dieci posti messi in palio dalla campagna Recharge in Nature e, per questo, trascorrer\u00e0, dal 13 al 17 settembre, una vacanza gratuita detox nel cuore delle Dolomiti. Con Jozef, Fulvio, Ivana, Valentina, Igor, Michel, Stefania, Ionela e Ana Carolina, gli altri compagni di avventura provenienti da ogni parte di Italia e del mondo, e come lui sorteggiati tra 19.102 candidati, gioved\u00ec prossimo Lucas lascer\u00e0 smartphone e altri dispositivi tecnologici nelle mani degli organizzatori, e imboccher\u00e0 il sentiero di montagna che in 2 ore circa di cammino li porter\u00e0 al rifugio Falier, a 2.074 metri di altezza, in valle Ombretta. Qui, assolutamente scollegati dal mondo esterno, insieme, trascorreranno le giornate facendo lavori manuali, tanta attivit\u00e0 all\u2019aria aperta, meditazione, scambiando esperienze ed emozioni con uno psicologo esperto in Mindfulness e la comunit\u00e0 locale che \u00e8 pronta ad accoglierli, orgogliosa della propria ricchezza di salubrit\u00e0 e natura incontaminata.\u00a0 I prescelti hanno dai 21 ai 41 anni; sono 5 donne e 5 uomini; 4 italiani e 6 stranieri che arrivano da Brasile, Belgio, Francia, Slovacchia e Inghilterra. Tra loro c\u2019\u00e8 lo studente, l\u2019impiegato, lo psicologo, il profumiere, l\u2019architetto, il manager, l\u2019informatico e lo sviluppatore web. In comune, tutti, un giudizio severo sul proprio ritmo quotidiano, che senza giri di parole definiscono \u201cfrenetico\u201d e \u201cdevastante\u201d con un livello di stress \u201cschiacciante\u201d e un\u2019unanime richiesta di \u201cbonifica mentale\u201d, \u201ccambiamento\u201d.<br \/>\nSe anche la \u201ccura naturale\u201d sar\u00e0 di soli 5 giorni, c\u2019\u00e8 chi racconta di essere talmente travolto dallo stress da non riuscire, da solo, a imporsi uno stop, e ha perso la speranza di svoltare, di \u201critrovare se stessi\u201d e \u201cgli altri\u201d, di tornare a \u201cprovare emozioni\u201d semplici e dirette. Come Ivana, studentessa, che, a soli 21 anni, dice di s\u00e9: \u201cmi sento una supervecchia, prigioniera di una noiosissima solitudine\u201d. L\u2019aspettativa dei partecipanti all\u2019esperimento, promosso da 7 amministrazioni comunali dell\u2019Agordino, capofila Rocca Pietore con Alleghe, Colle Santa Lucia, Livinallongo, Taibon, Cencenighe, Tan Tomaso, nell\u2019ambito del progetto di sviluppo territoriale Dolomites Maadness, \u00e8 insomma alta. Anche al di sopra di ogni previsione, sia dell\u2019esperta in marketing turistico che ha ideato la campagna, Emma Taveri di Destination Makers, sia degli osservatori e media per i quali i dati che emergono da questo gioco-concorso, sono indicativi: le supertecnologie hanno preso il sopravvento sulla nostra volont\u00e0, e seppure sappiamo di essere nati per vivere all\u2019aria aperta, trascorriamo all\u2019esterno solo il 5 per cento della giornata, molto di meno di quanto emerga dall\u2019acqua un cetaceo. I candidati di Recharge in Nature, a cui era richiesto di inviare un video e compilare un questionario per raccontare il proprio stato d\u2019animo e grado di stress, sono concordi nel dire, dalla Cina al Costarica; da Londra al Brasile, che le grandi citt\u00e0 dove vivono (Pechino, Rio de Janeiro, Londra, Parigi, Roma, Bratislava) sono funzionali alla loro carriera ma non al nostro benessere psicofisico; che le tecnologie sono strumenti di lavoro indispensabili ma che hanno occupato anche la sfera delle relazioni ed emozioni. Che la routine non \u00e8 rassicurante ma schiacciante, che la vita nella natura \u00e8 ormai un miraggio, per riagguantare il quale \u00e8 valsa la pena inviare in Agordino 19 mila candidature! \u201cCosa so fare oltre alla Project Manager Digital Strategy? Servire ai tavoli, pitturare le pareti, fare la raccolta differenziata dei rifiuti\u2026\u201d. No, non \u00e8 la parodia di una donna in carriera, ma il cv con cui Valentina, digital manager di 36 anni di Roma, ha conquistato la sua cima dolomitica.<\/p>\n\n\t\t\t<style type='text\/css'>\n\t\t\t\t#gallery-1 {\n\t\t\t\t\tmargin: auto;\n\t\t\t\t}\n\t\t\t\t#gallery-1 .gallery-item {\n\t\t\t\t\tfloat: left;\n\t\t\t\t\tmargin-top: 10px;\n\t\t\t\t\ttext-align: center;\n\t\t\t\t\twidth: 33%;\n\t\t\t\t}\n\t\t\t\t#gallery-1 img {\n\t\t\t\t\tborder: 2px solid #cfcfcf;\n\t\t\t\t}\n\t\t\t\t#gallery-1 .gallery-caption {\n\t\t\t\t\tmargin-left: 0;\n\t\t\t\t}\n\t\t\t\t\/* see gallery_shortcode() in wp-includes\/media.php *\/\n\t\t\t<\/style>\n\t\t<div id='gallery-1' class='dt-gallery-container gallery galleryid-97515 gallery-columns-3 gallery-size-thumbnail'><dl class='gallery-item'>\n\t\t\t\t<dt class='gallery-icon portrait'>\n\t\t\t\t\t<a class=\"rollover\" href='https:\/\/www.radiopiu.net\/wordpress\/ecco-chi-ha-vinto-la-vacanza-detox-10-partecipanti-per-1-obiettivo-rigenerarsi-in-natura-senza-smartphone\/lucas-lainetti\/'><img loading=\"lazy\" decoding=\"async\" width=\"150\" height=\"150\" src=\"https:\/\/www.radiopiu.net\/wordpress\/wp-content\/uploads\/2019\/09\/Lucas-Lainetti-150x150.jpg\" class=\"attachment-thumbnail size-thumbnail\" alt=\"\" aria-describedby=\"gallery-1-97545\" \/><\/a>\n\t\t\t\t<\/dt>\n\t\t\t\t\t<dd class='wp-caption-text gallery-caption' id='gallery-1-97545'>\n\t\t\t\t\tLucas-Lainetti\n\t\t\t\t\t<\/dd><\/dl><dl class='gallery-item'>\n\t\t\t\t<dt class='gallery-icon portrait'>\n\t\t\t\t\t<a class=\"rollover\" href='https:\/\/www.radiopiu.net\/wordpress\/ecco-chi-ha-vinto-la-vacanza-detox-10-partecipanti-per-1-obiettivo-rigenerarsi-in-natura-senza-smartphone\/ivana-scurokova\/'><img loading=\"lazy\" decoding=\"async\" width=\"150\" height=\"150\" src=\"https:\/\/www.radiopiu.net\/wordpress\/wp-content\/uploads\/2019\/09\/Ivana-Scurokova-150x150.jpg\" class=\"attachment-thumbnail size-thumbnail\" alt=\"\" aria-describedby=\"gallery-1-97544\" \/><\/a>\n\t\t\t\t<\/dt>\n\t\t\t\t\t<dd class='wp-caption-text gallery-caption' id='gallery-1-97544'>\n\t\t\t\t\tIvana Scurokova\n\t\t\t\t\t<\/dd><\/dl><dl class='gallery-item'>\n\t\t\t\t<dt class='gallery-icon portrait'>\n\t\t\t\t\t<a class=\"rollover\" href='https:\/\/www.radiopiu.net\/wordpress\/ecco-chi-ha-vinto-la-vacanza-detox-10-partecipanti-per-1-obiettivo-rigenerarsi-in-natura-senza-smartphone\/ana-carolina-barros-ramos\/'><img loading=\"lazy\" decoding=\"async\" width=\"150\" height=\"150\" src=\"https:\/\/www.radiopiu.net\/wordpress\/wp-content\/uploads\/2019\/09\/Ana-Carolina-Barros-Ramos-150x150.jpeg\" class=\"attachment-thumbnail size-thumbnail\" alt=\"\" aria-describedby=\"gallery-1-97543\" \/><\/a>\n\t\t\t\t<\/dt>\n\t\t\t\t\t<dd class='wp-caption-text gallery-caption' id='gallery-1-97543'>\n\t\t\t\t\tAna Carolina Barros Ramos\n\t\t\t\t\t<\/dd><\/dl><br style=\"clear: both\" \/><dl class='gallery-item'>\n\t\t\t\t<dt class='gallery-icon portrait'>\n\t\t\t\t\t<a class=\"rollover\" href='https:\/\/www.radiopiu.net\/wordpress\/ecco-chi-ha-vinto-la-vacanza-detox-10-partecipanti-per-1-obiettivo-rigenerarsi-in-natura-senza-smartphone\/ionela-bohaiciuc\/'><img loading=\"lazy\" decoding=\"async\" width=\"150\" height=\"150\" src=\"https:\/\/www.radiopiu.net\/wordpress\/wp-content\/uploads\/2019\/09\/Ionela-Bohaiciuc-150x150.jpg\" class=\"attachment-thumbnail size-thumbnail\" alt=\"\" aria-describedby=\"gallery-1-97542\" \/><\/a>\n\t\t\t\t<\/dt>\n\t\t\t\t\t<dd class='wp-caption-text gallery-caption' id='gallery-1-97542'>\n\t\t\t\t\tIonela Bohaiciuc\n\t\t\t\t\t<\/dd><\/dl><dl class='gallery-item'>\n\t\t\t\t<dt class='gallery-icon portrait'>\n\t\t\t\t\t<a class=\"rollover\" href='https:\/\/www.radiopiu.net\/wordpress\/ecco-chi-ha-vinto-la-vacanza-detox-10-partecipanti-per-1-obiettivo-rigenerarsi-in-natura-senza-smartphone\/jozef-smoron\/'><img loading=\"lazy\" decoding=\"async\" width=\"150\" height=\"150\" src=\"https:\/\/www.radiopiu.net\/wordpress\/wp-content\/uploads\/2019\/09\/Jozef-Smoron-150x150.jpg\" class=\"attachment-thumbnail size-thumbnail\" alt=\"\" aria-describedby=\"gallery-1-97541\" \/><\/a>\n\t\t\t\t<\/dt>\n\t\t\t\t\t<dd class='wp-caption-text gallery-caption' id='gallery-1-97541'>\n\t\t\t\t\tJozef Smoron\n\t\t\t\t\t<\/dd><\/dl><dl class='gallery-item'>\n\t\t\t\t<dt class='gallery-icon landscape'>\n\t\t\t\t\t<a class=\"rollover\" href='https:\/\/www.radiopiu.net\/wordpress\/ecco-chi-ha-vinto-la-vacanza-detox-10-partecipanti-per-1-obiettivo-rigenerarsi-in-natura-senza-smartphone\/michel-fontes\/'><img loading=\"lazy\" decoding=\"async\" width=\"150\" height=\"150\" src=\"https:\/\/www.radiopiu.net\/wordpress\/wp-content\/uploads\/2019\/09\/Michel-Fontes-150x150.jpg\" class=\"attachment-thumbnail size-thumbnail\" alt=\"\" aria-describedby=\"gallery-1-97540\" srcset=\"https:\/\/www.radiopiu.net\/wordpress\/wp-content\/uploads\/2019\/09\/Michel-Fontes-150x150.jpg 150w, https:\/\/www.radiopiu.net\/wordpress\/wp-content\/uploads\/2019\/09\/Michel-Fontes-300x300.jpg 300w, https:\/\/www.radiopiu.net\/wordpress\/wp-content\/uploads\/2019\/09\/Michel-Fontes.jpg 755w\" sizes=\"auto, (max-width: 150px) 100vw, 150px\" \/><\/a>\n\t\t\t\t<\/dt>\n\t\t\t\t\t<dd class='wp-caption-text gallery-caption' id='gallery-1-97540'>\n\t\t\t\t\tMichel Fontes\n\t\t\t\t\t<\/dd><\/dl><br style=\"clear: both\" \/><dl class='gallery-item'>\n\t\t\t\t<dt class='gallery-icon portrait'>\n\t\t\t\t\t<a class=\"rollover\" href='https:\/\/www.radiopiu.net\/wordpress\/ecco-chi-ha-vinto-la-vacanza-detox-10-partecipanti-per-1-obiettivo-rigenerarsi-in-natura-senza-smartphone\/fulvio-sciarretta2\/'><img loading=\"lazy\" decoding=\"async\" width=\"150\" height=\"150\" src=\"https:\/\/www.radiopiu.net\/wordpress\/wp-content\/uploads\/2019\/09\/Fulvio-Sciarretta2-150x150.jpg\" class=\"attachment-thumbnail size-thumbnail\" alt=\"\" aria-describedby=\"gallery-1-97539\" \/><\/a>\n\t\t\t\t<\/dt>\n\t\t\t\t\t<dd class='wp-caption-text gallery-caption' id='gallery-1-97539'>\n\t\t\t\t\tFulvio Sciarretta2\n\t\t\t\t\t<\/dd><\/dl><dl class='gallery-item'>\n\t\t\t\t<dt class='gallery-icon landscape'>\n\t\t\t\t\t<a class=\"rollover\" href='https:\/\/www.radiopiu.net\/wordpress\/ecco-chi-ha-vinto-la-vacanza-detox-10-partecipanti-per-1-obiettivo-rigenerarsi-in-natura-senza-smartphone\/minciullostefania2\/'><img loading=\"lazy\" decoding=\"async\" width=\"150\" height=\"150\" src=\"https:\/\/www.radiopiu.net\/wordpress\/wp-content\/uploads\/2019\/09\/MINCIULLOStefania2-150x150.jpg\" class=\"attachment-thumbnail size-thumbnail\" alt=\"\" aria-describedby=\"gallery-1-97538\" \/><\/a>\n\t\t\t\t<\/dt>\n\t\t\t\t\t<dd class='wp-caption-text gallery-caption' id='gallery-1-97538'>\n\t\t\t\t\tMINCIULLOStefania2\n\t\t\t\t\t<\/dd><\/dl><dl class='gallery-item'>\n\t\t\t\t<dt class='gallery-icon portrait'>\n\t\t\t\t\t<a class=\"rollover\" href='https:\/\/www.radiopiu.net\/wordpress\/ecco-chi-ha-vinto-la-vacanza-detox-10-partecipanti-per-1-obiettivo-rigenerarsi-in-natura-senza-smartphone\/valentina-visconti-1\/'><img loading=\"lazy\" decoding=\"async\" width=\"150\" height=\"150\" src=\"https:\/\/www.radiopiu.net\/wordpress\/wp-content\/uploads\/2019\/09\/Valentina-Visconti-1-150x150.jpg\" class=\"attachment-thumbnail size-thumbnail\" alt=\"\" aria-describedby=\"gallery-1-97537\" \/><\/a>\n\t\t\t\t<\/dt>\n\t\t\t\t\t<dd class='wp-caption-text gallery-caption' id='gallery-1-97537'>\n\t\t\t\t\tValentina Visconti-1\n\t\t\t\t\t<\/dd><\/dl><br style=\"clear: both\" \/><dl class='gallery-item'>\n\t\t\t\t<dt class='gallery-icon portrait'>\n\t\t\t\t\t<a class=\"rollover\" href='https:\/\/www.radiopiu.net\/wordpress\/ecco-chi-ha-vinto-la-vacanza-detox-10-partecipanti-per-1-obiettivo-rigenerarsi-in-natura-senza-smartphone\/igor-benedetti2-1\/'><img loading=\"lazy\" decoding=\"async\" width=\"150\" height=\"150\" src=\"https:\/\/www.radiopiu.net\/wordpress\/wp-content\/uploads\/2019\/09\/Igor-Benedetti2-1-150x150.jpg\" class=\"attachment-thumbnail size-thumbnail\" alt=\"\" aria-describedby=\"gallery-1-97536\" \/><\/a>\n\t\t\t\t<\/dt>\n\t\t\t\t\t<dd class='wp-caption-text gallery-caption' id='gallery-1-97536'>\n\t\t\t\t\tIgor Benedetti2-1\n\t\t\t\t\t<\/dd><\/dl>\n\t\t\t\t<br style='clear: both' \/>\n\t\t\t<\/div>\n\n<p>&nbsp;<\/p>\n<p>&nbsp;<\/p>\n<p>&nbsp;<\/p>\n<h2><a class=\"dt-pswp-item\" href=\"http:\/\/www.radiopiu.net\/wordpress\/wp-content\/uploads\/2019\/09\/UrbaBio-Annecy.jpeg\" data-dt-img-description=\"\" data-large_image_width=\"1600\" data-large_image_height=\"1200\"><img loading=\"lazy\" decoding=\"async\" class=\"size-medium wp-image-97548 alignleft\" src=\"http:\/\/www.radiopiu.net\/wordpress\/wp-content\/uploads\/2019\/09\/UrbaBio-Annecy-300x225.jpeg\" alt=\"\" width=\"300\" height=\"225\" srcset=\"https:\/\/www.radiopiu.net\/wordpress\/wp-content\/uploads\/2019\/09\/UrbaBio-Annecy-300x225.jpeg 300w, https:\/\/www.radiopiu.net\/wordpress\/wp-content\/uploads\/2019\/09\/UrbaBio-Annecy-768x576.jpeg 768w, https:\/\/www.radiopiu.net\/wordpress\/wp-content\/uploads\/2019\/09\/UrbaBio-Annecy-1024x768.jpeg 1024w, https:\/\/www.radiopiu.net\/wordpress\/wp-content\/uploads\/2019\/09\/UrbaBio-Annecy.jpeg 1600w\" sizes=\"auto, (max-width: 300px) 100vw, 300px\" \/><\/a>TAPPA DI URBABIO A ANNECY<\/h2>\n<blockquote><p><em>\u00abIl recupero delle aree abbandonate \u00e8 tendenza europea\u00bb<\/em><\/p><\/blockquote>\n<p><strong>BELLUNO<\/strong> Ultima tappa del progetto UrbaBio in Francia, ad Annecy, dove a rappresentare il Comune di Belluno era presente l&#8217;assessore alle politiche ambientali, Stefania Ganz: \u00abAnche qui, come a Belluno, si punta sul recupero delle aree abbandonate, anche sotto il profilo ambientale. Quello della rigenerazione \u00e8 un tema dal deciso respiro europeo, e iniziative di confronto e di scambio di esperienze come questa rafforzano ancora di pi\u00f9 il nostro impegno in questa direzione\u00bb. La delegazione ha infatti potuto osservare da vicino il connubio tra citt\u00e0 e fiume e i progetti messi in atto per aumentare la biodiversit\u00e0 urbana. Iniziative che accomunano le realt\u00e0 aderenti a UrbaBio: anche a Belluno, infatti, sono attivi da anni gli orti sociali, cos\u00ec come i progetti di rigenerazione urbana, che tra le Dolomiti hanno interessato anche edifici e aree abbandonati o in stato di degrado (come le ex caserme Piave e Fantuzzi, la scuola Gabelli, il ponte sul Gresal,&#8230;), oltre al Parco Fluviale di Lambioi, poi distrutto dal passaggio della tempesta Vaia<\/p>\n<p><strong>L&#8217;ASSESSORE ALLE POLITICHE AMBIENTALI STEFANIA GANZ<\/strong><\/p>\n<audio class=\"wp-audio-shortcode\" id=\"audio-97515-10\" preload=\"none\" style=\"width: 100%;\" controls=\"controls\"><source type=\"audio\/mpeg\" src=\"http:\/\/www.radiopiu.net\/wordpress\/wp-content\/uploads\/2019\/09\/GANZ.mp3?_=10\" \/><a href=\"http:\/\/www.radiopiu.net\/wordpress\/wp-content\/uploads\/2019\/09\/GANZ.mp3\">http:\/\/www.radiopiu.net\/wordpress\/wp-content\/uploads\/2019\/09\/GANZ.mp3<\/a><\/audio>\n<p>&nbsp;<\/p>\n<p>&nbsp;<\/p>\n<p>&nbsp;<\/p>\n<p>&nbsp;<\/p>\n<h2><a class=\"dt-pswp-item\" href=\"http:\/\/www.radiopiu.net\/wordpress\/wp-content\/uploads\/2019\/09\/download-2.jpg\" data-dt-img-description=\"\" data-large_image_width=\"300\" data-large_image_height=\"168\"><img loading=\"lazy\" decoding=\"async\" class=\"size-medium wp-image-97568 alignleft\" src=\"http:\/\/www.radiopiu.net\/wordpress\/wp-content\/uploads\/2019\/09\/download-2-300x168.jpg\" alt=\"\" width=\"300\" height=\"168\" \/><\/a>37esimo AMICHEVOLE INCONTRO EX IOE A SANTA FOSCA<\/h2>\n<p><strong>SELVA DI CADORE\u00a0<\/strong><\/p>\n<p>DI GIANNI SANTOMASO<\/p>\n<p>foto archivio 34^edizione<\/p>\n<audio class=\"wp-audio-shortcode\" id=\"audio-97515-11\" preload=\"none\" style=\"width: 100%;\" controls=\"controls\"><source type=\"audio\/mpeg\" src=\"http:\/\/www.radiopiu.net\/wordpress\/wp-content\/uploads\/2019\/09\/GIANNI-SELVA.mp3?_=11\" \/><a href=\"http:\/\/www.radiopiu.net\/wordpress\/wp-content\/uploads\/2019\/09\/GIANNI-SELVA.mp3\">http:\/\/www.radiopiu.net\/wordpress\/wp-content\/uploads\/2019\/09\/GIANNI-SELVA.mp3<\/a><\/audio>\n<p>&nbsp;<\/p>\n<p>&nbsp;<\/p>\n<p>&nbsp;<\/p>\n<p>&nbsp;<\/p>\n<h2>AL VIA I CORSI DI LICENZA MEDIA PER ADULTI DI ITALIANO PER STRANIERI<\/h2>\n<p><strong>BELLUNO<\/strong> Mercoledi\u00a0 alle 17 presso il C.P.I.A. Di Belluno a Mur di Cadola\u00a0si terr\u00e0 la presentazione dei corsi e delle attivit\u00e0 del prossimo anno scolastico.\u00a0Il Centro Provinciale Istruzione Adulti)\u00e8 l&#8217;Istituto scolastico statale rivolto all&#8217;istruzione e alla formazione dei cittadini adulti. Offre corsi gratuiti (escluso tassa di iscrizione) di lingua italiana per stranieri, utili anche a conseguire il permesso di soggiorno, di licenza media e di scuola superiore serale in sinergia con l&#8217;Istituto d&#8217;Istruzione Superiore Statale \u201cTommaso Catullo\u201d.\u00a0 E&#8217; possibile inoltre conseguire, in collaborazione con le Universit\u00e0 per stranieri di Siena e di Perugia, le certificazioni di lingua italiana riconosciute da ogni Ente e in qualsiasi Paese. Propone inoltre corsi di lingue straniere (inglese, spagnolo, tedesco, francese, cinese, russo, arabo). Le lezioni si tengono di mattino, pomeriggio e sera.<\/p>\n<p>&nbsp;<\/p>\n<p>&nbsp;<\/p>\n<p>&nbsp;<\/p>\n<h2>SCUOLA, ADICONSUM AL NUOVO GOVERNO: RENDERE DETRAIBILI LE SPESE PER I LIBRI DI TESTO<\/h2>\n<blockquote><p>Come ogni anno, in questo periodo, si sente parlare del caro scuola e di quanto impatter\u00e0 sul bilancio delle famiglie, in particolare per quanto riguarda l\u2019acquisto dei libri di testo. L\u2019istruzione \u00e8 alla base della crescita e dello sviluppo di un Paese e non pu\u00f2 essere lasciato interamente sulle spalle delle famiglie \u2013 dichiara Carlo De Masi, Presidente di Adiconsum nazionale \u2013 Oltre alle detrazioni gi\u00e0 in vigore per le spese sostenute per la mensa, i servizi di pre e post scuola, le gite, le assicurazioni e i corsi deliberati dall\u2019istituto, \u00e8 arrivato il momento di prevedere una detrazione anche per l\u2019acquisto dei libri di testo che rappresentano la spesa pi\u00f9 costosa per le famiglie. Adiconsum sostiene la richiesta dei librai di Ali Confcommercio di introdurre la detrazione Irpef per le spese sostenute dalle famiglie per l\u2019acquisto dei libri di testo dalla dichiarazione dei redditi e la sottopone al nuovo Governo e al nuovo Ministro dell\u2019Istruzione, Lorenzo Fioramonti<\/p><\/blockquote>\n<p>&nbsp;<\/p>\n<p>&nbsp;<\/p>\n<p>&nbsp;<\/p>\n<h2>OCCUPAZIONE: IL VENETO RECUPERA I LIVELLI PRE-CRISI, MA PI\u00d9 PRECARI, MENO GIOVANI E MENO STRANIERI<\/h2>\n<p><strong>VENEZIA\u00a0<\/strong> Il Veneto ha recuperato i livelli occupazionali del 2008, prima della grande crisi. Ma i dieci anni trascorsi tra grande recessione e ripresa hanno profondamente modificato le caratteristiche del mercato del lavoro. A dimostrare con i numeri come \u00e8 cambiata l\u2019occupazione in Veneto tra il 2008 e il 2018 \u00e8 l\u2019ultimo numero di Statistiche Flash, il monografico mensile dell\u2019Ufficio Statistica della Regione Veneto, online da oggi. Nel 2018 il tasso di occupazione in Veneto \u00e8 stato del 66,6%, in crescita rispetto ai due anni precedenti e in netto recupero rispetto al terreno perso dal 2008, quando toccava quota 66,4%. Recupera anche il tasso di disoccupazione, sceso al 6,4%, anche se \u00e8 ancora lontano dal minimo storico del 3,4, raggiunto prima della crisi. Ma dietro le cifre del recupero occupazionale si nascondono profondi cambiamenti nella componente socio demografica del mondo del lavoro. Se nel 2008 si contavano in Veneto 71 lavoratrici ogni 100 lavoratori uomini, nel 2018 se ne contano 77. Inoltre, gli uomini non hanno ancora recuperato il gap dovuto alla crisi (77% il tasso di occupazione nel 2008, 75% nel 2018), mentre le donne, non solo hanno recuperato questo gap, ma hanno anche incrementato i livelli occupazionali rispetto a dieci anni fa (55,7% nel 2008, 58,2% nel 2018).<\/p>\n<div class=\"su-document su-u-responsive-media-yes\"><iframe loading=\"lazy\" src=\"\/\/docs.google.com\/viewer?embedded=true&url=http:\/\/www.radiopiu.net\/wordpress\/wp-content\/uploads\/2019\/09\/1438-2019-Statistiche-Flash-mercato-del-lavoro-2.pdf\" width=\"280\" height=\"340\" class=\"su-document\" title=\"\"><\/iframe><\/div>\n<p>&nbsp;<\/p>\n<p>&nbsp;<\/p>\n<p>&nbsp;<\/p>\n<p>&nbsp;<\/p>\n<h2><a class=\"dt-pswp-item\" href=\"http:\/\/www.radiopiu.net\/wordpress\/wp-content\/uploads\/2019\/09\/IMG_1082-06-09-19-12-56-1.jpg\" data-dt-img-description=\"\" data-large_image_width=\"1600\" data-large_image_height=\"1200\"><img loading=\"lazy\" decoding=\"async\" class=\" wp-image-97549 alignleft\" src=\"http:\/\/www.radiopiu.net\/wordpress\/wp-content\/uploads\/2019\/09\/IMG_1082-06-09-19-12-56-1-300x225.jpg\" alt=\"\" width=\"280\" height=\"211\" srcset=\"https:\/\/www.radiopiu.net\/wordpress\/wp-content\/uploads\/2019\/09\/IMG_1082-06-09-19-12-56-1-300x225.jpg 300w, https:\/\/www.radiopiu.net\/wordpress\/wp-content\/uploads\/2019\/09\/IMG_1082-06-09-19-12-56-1-768x576.jpg 768w, https:\/\/www.radiopiu.net\/wordpress\/wp-content\/uploads\/2019\/09\/IMG_1082-06-09-19-12-56-1-1024x768.jpg 1024w, https:\/\/www.radiopiu.net\/wordpress\/wp-content\/uploads\/2019\/09\/IMG_1082-06-09-19-12-56-1.jpg 1600w\" sizes=\"auto, (max-width: 280px) 100vw, 280px\" \/><\/a>VAJONT, PER NON DIMENTICARE\u201d ALLA MOSTRA DEL CINEMA DI VENEZIA<\/h2>\n<p><strong>LONGARONE\u00a0<\/strong> \u201cVajont, per non dimenticare\u201d. E\u2019 il progetto curato da Venicefilm, e realizzato in collaborazione con la Regione del Veneto, Provincia di Belluno, Comune di Longarone, Fondazione Vajont e Treviso Film Commission, presentato ieri nell\u2019area eventi della Regione Veneto nell\u2019ambito della 76. Mostra Internazionale d\u2019arte cinematografica di Venezia. In occasione del 56. anniversario del Vajont, il 9 ottobre prossimo, verr\u00e0 organizzata una serata evento in una cinquantina di sale cinematografiche di tutta Italia. In un\u2019unica sera saranno infatti proiettati i due film-documentario sul disastro del 9 ottobre 1963: \u201cVajont \u201963, il coraggio di sopravvivere\u201d (regia di Andrea Prandstraller) e \u201cVajont, una tragedia italiana\u201d (regia di Nicola Pittarello). L\u2019obiettivo \u00e8 quello di rinnovare, attraverso il grande schermo, la memoria di uno dei pi\u00f9 grandi disastri europei del Dopoguerra provocati dall\u2019uomo. L\u2019evento sar\u00e0 preceduto l\u20198 ottobre da una cerimonia commemorativa in programma al Senato della Repubblica.<\/p>\n<p>&nbsp;<\/p>\n<p>&nbsp;<\/p>\n<p>&nbsp;<\/p>\n<h2>INDIMENTICABILE SERATA CON OSCAR, FRANCESCA E LORIS<\/h2>\n<p><strong><a class=\"dt-pswp-item\" href=\"http:\/\/www.radiopiu.net\/wordpress\/wp-content\/uploads\/2019\/09\/ce72aeea-2fce-4cc9-a3e3-f185eadda587.jpg\" data-dt-img-description=\"\" data-large_image_width=\"1600\" data-large_image_height=\"901\"><img loading=\"lazy\" decoding=\"async\" class=\" wp-image-97556 alignleft\" src=\"http:\/\/www.radiopiu.net\/wordpress\/wp-content\/uploads\/2019\/09\/ce72aeea-2fce-4cc9-a3e3-f185eadda587-300x169.jpg\" alt=\"\" width=\"266\" height=\"150\" srcset=\"https:\/\/www.radiopiu.net\/wordpress\/wp-content\/uploads\/2019\/09\/ce72aeea-2fce-4cc9-a3e3-f185eadda587-300x169.jpg 300w, https:\/\/www.radiopiu.net\/wordpress\/wp-content\/uploads\/2019\/09\/ce72aeea-2fce-4cc9-a3e3-f185eadda587-768x432.jpg 768w, https:\/\/www.radiopiu.net\/wordpress\/wp-content\/uploads\/2019\/09\/ce72aeea-2fce-4cc9-a3e3-f185eadda587-1024x577.jpg 1024w, https:\/\/www.radiopiu.net\/wordpress\/wp-content\/uploads\/2019\/09\/ce72aeea-2fce-4cc9-a3e3-f185eadda587.jpg 1600w\" sizes=\"auto, (max-width: 266px) 100vw, 266px\" \/><\/a><a class=\"dt-pswp-item\" href=\"http:\/\/www.radiopiu.net\/wordpress\/wp-content\/uploads\/2019\/09\/2a8d6996-cc15-43b1-9077-59b4bb8c47b6.jpg\" data-dt-img-description=\"\" data-large_image_width=\"1600\" data-large_image_height=\"901\"><img loading=\"lazy\" decoding=\"async\" class=\" wp-image-97557 alignleft\" src=\"http:\/\/www.radiopiu.net\/wordpress\/wp-content\/uploads\/2019\/09\/2a8d6996-cc15-43b1-9077-59b4bb8c47b6-300x169.jpg\" alt=\"\" width=\"266\" height=\"150\" srcset=\"https:\/\/www.radiopiu.net\/wordpress\/wp-content\/uploads\/2019\/09\/2a8d6996-cc15-43b1-9077-59b4bb8c47b6-300x169.jpg 300w, https:\/\/www.radiopiu.net\/wordpress\/wp-content\/uploads\/2019\/09\/2a8d6996-cc15-43b1-9077-59b4bb8c47b6-768x432.jpg 768w, https:\/\/www.radiopiu.net\/wordpress\/wp-content\/uploads\/2019\/09\/2a8d6996-cc15-43b1-9077-59b4bb8c47b6-1024x577.jpg 1024w, https:\/\/www.radiopiu.net\/wordpress\/wp-content\/uploads\/2019\/09\/2a8d6996-cc15-43b1-9077-59b4bb8c47b6.jpg 1600w\" sizes=\"auto, (max-width: 266px) 100vw, 266px\" \/><\/a><a class=\"dt-pswp-item\" href=\"http:\/\/www.radiopiu.net\/wordpress\/wp-content\/uploads\/2019\/09\/881db0e0-2875-46e8-85d9-fe1748e0862c.jpg\" data-dt-img-description=\"\" data-large_image_width=\"1600\" data-large_image_height=\"901\"><img loading=\"lazy\" decoding=\"async\" class=\" wp-image-97558 alignleft\" src=\"http:\/\/www.radiopiu.net\/wordpress\/wp-content\/uploads\/2019\/09\/881db0e0-2875-46e8-85d9-fe1748e0862c-300x169.jpg\" alt=\"\" width=\"266\" height=\"150\" srcset=\"https:\/\/www.radiopiu.net\/wordpress\/wp-content\/uploads\/2019\/09\/881db0e0-2875-46e8-85d9-fe1748e0862c-300x169.jpg 300w, https:\/\/www.radiopiu.net\/wordpress\/wp-content\/uploads\/2019\/09\/881db0e0-2875-46e8-85d9-fe1748e0862c-768x432.jpg 768w, https:\/\/www.radiopiu.net\/wordpress\/wp-content\/uploads\/2019\/09\/881db0e0-2875-46e8-85d9-fe1748e0862c-1024x577.jpg 1024w, https:\/\/www.radiopiu.net\/wordpress\/wp-content\/uploads\/2019\/09\/881db0e0-2875-46e8-85d9-fe1748e0862c.jpg 1600w\" sizes=\"auto, (max-width: 266px) 100vw, 266px\" \/><\/a><\/strong><\/p>\n<p>&nbsp;<\/p>\n<p>&nbsp;<\/p>\n<p>&nbsp;<\/p>\n<p>&nbsp;<\/p>\n<p>&nbsp;<\/p>\n<p>&nbsp;<\/p>\n<p><strong>LA DIRETTA RADIO<\/strong><\/p>\n<audio class=\"wp-audio-shortcode\" id=\"audio-97515-12\" preload=\"none\" style=\"width: 100%;\" controls=\"controls\"><source type=\"audio\/mpeg\" src=\"http:\/\/www.radiopiu.net\/wordpress\/wp-content\/uploads\/2019\/09\/DIRETTA-OSCAR-DE-PELLEGRIN.mp3?_=12\" \/><a href=\"http:\/\/www.radiopiu.net\/wordpress\/wp-content\/uploads\/2019\/09\/DIRETTA-OSCAR-DE-PELLEGRIN.mp3\">http:\/\/www.radiopiu.net\/wordpress\/wp-content\/uploads\/2019\/09\/DIRETTA-OSCAR-DE-PELLEGRIN.mp3<\/a><\/audio>\n<p>&nbsp;<\/p>\n<p>&nbsp;<\/p>\n<p>&nbsp;<\/p>\n<p><a class=\"dt-pswp-item\" href=\"http:\/\/www.radiopiu.net\/wordpress\/wp-content\/uploads\/2019\/09\/99238ea7-624a-4e58-8072-1d1f69b28cc3.jpg\" data-dt-img-description=\"\" data-large_image_width=\"1599\" data-large_image_height=\"1200\"><img loading=\"lazy\" decoding=\"async\" class=\"size-medium wp-image-97574 alignleft\" src=\"http:\/\/www.radiopiu.net\/wordpress\/wp-content\/uploads\/2019\/09\/99238ea7-624a-4e58-8072-1d1f69b28cc3-300x225.jpg\" alt=\"\" width=\"300\" height=\"225\" srcset=\"https:\/\/www.radiopiu.net\/wordpress\/wp-content\/uploads\/2019\/09\/99238ea7-624a-4e58-8072-1d1f69b28cc3-300x225.jpg 300w, https:\/\/www.radiopiu.net\/wordpress\/wp-content\/uploads\/2019\/09\/99238ea7-624a-4e58-8072-1d1f69b28cc3-768x576.jpg 768w, https:\/\/www.radiopiu.net\/wordpress\/wp-content\/uploads\/2019\/09\/99238ea7-624a-4e58-8072-1d1f69b28cc3-1024x768.jpg 1024w, https:\/\/www.radiopiu.net\/wordpress\/wp-content\/uploads\/2019\/09\/99238ea7-624a-4e58-8072-1d1f69b28cc3.jpg 1599w\" sizes=\"auto, (max-width: 300px) 100vw, 300px\" \/><\/a>A EMANUELE SAVIO&#8230;gi\u00e0 nei &#8220;venti di ricordi&#8221;, perch\u00e9 per farsi ricordare non \u00e8 necessario essere nella norma. Anche lui ha affrontato una vita difficile, fatta di battaglie e nella guerra quotidiana ha saputo raccogliere pure qualche insperato successo seppure le ricadute non siano poi mancate, ma l&#8217;importante era comunque provarci.<\/p>\n<p>Se n&#8217;\u00e8 andato in silenzio, in un assolato giorno di fine agosto, ha raggiunto la sua &#8220;Irma&#8221; per anni inseparabile compagna, per questo la scelt<span class=\"text_exposed_show\">a della foto. Ha lasciato la figlia Barbara, ma anche degli amici che lo sapevano capire, probabilmente anche consigliare. Capitava spesso infatti di vederlo seduto su quel tavolino della Pizzeria Quattro Stagioni a sorridere tra barba e baffi guardando Toni infornare le pizze o Mara correre da un tavolino all&#8217;altro per portarle ai clienti. Fin da bambino lo ho sempre guardato sorridendo, nonostante il suo modo di vivere non dava fastidio a nessuno, poteva sembrare burbero ma era tutt&#8217;altro. Mi porter\u00f2 quel ricordo indelebile della sua inventiva quando era riuscito a crearsi un mezzo di trasporto con una falciatrice e una tavola di legno, prima appoggiata su cuscinetti a sfera, poi direttamente sull&#8217;asfalto e lo sentivo arrivare quando da Taibon scendeva ad Agordo, impossibile non notarlo e mi rimarr\u00e0 il ricordo di quell&#8217;intramontabile &#8220;Yooo o oooooo&#8221; che metteva allegria. <\/span>Ciao Manuel, che la terra ti sia lieve. (mm)<\/p>\n<p>&nbsp;<\/p>\n<p>&nbsp;<\/p>\n<h2>CHIUSURA DELLA STRADA PER MALGA FRAMONT DAL 23 SETTEMBRE<\/h2>\n<p><strong>AGORDO <\/strong>Al fine di dar corso ai lavori di \u201cripristino funzionalita\u2019 e consolidamento versanti della strada silvo-pastorale Rif\u2013Don-Malga Framont\u201d, dal 23 settembre e fino al 11 ottobre 2019, la viabilit\u00e0\u00a0 in questione rimarr\u00e0\u00a0 completamente chiusa al transito viario, a partire dalla localit\u00e0\u2019 palantras (salt del ligador) e fino alla malga comunale di framont. Nel periodo\u00a0 e\u2019 prevista un\u2019apertura a mezzi di piccole dimensioni nelle giornate del 28 e 29 settembre. Rimane inteso che l\u2019esecuzione dei lavori e, conseguentemente la riapertura della viabilit\u00e0\u00a0 \u00e8\u00a0 vincolata alle condizioni meteorologiche visto anche l\u2019approssimarsi della stagione autunnale. Sara\u2019 comunque cura dell&#8217;amministrazione comunale di Agordo dare avviso di eventuali variazioni ai periodi di chiusura e riapertura.<\/p>\n<p>&nbsp;<\/p>\n<p>&nbsp;<\/p>\n<h2>CHIUSURA DELLA STRADA PER NAGOL DAL FINO AL 23 DICEMBRE<\/h2>\n<p><strong>AGORDO<\/strong>\u00a0 Al fine di dar corso ai lavori di \u201cripristino funzionalita\u2019 e consolidamento versanti della strada silvo-pastorale Nagol \u2013 Dugon &#8211; Bojem,\u00a0 fino all\u2019ultimazione del cantiere prevista per il 23 dicembre 2019, la viabilit\u00e0 rimarr\u00e0 completamente chiusa al transito viario, a partire dalla localita\u2019 Nadai e fino alla localit\u00e0 Casei.\u00a0 Verr\u00e0 concordato eventuale transito con l\u2019impresa compatibilmente con l\u2019avanzamento lavori. In questa prima fase per un periodo fino al 20 settembre\u00a0 sar\u00e0 possibile il transito durante i fine settimana e prima dell\u2019inizio e dopo la fine della giornata lavorativa.<\/p>\n<p>&nbsp;<\/p>\n<p>&nbsp;<\/p>\n<p>&nbsp;<\/p>\n<h2>FAMILY AUDIT, LUNEDI LA PRESENTAZIONE IN MUNICIPIO<\/h2>\n<p><strong>FELTRE<\/strong> Lunedi alle 12 presso la sede municipale sar\u00e0 presentato il progetto progetto &#8220;Family Audit, un cambiamento culturale per il territorio bellunese&#8221;. Saranno presenti il sindaco di Feltre Paolo Perenzin, l\u2019assessore alle politiche del lavoro e della famiglia Debora Nicoletto e i rappresentanti del Consorzio Bim Piave, della Provincia di Belluno, di Confindustria Belluno Dolomiti e delle Organizzazioni Sindacali.<\/p>\n<p>&nbsp;<\/p>\n<p>&nbsp;<\/p>\n<h2>IL NUOVO MONUMENTO AI VIGILI DEL FUOCO<\/h2>\n<p><strong>BELLUNO<\/strong> Mercoledi 11 settembre sar\u00e0 ufficialmente inaugurato il Monumento dedicato ai vigili del fuoco al bivio di via Col da Ren, via Marisiga a Belluno. Al taglio del nastro previsto per le 11 presenzier\u00e0 il Presidente dell&#8217;Associazione Nazionale Vigili del Fuoco Sezione di Belluno, il Comandante provinciale e il sindaco di Belluno.<\/p>\n<p>&nbsp;<\/p>\n<p>&nbsp;<\/p>\n<p>&nbsp;<\/p>\n<h2>DOMANI LA MESSA NEL RICORDO DEI FIGLI CON GENITORI SEMPRE<\/h2>\n<p><a class=\"dt-pswp-item\" href=\"http:\/\/www.radiopiu.net\/wordpress\/wp-content\/uploads\/2019\/09\/10150700_490739931102308_6049440367794500624_n.jpg\" data-dt-img-description=\"\" data-large_image_width=\"851\" data-large_image_height=\"315\"><img loading=\"lazy\" decoding=\"async\" class=\"alignnone size-medium wp-image-97120\" src=\"http:\/\/www.radiopiu.net\/wordpress\/wp-content\/uploads\/2019\/09\/10150700_490739931102308_6049440367794500624_n-300x111.jpg\" alt=\"\" width=\"300\" height=\"111\" srcset=\"https:\/\/www.radiopiu.net\/wordpress\/wp-content\/uploads\/2019\/09\/10150700_490739931102308_6049440367794500624_n-300x111.jpg 300w, https:\/\/www.radiopiu.net\/wordpress\/wp-content\/uploads\/2019\/09\/10150700_490739931102308_6049440367794500624_n-768x284.jpg 768w, https:\/\/www.radiopiu.net\/wordpress\/wp-content\/uploads\/2019\/09\/10150700_490739931102308_6049440367794500624_n.jpg 851w\" sizes=\"auto, (max-width: 300px) 100vw, 300px\" \/><\/a><\/p>\n<p><strong>DI GIANNI SANTOMASO\u00a0<\/strong><\/p>\n<audio class=\"wp-audio-shortcode\" id=\"audio-97515-13\" preload=\"none\" style=\"width: 100%;\" controls=\"controls\"><source type=\"audio\/mpeg\" src=\"http:\/\/www.radiopiu.net\/wordpress\/wp-content\/uploads\/2019\/09\/GIANNI-DOMENICA-MESSA.mp3?_=13\" \/><a href=\"http:\/\/www.radiopiu.net\/wordpress\/wp-content\/uploads\/2019\/09\/GIANNI-DOMENICA-MESSA.mp3\">http:\/\/www.radiopiu.net\/wordpress\/wp-content\/uploads\/2019\/09\/GIANNI-DOMENICA-MESSA.mp3<\/a><\/audio>\n<p>&nbsp;<\/p>\n<p>&nbsp;<\/p>\n<p>&nbsp;<\/p>\n<h3>IERI ALLA RADIO, LA QUINTA\u00a0 DELLE 10 PUNTATE DOLOMITI FLASH, DI CLAUDIO PRA<\/h3>\n<div style=\"width: 1200px;\" class=\"wp-video\"><video class=\"wp-video-shortcode\" id=\"video-97515-2\" width=\"1200\" height=\"675\" preload=\"metadata\" controls=\"controls\"><source type=\"video\/mp4\" src=\"http:\/\/www.radiopiu.net\/wordpress\/wp-content\/uploads\/2019\/09\/Dolomiti-flash-5.mp4?_=2\" \/><a href=\"http:\/\/www.radiopiu.net\/wordpress\/wp-content\/uploads\/2019\/09\/Dolomiti-flash-5.mp4\">http:\/\/www.radiopiu.net\/wordpress\/wp-content\/uploads\/2019\/09\/Dolomiti-flash-5.mp4<\/a><\/video><\/div>\n<h2><\/h2>\n<h2><\/h2>\n<h2><\/h2>\n<p>&nbsp;<\/p>\n<p>&nbsp;<\/p>\n<p><a class=\"dt-pswp-item\" href=\"http:\/\/www.radiopiu.net\/wordpress\/wp-content\/uploads\/2018\/09\/appuntamenti.jpeg\" data-dt-img-description=\"\" data-large_image_width=\"800\" data-large_image_height=\"100\"><img loading=\"lazy\" decoding=\"async\" class=\"aligncenter wp-image-61958 size-full\" src=\"http:\/\/www.radiopiu.net\/wordpress\/wp-content\/uploads\/2018\/09\/appuntamenti.jpeg\" alt=\"\" width=\"800\" height=\"100\" srcset=\"https:\/\/www.radiopiu.net\/wordpress\/wp-content\/uploads\/2018\/09\/appuntamenti.jpeg 800w, https:\/\/www.radiopiu.net\/wordpress\/wp-content\/uploads\/2018\/09\/appuntamenti-300x38.jpeg 300w, https:\/\/www.radiopiu.net\/wordpress\/wp-content\/uploads\/2018\/09\/appuntamenti-768x96.jpeg 768w\" sizes=\"auto, (max-width: 800px) 100vw, 800px\" \/><\/a><\/p>\n<h2>CAUSA MALTEMPO DOMANI:<\/h2>\n<h2>VERTICAL COL DI LANA, ANNULLATA<\/h2>\n<h2>RADUNO ALPINO DI SAN TOMASO POSTICIPATO<\/h2>\n<h2>SALI SCENDI FORCELLA AURINE POSTICIPATA<\/h2>\n<p>&nbsp;<\/p>\n<p>&nbsp;<\/p>\n<p><strong>SELVA DI CADORE<\/strong> In localita&#8217; i Piegn de Santa Fosca\u00a0 festa della desmontegada, nona edizione. Sabato 7 e domenica 8 settembre. Sabato da mezzogiorno apertura tendone e spiedo trevisano, iniziativa del comune di Maser, a sostegno della comunita&#8217; locale.\u00a0 intrattenimento e musica tradizionale con i sonde.\u00a014.30 presentazione delle associazioni di soccorso locale ed esposizione mezzi di soccorso, nel pomeriggio voli turistici in elicottero. \u00a017.30 aperitivo happy hour.\u00a0 \u00a018.30 stand gastronomico con piatti tipici locali. \u00a021 musica e divertimento dalla Val Comelico con i dottor Jacky e mister Hyde.\u00a0 Domenica dalle 9 alle 17 scivoli gonfiabili per bambini.\u00a0 \u00a010 apertura mercatino di artigianato e prodotti tipici locali, 10.30 esibizione in piazzale santa fosca del gruppo folk nevegal, 1130 tradizionale sfilata dei capi di bestiame di ritorno da pascoli e malghe di Selva di Cadore e da mezzogiorno stand gastronomico con piatti tipici locali, 12.30 esibilzione sotto il tendone del gruppo Salten Oberk Krainer,\u00a0 ringraziamento delle autorit\u00e0 alle associazioni di soccorso locale. 15.30 esibizione del gruppo folk Selva di Cadore e del gruppo folk Nevegal.<\/p>\n<p>&nbsp;<\/p>\n<p><strong>AGORDO<\/strong> Dolomiti racing motorsport, in collaborazione con Tormen Motorsport e il patrocinio del Comune di Agordo organizza per domenica 15 settembre al terzo dolomiti racing motor party. Dalle 10 del mattino e per tutto il giorno in localita&#8217; Valcozzena\u00a0con il taxi rally, per un giorno, puoi essere tu il navigatore di una delle due mitiche lancia delta evo da oltre 400 cavalli. Sara&#8217; presente anche la formula tre renault del pilota agordino Denis Mezzacasa. Funzionera&#8217; un chiosco con panini e bibite, e la musica di dj energy. \u00a0info al 348 7368715<\/p>\n<p>&nbsp;<\/p>\n<p>&nbsp;<\/p>\n<p>&nbsp;<\/p>\n<p align=\"CENTER\"><span style=\"font-family: Arial, sans-serif;\"><span style=\"font-size: large;\"><b>Alle 16 il concerto di Corinna Canzian <\/b><\/span><\/span><span style=\"font-family: Arial, sans-serif;\"><span style=\"font-size: large;\"><b>In arrivo da Rovigo 20 ragazzi per la preparazione del percorso<\/b><\/span><\/span><\/p>\n<div id=\"attachment_97590\" style=\"width: 1210px\" class=\"wp-caption alignleft\"><a class=\"dt-pswp-item\" href=\"http:\/\/www.radiopiu.net\/wordpress\/wp-content\/uploads\/2019\/09\/CorinnaCanzian-web-\u00a9francescofratto-2-1.jpg\" data-dt-img-description=\"Corinna Canzian - Foto di \u00a9 Francesco Fratto - 29\/03\/2016 - Portogruaro (VE) - OEJ Video Agency\" data-large_image_width=\"1200\" data-large_image_height=\"800\"><img loading=\"lazy\" decoding=\"async\" aria-describedby=\"caption-attachment-97590\" class=\"size-medium wp-image-97590\" src=\"http:\/\/www.radiopiu.net\/wordpress\/wp-content\/uploads\/2019\/09\/CorinnaCanzian-web-\u00a9francescofratto-2-1-300x200.jpg\" alt=\"\" width=\"300\" height=\"200\" srcset=\"https:\/\/www.radiopiu.net\/wordpress\/wp-content\/uploads\/2019\/09\/CorinnaCanzian-web-\u00a9francescofratto-2-1-300x200.jpg 300w, https:\/\/www.radiopiu.net\/wordpress\/wp-content\/uploads\/2019\/09\/CorinnaCanzian-web-\u00a9francescofratto-2-1-768x512.jpg 768w, https:\/\/www.radiopiu.net\/wordpress\/wp-content\/uploads\/2019\/09\/CorinnaCanzian-web-\u00a9francescofratto-2-1-1024x683.jpg 1024w, https:\/\/www.radiopiu.net\/wordpress\/wp-content\/uploads\/2019\/09\/CorinnaCanzian-web-\u00a9francescofratto-2-1.jpg 1200w\" sizes=\"auto, (max-width: 300px) 100vw, 300px\" \/><\/a><p id=\"caption-attachment-97590\" class=\"wp-caption-text\">Corinna Canzian &#8211; Foto di \u00a9 Francesco Fratto &#8211; 29\/03\/2016 &#8211; Portogruaro (VE) &#8211; OEJ Video Agency<\/p><\/div>\n<p><span style=\"font-family: Arial, sans-serif;\"><span style=\"font-size: large;\">Prender\u00e0 ufficialmente il via oggi\u00a0 \u00a0VIZArt, la rassegna di arte e musica che fino al 14 settembre animer\u00e0 la \u201cViza da fabrica\u201d nel bosco di Valgrande, a Comelico Superiore. <\/span><\/span><span style=\"font-family: Arial, sans-serif;\"><span style=\"font-size: large;\">Ad aprire l&#8217;iniziativa, sar\u00e0 il concerto solista di Corinna Canzian, violinista nota a livello nazionale e internazionale; in caso di maltempo, lo spettacolo, previsto all&#8217;anfiteatro naturale di VIZArt del bosco di Valgrande, si terr\u00e0 al Museo Algudnei di Dosoledo; confermato alle 16.00 l&#8217;orario di inizio dello spettacolo. <\/span><\/span><span style=\"font-family: Arial, sans-serif;\"><span style=\"font-size: large;\">Il programma dell&#8217;esibizione \u201cVoci antiche e nuove\u201d prevede l&#8217;esecuzione di pezzi di Sciarrino (3 capricci per violino solo), J. S. Bach (Partita in re minore BWV 1004 ) e Anonimo armeno (Havun Havun). <\/span><\/span><span style=\"font-family: Arial, sans-serif;\"><span style=\"font-size: large;\">La musica sar\u00e0 protagonista anche dell&#8217;aperitivo con gli artisti, in programma mercoled\u00ec pomeriggio alle 17.30: ad esibirsi, due dei migliori allievi del Workshop di Violino 2019 tenuto dalla stessa Canzian, sostenuti da una borsa di studio del Gruppo di Ricerche Culturali Algudnei. <\/span><\/span><span style=\"font-family: Arial, sans-serif;\"><span style=\"font-size: large;\">Sono attesi intanto in queste ore i venti ragazzi della terza liceo linguistico dell&#8217;Istituto di Istruzione Superiore \u201cPrimo Levi\u201d di Badia Polesine, a Rovigo: l&#8217;istituto aderisce al progetto \u201cScuole in rete outdoor\u201d, che coinvolge una ventina di scuole tra Veneto, Friuli Venezia Giulia, Emilia Romagna e Toscana, e che vede impegnati i ragazzi in attivit\u00e0 sul territorio.<\/span><\/span><\/p>\n<p>&nbsp;<\/p>\n<p>&nbsp;<\/p>\n<p>&nbsp;<\/p>\n<h2>MOSTRA SULL&#8217;EMIGRAZIONE CON L&#8217;ISTITUT CULTURAL LADIN CESA DE JAN<\/h2>\n<p><strong>il direttore Denni Dorigo<\/strong><\/p>\n<audio class=\"wp-audio-shortcode\" id=\"audio-97515-14\" preload=\"none\" style=\"width: 100%;\" controls=\"controls\"><source type=\"audio\/mpeg\" src=\"http:\/\/www.radiopiu.net\/wordpress\/wp-content\/uploads\/2019\/09\/Pubblicit\u00e0-1.mp3?_=14\" \/><a href=\"http:\/\/www.radiopiu.net\/wordpress\/wp-content\/uploads\/2019\/09\/Pubblicit\u00e0-1.mp3\">http:\/\/www.radiopiu.net\/wordpress\/wp-content\/uploads\/2019\/09\/Pubblicit\u00e0-1.mp3<\/a><\/audio>\n<h3><\/h3>\n<p>&nbsp;<\/p>\n<p>&nbsp;<\/p>\n<h2>A FARGONA, SAGRA E RICORDI<\/h2>\n<p><strong>CANALE D&#8217;AGORDO Sabato<\/strong> 14 e domenica\u00a0 15 settembre sagra con l&#8217;associazione Ki da Fargona. Nell&#8217;ambito della festa &#8220;Doi varc entorn Frena&#8221;, primo memorial Bepino De Ventura, gara i corsa in montagna non competitiva quasi interamente su terreno sterrato. Sabato 14 settembre alle 11, iscrizioni sotto al tendone dalle 9.15, gadget tecnico per i primi 150 iscritti e buono pasta party. info 3331850468<\/p>\n<p><span style=\"color: #ff0000;\">SAGRA FREGONA, LO SPOT ALLA RADIO<\/span><\/p>\n<audio class=\"wp-audio-shortcode\" id=\"audio-97515-15\" preload=\"none\" style=\"width: 100%;\" controls=\"controls\"><source type=\"audio\/mpeg\" src=\"http:\/\/www.radiopiu.net\/wordpress\/wp-content\/uploads\/2019\/09\/SAGRA-FREGONA.mp3?_=15\" \/><a href=\"http:\/\/www.radiopiu.net\/wordpress\/wp-content\/uploads\/2019\/09\/SAGRA-FREGONA.mp3\">http:\/\/www.radiopiu.net\/wordpress\/wp-content\/uploads\/2019\/09\/SAGRA-FREGONA.mp3<\/a><\/audio>\n<h3>La poesia dedicata a Giuseppe De Ventura al quale \u00e8 dedicato il memorial della corsa in montagna<\/h3>\n<p><strong><a class=\"dt-pswp-item\" href=\"http:\/\/www.radiopiu.net\/wordpress\/wp-content\/uploads\/2019\/09\/340357_2448612528802_1331834372_o-300x225.jpg\" data-dt-img-description=\"\" data-large_image_width=\"300\" data-large_image_height=\"225\"><img loading=\"lazy\" decoding=\"async\" class=\"size-full wp-image-97353 alignleft\" src=\"http:\/\/www.radiopiu.net\/wordpress\/wp-content\/uploads\/2019\/09\/340357_2448612528802_1331834372_o-300x225.jpg\" alt=\"\" width=\"300\" height=\"225\" \/><\/a><\/strong><\/p>\n<p>&nbsp;<\/p>\n<p>&nbsp;<\/p>\n<p><strong>BEPINO<\/strong><\/p>\n<p>di JOHN FRANCIS DELLA PIETRA<\/p>\n<audio class=\"wp-audio-shortcode\" id=\"audio-97515-16\" preload=\"none\" style=\"width: 100%;\" controls=\"controls\"><source type=\"audio\/mpeg\" src=\"http:\/\/www.radiopiu.net\/wordpress\/wp-content\/uploads\/2019\/09\/BEPINO.mp3?_=16\" \/><a href=\"http:\/\/www.radiopiu.net\/wordpress\/wp-content\/uploads\/2019\/09\/BEPINO.mp3\">http:\/\/www.radiopiu.net\/wordpress\/wp-content\/uploads\/2019\/09\/BEPINO.mp3<\/a><\/audio>\n<p>&nbsp;<\/p>\n<h2><\/h2>\n<h2><\/h2>\n<p>&nbsp;<\/p>\n<h3>SESSANTA GIOCHI DI UNA VOLTA&#8230; PER TUTTI.<\/h3>\n<h3><a class=\"dt-pswp-item\" href=\"http:\/\/www.radiopiu.net\/wordpress\/wp-content\/uploads\/2019\/09\/LUDOTECA-BASSA-RISOLUZIONE.jpg\" data-dt-img-description=\"\" data-large_image_width=\"1754\" data-large_image_height=\"2480\"><img loading=\"lazy\" decoding=\"async\" class=\" wp-image-96899 alignleft\" src=\"http:\/\/www.radiopiu.net\/wordpress\/wp-content\/uploads\/2019\/09\/LUDOTECA-BASSA-RISOLUZIONE-212x300.jpg\" alt=\"\" width=\"166\" height=\"235\" srcset=\"https:\/\/www.radiopiu.net\/wordpress\/wp-content\/uploads\/2019\/09\/LUDOTECA-BASSA-RISOLUZIONE-212x300.jpg 212w, https:\/\/www.radiopiu.net\/wordpress\/wp-content\/uploads\/2019\/09\/LUDOTECA-BASSA-RISOLUZIONE-768x1086.jpg 768w, https:\/\/www.radiopiu.net\/wordpress\/wp-content\/uploads\/2019\/09\/LUDOTECA-BASSA-RISOLUZIONE-724x1024.jpg 724w, https:\/\/www.radiopiu.net\/wordpress\/wp-content\/uploads\/2019\/09\/LUDOTECA-BASSA-RISOLUZIONE.jpg 1754w\" sizes=\"auto, (max-width: 166px) 100vw, 166px\" \/><\/a><\/h3>\n<h3><\/h3>\n<h3><\/h3>\n<p><strong>CENCENIGHE<\/strong> Alla riscoperta del gioco perduto, sabato 14 settembre dalle 14 in poi presso il piazzale del Nof Filo&#8217; di Cencenighe, sessanta giochi di una volta con entrata libera e merenda per tutti. In caso di maltempo all&#8217;interno del Nof Filo&#8217;.<\/p>\n<p><strong>L&#8217;INTERVISTA ALLA RADIO<\/strong><\/p>\n<p>&nbsp;<\/p>\n<p>&nbsp;<\/p>\n<audio class=\"wp-audio-shortcode\" id=\"audio-97515-17\" preload=\"none\" style=\"width: 100%;\" controls=\"controls\"><source type=\"audio\/mpeg\" src=\"http:\/\/www.radiopiu.net\/wordpress\/wp-content\/uploads\/2019\/09\/giochi-di-una-volta-irina-baiolla-scade-14-settembre.mp3?_=17\" \/><a href=\"http:\/\/www.radiopiu.net\/wordpress\/wp-content\/uploads\/2019\/09\/giochi-di-una-volta-irina-baiolla-scade-14-settembre.mp3\">http:\/\/www.radiopiu.net\/wordpress\/wp-content\/uploads\/2019\/09\/giochi-di-una-volta-irina-baiolla-scade-14-settembre.mp3<\/a><\/audio>\n<p>&nbsp;<\/p>\n<p>&nbsp;<\/p>\n<h2><\/h2>\n<h3><a class=\"dt-pswp-item\" href=\"http:\/\/www.radiopiu.net\/wordpress\/wp-content\/uploads\/2018\/09\/sport.jpg\" data-dt-img-description=\"\" data-large_image_width=\"800\" data-large_image_height=\"100\"><img loading=\"lazy\" decoding=\"async\" class=\"aligncenter wp-image-60761 size-full\" src=\"http:\/\/www.radiopiu.net\/wordpress\/wp-content\/uploads\/2018\/09\/sport.jpg\" alt=\"\" width=\"800\" height=\"100\" srcset=\"https:\/\/www.radiopiu.net\/wordpress\/wp-content\/uploads\/2018\/09\/sport.jpg 800w, https:\/\/www.radiopiu.net\/wordpress\/wp-content\/uploads\/2018\/09\/sport-300x38.jpg 300w, https:\/\/www.radiopiu.net\/wordpress\/wp-content\/uploads\/2018\/09\/sport-768x96.jpg 768w\" sizes=\"auto, (max-width: 800px) 100vw, 800px\" \/><\/a><\/h3>\n<h2><\/h2>\n<h2>Alpago EcoTrail rinviata al 15 settembre a causa del maltempo previsto per la giornata di domenica.<\/h2>\n<p><strong>ALPAGO<\/strong>\u00a0 Una scelta molto sofferta ma allo stesso tempo dovuta a causa delle avverse previsioni meteorologiche previste per domenica 8 settembre e che potrebbero costituire un pericolo troppo grande per atleti e volontari impegnati lungo i percorsi della gara. Una decisione presa nella tarda serata di venerdi dallo staff organizzativo dell\u2019Alpago EcoTrail, dopo un confronto con i vari organi istituzionali tra i quali la il Soccorso Alpino e la Protezione Civile locale.<\/p>\n<p>&nbsp;<\/p>\n<h2>DOMANI IL PRIMO IMPEGNO UFFICIALE PER L&#8217;AGORDINA<\/h2>\n<p><a class=\"dt-pswp-item\" href=\"http:\/\/www.radiopiu.net\/wordpress\/wp-content\/uploads\/2019\/09\/AGORDINA-CALCIO.jpeg\" data-dt-img-description=\"\" data-large_image_width=\"225\" data-large_image_height=\"225\"><img loading=\"lazy\" decoding=\"async\" class=\" wp-image-97575 alignleft\" src=\"http:\/\/www.radiopiu.net\/wordpress\/wp-content\/uploads\/2019\/09\/AGORDINA-CALCIO.jpeg\" alt=\"\" width=\"159\" height=\"159\" srcset=\"https:\/\/www.radiopiu.net\/wordpress\/wp-content\/uploads\/2019\/09\/AGORDINA-CALCIO.jpeg 225w, https:\/\/www.radiopiu.net\/wordpress\/wp-content\/uploads\/2019\/09\/AGORDINA-CALCIO-150x150.jpeg 150w\" sizes=\"auto, (max-width: 159px) 100vw, 159px\" \/><\/a>A 7 giorni dal via del Campionato di Terza Categoria, l&#8217;Agordina di Marco Lorenzi \u00e8 chiamata al primo vero impegno ufficiale. Dopo aver riposato la settimana scorsa, la squadra di Agordo gioca la prima partita valida per la Coppa Dolomiti. Subito un impegno di non poco conto per gli agordini che sono gi\u00e0 costretti a vincere per giocarsi il passaggio del turno. Agordina che milita nel girone C assieme a Sois e Lentiai che la settimana scorsa si sono scontrate e la squadra di Borgo Valbelluna ha vinto per 2 a 0. Domani gli undici di Lorenzi dovranno scontrarsi proprio contro il Lentiai. Match in trasferta per la squadra di Agordo che non dovr\u00e0 concedere nulla per continuare la corsa in Coppa. Una vittoria della squadra di Borgo Valbelluna vorrebbe dire eliminazione diretta e passaggio del turno per il Lentiai. L&#8217;appuntamento \u00e8 per domani, alle 15:30. LENTIAI &#8211; AGORDINA<\/p>\n<p>&nbsp;<\/p>\n<p>&nbsp;<\/p>\n<p>&nbsp;<\/p>\n<h2>ALLEGHE UNDER 19&#8230;DOMANI AL VIA IL CAMPIONATO<\/h2>\n<p><a class=\"dt-pswp-item\" href=\"http:\/\/www.radiopiu.net\/wordpress\/wp-content\/uploads\/2019\/01\/AE7A9D38-59B1-49C9-9B49-6662F54D0440.jpeg\" data-dt-img-description=\"\" data-large_image_width=\"1300\" data-large_image_height=\"1300\"><img loading=\"lazy\" decoding=\"async\" class=\"size-medium wp-image-71463 alignright\" src=\"http:\/\/www.radiopiu.net\/wordpress\/wp-content\/uploads\/2019\/01\/AE7A9D38-59B1-49C9-9B49-6662F54D0440-300x300.jpeg\" alt=\"\" width=\"300\" height=\"300\" srcset=\"https:\/\/www.radiopiu.net\/wordpress\/wp-content\/uploads\/2019\/01\/AE7A9D38-59B1-49C9-9B49-6662F54D0440-300x300.jpeg 300w, https:\/\/www.radiopiu.net\/wordpress\/wp-content\/uploads\/2019\/01\/AE7A9D38-59B1-49C9-9B49-6662F54D0440-150x150.jpeg 150w, https:\/\/www.radiopiu.net\/wordpress\/wp-content\/uploads\/2019\/01\/AE7A9D38-59B1-49C9-9B49-6662F54D0440-768x768.jpeg 768w, https:\/\/www.radiopiu.net\/wordpress\/wp-content\/uploads\/2019\/01\/AE7A9D38-59B1-49C9-9B49-6662F54D0440-1024x1024.jpeg 1024w, https:\/\/www.radiopiu.net\/wordpress\/wp-content\/uploads\/2019\/01\/AE7A9D38-59B1-49C9-9B49-6662F54D0440.jpeg 1300w\" sizes=\"auto, (max-width: 300px) 100vw, 300px\" \/><\/a>Inizia domani alle 17:30 il campionato Under 19 dell&#8217;Alleghe Hockey. La squadra allenata da Matikainen scender\u00e0 in campo all&#8217;Alvise De Toni di Alleghe per scontrarsi con L&#8217;Asiago. Una squadra nuova gemmellata con il Fassa ma che mantiene il logo delle civette. Viene dunque inaugurata la stagione di hockey per la squadra alleghese. La prossima settimana toccher\u00e0 al Fassa\/Alleghe under 17 mentre il 21 settembre al via l&#8217;Italian Hockey League 2019\/2020 con le civette che giocheranno un&#8217;altro test match in casa, luned\u00ec sera contro il Fassa<\/p>\n<p><strong>LE PARTITE DI QUESTO FINE SETTIMANA<\/strong><\/p>\n<p>Domani ore 17:30 ALLEGHE \u2013 ASIAGO (Campionato Under 19)<\/p>\n<p>Luned\u00ec ore 21 ALLEGHE \u2013 FASSA (Amichevole prima squadra)<\/p>\n<p>&nbsp;<\/p>\n<p>&nbsp;<\/p>\n<p>&nbsp;<\/p>\n<p><a class=\"dt-pswp-item\" href=\"http:\/\/www.radiopiu.net\/wordpress\/wp-content\/uploads\/2018\/09\/WhatsApp-Image-2018-09-20-at-16.04.06.jpeg\" data-dt-img-description=\"\" data-large_image_width=\"800\" data-large_image_height=\"100\"><img loading=\"lazy\" decoding=\"async\" class=\"aligncenter wp-image-61378 size-full\" src=\"http:\/\/www.radiopiu.net\/wordpress\/wp-content\/uploads\/2018\/09\/WhatsApp-Image-2018-09-20-at-16.04.06.jpeg\" alt=\"\" width=\"800\" height=\"100\" srcset=\"https:\/\/www.radiopiu.net\/wordpress\/wp-content\/uploads\/2018\/09\/WhatsApp-Image-2018-09-20-at-16.04.06.jpeg 800w, https:\/\/www.radiopiu.net\/wordpress\/wp-content\/uploads\/2018\/09\/WhatsApp-Image-2018-09-20-at-16.04.06-300x38.jpeg 300w, https:\/\/www.radiopiu.net\/wordpress\/wp-content\/uploads\/2018\/09\/WhatsApp-Image-2018-09-20-at-16.04.06-768x96.jpeg 768w\" sizes=\"auto, (max-width: 800px) 100vw, 800px\" \/><\/a><\/p>\n<p><center><b>Sabato 7<\/b><\/center><b>Tempo atteso: <\/b>Parzialmente nuvoloso, con schiarite pi\u00f9 ampie sulle Prealpi e maggiore nuvolosit\u00e0 sulle Dolomiti. Nel pomeriggio-sera nuvolosit\u00e0 pi\u00f9 intensa e probabili, moderati fenomeni d&#8217;instabilit\u00e0.<br \/>\n<b>Precipitazioni: <\/b>Al mattino generalmente assenti (10-20%), con rischio in lieve aumento verso il mezzogiorno. Nel pomeriggio-sera probabili piovaschi o rovesci (60-70%), solo occasionalmente temporaleschi. Limite della neve sulle Dolomiti fra i 2500 e i 2700 m<br \/>\n<b>Temperature: <\/b>Minime stazionarie, massime in aumento. Su Prealpi a 1500 m min 8\u00b0C max 11\u00b0C, a 2000 m min 5\u00b0C max 8\u00b0C. Su Dolomiti a 2000 m min 4\u00b0C max 8\u00b0C, a 3000 m min -2\u00b0C max -1\u00b0C.<br \/>\n<b>Venti: <\/b>Nelle valli deboli-variabili; in quota deboli, a tratti moderati, di direzione variabile, 5-10 km\/h a 2000 m, 10-15 km\/h a 3000 m.<\/p>\n<hr \/>\n<p><center><b>Domenica 8<\/b><\/center><b>Tempo atteso: <\/b>Tempo perturbato, con fenomeni persistenti, anche a carattere temporalesco sulle Prealpi. In serata o tarda serata tendenza ad attenuazione dei fenomeni, soprattutto sulle Prealpi.<br \/>\n<b>Precipitazioni: <\/b>Piogge persistenti (100%), moderate o forti, anche temporalesche sulle Prealpi, specie nel pomeriggio. Nelle 24 ore sono previsti in media 30-60 mm di pioggia, in alcune zone anche di pi\u00f9. Limite delle nevicate durante il giorno fra i 2200 e i 2400 m, in abbassamento in serata sulle Dolomiti a 1900-2100 m qualora le precipitazioni continuassero.<br \/>\n<b>Temperature: <\/b>In diminuzione. Su Prealpi a 1500 m min 5\u00b0C max 9\u00b0C, a 2000 m min 3\u00b0C max 6\u00b0C. Su Dolomiti a 2000 m min 0\u00b0C max 2\u00b0C, a 3000 m min -4\u00b0C max -3\u00b0C.<br \/>\n<b>Venti: <\/b>Nelle valli deboli di direzione variabile; in quota moderati o tesi meridionali in giornata, in rotazione a Nord verso sera, a 10-30 km\/h a 2000 m, 20-40 km\/h a 3000 m.<\/p>\n<hr \/>\n<p><center><b>Lunedi 9<\/b><\/center>Giornata soleggiata e abbastanza fresca, con cielo in genere poco nuvoloso, salvo qualche nube bassa al primo mattino in Valbelluna. Temperature massime in aumento, su valori un po&#8217; inferiori alla norma. Venti in quota fino al primo mattino ancora moderati o tesi settentrionali, poi occidentali deboli o moderati.<\/p>\n<hr \/>\n<p><center><b>Martedi 10<\/b><\/center>Altra giornata in prevalenza soleggiata e sempre fresca, con cielo poco nuvoloso o parzialmente velato. Temperature stazionarie, su valori ancora leggermente inferiori alla norma. Venti in quota deboli\/moderati da Sud-Ovest, in attenuazione. Previsore: B.R.<\/p>\n<\/div>","protected":false},"excerpt":{"rendered":"<p>[vc_row][vc_column][vc_column_text] &nbsp; Un uomo di 53 anni tedesco residente da tempo a Belluno, Pierluigi Tognon \u00e8 morto la scorsa notte nell&#8217;abitazione di un amico in via dei Fossi a Cavarzano. La causa della morte potrebbe essere un infarto, ma lo chiarir\u00e0 l&#8217;autopsia dopo che la Polizia ha sequestrato alcune vecchie siringhe ritrovate nell&#8217;appartamento. L&#8217;uomo era&hellip;<\/p>\n","protected":false},"author":1,"featured_media":97528,"comment_status":"closed","ping_status":"closed","sticky":false,"template":"","format":"standard","meta":{"_monsterinsights_skip_tracking":false,"_monsterinsights_sitenote_active":false,"_monsterinsights_sitenote_note":"","_monsterinsights_sitenote_category":0,"footnotes":""},"categories":[86],"tags":[],"class_list":["post-97515","post","type-post","status-publish","format-standard","has-post-thumbnail","hentry","category-gr","category-86","description-off"],"img_url":"https:\/\/www.radiopiu.net\/wordpress\/wp-content\/uploads\/2019\/09\/doload.jpg","_links":{"self":[{"href":"https:\/\/www.radiopiu.net\/wordpress\/wp-json\/wp\/v2\/posts\/97515","targetHints":{"allow":["GET"]}}],"collection":[{"href":"https:\/\/www.radiopiu.net\/wordpress\/wp-json\/wp\/v2\/posts"}],"about":[{"href":"https:\/\/www.radiopiu.net\/wordpress\/wp-json\/wp\/v2\/types\/post"}],"author":[{"embeddable":true,"href":"https:\/\/www.radiopiu.net\/wordpress\/wp-json\/wp\/v2\/users\/1"}],"replies":[{"embeddable":true,"href":"https:\/\/www.radiopiu.net\/wordpress\/wp-json\/wp\/v2\/comments?post=97515"}],"version-history":[{"count":0,"href":"https:\/\/www.radiopiu.net\/wordpress\/wp-json\/wp\/v2\/posts\/97515\/revisions"}],"wp:featuredmedia":[{"embeddable":true,"href":"https:\/\/www.radiopiu.net\/wordpress\/wp-json\/wp\/v2\/media\/97528"}],"wp:attachment":[{"href":"https:\/\/www.radiopiu.net\/wordpress\/wp-json\/wp\/v2\/media?parent=97515"}],"wp:term":[{"taxonomy":"category","embeddable":true,"href":"https:\/\/www.radiopiu.net\/wordpress\/wp-json\/wp\/v2\/categories?post=97515"},{"taxonomy":"post_tag","embeddable":true,"href":"https:\/\/www.radiopiu.net\/wordpress\/wp-json\/wp\/v2\/tags?post=97515"}],"curies":[{"name":"wp","href":"https:\/\/api.w.org\/{rel}","templated":true}]}}