{"id":97566,"date":"2019-09-06T17:08:45","date_gmt":"2019-09-06T15:08:45","guid":{"rendered":"http:\/\/www.radiopiu.net\/wordpress\/?p=97566"},"modified":"2019-09-06T17:08:45","modified_gmt":"2019-09-06T15:08:45","slug":"tappa-di-urbabio-a-annecy","status":"publish","type":"post","link":"https:\/\/www.radiopiu.net\/wordpress\/tappa-di-urbabio-a-annecy\/","title":{"rendered":"TAPPA DI URBABIO A ANNECY"},"content":{"rendered":"<h2><a class=\"dt-pswp-item\" href=\"http:\/\/www.radiopiu.net\/wordpress\/wp-content\/uploads\/2019\/09\/UrbaBio-Annecy.jpeg\" data-dt-img-description=\"\" data-large_image_width=\"1600\" data-large_image_height=\"1200\"><img loading=\"lazy\" decoding=\"async\" class=\"size-medium wp-image-97548 alignleft\" src=\"http:\/\/www.radiopiu.net\/wordpress\/wp-content\/uploads\/2019\/09\/UrbaBio-Annecy-300x225.jpeg\" alt=\"\" width=\"300\" height=\"225\" srcset=\"https:\/\/www.radiopiu.net\/wordpress\/wp-content\/uploads\/2019\/09\/UrbaBio-Annecy-300x225.jpeg 300w, https:\/\/www.radiopiu.net\/wordpress\/wp-content\/uploads\/2019\/09\/UrbaBio-Annecy-768x576.jpeg 768w, https:\/\/www.radiopiu.net\/wordpress\/wp-content\/uploads\/2019\/09\/UrbaBio-Annecy-1024x768.jpeg 1024w, https:\/\/www.radiopiu.net\/wordpress\/wp-content\/uploads\/2019\/09\/UrbaBio-Annecy.jpeg 1600w\" sizes=\"auto, (max-width: 300px) 100vw, 300px\" \/><\/a><\/h2>\n<blockquote><p><em>\u00abIl recupero delle aree abbandonate \u00e8 tendenza europea\u00bb<\/em><\/p><\/blockquote>\n<p><strong>BELLUNO<\/strong> Ultima tappa del progetto UrbaBio in Francia, ad Annecy, dove a rappresentare il Comune di Belluno era presente l&#8217;assessore alle politiche ambientali, Stefania Ganz: \u00abAnche qui, come a Belluno, si punta sul recupero delle aree abbandonate, anche sotto il profilo ambientale. Quello della rigenerazione \u00e8 un tema dal deciso respiro europeo, e iniziative di confronto e di scambio di esperienze come questa rafforzano ancora di pi\u00f9 il nostro impegno in questa direzione\u00bb. La delegazione ha infatti potuto osservare da vicino il connubio tra citt\u00e0 e fiume e i progetti messi in atto per aumentare la biodiversit\u00e0 urbana. Iniziative che accomunano le realt\u00e0 aderenti a UrbaBio: anche a Belluno, infatti, sono attivi da anni gli orti sociali, cos\u00ec come i progetti di rigenerazione urbana, che tra le Dolomiti hanno interessato anche edifici e aree abbandonati o in stato di degrado (come le ex caserme Piave e Fantuzzi, la scuola Gabelli, il ponte sul Gresal,&#8230;), oltre al Parco Fluviale di Lambioi, poi distrutto dal passaggio della tempesta Vaia<\/p>\n<p><strong>L&#8217;ASSESSORE ALLE POLITICHE AMBIENTALI STEFANIA GANZ<\/strong><\/p>\n<audio class=\"wp-audio-shortcode\" id=\"audio-97566-1\" preload=\"none\" style=\"width: 100%;\" controls=\"controls\"><source type=\"audio\/mpeg\" src=\"http:\/\/www.radiopiu.net\/wordpress\/wp-content\/uploads\/2019\/09\/GANZ.mp3?_=1\" \/><a href=\"http:\/\/www.radiopiu.net\/wordpress\/wp-content\/uploads\/2019\/09\/GANZ.mp3\">http:\/\/www.radiopiu.net\/wordpress\/wp-content\/uploads\/2019\/09\/GANZ.mp3<\/a><\/audio>\n<p>&nbsp;<\/p>\n<p>&nbsp;<\/p>\n","protected":false},"excerpt":{"rendered":"<p>\u00abIl recupero delle aree abbandonate \u00e8 tendenza europea\u00bb BELLUNO Ultima tappa del progetto UrbaBio in Francia, ad Annecy, dove a rappresentare il Comune di Belluno era presente l&#8217;assessore alle politiche ambientali, Stefania Ganz: \u00abAnche qui, come a Belluno, si punta sul recupero delle aree abbandonate, anche sotto il profilo ambientale. Quello della rigenerazione \u00e8 un&hellip;<\/p>\n","protected":false},"author":1,"featured_media":97548,"comment_status":"closed","ping_status":"closed","sticky":false,"template":"","format":"standard","meta":{"_monsterinsights_skip_tracking":false,"_monsterinsights_sitenote_active":false,"_monsterinsights_sitenote_note":"","_monsterinsights_sitenote_category":0,"footnotes":""},"categories":[51,49],"tags":[],"class_list":["post-97566","post","type-post","status-publish","format-standard","has-post-thumbnail","hentry","category-evidenza-top","category-news-18","category-51","category-49","description-off"],"img_url":"https:\/\/www.radiopiu.net\/wordpress\/wp-content\/uploads\/2019\/09\/UrbaBio-Annecy.jpeg","_links":{"self":[{"href":"https:\/\/www.radiopiu.net\/wordpress\/wp-json\/wp\/v2\/posts\/97566","targetHints":{"allow":["GET"]}}],"collection":[{"href":"https:\/\/www.radiopiu.net\/wordpress\/wp-json\/wp\/v2\/posts"}],"about":[{"href":"https:\/\/www.radiopiu.net\/wordpress\/wp-json\/wp\/v2\/types\/post"}],"author":[{"embeddable":true,"href":"https:\/\/www.radiopiu.net\/wordpress\/wp-json\/wp\/v2\/users\/1"}],"replies":[{"embeddable":true,"href":"https:\/\/www.radiopiu.net\/wordpress\/wp-json\/wp\/v2\/comments?post=97566"}],"version-history":[{"count":0,"href":"https:\/\/www.radiopiu.net\/wordpress\/wp-json\/wp\/v2\/posts\/97566\/revisions"}],"wp:featuredmedia":[{"embeddable":true,"href":"https:\/\/www.radiopiu.net\/wordpress\/wp-json\/wp\/v2\/media\/97548"}],"wp:attachment":[{"href":"https:\/\/www.radiopiu.net\/wordpress\/wp-json\/wp\/v2\/media?parent=97566"}],"wp:term":[{"taxonomy":"category","embeddable":true,"href":"https:\/\/www.radiopiu.net\/wordpress\/wp-json\/wp\/v2\/categories?post=97566"},{"taxonomy":"post_tag","embeddable":true,"href":"https:\/\/www.radiopiu.net\/wordpress\/wp-json\/wp\/v2\/tags?post=97566"}],"curies":[{"name":"wp","href":"https:\/\/api.w.org\/{rel}","templated":true}]}}