{"id":97661,"date":"2019-09-07T17:12:26","date_gmt":"2019-09-07T15:12:26","guid":{"rendered":"http:\/\/www.radiopiu.net\/wordpress\/?p=97661"},"modified":"2019-09-07T17:12:26","modified_gmt":"2019-09-07T15:12:26","slug":"minorenne-nei-guai-a-cortina","status":"publish","type":"post","link":"https:\/\/www.radiopiu.net\/wordpress\/minorenne-nei-guai-a-cortina\/","title":{"rendered":"MINORENNE NEI GUAI A CORTINA"},"content":{"rendered":"<p><a class=\"dt-pswp-item\" href=\"http:\/\/www.radiopiu.net\/wordpress\/wp-content\/uploads\/2019\/09\/DISTRIBUTORE-PALLINE-CORTINA.jpg\" data-dt-img-description=\"\" data-large_image_width=\"720\" data-large_image_height=\"960\"><img loading=\"lazy\" decoding=\"async\" class=\"size-medium wp-image-97662 alignleft\" src=\"http:\/\/www.radiopiu.net\/wordpress\/wp-content\/uploads\/2019\/09\/DISTRIBUTORE-PALLINE-CORTINA-225x300.jpg\" alt=\"\" width=\"225\" height=\"300\" srcset=\"https:\/\/www.radiopiu.net\/wordpress\/wp-content\/uploads\/2019\/09\/DISTRIBUTORE-PALLINE-CORTINA-225x300.jpg 225w, https:\/\/www.radiopiu.net\/wordpress\/wp-content\/uploads\/2019\/09\/DISTRIBUTORE-PALLINE-CORTINA.jpg 720w\" sizes=\"auto, (max-width: 225px) 100vw, 225px\" \/><\/a>Si sono conclusi gli accertamenti dei Carabinieri di Cortina in seguito al danneggiamento ddi un distributore meccanico di palline da gioco avvenuto nel piazzale degli autobus. In seguito alla denuncia da parte dei titolari del distributore, \u00e8 stato individuato l&#8217;autore del gesto. Un 17enne triestino \u00e8 stato denunciato in stato di libert\u00e0. Indagini che hanno avuto buon esito grazie alle immagini delle telecamere di servizio.<\/p>\n","protected":false},"excerpt":{"rendered":"<p>Si sono conclusi gli accertamenti dei Carabinieri di Cortina in seguito al danneggiamento ddi un distributore meccanico di palline da gioco avvenuto nel piazzale degli autobus. In seguito alla denuncia da parte dei titolari del distributore, \u00e8 stato individuato l&#8217;autore del gesto. Un 17enne triestino \u00e8 stato denunciato in stato di libert\u00e0. Indagini che hanno&hellip;<\/p>\n","protected":false},"author":4,"featured_media":97662,"comment_status":"closed","ping_status":"closed","sticky":false,"template":"","format":"standard","meta":{"_monsterinsights_skip_tracking":false,"_monsterinsights_sitenote_active":false,"_monsterinsights_sitenote_note":"","_monsterinsights_sitenote_category":0,"footnotes":""},"categories":[51,49],"tags":[],"class_list":["post-97661","post","type-post","status-publish","format-standard","has-post-thumbnail","hentry","category-evidenza-top","category-news-18","category-51","category-49","description-off"],"img_url":"https:\/\/www.radiopiu.net\/wordpress\/wp-content\/uploads\/2019\/09\/DISTRIBUTORE-PALLINE-CORTINA.jpg","_links":{"self":[{"href":"https:\/\/www.radiopiu.net\/wordpress\/wp-json\/wp\/v2\/posts\/97661","targetHints":{"allow":["GET"]}}],"collection":[{"href":"https:\/\/www.radiopiu.net\/wordpress\/wp-json\/wp\/v2\/posts"}],"about":[{"href":"https:\/\/www.radiopiu.net\/wordpress\/wp-json\/wp\/v2\/types\/post"}],"author":[{"embeddable":true,"href":"https:\/\/www.radiopiu.net\/wordpress\/wp-json\/wp\/v2\/users\/4"}],"replies":[{"embeddable":true,"href":"https:\/\/www.radiopiu.net\/wordpress\/wp-json\/wp\/v2\/comments?post=97661"}],"version-history":[{"count":0,"href":"https:\/\/www.radiopiu.net\/wordpress\/wp-json\/wp\/v2\/posts\/97661\/revisions"}],"wp:featuredmedia":[{"embeddable":true,"href":"https:\/\/www.radiopiu.net\/wordpress\/wp-json\/wp\/v2\/media\/97662"}],"wp:attachment":[{"href":"https:\/\/www.radiopiu.net\/wordpress\/wp-json\/wp\/v2\/media?parent=97661"}],"wp:term":[{"taxonomy":"category","embeddable":true,"href":"https:\/\/www.radiopiu.net\/wordpress\/wp-json\/wp\/v2\/categories?post=97661"},{"taxonomy":"post_tag","embeddable":true,"href":"https:\/\/www.radiopiu.net\/wordpress\/wp-json\/wp\/v2\/tags?post=97661"}],"curies":[{"name":"wp","href":"https:\/\/api.w.org\/{rel}","templated":true}]}}