{"id":97690,"date":"2019-09-08T08:53:40","date_gmt":"2019-09-08T06:53:40","guid":{"rendered":"http:\/\/www.radiopiu.net\/wordpress\/?p=97690"},"modified":"2019-09-08T09:58:29","modified_gmt":"2019-09-08T07:58:29","slug":"taibon-2","status":"publish","type":"post","link":"https:\/\/www.radiopiu.net\/wordpress\/taibon-2\/","title":{"rendered":"IERI ALTRO GIORNO IMPEGNATIVO PER IL SUEM, IN ZOLDO SOCCORSA UNA DONNA DI TAIBON"},"content":{"rendered":"<p><strong>ZOLDO<\/strong>\u00a0 Attorno alle 13, il Soccorso alpino della Val di Zoldo \u00e8 stato allertato per un&#8217;escursionista colta da malore a Malga Pramper. L.D.Z., 68 anni, di Taibon Agordino (BL), \u00e8 stata raggiunta in fuoristrada da una squadra assieme a un medico, che le ha prestato prima assistenza. La donna \u00e8 stata poi trasportata al parcheggio da dove si \u00e8 allontanata con il proprio mezzo.<\/p>\n<p><strong>SOVRAMONTE<\/strong> Poco prima delle 14, l&#8217;elicottero del Suem di Pieve di Cadore \u00e8 de<span class=\"text_exposed_show\">collato in direzione di Sovramonte, dove, lungo la sterrata che scende dal Rifugio Dal Piaz, un ciclista era caduto sul sentiero sottostante con la propria mountain bike, riportando probabili traumi alla caviglia e a un gomito. Sbarcati con un verricello di 15 metri a circa 1.700 metri di quota, equipe medica e tecnico di elisoccorso hanno prestato le dovute cure a E.A., 37 anni, di Urbino (PU). Imbarellato, l&#8217;uomo \u00e8 stato recuperato sempre con il verricello e accompagnato all&#8217;ospedale di Feltre. Sul posto anche una squadra del Soccorso alpino di Feltre, poich\u00e9 la presenza di nebbia avrebbe potuto ostacolare l&#8217;intervento dell&#8217;eliambulanza.<\/span><\/p>\n<p><span class=\"text_exposed_show\"><strong>DOMEGGE DI CADORE<\/strong> Su richiesta del gestore dell&#8217;Eremo dei Romiti a Domegge di Cadore, una squadra del Soccorso alpino del Centro Cadore si \u00e8 portata in jeep alla struttura per un ospite che belga che, per un dolore alla gamba, non riusciva pi\u00f9 a camminare. Caricato in macchina, F.L.C., 65 anni, \u00e8 stato trasportato direttamente all&#8217;ospedale di Pieve di Cadore per i controlli del caso.<\/span><\/p>\n<p><strong>SEDICO<\/strong> Attorno a mezzogiorno il Soccorso alpino di Belluno \u00e8 stato allertato per un&#8217;escursionista che si era fatta male scendendo dalla Chiesetta di San Giorgio, all&#8217;altezza del bivio per la Pala Alta, sopra Pian dei Castaldi. Mettendo un piede su un sasso, infatti, questo si era spostato facendole perdere l&#8217;equilibrio e cadere. Una volta in piedi, M.S., 47 anni, di Belluno, si era accorta di aver riportato un probabile trauma alla caviglia. Una squadra si \u00e8 avvicinata in jeep, per poi proseguire a piedi una mezz&#8217;ora. Una volta raggiunta, i soccorritori hanno stabilizzato la gamba dell&#8217;infortunata e la hanno caricata in barella per trasportarla fino al fuoristrada e da l\u00ec direttamente all&#8217;ospedale di Belluno.<\/p>\n","protected":false},"excerpt":{"rendered":"<p>ZOLDO\u00a0 Attorno alle 13, il Soccorso alpino della Val di Zoldo \u00e8 stato allertato per un&#8217;escursionista colta da malore a Malga Pramper. L.D.Z., 68 anni, di Taibon Agordino (BL), \u00e8 stata raggiunta in fuoristrada da una squadra assieme a un medico, che le ha prestato prima assistenza. La donna \u00e8 stata poi trasportata al parcheggio&hellip;<\/p>\n","protected":false},"author":1,"featured_media":96194,"comment_status":"closed","ping_status":"closed","sticky":false,"template":"","format":"standard","meta":{"_monsterinsights_skip_tracking":false,"_monsterinsights_sitenote_active":false,"_monsterinsights_sitenote_note":"","_monsterinsights_sitenote_category":0,"footnotes":""},"categories":[51,49],"tags":[],"class_list":["post-97690","post","type-post","status-publish","format-standard","has-post-thumbnail","hentry","category-evidenza-top","category-news-18","category-51","category-49","description-off"],"img_url":"https:\/\/www.radiopiu.net\/wordpress\/wp-content\/uploads\/2019\/08\/IMG-20190820-WA0004.jpg","_links":{"self":[{"href":"https:\/\/www.radiopiu.net\/wordpress\/wp-json\/wp\/v2\/posts\/97690","targetHints":{"allow":["GET"]}}],"collection":[{"href":"https:\/\/www.radiopiu.net\/wordpress\/wp-json\/wp\/v2\/posts"}],"about":[{"href":"https:\/\/www.radiopiu.net\/wordpress\/wp-json\/wp\/v2\/types\/post"}],"author":[{"embeddable":true,"href":"https:\/\/www.radiopiu.net\/wordpress\/wp-json\/wp\/v2\/users\/1"}],"replies":[{"embeddable":true,"href":"https:\/\/www.radiopiu.net\/wordpress\/wp-json\/wp\/v2\/comments?post=97690"}],"version-history":[{"count":0,"href":"https:\/\/www.radiopiu.net\/wordpress\/wp-json\/wp\/v2\/posts\/97690\/revisions"}],"wp:featuredmedia":[{"embeddable":true,"href":"https:\/\/www.radiopiu.net\/wordpress\/wp-json\/wp\/v2\/media\/96194"}],"wp:attachment":[{"href":"https:\/\/www.radiopiu.net\/wordpress\/wp-json\/wp\/v2\/media?parent=97690"}],"wp:term":[{"taxonomy":"category","embeddable":true,"href":"https:\/\/www.radiopiu.net\/wordpress\/wp-json\/wp\/v2\/categories?post=97690"},{"taxonomy":"post_tag","embeddable":true,"href":"https:\/\/www.radiopiu.net\/wordpress\/wp-json\/wp\/v2\/tags?post=97690"}],"curies":[{"name":"wp","href":"https:\/\/api.w.org\/{rel}","templated":true}]}}