{"id":97697,"date":"2019-09-09T05:31:56","date_gmt":"2019-09-09T03:31:56","guid":{"rendered":"http:\/\/www.radiopiu.net\/wordpress\/?p=97697"},"modified":"2019-09-09T09:55:26","modified_gmt":"2019-09-09T07:55:26","slug":"giornale-radiopiu-09-settembre-2019-direttore-mirko-mezzacasa","status":"publish","type":"post","link":"https:\/\/www.radiopiu.net\/wordpress\/giornale-radiopiu-09-settembre-2019-direttore-mirko-mezzacasa\/","title":{"rendered":"GIORNALE RADIOPIU 09 SETTEMBRE 2019 DIRETTORE MIRKO MEZZACASA"},"content":{"rendered":"<p>Era stato preannunciato un fine settimana con il maltempo e maltempo \u00e8 stato, non a caso tanti eventi sono stati annullati o rinviati. Pioggia battente in tutta la provincia, soprattutto in Cadore e in Valbelluna. Oltre i 2000 metri \u00e8 caduta la prima neve, le foto con il manto bianco di Passo Fedaia hanno fatto rapidamente il giro in rete. Non si registrano fortunatamente danni idrogeologici, questa volta \u00e8 andata bene. A proposito di neve, domani in Provincia si parler\u00e0 di impianti e piste da sci, in primo piano il sistema esplosivo anti valanghe di Passo Padon a Rocca Pietore e in conferenza dei servizi non mancher\u00e0 l&#8217;esame della stazione turistica di Forcella Aurine\u00a0 in Comune di Gosaldo dove la Desma ha presentato un progetto di revisione generale anche con la creazione di un importante bacino idrico per l&#8217;approvvigionamento di acqua per l&#8217;innevamento invernale ma che sar\u00e0 anche attrattiva per l&#8217;estate. La cronaca del fine settimana registra tre episodi: un malore ad Agordo in Piazza dove un uomo \u00e8 stato soccorso dalla vigilessa e da un&#8217;infermiera,\u00a0 a Sedico un&#8217;anziana si \u00e8 sentita male durante la messa, D.P. 85 anni del posto \u00e8 stata portata al pronto soccorso di Belluno e poi dimessa in serata. A Santo Stefano un&#8217;auto condotta da un giovane \u00e8 uscita di strada rimanendo in bilico sopra una scarpata, recuperata con un verricello l&#8217;auto \u00e8 stata rimessa in strada con l&#8217;uomo rimasto a bordo, non potendo uscire da solo dall&#8217;abitacolo, rischiava di precipitare, ha chiamato il 118.<br \/>\nPer chi si sposta verso Pedavena da oggi c&#8217;\u00e8 una novit\u00e0, chiude il ponte sul Colmeda davanti al pub El Travo dove inizieranno i lavori di demolizione della soletta a monte di via Roma. Chiusura con deviazioni in loco (ma non per autocarri con rimorchio e autocarri) da oggi a venerdi. (MM)<\/p>\n<p>&nbsp;<\/p>\n<p>&nbsp;<\/p>\n<h3>IERI SUL CORRIERE DELLE ALPI E SITO INTERNET RADIOPIU<\/h3>\n<blockquote><p>Riproponiamo il servizio presentato ieri alla radio, sulle nostre pagine facebook ha scatenato un curioso dibattito tra i difensori del predatore e coloro che si schierano dalla parte di pastori e allevatori danneggiati e sempre pi\u00f9 chiedono provvedimenti concreti pur sempre col dubbio che nessuno risarcir\u00e0 il danno.<\/p><\/blockquote>\n<h2><a class=\"dt-pswp-item\" href=\"http:\/\/www.radiopiu.net\/wordpress\/wp-content\/uploads\/2019\/09\/WhatsApp-Image-2019-09-08-at-09.28.35-1.jpeg\" data-dt-img-description=\"\" data-large_image_width=\"1200\" data-large_image_height=\"1600\"><img loading=\"lazy\" decoding=\"async\" class=\"size-medium wp-image-97717 alignleft\" src=\"http:\/\/www.radiopiu.net\/wordpress\/wp-content\/uploads\/2019\/09\/WhatsApp-Image-2019-09-08-at-09.28.35-1-225x300.jpeg\" alt=\"\" width=\"225\" height=\"300\" srcset=\"https:\/\/www.radiopiu.net\/wordpress\/wp-content\/uploads\/2019\/09\/WhatsApp-Image-2019-09-08-at-09.28.35-1-225x300.jpeg 225w, https:\/\/www.radiopiu.net\/wordpress\/wp-content\/uploads\/2019\/09\/WhatsApp-Image-2019-09-08-at-09.28.35-1-768x1024.jpeg 768w, https:\/\/www.radiopiu.net\/wordpress\/wp-content\/uploads\/2019\/09\/WhatsApp-Image-2019-09-08-at-09.28.35-1.jpeg 1200w\" sizes=\"auto, (max-width: 225px) 100vw, 225px\" \/><\/a><\/h2>\n<h2><\/h2>\n<h2><\/h2>\n<h2><\/h2>\n<h2><\/h2>\n<h2><\/h2>\n<h2>I LUPI SBRANANO LE PECORE A PASSO FEDAIA<\/h2>\n<p><strong>DI GIANNI SANTOMASO<\/strong><\/p>\n<blockquote><audio class=\"wp-audio-shortcode\" id=\"audio-97697-1\" preload=\"none\" style=\"width: 100%;\" controls=\"controls\"><source type=\"audio\/mpeg\" src=\"http:\/\/www.radiopiu.net\/wordpress\/wp-content\/uploads\/2019\/09\/GIANNI-LUPI.mp3?_=1\" \/><a href=\"http:\/\/www.radiopiu.net\/wordpress\/wp-content\/uploads\/2019\/09\/GIANNI-LUPI.mp3\">http:\/\/www.radiopiu.net\/wordpress\/wp-content\/uploads\/2019\/09\/GIANNI-LUPI.mp3<\/a><\/audio><\/blockquote>\n<p>&nbsp;<\/p>\n<p>&nbsp;<\/p>\n<p>&nbsp;<\/p>\n<p>&nbsp;<\/p>\n<p>&nbsp;<\/p>\n<p><em>Domani dalle 8 a Fine lavori verr\u00e0 sospesa l\u2019erogazione dell\u2019acqua a Cencenighe in localit\u00e0 Pascol<\/em><\/p>\n<p><em>In tutto il comune di Perarolo di Cadore l&#8217;acqua erogata dall&#8217;acquedotto non \u00e8 potabile e pu\u00f2 essere usata per scopi alimentari solo previa bollitura.<\/em><\/p>\n<p><em>Ad Arsi\u00e8 nelle localit\u00e0 Carazzagno, Centro, Col Perer, Fumegai, Rocca, in via 1 Maggio (e laterali) e in zona industriale l&#8217;acqua erogata dall&#8217;acquedotto non \u00e8 potabile e pu\u00f2 essere usata per scopi alimentari solo previa bollitura.<\/em><\/p>\n<p><em>A LIVINALLONGO DEL COL DI LANA in LOCALITA&#8217; VARDA, l&#8217;acqua erogata dall&#8217;acquedotto \u00e8 di nuovo potabile e pu\u00f2 essere usata, quindi, per scopi alimentari.<\/em><\/p>\n<p>&nbsp;<\/p>\n<p>&nbsp;<\/p>\n<h2>L&#8217;AGENTE DI POLIZIA LOCALE, UN&#8217;INFERMIERA PROFESSIONALE E L&#8217; OSPEDALE SULLA PORTA DI CASA SALVANO LA VITA AD UN UOMO<\/h2>\n<p><strong>Riceviamo e molto volentieri pubblichiamo una testimonianza importante del consigliere comunale di La Valle Agordina Massimo Sommariva<\/strong><\/p>\n<blockquote><p><strong><a class=\"dt-pswp-item\" href=\"http:\/\/www.radiopiu.net\/wordpress\/wp-content\/uploads\/2019\/04\/agordo-3.jpeg\" data-dt-img-description=\"\" data-large_image_width=\"1600\" data-large_image_height=\"900\"><img loading=\"lazy\" decoding=\"async\" class=\" wp-image-82483 alignleft\" src=\"http:\/\/www.radiopiu.net\/wordpress\/wp-content\/uploads\/2019\/04\/agordo-3-300x169.jpeg\" alt=\"\" width=\"263\" height=\"148\" srcset=\"https:\/\/www.radiopiu.net\/wordpress\/wp-content\/uploads\/2019\/04\/agordo-3-300x169.jpeg 300w, https:\/\/www.radiopiu.net\/wordpress\/wp-content\/uploads\/2019\/04\/agordo-3-768x432.jpeg 768w, https:\/\/www.radiopiu.net\/wordpress\/wp-content\/uploads\/2019\/04\/agordo-3-1024x576.jpeg 1024w, https:\/\/www.radiopiu.net\/wordpress\/wp-content\/uploads\/2019\/04\/agordo-3.jpeg 1600w\" sizes=\"auto, (max-width: 263px) 100vw, 263px\" \/><\/a>AGORDO<\/strong>\u00a0 Racconto un fatto occorso sabato mattina in Piazza Santa Maria ad Agordo. Verso le\u00a0 11 mi trovano nei pressi della chiesa Arcidiaconale per ammirare le auto storiche. Mentre facevo due chiacchiere con l&#8217;agente della Polizia Locale di Agordo in servizio, la sua attenzione veniva attratta da una persona\u00a0 colta da malore si accasciava sui cubetti di porfido.Il malcapitato cadeva rimanendo immobile. La vigilessa immediatamente si prodigava per soccorrere la persona che non dava segni di ripresa. Vista la situazione chiamava il 118 per l&#8217;invio di personale medico. Noi presenti, per quanto possibile si cercava di capire quali fossero le condizioni reali dell&#8217;uomo\u00a0 colto da malore che presentava delle contusioni facciali e all&#8217;arcata superiore destra per la caduta sul porfido. Nel contempo si presentava una signora ( non so dire se del luogo o turista) la quale si qualificava come infermiera e si adoperava per porre in posizione di sicurezza il malcapitato.Nel frattempo l&#8217;uomo aveva ripreso parziale conoscenza. Grazie al tempismo perfetto dell&#8217;agente della Polizia Locale di Agordo e alla professionalit\u00e0 dell&#8217; infermiera e del personale del 118 che in pochi minuti era sul posto, il soggetto colto da malore ha potuto essere trasportato al vicino ospedale di Agordo per le cure del caso.<\/p>\n<p>Ho voluto rendere pubblico questo piccolo fatto per sottolineare, come gi\u00e0 detto, la professionalit\u00e0 dei soccorritori dato che spesso siamo ormai abituati a criticare tutto e tutti e in maniera prioritaria persone e strutture pubbliche. Un grazie all&#8217;infermiera che ha dato un contributo esemplare, all&#8217;Agente della Polizia Locale per la tempestivit\u00e0 e certamente non per ultimi un grazie al servizio del 118 per la solerzia dimostrata.Questo sta a dimostrare la solidit\u00e0 della nostra comunit\u00e0 e l&#8217;essenzialit\u00e0 di avere un Ospedale efficiente ad Agordo.<\/p><\/blockquote>\n<p>&nbsp;<\/p>\n<p>&nbsp;<\/p>\n<p>&nbsp;<\/p>\n<h2>FINE SETTIMANA\u00a0 IMPEGNATIVO PER IL SUEM, IN ZOLDO SOCCORSA UNA DONNA DI TAIBON<\/h2>\n<p><strong>GLI INTERVENTI DI SABATO<\/strong><\/p>\n<p><strong>ZOLDO<\/strong>\u00a0 Attorno alle 13, il Soccorso alpino della Val di Zoldo \u00e8 stato allertato per un&#8217;escursionista colta da malore a Malga Pramper. L.D.Z., 68 anni, di Taibon Agordino (BL), \u00e8 stata raggiunta in <a class=\"dt-pswp-item\" href=\"http:\/\/www.radiopiu.net\/wordpress\/wp-content\/uploads\/2018\/08\/IMG-20180813-WA0004.jpg\" data-dt-img-description=\"\" data-large_image_width=\"1368\" data-large_image_height=\"765\"><img loading=\"lazy\" decoding=\"async\" class=\"size-medium wp-image-57642 alignleft\" src=\"http:\/\/www.radiopiu.net\/wordpress\/wp-content\/uploads\/2018\/08\/IMG-20180813-WA0004-300x168.jpg\" alt=\"\" width=\"300\" height=\"168\" srcset=\"https:\/\/www.radiopiu.net\/wordpress\/wp-content\/uploads\/2018\/08\/IMG-20180813-WA0004-300x168.jpg 300w, https:\/\/www.radiopiu.net\/wordpress\/wp-content\/uploads\/2018\/08\/IMG-20180813-WA0004-768x429.jpg 768w, https:\/\/www.radiopiu.net\/wordpress\/wp-content\/uploads\/2018\/08\/IMG-20180813-WA0004-1024x573.jpg 1024w, https:\/\/www.radiopiu.net\/wordpress\/wp-content\/uploads\/2018\/08\/IMG-20180813-WA0004.jpg 1368w\" sizes=\"auto, (max-width: 300px) 100vw, 300px\" \/><\/a>fuoristrada da una squadra assieme a un medico, che le ha prestato prima assistenza. La donna \u00e8 stata poi trasportata al parcheggio da dove si \u00e8 allontanata con il proprio mezzo.<\/p>\n<p><strong>SOVRAMONTE<\/strong> Poco prima delle 14, l&#8217;elicottero del Suem di Pieve di Cadore \u00e8 de<span class=\"text_exposed_show\">collato in direzione di Sovramonte, dove, lungo la sterrata che scende dal Rifugio Dal Piaz, un ciclista era caduto sul sentiero sottostante con la propria mountain bike, riportando probabili traumi alla caviglia e a un gomito. Sbarcati con un verricello di 15 metri a circa 1.700 metri di quota, equipe medica e tecnico di elisoccorso hanno prestato le dovute cure a E.A., 37 anni, di Urbino (PU). Imbarellato, l&#8217;uomo \u00e8 stato recuperato sempre con il verricello e accompagnato all&#8217;ospedale di Feltre. Sul posto anche una squadra del Soccorso alpino di Feltre, poich\u00e9 la presenza di nebbia avrebbe potuto ostacolare l&#8217;intervento dell&#8217;eliambulanza.<\/span><\/p>\n<p><span class=\"text_exposed_show\"><strong>DOMEGGE DI CADORE<\/strong> Su richiesta del gestore dell&#8217;Eremo dei Romiti a Domegge di Cadore, una squadra del Soccorso alpino del Centro Cadore si \u00e8 portata in jeep alla struttura per un ospite che belga che, per un dolore alla gamba, non riusciva pi\u00f9 a camminare. Caricato in macchina, F.L.C., 65 anni, \u00e8 stato trasportato direttamente all&#8217;ospedale di Pieve di Cadore per i controlli del caso.<\/span><\/p>\n<p><strong>SEDICO<\/strong> Attorno a mezzogiorno il Soccorso alpino di Belluno \u00e8 stato allertato per un&#8217;escursionista che si era fatta male scendendo dalla Chiesetta di San Giorgio, all&#8217;altezza del bivio per la Pala Alta, sopra Pian dei Castaldi. Mettendo un piede su un sasso, infatti, questo si era spostato facendole perdere l&#8217;equilibrio e cadere. Una volta in piedi, M.S., 47 anni, di Belluno, si era accorta di aver riportato un probabile trauma alla caviglia. Una squadra si \u00e8 avvicinata in jeep, per poi proseguire a piedi una mezz&#8217;ora. Una volta raggiunta, i soccorritori hanno stabilizzato la gamba dell&#8217;infortunata e la hanno caricata in barella per trasportarla fino al fuoristrada e da l\u00ec direttamente all&#8217;ospedale di Belluno<\/p>\n<p>&nbsp;<\/p>\n<p>&nbsp;<\/p>\n<p>&nbsp;<\/p>\n<p>&nbsp;<\/p>\n<p>&nbsp;<\/p>\n<p>&nbsp;<\/p>\n<h2>MINORENNE NEI GUAI A CORTINA<\/h2>\n<p><a class=\"dt-pswp-item\" href=\"http:\/\/www.radiopiu.net\/wordpress\/wp-content\/uploads\/2019\/09\/DISTRIBUTORE-PALLINE-CORTINA.jpg\" data-dt-img-description=\"\" data-large_image_width=\"720\" data-large_image_height=\"960\"><img loading=\"lazy\" decoding=\"async\" class=\" wp-image-97662 alignleft\" src=\"http:\/\/www.radiopiu.net\/wordpress\/wp-content\/uploads\/2019\/09\/DISTRIBUTORE-PALLINE-CORTINA-225x300.jpg\" alt=\"\" width=\"128\" height=\"171\" srcset=\"https:\/\/www.radiopiu.net\/wordpress\/wp-content\/uploads\/2019\/09\/DISTRIBUTORE-PALLINE-CORTINA-225x300.jpg 225w, https:\/\/www.radiopiu.net\/wordpress\/wp-content\/uploads\/2019\/09\/DISTRIBUTORE-PALLINE-CORTINA.jpg 720w\" sizes=\"auto, (max-width: 128px) 100vw, 128px\" \/><\/a><strong>CORTINA<\/strong> Si sono conclusi gli accertamenti dei Carabinieri di Cortina in seguito al danneggiamento ddi un distributore meccanico di palline da gioco avvenuto nel piazzale degli autobus. In seguito alla denuncia da parte dei titolari del distributore, \u00e8 stato individuato l&#8217;autore del gesto. Un 17enne triestino \u00e8 stato denunciato in stato di libert\u00e0. Indagini che hanno avuto buon esito grazie alle immagini delle telecamere di servizio.<\/p>\n<p>&nbsp;<\/p>\n<p>&nbsp;<\/p>\n<p>&nbsp;<\/p>\n<p>&nbsp;<\/p>\n<p>&nbsp;<\/p>\n<p>&nbsp;<\/p>\n<p>&nbsp;<\/p>\n<p>&nbsp;<\/p>\n<h2>NUOVE ARGINATURE SUL CAMPREGANA, INCARICO A DE COL MA NON SOLO<\/h2>\n<p><strong>AGORDO<\/strong><\/p>\n<p><strong>DI GIANNI SANTOMASO<\/strong><\/p>\n<audio class=\"wp-audio-shortcode\" id=\"audio-97697-2\" preload=\"none\" style=\"width: 100%;\" controls=\"controls\"><source type=\"audio\/mpeg\" src=\"http:\/\/www.radiopiu.net\/wordpress\/wp-content\/uploads\/2019\/09\/ARGINATURE-SULLA-CAMPREGANA.mp3?_=2\" \/><a href=\"http:\/\/www.radiopiu.net\/wordpress\/wp-content\/uploads\/2019\/09\/ARGINATURE-SULLA-CAMPREGANA.mp3\">http:\/\/www.radiopiu.net\/wordpress\/wp-content\/uploads\/2019\/09\/ARGINATURE-SULLA-CAMPREGANA.mp3<\/a><\/audio>\n<p>&nbsp;<\/p>\n<p><a class=\"dt-pswp-item\" href=\"http:\/\/www.radiopiu.net\/wordpress\/wp-content\/uploads\/2019\/09\/WhatsApp-Image-2019-09-08-at-19.32.53.jpeg\" data-dt-img-description=\"\" data-large_image_width=\"899\" data-large_image_height=\"1599\"><img loading=\"lazy\" decoding=\"async\" class=\"alignnone size-medium wp-image-97715\" src=\"http:\/\/www.radiopiu.net\/wordpress\/wp-content\/uploads\/2019\/09\/WhatsApp-Image-2019-09-08-at-19.32.53-169x300.jpeg\" alt=\"\" width=\"169\" height=\"300\" srcset=\"https:\/\/www.radiopiu.net\/wordpress\/wp-content\/uploads\/2019\/09\/WhatsApp-Image-2019-09-08-at-19.32.53-169x300.jpeg 169w, https:\/\/www.radiopiu.net\/wordpress\/wp-content\/uploads\/2019\/09\/WhatsApp-Image-2019-09-08-at-19.32.53-768x1366.jpeg 768w, https:\/\/www.radiopiu.net\/wordpress\/wp-content\/uploads\/2019\/09\/WhatsApp-Image-2019-09-08-at-19.32.53-576x1024.jpeg 576w, https:\/\/www.radiopiu.net\/wordpress\/wp-content\/uploads\/2019\/09\/WhatsApp-Image-2019-09-08-at-19.32.53.jpeg 899w\" sizes=\"auto, (max-width: 169px) 100vw, 169px\" \/><\/a><a class=\"dt-pswp-item\" href=\"http:\/\/www.radiopiu.net\/wordpress\/wp-content\/uploads\/2019\/09\/WhatsApp-Image-2019-09-08-at-19.32.40.jpeg\" data-dt-img-description=\"\" data-large_image_width=\"899\" data-large_image_height=\"1599\"><img loading=\"lazy\" decoding=\"async\" class=\"alignnone size-medium wp-image-97714\" src=\"http:\/\/www.radiopiu.net\/wordpress\/wp-content\/uploads\/2019\/09\/WhatsApp-Image-2019-09-08-at-19.32.40-169x300.jpeg\" alt=\"\" width=\"169\" height=\"300\" srcset=\"https:\/\/www.radiopiu.net\/wordpress\/wp-content\/uploads\/2019\/09\/WhatsApp-Image-2019-09-08-at-19.32.40-169x300.jpeg 169w, https:\/\/www.radiopiu.net\/wordpress\/wp-content\/uploads\/2019\/09\/WhatsApp-Image-2019-09-08-at-19.32.40-768x1366.jpeg 768w, https:\/\/www.radiopiu.net\/wordpress\/wp-content\/uploads\/2019\/09\/WhatsApp-Image-2019-09-08-at-19.32.40-576x1024.jpeg 576w, https:\/\/www.radiopiu.net\/wordpress\/wp-content\/uploads\/2019\/09\/WhatsApp-Image-2019-09-08-at-19.32.40.jpeg 899w\" sizes=\"auto, (max-width: 169px) 100vw, 169px\" \/><\/a><\/p>\n<p>&nbsp;<\/p>\n<p>&nbsp;<\/p>\n<p>&nbsp;<\/p>\n<p>&nbsp;<\/p>\n<h2>RESTYLING DEL MUNICIPIO DI AGORDO, PREVISTO L&#8217;ASCENSORE<\/h2>\n<p><a class=\"dt-pswp-item\" href=\"http:\/\/www.radiopiu.net\/wordpress\/wp-content\/uploads\/2015\/12\/MUNICIPIO-AGORDO.jpg\" data-dt-img-description=\"\" data-large_image_width=\"600\" data-large_image_height=\"384\"><img loading=\"lazy\" decoding=\"async\" class=\"size-medium wp-image-13920 alignleft\" src=\"http:\/\/www.radiopiu.net\/wordpress\/wp-content\/uploads\/2015\/12\/MUNICIPIO-AGORDO-300x192.jpg\" alt=\"\" width=\"300\" height=\"192\" \/><\/a><\/p>\n<p>&nbsp;<\/p>\n<p>&nbsp;<\/p>\n<p>AGORDO<\/p>\n<p><strong>DI GIANNI SANTOMASO<\/strong><\/p>\n<audio class=\"wp-audio-shortcode\" id=\"audio-97697-3\" preload=\"none\" style=\"width: 100%;\" controls=\"controls\"><source type=\"audio\/mpeg\" src=\"http:\/\/www.radiopiu.net\/wordpress\/wp-content\/uploads\/2019\/09\/GIANNI-MUNICIPIO.mp3?_=3\" \/><a href=\"http:\/\/www.radiopiu.net\/wordpress\/wp-content\/uploads\/2019\/09\/GIANNI-MUNICIPIO.mp3\">http:\/\/www.radiopiu.net\/wordpress\/wp-content\/uploads\/2019\/09\/GIANNI-MUNICIPIO.mp3<\/a><\/audio>\n<p>&nbsp;<\/p>\n<p>&nbsp;<\/p>\n<p>&nbsp;<\/p>\n<p>&nbsp;<\/p>\n<p>&nbsp;<\/p>\n<h3>TRASPORTO PUBBLICO LOCALE: DALL&#8217;11 SETTEMBRE ENTRA IN VIGORE IL NUOVO ORARIO INVERNALE<\/h3>\n<blockquote><p><a class=\"dt-pswp-item\" href=\"http:\/\/www.radiopiu.net\/wordpress\/wp-content\/uploads\/2016\/01\/dolomitibus.png\" data-dt-img-description=\"\" data-large_image_width=\"200\" data-large_image_height=\"47\"><img loading=\"lazy\" decoding=\"async\" class=\"size-full wp-image-15493 alignleft\" src=\"http:\/\/www.radiopiu.net\/wordpress\/wp-content\/uploads\/2016\/01\/dolomitibus.png\" alt=\"\" width=\"200\" height=\"47\" \/><\/a>L\u201911 settembre, primo giorno di scuola, entra in vigore il nuovo orario invernale del trasporto pubblico locale, che rester\u00e0 attivo fino al termine delle lezioni, il 6 giugno 2020. L\u2019orario prevede anche una riorganizzazione del servizio extraurbano di alcune linee a seguito della chiusura del ponte di Santa Caterina (a Ponte nelle Alpi) prevista fino al 3 novembre 2019. I nuovi orari del periodo invernale sono scaricabili dal sito delle ditte di trasporto Dolomiti Bus e Sbizzera.<\/p><\/blockquote>\n<p><strong>AI MICROFONI DI RADIO PIU&#8217; IL CONSIGLIERE PROVINCIALE DELEGATO GIANLUCA LORENZI<\/strong><\/p>\n<audio class=\"wp-audio-shortcode\" id=\"audio-97697-4\" preload=\"none\" style=\"width: 100%;\" controls=\"controls\"><source type=\"audio\/mpeg\" src=\"http:\/\/www.radiopiu.net\/wordpress\/wp-content\/uploads\/2019\/09\/TPL-orario-invernale_audio-consigliere-Lorenzi.m4a?_=4\" \/><a href=\"http:\/\/www.radiopiu.net\/wordpress\/wp-content\/uploads\/2019\/09\/TPL-orario-invernale_audio-consigliere-Lorenzi.m4a\">http:\/\/www.radiopiu.net\/wordpress\/wp-content\/uploads\/2019\/09\/TPL-orario-invernale_audio-consigliere-Lorenzi.m4a<\/a><\/audio>\n<p>&nbsp;<\/p>\n<p>&nbsp;<\/p>\n<p>&nbsp;<\/p>\n<p>&nbsp;<\/p>\n<p>&nbsp;<\/p>\n<h2><a class=\"dt-pswp-item\" href=\"http:\/\/www.radiopiu.net\/wordpress\/wp-content\/uploads\/2018\/01\/da-certottica-2-corsi-specialistici-richiesti-dalle-aziende_Platform_Optic.jpg\" data-dt-img-description=\"\" data-large_image_width=\"785\" data-large_image_height=\"454\"><img loading=\"lazy\" decoding=\"async\" class=\" wp-image-42612 alignleft\" src=\"http:\/\/www.radiopiu.net\/wordpress\/wp-content\/uploads\/2018\/01\/da-certottica-2-corsi-specialistici-richiesti-dalle-aziende_Platform_Optic-300x174.jpg\" alt=\"\" width=\"148\" height=\"86\" srcset=\"https:\/\/www.radiopiu.net\/wordpress\/wp-content\/uploads\/2018\/01\/da-certottica-2-corsi-specialistici-richiesti-dalle-aziende_Platform_Optic-300x174.jpg 300w, https:\/\/www.radiopiu.net\/wordpress\/wp-content\/uploads\/2018\/01\/da-certottica-2-corsi-specialistici-richiesti-dalle-aziende_Platform_Optic-768x444.jpg 768w, https:\/\/www.radiopiu.net\/wordpress\/wp-content\/uploads\/2018\/01\/da-certottica-2-corsi-specialistici-richiesti-dalle-aziende_Platform_Optic.jpg 785w\" sizes=\"auto, (max-width: 148px) 100vw, 148px\" \/><\/a>TAGLIO DEL NASTRO AL NUOVO POLITECNICO DELL&#8217;OCCHIALE<\/h2>\n<p><strong>LONGARONE<\/strong> Mercoledi alle 14 nella sede del Parco Tenologico in localit\u00e0 Roa di Casellavazzo sar\u00e0 inaugurato il Politecnico Internazionale dell&#8217;Occhiale.saranno presenti i soci, gli imprenditori dell\u2019occhiale, le autorit\u00e0 locali e gli stakeholder di Certottica: madrina dell\u2019inaugurazione sar\u00e0 l\u2019Assessore regionale, Elena Donazzan.<\/p>\n<p><strong>AI MICROFONI DI RADIO PIU&#8217; IL PRESIDENTE DI CERTOTTICA LUIGINO BOITO<\/strong><\/p>\n<audio class=\"wp-audio-shortcode\" id=\"audio-97697-5\" preload=\"none\" style=\"width: 100%;\" controls=\"controls\"><source type=\"audio\/mpeg\" src=\"http:\/\/www.radiopiu.net\/wordpress\/wp-content\/uploads\/2019\/09\/BOITO.mp3?_=5\" \/><a href=\"http:\/\/www.radiopiu.net\/wordpress\/wp-content\/uploads\/2019\/09\/BOITO.mp3\">http:\/\/www.radiopiu.net\/wordpress\/wp-content\/uploads\/2019\/09\/BOITO.mp3<\/a><\/audio>\n<p>&nbsp;<\/p>\n<p>&nbsp;<\/p>\n<p>&nbsp;<\/p>\n<p>&nbsp;<\/p>\n<p>&nbsp;<\/p>\n<h1>LA PRIMA NEVE A PASSO FEDAIA: IERI<\/h1>\n<p><a class=\"dt-pswp-item\" href=\"http:\/\/www.radiopiu.net\/wordpress\/wp-content\/uploads\/2019\/09\/WhatsApp-Image-2019-09-08-at-13.13.34.jpeg\" data-dt-img-description=\"\" data-large_image_width=\"1599\" data-large_image_height=\"1200\"><img loading=\"lazy\" decoding=\"async\" class=\"alignnone wp-image-97708 size-large\" src=\"http:\/\/www.radiopiu.net\/wordpress\/wp-content\/uploads\/2019\/09\/WhatsApp-Image-2019-09-08-at-13.13.34-1024x768.jpeg\" alt=\"\" width=\"1024\" height=\"768\" srcset=\"https:\/\/www.radiopiu.net\/wordpress\/wp-content\/uploads\/2019\/09\/WhatsApp-Image-2019-09-08-at-13.13.34-1024x768.jpeg 1024w, https:\/\/www.radiopiu.net\/wordpress\/wp-content\/uploads\/2019\/09\/WhatsApp-Image-2019-09-08-at-13.13.34-300x225.jpeg 300w, https:\/\/www.radiopiu.net\/wordpress\/wp-content\/uploads\/2019\/09\/WhatsApp-Image-2019-09-08-at-13.13.34-768x576.jpeg 768w, https:\/\/www.radiopiu.net\/wordpress\/wp-content\/uploads\/2019\/09\/WhatsApp-Image-2019-09-08-at-13.13.34.jpeg 1599w\" sizes=\"auto, (max-width: 1024px) 100vw, 1024px\" \/><\/a><\/p>\n<p>&nbsp;<\/p>\n<p>&nbsp;<\/p>\n<p>&nbsp;<\/p>\n<p>&nbsp;<\/p>\n<h1>BORGHI PIU&#8217; BELLI D&#8217;ITALIA, COPERTINA ISTAGRAM DA SOTTOGUDA<\/h1>\n<p><a class=\"dt-pswp-item\" href=\"http:\/\/www.radiopiu.net\/wordpress\/wp-content\/uploads\/2019\/09\/WhatsApp-Image-2019-09-08-at-10.32.36.jpeg\" data-dt-img-description=\"\" data-large_image_width=\"899\" data-large_image_height=\"1599\"><img loading=\"lazy\" decoding=\"async\" class=\"alignnone wp-image-97707 size-large\" src=\"http:\/\/www.radiopiu.net\/wordpress\/wp-content\/uploads\/2019\/09\/WhatsApp-Image-2019-09-08-at-10.32.36-576x1024.jpeg\" alt=\"\" width=\"576\" height=\"1024\" srcset=\"https:\/\/www.radiopiu.net\/wordpress\/wp-content\/uploads\/2019\/09\/WhatsApp-Image-2019-09-08-at-10.32.36-576x1024.jpeg 576w, https:\/\/www.radiopiu.net\/wordpress\/wp-content\/uploads\/2019\/09\/WhatsApp-Image-2019-09-08-at-10.32.36-169x300.jpeg 169w, https:\/\/www.radiopiu.net\/wordpress\/wp-content\/uploads\/2019\/09\/WhatsApp-Image-2019-09-08-at-10.32.36-768x1366.jpeg 768w, https:\/\/www.radiopiu.net\/wordpress\/wp-content\/uploads\/2019\/09\/WhatsApp-Image-2019-09-08-at-10.32.36.jpeg 899w\" sizes=\"auto, (max-width: 576px) 100vw, 576px\" \/><\/a><\/p>\n<p>&nbsp;<\/p>\n<p>&nbsp;<\/p>\n<p>&nbsp;<\/p>\n<p>&nbsp;<\/p>\n<h2>AL VIA I CORSI DI LICENZA MEDIA PER ADULTI DI ITALIANO PER STRANIERI<\/h2>\n<p><strong>BELLUNO<\/strong> Mercoledi\u00a0 alle 17 presso il C.P.I.A. Di Belluno a Mur di Cadola\u00a0si terr\u00e0 la presentazione dei corsi e delle attivit\u00e0 del prossimo anno scolastico.\u00a0Il Centro Provinciale Istruzione Adulti)\u00e8 l&#8217;Istituto scolastico statale rivolto all&#8217;istruzione e alla formazione dei cittadini adulti. Offre corsi gratuiti (escluso tassa di iscrizione) di lingua italiana per stranieri, utili anche a conseguire il permesso di soggiorno, di licenza media e di scuola superiore serale in sinergia con l&#8217;Istituto d&#8217;Istruzione Superiore Statale \u201cTommaso Catullo\u201d.\u00a0 E&#8217; possibile inoltre conseguire, in collaborazione con le Universit\u00e0 per stranieri di Siena e di Perugia, le certificazioni di lingua italiana riconosciute da ogni Ente e in qualsiasi Paese. Propone inoltre corsi di lingue straniere (inglese, spagnolo, tedesco, francese, cinese, russo, arabo). Le lezioni si tengono di mattino, pomeriggio e sera.<\/p>\n<p>&nbsp;<\/p>\n<p>&nbsp;<\/p>\n<p>&nbsp;<\/p>\n<h2>RAVENNA INCONTRA FELTRE, LA PIOGGIA NON FERMA I 100 BIKERS. SOLIDARIETA&#8217; NEL POST VAIA<\/h2>\n<p><strong><a class=\"dt-pswp-item\" href=\"http:\/\/www.radiopiu.net\/wordpress\/wp-content\/uploads\/2019\/09\/IMG_20190908_125731.jpg\" data-dt-img-description=\"\" data-large_image_width=\"4000\" data-large_image_height=\"3000\"><img loading=\"lazy\" decoding=\"async\" class=\"size-medium wp-image-97705 alignleft\" src=\"http:\/\/www.radiopiu.net\/wordpress\/wp-content\/uploads\/2019\/09\/IMG_20190908_125731-300x225.jpg\" alt=\"\" width=\"300\" height=\"225\" srcset=\"https:\/\/www.radiopiu.net\/wordpress\/wp-content\/uploads\/2019\/09\/IMG_20190908_125731-300x225.jpg 300w, https:\/\/www.radiopiu.net\/wordpress\/wp-content\/uploads\/2019\/09\/IMG_20190908_125731-768x576.jpg 768w, https:\/\/www.radiopiu.net\/wordpress\/wp-content\/uploads\/2019\/09\/IMG_20190908_125731-1024x768.jpg 1024w\" sizes=\"auto, (max-width: 300px) 100vw, 300px\" \/><\/a>FELTRE\u00a0 <\/strong>Non \u00e8 bastato il forte maltempo, a tratti un autentico nubifragio, a fermare i motociclisti giunti ieri in citt\u00e0 per l\u2019iniziativa di solidariet\u00e0 \u201cRavenna incontra Feltre\u201d. Oltre un centinaio di bikers, partiti dalla citt\u00e0 romagnola all\u2019alba, sono infatti arrivati a Feltre scortati dalla Polizia di Stato e accompagnati da altre associazioni e amici, in un corteo dal significato simbolico, ma anche molto concreto. Con il Guzzi Club Ravenna, guidato dal suo presidente Daniele Polgrossi, hanno infatti unito le forze l\u2019Associazione motociclistica \u201cI Grifoni\u201d, l\u2019associazione \u201cMotociclisti non Agitati\u201d, il moto club \u201cSvalvolati e comitato cittadino \u201cSan Marco\u201d oltre al Moto Club Feltre; tutti insieme in un corteo di solidariet\u00e0 sulle due ruote per un obiettivo preciso: portare a Feltre un segno di amicizia e di vicinanza dopo i drammatici eventi di Vaia, ma <a class=\"dt-pswp-item\" href=\"http:\/\/www.radiopiu.net\/wordpress\/wp-content\/uploads\/2019\/09\/IMG_20190908_123312.jpg\" data-dt-img-description=\"\" data-large_image_width=\"4000\" data-large_image_height=\"3000\"><img loading=\"lazy\" decoding=\"async\" class=\"size-medium wp-image-97706 alignright\" src=\"http:\/\/www.radiopiu.net\/wordpress\/wp-content\/uploads\/2019\/09\/IMG_20190908_123312-300x225.jpg\" alt=\"\" width=\"300\" height=\"225\" srcset=\"https:\/\/www.radiopiu.net\/wordpress\/wp-content\/uploads\/2019\/09\/IMG_20190908_123312-300x225.jpg 300w, https:\/\/www.radiopiu.net\/wordpress\/wp-content\/uploads\/2019\/09\/IMG_20190908_123312-768x576.jpg 768w, https:\/\/www.radiopiu.net\/wordpress\/wp-content\/uploads\/2019\/09\/IMG_20190908_123312-1024x768.jpg 1024w\" sizes=\"auto, (max-width: 300px) 100vw, 300px\" \/><\/a>anche un segno tangibile di aiuto. Grazie alla partecipazione all\u2019iniziativa odierna e ad altre attivit\u00e0 condotte in loco, gli aderenti a \u201cRavenna incontra Feltre\u201d hanno infatti gi\u00e0 raccolto circa 4 mila euro, che saranno donati alla citt\u00e0 e destinati all\u2019intervento di recupero del parco giochi della scuola dell\u2019infanzia di Mugnai, danneggiato proprio dalla tempesta di fine ottobre 2018. Ad accogliere i bikers, dapprima con una delegazione nel palazzo municipale &#8211; dove hanno anche potuto visitare il teatro de la Sena -, e poi in Largo Castaldi, il sindaco di Feltre Paolo Perenzin e l\u2019assessore Adis Zatta. Da entrambi parole di sincero ringraziamento a tutti i motocilisti arrivati oggi (se il tempo fosse sto pi\u00f9 clemente erano attese oltre trecento persone), ai loro club e associazioni di appartenenza e a tutta la comunit\u00e0 di Ravenna, che a pi\u00f9 riprese si \u00e8 dimostrata vicina alla citt\u00e0 immediatamente dopo, e non solo \u2013 come testimonia l\u2019iniziativa odierna \u2013 la difficilissima esperienza di Vaia.<\/p>\n<p>&nbsp;<\/p>\n<p>&nbsp;<\/p>\n<p>&nbsp;<\/p>\n<p>&nbsp;<\/p>\n<p>&nbsp;<\/p>\n<h2>CHIUSURA DELLA STRADA PER MALGA FRAMONT DAL 23 SETTEMBRE<\/h2>\n<p><strong>AGORDO <\/strong>Al fine di dar corso ai lavori di \u201cripristino funzionalita\u2019 e consolidamento versanti della strada silvo-pastorale Rif\u2013Don-Malga Framont\u201d, dal 23 settembre e fino al 11 ottobre 2019, la viabilit\u00e0\u00a0 in questione rimarr\u00e0\u00a0 completamente chiusa al transito viario, a partire dalla localit\u00e0\u2019 palantras (salt del ligador) e fino alla malga comunale di framont. Nel periodo\u00a0 e\u2019 prevista un\u2019apertura a mezzi di piccole dimensioni nelle giornate del 28 e 29 settembre. Rimane inteso che l\u2019esecuzione dei lavori e, conseguentemente la riapertura della viabilit\u00e0\u00a0 \u00e8\u00a0 vincolata alle condizioni meteorologiche visto anche l\u2019approssimarsi della stagione autunnale. Sara\u2019 comunque cura dell&#8217;amministrazione comunale di Agordo dare avviso di eventuali variazioni ai periodi di chiusura e riapertura.<\/p>\n<p>&nbsp;<\/p>\n<p>&nbsp;<\/p>\n<p>&nbsp;<\/p>\n<p>&nbsp;<\/p>\n<h2>CHIUSURA DELLA STRADA PER NAGOL DAL FINO AL 23 DICEMBRE<\/h2>\n<p><strong>AGORDO<\/strong>\u00a0 Al fine di dar corso ai lavori di \u201cripristino funzionalita\u2019 e consolidamento versanti della strada silvo-pastorale Nagol \u2013 Dugon &#8211; Bojem,\u00a0 fino all\u2019ultimazione del cantiere prevista per il 23 dicembre 2019, la viabilit\u00e0 rimarr\u00e0 completamente chiusa al transito viario, a partire dalla localita\u2019 Nadai e fino alla localit\u00e0 Casei.\u00a0 Verr\u00e0 concordato eventuale transito con l\u2019impresa compatibilmente con l\u2019avanzamento lavori. In questa prima fase per un periodo fino al 20 settembre\u00a0 sar\u00e0 possibile il transito durante i fine settimana e prima dell\u2019inizio e dopo la fine della giornata lavorativa.<\/p>\n<p>&nbsp;<\/p>\n<p>&nbsp;<\/p>\n<p>&nbsp;<\/p>\n<p>&nbsp;<\/p>\n<h2>L&#8217;ULTIMO APPUNTAMENTO CON AGORDO MUSICA, IL 18ESIMO DELL&#8217;ESTATE AGORDINA<\/h2>\n<p><a class=\"dt-pswp-item\" href=\"http:\/\/www.radiopiu.net\/wordpress\/wp-content\/uploads\/2019\/09\/th.jpg\" data-dt-img-description=\"\" data-large_image_width=\"236\" data-large_image_height=\"162\"><img loading=\"lazy\" decoding=\"async\" class=\"size-full wp-image-97720 alignleft\" src=\"http:\/\/www.radiopiu.net\/wordpress\/wp-content\/uploads\/2019\/09\/th.jpg\" alt=\"\" width=\"236\" height=\"162\" \/><\/a>Domenica alle\u00a0 11, allo Chalet Col dei Baldi, sotto il Civetta, si chiuder\u00e0 dopo 18 appuntamenti la rassegna estiva Musica nell&#8217;Agordino. Tanti appuntamenti, quest&#8217;anno particolarmente graditi da un pubblico numeroso, molto caloroso e partecipe, come si evince anche dai numerosi messaggi di apprezzamento e di incoraggiamento a proseguire questa iniziativa giunti agli organizzatori principali, Agordo Musica e Asolo Musica. Ed \u00e8 anche grazie alle richieste del pubblico che viene riproposto in questo finale, recupero di una giornata non svolta per maltempo, il recital dedicato al bosco, con prosa e poesie dialettali, dell&#8217;attore Sandro Buzzatti accompagnato dalle improvvisazioni al contrabbasso di Nelso Salton, gi\u00e0 tenutosi a luglio fra i boschi distrutti del Poi, sopra Forcella Aurine. Il concerto si svolger\u00e0 sulla terrazza dello Chalet Col dei Baldi, con panorama mozzafiato che merita una passeggiata di fine estate ammirando Pelmo, Civetta, ecc.<\/p>\n<p>&nbsp;<\/p>\n<p>&nbsp;<\/p>\n<p>&nbsp;<\/p>\n<p>&nbsp;<\/p>\n<p>&nbsp;<\/p>\n<h2>VOLTEGGI DA SUCCESSO PER LE AGORDINE A CAVALLO<\/h2>\n<p>Le ragazze del Pr Ranch di La Valle Agordina hanno\u00a0 disputato la terza tappa del campionato ENDAS di Volteggio. Le 16 ragazze hanno portato a casa un primo e terzo posto nella categoria F e un secondo un terzo ed un quarto posto nella categoria. <em>&#8220;Sono molto orgogliosa di queste ragazze &#8211; dice Donatella Dai Pra &#8211;\u00a0 praticano questo sport non sicuramente molto conosciuto ma\u00a0 molto difficile e coinvolgente una bella realt\u00e0 sportiva agordina che merita visibilit\u00e0&#8221;<\/em><\/p>\n<p><a class=\"dt-pswp-item\" href=\"http:\/\/www.radiopiu.net\/wordpress\/wp-content\/uploads\/2019\/09\/WhatsApp-Image-2019-09-08-at-18.32.49.jpeg\" data-dt-img-description=\"\" data-large_image_width=\"1368\" data-large_image_height=\"912\"><img loading=\"lazy\" decoding=\"async\" class=\"alignnone wp-image-97703\" src=\"http:\/\/www.radiopiu.net\/wordpress\/wp-content\/uploads\/2019\/09\/WhatsApp-Image-2019-09-08-at-18.32.49-300x200.jpeg\" alt=\"\" width=\"276\" height=\"184\" srcset=\"https:\/\/www.radiopiu.net\/wordpress\/wp-content\/uploads\/2019\/09\/WhatsApp-Image-2019-09-08-at-18.32.49-300x200.jpeg 300w, https:\/\/www.radiopiu.net\/wordpress\/wp-content\/uploads\/2019\/09\/WhatsApp-Image-2019-09-08-at-18.32.49-768x512.jpeg 768w, https:\/\/www.radiopiu.net\/wordpress\/wp-content\/uploads\/2019\/09\/WhatsApp-Image-2019-09-08-at-18.32.49-1024x683.jpeg 1024w, https:\/\/www.radiopiu.net\/wordpress\/wp-content\/uploads\/2019\/09\/WhatsApp-Image-2019-09-08-at-18.32.49.jpeg 1368w\" sizes=\"auto, (max-width: 276px) 100vw, 276px\" \/><\/a><a class=\"dt-pswp-item\" href=\"http:\/\/www.radiopiu.net\/wordpress\/wp-content\/uploads\/2019\/09\/WhatsApp-Image-2019-09-08-at-18.32.48.jpeg\" data-dt-img-description=\"\" data-large_image_width=\"1368\" data-large_image_height=\"912\"><img loading=\"lazy\" decoding=\"async\" class=\"alignnone wp-image-97702\" src=\"http:\/\/www.radiopiu.net\/wordpress\/wp-content\/uploads\/2019\/09\/WhatsApp-Image-2019-09-08-at-18.32.48-300x200.jpeg\" alt=\"\" width=\"275\" height=\"183\" srcset=\"https:\/\/www.radiopiu.net\/wordpress\/wp-content\/uploads\/2019\/09\/WhatsApp-Image-2019-09-08-at-18.32.48-300x200.jpeg 300w, https:\/\/www.radiopiu.net\/wordpress\/wp-content\/uploads\/2019\/09\/WhatsApp-Image-2019-09-08-at-18.32.48-768x512.jpeg 768w, https:\/\/www.radiopiu.net\/wordpress\/wp-content\/uploads\/2019\/09\/WhatsApp-Image-2019-09-08-at-18.32.48-1024x683.jpeg 1024w, https:\/\/www.radiopiu.net\/wordpress\/wp-content\/uploads\/2019\/09\/WhatsApp-Image-2019-09-08-at-18.32.48.jpeg 1368w\" sizes=\"auto, (max-width: 275px) 100vw, 275px\" \/><\/a><a class=\"dt-pswp-item\" href=\"http:\/\/www.radiopiu.net\/wordpress\/wp-content\/uploads\/2019\/09\/WhatsApp-Image-2019-09-08-at-18.32.47.jpeg\" data-dt-img-description=\"\" data-large_image_width=\"1024\" data-large_image_height=\"576\"><img loading=\"lazy\" decoding=\"async\" class=\"alignnone wp-image-97701\" src=\"http:\/\/www.radiopiu.net\/wordpress\/wp-content\/uploads\/2019\/09\/WhatsApp-Image-2019-09-08-at-18.32.47-300x169.jpeg\" alt=\"\" width=\"323\" height=\"183\" srcset=\"https:\/\/www.radiopiu.net\/wordpress\/wp-content\/uploads\/2019\/09\/WhatsApp-Image-2019-09-08-at-18.32.47-300x169.jpeg 300w, https:\/\/www.radiopiu.net\/wordpress\/wp-content\/uploads\/2019\/09\/WhatsApp-Image-2019-09-08-at-18.32.47-768x432.jpeg 768w, https:\/\/www.radiopiu.net\/wordpress\/wp-content\/uploads\/2019\/09\/WhatsApp-Image-2019-09-08-at-18.32.47.jpeg 1024w\" sizes=\"auto, (max-width: 323px) 100vw, 323px\" \/><\/a><a class=\"dt-pswp-item\" href=\"http:\/\/www.radiopiu.net\/wordpress\/wp-content\/uploads\/2019\/09\/WhatsApp-Image-2019-09-08-at-18.32.47-1.jpeg\" data-dt-img-description=\"\" data-large_image_width=\"1368\" data-large_image_height=\"912\"><img loading=\"lazy\" decoding=\"async\" class=\"alignnone wp-image-97700\" src=\"http:\/\/www.radiopiu.net\/wordpress\/wp-content\/uploads\/2019\/09\/WhatsApp-Image-2019-09-08-at-18.32.47-1-300x200.jpeg\" alt=\"\" width=\"274\" height=\"182\" srcset=\"https:\/\/www.radiopiu.net\/wordpress\/wp-content\/uploads\/2019\/09\/WhatsApp-Image-2019-09-08-at-18.32.47-1-300x200.jpeg 300w, https:\/\/www.radiopiu.net\/wordpress\/wp-content\/uploads\/2019\/09\/WhatsApp-Image-2019-09-08-at-18.32.47-1-768x512.jpeg 768w, https:\/\/www.radiopiu.net\/wordpress\/wp-content\/uploads\/2019\/09\/WhatsApp-Image-2019-09-08-at-18.32.47-1-1024x683.jpeg 1024w, https:\/\/www.radiopiu.net\/wordpress\/wp-content\/uploads\/2019\/09\/WhatsApp-Image-2019-09-08-at-18.32.47-1.jpeg 1368w\" sizes=\"auto, (max-width: 274px) 100vw, 274px\" \/><\/a><\/p>\n<p>&nbsp;<\/p>\n<p>&nbsp;<\/p>\n<p>&nbsp;<\/p>\n<p>&nbsp;<\/p>\n<blockquote class=\"wp-embedded-content\" data-secret=\"oZ8TK6HkQK\"><p><a href=\"http:\/\/www.radiopiu.net\/wordpress\/dal-nord-dimenticato-dal-nuovo-governo-arriva-quasi-la-meta-del-pil-delle-tasse-degli-occupati-e-degli-investimenti\/\">DAL NORD (\u201cDIMENTICATO\u201d DAL NUOVO GOVERNO), ARRIVA QUASI LA META\u2019 DEL PIL, DELLE TASSE, DEGLI OCCUPATI E DEGLI INVESTIMENTI<\/a><\/p><\/blockquote>\n<p><iframe loading=\"lazy\" title=\"&#8220;DAL NORD (\u201cDIMENTICATO\u201d DAL NUOVO GOVERNO), ARRIVA QUASI LA META\u2019 DEL PIL, DELLE TASSE, DEGLI OCCUPATI E DEGLI INVESTIMENTI&#8221; &#8212; Radio Pi\u00f9\" class=\"wp-embedded-content\" sandbox=\"allow-scripts\" security=\"restricted\" style=\"position: absolute; clip: rect(1px, 1px, 1px, 1px);\" src=\"http:\/\/www.radiopiu.net\/wordpress\/dal-nord-dimenticato-dal-nuovo-governo-arriva-quasi-la-meta-del-pil-delle-tasse-degli-occupati-e-degli-investimenti\/embed\/#?secret=oZ8TK6HkQK\" data-secret=\"oZ8TK6HkQK\" width=\"600\" height=\"338\" frameborder=\"0\" marginwidth=\"0\" marginheight=\"0\" scrolling=\"no\"><\/iframe><\/p>\n<p>&nbsp;<\/p>\n<p>&nbsp;<\/p>\n<p>&nbsp;<\/p>\n<p><a class=\"dt-pswp-item\" href=\"http:\/\/www.radiopiu.net\/wordpress\/wp-content\/uploads\/2018\/09\/appuntamenti.jpeg\" data-dt-img-description=\"\" data-large_image_width=\"800\" data-large_image_height=\"100\"><img loading=\"lazy\" decoding=\"async\" class=\"aligncenter wp-image-61958 size-full\" src=\"http:\/\/www.radiopiu.net\/wordpress\/wp-content\/uploads\/2018\/09\/appuntamenti.jpeg\" alt=\"\" width=\"800\" height=\"100\" srcset=\"https:\/\/www.radiopiu.net\/wordpress\/wp-content\/uploads\/2018\/09\/appuntamenti.jpeg 800w, https:\/\/www.radiopiu.net\/wordpress\/wp-content\/uploads\/2018\/09\/appuntamenti-300x38.jpeg 300w, https:\/\/www.radiopiu.net\/wordpress\/wp-content\/uploads\/2018\/09\/appuntamenti-768x96.jpeg 768w\" sizes=\"auto, (max-width: 800px) 100vw, 800px\" \/><\/a><\/p>\n<h2><\/h2>\n<h2>FAMILY AUDIT,\u00a0 LA PRESENTAZIONE IN MUNICIPIO<\/h2>\n<p><strong>FELTRE<\/strong> Oggi alle 12 presso la sede municipale sar\u00e0 presentato il progetto progetto &#8220;Family Audit, un cambiamento culturale per il territorio bellunese&#8221;. Saranno presenti il sindaco di Feltre Paolo Perenzin, l\u2019assessore alle politiche del lavoro e della famiglia Debora Nicoletto e i rappresentanti del Consorzio Bim Piave, della Provincia di Belluno, di Confindustria Belluno Dolomiti e delle Organizzazioni Sindacali.<\/p>\n<p>&nbsp;<\/p>\n<p>&nbsp;<\/p>\n<h2>IL NUOVO MONUMENTO AI VIGILI DEL FUOCO<\/h2>\n<p><strong>BELLUNO<\/strong> Mercoledi 11 settembre sar\u00e0 ufficialmente inaugurato il Monumento dedicato ai vigili del fuoco al bivio di via Col da Ren, via Marisiga a Belluno. Al taglio del nastro previsto per le 11 presenzier\u00e0 il Presidente dell&#8217;Associazione Nazionale Vigili del Fuoco Sezione di Belluno, il Comandante provinciale e il sindaco di Belluno.<\/p>\n<p>&nbsp;<\/p>\n<p>&nbsp;<\/p>\n<p>&nbsp;<\/p>\n<h2>FINE SETTIMANA CON I MOTORI<\/h2>\n<p><strong>AGORDO<\/strong> Dolomiti racing motorsport, in collaborazione con Tormen Motorsport e il patrocinio del Comune di Agordo organizza per domenica 15 settembre al terzo dolomiti racing motor party. Dalle 10 del mattino e per tutto il giorno in localita&#8217; Valcozzena\u00a0con il taxi rally, per un giorno, puoi essere tu il navigatore di una delle due mitiche lancia delta evo da oltre 400 cavalli. Sara&#8217; presente anche la formula tre renault del pilota agordino Denis Mezzacasa. Funzionera&#8217; un chiosco con panini e bibite, e la musica di dj energy. \u00a0info al 348 7368715<\/p>\n<p>&nbsp;<\/p>\n<p>&nbsp;<\/p>\n<p>&nbsp;<\/p>\n<h2>A FARGONA, SAGRA E RICORDI<\/h2>\n<p><strong>CANALE D&#8217;AGORDO Sabato<\/strong> 14 e domenica\u00a0 15 settembre sagra con l&#8217;associazione Ki da Fargona. Nell&#8217;ambito della festa &#8220;Doi varc entorn Frena&#8221;, primo memorial Bepino De Ventura, gara i corsa in montagna non competitiva quasi interamente su terreno sterrato. Sabato 14 settembre alle 11, iscrizioni sotto al tendone dalle 9.15, gadget tecnico per i primi 150 iscritti e buono pasta party. info 3331850468<\/p>\n<p><span style=\"color: #ff0000;\">SAGRA FREGONA, LO SPOT ALLA RADIO<\/span><\/p>\n<audio class=\"wp-audio-shortcode\" id=\"audio-97697-6\" preload=\"none\" style=\"width: 100%;\" controls=\"controls\"><source type=\"audio\/mpeg\" src=\"http:\/\/www.radiopiu.net\/wordpress\/wp-content\/uploads\/2019\/09\/SAGRA-FREGONA.mp3?_=6\" \/><a href=\"http:\/\/www.radiopiu.net\/wordpress\/wp-content\/uploads\/2019\/09\/SAGRA-FREGONA.mp3\">http:\/\/www.radiopiu.net\/wordpress\/wp-content\/uploads\/2019\/09\/SAGRA-FREGONA.mp3<\/a><\/audio>\n<h3><\/h3>\n<p>&nbsp;<\/p>\n<p>&nbsp;<\/p>\n<p>&nbsp;<\/p>\n<h2>SESSANTA GIOCHI DI UNA VOLTA&#8230; PER TUTTI.<\/h2>\n<h3><a class=\"dt-pswp-item\" href=\"http:\/\/www.radiopiu.net\/wordpress\/wp-content\/uploads\/2019\/09\/LUDOTECA-BASSA-RISOLUZIONE.jpg\" data-dt-img-description=\"\" data-large_image_width=\"1754\" data-large_image_height=\"2480\"><img loading=\"lazy\" decoding=\"async\" class=\" wp-image-96899 alignleft\" src=\"http:\/\/www.radiopiu.net\/wordpress\/wp-content\/uploads\/2019\/09\/LUDOTECA-BASSA-RISOLUZIONE-212x300.jpg\" alt=\"\" width=\"166\" height=\"235\" srcset=\"https:\/\/www.radiopiu.net\/wordpress\/wp-content\/uploads\/2019\/09\/LUDOTECA-BASSA-RISOLUZIONE-212x300.jpg 212w, https:\/\/www.radiopiu.net\/wordpress\/wp-content\/uploads\/2019\/09\/LUDOTECA-BASSA-RISOLUZIONE-768x1086.jpg 768w, https:\/\/www.radiopiu.net\/wordpress\/wp-content\/uploads\/2019\/09\/LUDOTECA-BASSA-RISOLUZIONE-724x1024.jpg 724w, https:\/\/www.radiopiu.net\/wordpress\/wp-content\/uploads\/2019\/09\/LUDOTECA-BASSA-RISOLUZIONE.jpg 1754w\" sizes=\"auto, (max-width: 166px) 100vw, 166px\" \/><\/a><\/h3>\n<h3><\/h3>\n<h3><\/h3>\n<p><strong>CENCENIGHE<\/strong> Alla riscoperta del gioco perduto, sabato 14 settembre dalle 14 in poi presso il piazzale del Nof Filo&#8217; di Cencenighe, sessanta giochi di una volta con entrata libera e merenda per tutti. In caso di maltempo all&#8217;interno del Nof Filo&#8217;.<\/p>\n<p><strong>L&#8217;INTERVISTA ALLA RADIO<\/strong><\/p>\n<p>&nbsp;<\/p>\n<p>&nbsp;<\/p>\n<audio class=\"wp-audio-shortcode\" id=\"audio-97697-7\" preload=\"none\" style=\"width: 100%;\" controls=\"controls\"><source type=\"audio\/mpeg\" src=\"http:\/\/www.radiopiu.net\/wordpress\/wp-content\/uploads\/2019\/09\/giochi-di-una-volta-irina-baiolla-scade-14-settembre.mp3?_=7\" \/><a href=\"http:\/\/www.radiopiu.net\/wordpress\/wp-content\/uploads\/2019\/09\/giochi-di-una-volta-irina-baiolla-scade-14-settembre.mp3\">http:\/\/www.radiopiu.net\/wordpress\/wp-content\/uploads\/2019\/09\/giochi-di-una-volta-irina-baiolla-scade-14-settembre.mp3<\/a><\/audio>\n<p>&nbsp;<\/p>\n<p>&nbsp;<\/p>\n<p>&nbsp;<\/p>\n<h3>SABATO ALLA RADIO, LA SESTA\u00a0 DELLE 10 PUNTATE DOLOMITI FLASH, DI CLAUDIO PRA<\/h3>\n<div style=\"width: 1200px;\" class=\"wp-video\"><video class=\"wp-video-shortcode\" id=\"video-97697-1\" width=\"1200\" height=\"675\" preload=\"metadata\" controls=\"controls\"><source type=\"video\/mp4\" src=\"http:\/\/www.radiopiu.net\/wordpress\/wp-content\/uploads\/2019\/09\/Dolomiti-Flash-6.mp4?_=1\" \/><a href=\"http:\/\/www.radiopiu.net\/wordpress\/wp-content\/uploads\/2019\/09\/Dolomiti-Flash-6.mp4\">http:\/\/www.radiopiu.net\/wordpress\/wp-content\/uploads\/2019\/09\/Dolomiti-Flash-6.mp4<\/a><\/video><\/div>\n<p>&nbsp;<\/p>\n<p>&nbsp;<\/p>\n<p>&nbsp;<\/p>\n<h3><a class=\"dt-pswp-item\" href=\"http:\/\/www.radiopiu.net\/wordpress\/wp-content\/uploads\/2018\/09\/sport.jpg\" data-dt-img-description=\"\" data-large_image_width=\"800\" data-large_image_height=\"100\"><img loading=\"lazy\" decoding=\"async\" class=\"aligncenter wp-image-60761 size-full\" src=\"http:\/\/www.radiopiu.net\/wordpress\/wp-content\/uploads\/2018\/09\/sport.jpg\" alt=\"\" width=\"800\" height=\"100\" srcset=\"https:\/\/www.radiopiu.net\/wordpress\/wp-content\/uploads\/2018\/09\/sport.jpg 800w, https:\/\/www.radiopiu.net\/wordpress\/wp-content\/uploads\/2018\/09\/sport-300x38.jpg 300w, https:\/\/www.radiopiu.net\/wordpress\/wp-content\/uploads\/2018\/09\/sport-768x96.jpg 768w\" sizes=\"auto, (max-width: 800px) 100vw, 800px\" \/><\/a><\/h3>\n<h2><strong>COPPA DOLOMITI TERZA CATEGORIA<\/strong><\/h2>\n<p><strong>LENTIAI \u2013 AGORDINA 3-3<\/strong><\/p>\n<p><a class=\"dt-pswp-item\" href=\"http:\/\/www.radiopiu.net\/wordpress\/wp-content\/uploads\/2019\/09\/AGORDINA-CALCIO.jpeg\" data-dt-img-description=\"\" data-large_image_width=\"225\" data-large_image_height=\"225\"><img loading=\"lazy\" decoding=\"async\" class=\" wp-image-97575 alignleft\" src=\"http:\/\/www.radiopiu.net\/wordpress\/wp-content\/uploads\/2019\/09\/AGORDINA-CALCIO.jpeg\" alt=\"\" width=\"159\" height=\"159\" srcset=\"https:\/\/www.radiopiu.net\/wordpress\/wp-content\/uploads\/2019\/09\/AGORDINA-CALCIO.jpeg 225w, https:\/\/www.radiopiu.net\/wordpress\/wp-content\/uploads\/2019\/09\/AGORDINA-CALCIO-150x150.jpeg 150w\" sizes=\"auto, (max-width: 159px) 100vw, 159px\" \/><\/a>Termina con un pareggio la prima vera uscita ufficiale dell&#8217;Agordina di Marco Lorenzi. La squadra di Agordo agguanta un punto in classifica in extremis, dopo 7&#8242; di recupero. Tutto ancora da decidere per il passaggio del turno della Coppa Dolomiti. Infatti la squadra di Borgo Valbelluna al momento \u00e8 in testa con 4 punti ma l&#8217;Agordina pu\u00f2 ancora sperare. Gli agordini dovranno vincere con almeno 3 gol di scarto nella sfida contro il Sois per accedere alla fase finale.<\/p>\n<p>Squadra di Agordo che passa in vantaggio con Flavio De Lazzer. I padroni di casa pareggiano i conti su una respinta corta del portiere agordino. Gli uomini di Lorenzi riescono a riportarsi avanti grazie ad un rigore di Zannoni ma a fine primo tempo il Lentiai pareggia di nuovo. Padroni di casa che entrano in campo pi\u00f9 convinti dopo il riposo colpendo 2 pali prima di trovare la rete del vantaggio su punizione. Agordina che prova il tutto per tutto e al 97&#8242; David Del Chin sigla la rete del definitivo 3 a 3.<\/p>\n<p>La prossima settimana inizia il Campionato di Terza Categoria e l&#8217;Agordina giocher\u00e0 in casa contro la Feltrese 1910.<\/p>\n<p><strong>ALLIEVI REGIONAL<\/strong>I<\/p>\n<p>TEAM BIANCOROSSI \u2013 UNION SAN GIORGIO SEDICO 2-0<\/p>\n<p>Inizia con il piede sbagliato il campionato regionale per gli allievi del San Giorgio Sedico. Subito una sconfitta per la squadra allenata da Tormen che contro i trevigiani del Team Biancorossi perde con 2 gol di scarto.<\/p>\n<p>Padroni di casa subito all&#8217;attacco con il portiere sedicense che blocca la prima occasione. Vantaggio trevigiano al 14&#8242; su calcio di punizione. Un gol che atterra la squadra bellunese e la prima frazione termina su l&#8217;1 a 0.<\/p>\n<p>Nella ripresa i giocatori giocano sotto una pioggia incessante ma i Biancorossi tengono in mano la partita e al 76&#8242; raddoppiano. Errore difensivo del San Giorgio e trevigiani che chiudono il match.<\/p>\n<p>&nbsp;<\/p>\n<p>&nbsp;<\/p>\n<blockquote>\n<h2><strong>HOCKEY UNDER 19<\/strong><\/h2>\n<\/blockquote>\n<p><strong>ALLEGHE \u2013 ASIAGO 8-9<\/strong><\/p>\n<p>PARZIALI: 4-3, 2-2, 2-4<\/p>\n<p>GOL ALLEGHE: pt. 7&#8217;31\u201d Giolai, 7&#8217;57\u201d Ploner, 9&#8217;03\u201d Biondi, 15&#8217;04\u201d Defrancesco. st. 2&#8217;49\u201d Defrancesco, 8&#8217;34\u201d Deluca. tt. 3&#8217;53\u201d Giolai, 17&#8217;15\u201d De Toni<\/p>\n<p><a class=\"dt-pswp-item\" href=\"http:\/\/www.radiopiu.net\/wordpress\/wp-content\/uploads\/2019\/01\/AE7A9D38-59B1-49C9-9B49-6662F54D0440.jpeg\" data-dt-img-description=\"\" data-large_image_width=\"1300\" data-large_image_height=\"1300\"><img loading=\"lazy\" decoding=\"async\" class=\"size-medium wp-image-71463 alignright\" src=\"http:\/\/www.radiopiu.net\/wordpress\/wp-content\/uploads\/2019\/01\/AE7A9D38-59B1-49C9-9B49-6662F54D0440-300x300.jpeg\" alt=\"\" width=\"300\" height=\"300\" srcset=\"https:\/\/www.radiopiu.net\/wordpress\/wp-content\/uploads\/2019\/01\/AE7A9D38-59B1-49C9-9B49-6662F54D0440-300x300.jpeg 300w, https:\/\/www.radiopiu.net\/wordpress\/wp-content\/uploads\/2019\/01\/AE7A9D38-59B1-49C9-9B49-6662F54D0440-150x150.jpeg 150w, https:\/\/www.radiopiu.net\/wordpress\/wp-content\/uploads\/2019\/01\/AE7A9D38-59B1-49C9-9B49-6662F54D0440-768x768.jpeg 768w, https:\/\/www.radiopiu.net\/wordpress\/wp-content\/uploads\/2019\/01\/AE7A9D38-59B1-49C9-9B49-6662F54D0440-1024x1024.jpeg 1024w, https:\/\/www.radiopiu.net\/wordpress\/wp-content\/uploads\/2019\/01\/AE7A9D38-59B1-49C9-9B49-6662F54D0440.jpeg 1300w\" sizes=\"auto, (max-width: 300px) 100vw, 300px\" \/><\/a>17 gol per decidere la partita tra Alleghe ed Asiago. Le Civette perdono all&#8217;esordio dopo una partita al cardiopalma. Padroni di casa che giocano bene per 40&#8242; poi concedono troppo ai vicentini che nel terzo drittel chiudono la sfida incamerando i primi 3 punti stagionali.<\/p>\n<p>Prima frazione pirotecnica con ben 7 gol messi a segno dalle due squadre. Subito in vantaggio l&#8217;Asiago ma le civette vanno segno con Giolai, Ploner, Biondi e Defrancesco. I vicentini si svegliano nel finale di tempo accorciando le distanze due volte. Nel drittel centrale gli alleghesi allungano con Defrancesco e Deluca ma l&#8217;Asiago risponde riportando ad un solo gol di distacco il match. Continua il botta e risposta anche nel terzo tempo con l&#8217;Alleghe che va in gol con Giolai ma i vicentini rispondono subito, pareggiano i conti e poi allungano. Alleghesi che si svegliano a fine partita con De Toni che porta la partita sul 8 a 9 ma gli affondi del finale non danno i frutti sperati.<\/p>\n<p>&nbsp;<\/p>\n<p>&nbsp;<\/p>\n<p>&nbsp;<\/p>\n<h2>CALCIO A 5 POLPET&#8230;6\u00b0 MEMORIAL BRUNO LONGHI<\/h2>\n<p>All\u2019interno della manifestazione \u201cLA SAGRA DI POLPET\u201d e presso i campi da gioco del campo sportivo di Ponte nelle Alpi (BL), si e\u0300 svolto il torneo dell\u2019amicizia di calcio a 5 dell\u2019I.P.A. \u2013 6\u00b0 memorial Longhi Bruno, organizzato dall\u2019I.P.A. &#8211; International Police Association \u2013 Esecutivo Locale di Belluno, in memoria del precedente Presidente, Longhi Bruno, Luogotenente in quiescenza dell\u2019Arma dei Carabinieri, prematuramente scomparso a giugno 2013. Al torneo hanno partecipato le squadre locali delle Forze di Polizia, in servizio e non, dell\u2019I.P.A. e quelle vicine ai principi propri di questa Associazione. Le partite delle fasi finali: semifinale 1: Carabinieri di Belluno &#8211; Polizia Penitenziaria di Belluno 3 a 1;\u00a0 semifinale 2: Sostenitori delle Forze Armate &#8211; Questura di Belluno2 a 1.\u00a0 finale 3\u00b0-4\u00b0 posto: Polizia Penitenziaria di Belluno &#8211; Questura di Belluno 2 a 1. finale 1\u00b0-2\u00b0 posto: : Sostenitori delle Forze Armate &#8211; Carabinieri di Belluno 3 a 1 Classifica finale: 1\u00b0\u00a0 Sostenitori delle Forze Armate 2\u00b0 Carabinieri di Belluno 3\u00b0 Polizia Penitenziaria di Belluno 4\u00b0 Questura di Belluno Premi speciali: Daniele Murer dei Carabinieri di Belluno miglior portiere;\u00a0 Alessandro Viel dei Sostenitori delle Forze Armate\u00a0 miglior giocatore. Coppa dell\u2019Amicizia-Servo per Amikeco alla squadra degli Avvocati di Belluno. D\u2019intesa con gli organizzatori della \u201cSAGRA DI POLPET\u201d, come per le precedenti edizioni, parte del ricavato del torneo sara\u0300 devoluto all\u2019A.I.L. &#8211; Associazione Italiana contro le Leucemie di Belluno.<\/p>\n<blockquote><p><em>L\u2019I.P.A. &#8211; International Police Association e\u0300 un\u2019associazione che riunisce al suo interno gli appartenenti, in servizio attivo e in quiescenza, di tutte le Forze di Polizia e Vigili del Fuoco del mondo, senza fini di lucro, senza distinzione di razza, di religione, di sesso, di grado, di lingua ed e\u0300 apartitica, apolitica e aconfessionale. Le finalita\u0300 dell\u2019associazione sono di curare l\u2019unione, l\u2019intesa, l\u2019affratellamento degli appartenenti alle diverse FF.PP. e VV.FF., promuovendo e incoraggiando iniziative di carattere professionale, culturale, ricreativo, sociale, sportivo e benefico. Il motto dell\u2019I.P.A. in lingua Esperanto e\u0300 \u201cSERVO PER AMIKECO\u201d, tradotto in lingua italiana \u201cSERVIRE ATTRAVERSO L\u2019AMICIZIA\u201d. L\u2019I.P.A. Internazionale e\u0300 nata nel 1949, l\u2019I.P.A. Italia fu fondata nel 1957, mentre l\u2019Esecutivo Locale di Belluno dell\u2019I.P.A. e\u0300 sorto nel 1986.<\/em><\/p><\/blockquote>\n<p>&nbsp;<\/p>\n<p><strong>LA FOTOGALLERY DELL&#8217;EVENTO<\/strong><\/p>\n\n\t\t\t<style type='text\/css'>\n\t\t\t\t#gallery-1 {\n\t\t\t\t\tmargin: auto;\n\t\t\t\t}\n\t\t\t\t#gallery-1 .gallery-item {\n\t\t\t\t\tfloat: left;\n\t\t\t\t\tmargin-top: 10px;\n\t\t\t\t\ttext-align: center;\n\t\t\t\t\twidth: 33%;\n\t\t\t\t}\n\t\t\t\t#gallery-1 img {\n\t\t\t\t\tborder: 2px solid #cfcfcf;\n\t\t\t\t}\n\t\t\t\t#gallery-1 .gallery-caption {\n\t\t\t\t\tmargin-left: 0;\n\t\t\t\t}\n\t\t\t\t\/* see gallery_shortcode() in wp-includes\/media.php *\/\n\t\t\t<\/style>\n\t\t<div id='gallery-1' class='dt-gallery-container gallery galleryid-97697 gallery-columns-3 gallery-size-medium'><dl class='gallery-item'>\n\t\t\t\t<dt class='gallery-icon landscape'>\n\t\t\t\t\t<a class=\"rollover\" href='https:\/\/www.radiopiu.net\/wordpress\/calcio-a-5-polpet-6-memorial-bruno-longhi\/calcio-a-5-polpet-foto-gruppo\/'><img loading=\"lazy\" decoding=\"async\" width=\"300\" height=\"225\" src=\"https:\/\/www.radiopiu.net\/wordpress\/wp-content\/uploads\/2019\/09\/CALCIO-A-5-POLPET-FOTO-GRUPPO-300x225.jpg\" class=\"attachment-medium size-medium\" alt=\"\" srcset=\"https:\/\/www.radiopiu.net\/wordpress\/wp-content\/uploads\/2019\/09\/CALCIO-A-5-POLPET-FOTO-GRUPPO-300x225.jpg 300w, https:\/\/www.radiopiu.net\/wordpress\/wp-content\/uploads\/2019\/09\/CALCIO-A-5-POLPET-FOTO-GRUPPO-768x576.jpg 768w, https:\/\/www.radiopiu.net\/wordpress\/wp-content\/uploads\/2019\/09\/CALCIO-A-5-POLPET-FOTO-GRUPPO-1024x768.jpg 1024w, https:\/\/www.radiopiu.net\/wordpress\/wp-content\/uploads\/2019\/09\/CALCIO-A-5-POLPET-FOTO-GRUPPO.jpg 1280w\" sizes=\"auto, (max-width: 300px) 100vw, 300px\" \/><\/a>\n\t\t\t\t<\/dt><\/dl><dl class='gallery-item'>\n\t\t\t\t<dt class='gallery-icon landscape'>\n\t\t\t\t\t<a class=\"rollover\" href='https:\/\/www.radiopiu.net\/wordpress\/calcio-a-5-polpet-6-memorial-bruno-longhi\/calcio-a-5-polpet-finale-1-2-posto\/'><img loading=\"lazy\" decoding=\"async\" width=\"300\" height=\"146\" src=\"https:\/\/www.radiopiu.net\/wordpress\/wp-content\/uploads\/2019\/09\/CALCIO-A-5-POLPET-FINALE-1-2-POSTO-300x146.jpg\" class=\"attachment-medium size-medium\" alt=\"\" srcset=\"https:\/\/www.radiopiu.net\/wordpress\/wp-content\/uploads\/2019\/09\/CALCIO-A-5-POLPET-FINALE-1-2-POSTO-300x146.jpg 300w, https:\/\/www.radiopiu.net\/wordpress\/wp-content\/uploads\/2019\/09\/CALCIO-A-5-POLPET-FINALE-1-2-POSTO-768x373.jpg 768w, https:\/\/www.radiopiu.net\/wordpress\/wp-content\/uploads\/2019\/09\/CALCIO-A-5-POLPET-FINALE-1-2-POSTO-1024x498.jpg 1024w, https:\/\/www.radiopiu.net\/wordpress\/wp-content\/uploads\/2019\/09\/CALCIO-A-5-POLPET-FINALE-1-2-POSTO.jpg 1280w\" sizes=\"auto, (max-width: 300px) 100vw, 300px\" \/><\/a>\n\t\t\t\t<\/dt><\/dl><dl class='gallery-item'>\n\t\t\t\t<dt class='gallery-icon landscape'>\n\t\t\t\t\t<a class=\"rollover\" href='https:\/\/www.radiopiu.net\/wordpress\/calcio-a-5-polpet-6-memorial-bruno-longhi\/calcio-a-5-polpet-finale-3-4-posto\/'><img loading=\"lazy\" decoding=\"async\" width=\"300\" height=\"146\" src=\"https:\/\/www.radiopiu.net\/wordpress\/wp-content\/uploads\/2019\/09\/CALCIO-A-5-POLPET-FINALE-3-4-POSTO-300x146.jpg\" class=\"attachment-medium size-medium\" alt=\"\" srcset=\"https:\/\/www.radiopiu.net\/wordpress\/wp-content\/uploads\/2019\/09\/CALCIO-A-5-POLPET-FINALE-3-4-POSTO-300x146.jpg 300w, https:\/\/www.radiopiu.net\/wordpress\/wp-content\/uploads\/2019\/09\/CALCIO-A-5-POLPET-FINALE-3-4-POSTO-768x373.jpg 768w, https:\/\/www.radiopiu.net\/wordpress\/wp-content\/uploads\/2019\/09\/CALCIO-A-5-POLPET-FINALE-3-4-POSTO-1024x498.jpg 1024w, https:\/\/www.radiopiu.net\/wordpress\/wp-content\/uploads\/2019\/09\/CALCIO-A-5-POLPET-FINALE-3-4-POSTO.jpg 1280w\" sizes=\"auto, (max-width: 300px) 100vw, 300px\" \/><\/a>\n\t\t\t\t<\/dt><\/dl><br style=\"clear: both\" \/><dl class='gallery-item'>\n\t\t\t\t<dt class='gallery-icon landscape'>\n\t\t\t\t\t<a class=\"rollover\" href='https:\/\/www.radiopiu.net\/wordpress\/calcio-a-5-polpet-6-memorial-bruno-longhi\/calcio-a-5-polpet-guardia-finanza-belluno\/'><img loading=\"lazy\" decoding=\"async\" width=\"300\" height=\"146\" src=\"https:\/\/www.radiopiu.net\/wordpress\/wp-content\/uploads\/2019\/09\/CALCIO-A-5-POLPET-GUARDIA-FINANZA-BELLUNO-300x146.jpg\" class=\"attachment-medium size-medium\" alt=\"\" srcset=\"https:\/\/www.radiopiu.net\/wordpress\/wp-content\/uploads\/2019\/09\/CALCIO-A-5-POLPET-GUARDIA-FINANZA-BELLUNO-300x146.jpg 300w, https:\/\/www.radiopiu.net\/wordpress\/wp-content\/uploads\/2019\/09\/CALCIO-A-5-POLPET-GUARDIA-FINANZA-BELLUNO-768x373.jpg 768w, https:\/\/www.radiopiu.net\/wordpress\/wp-content\/uploads\/2019\/09\/CALCIO-A-5-POLPET-GUARDIA-FINANZA-BELLUNO-1024x498.jpg 1024w, https:\/\/www.radiopiu.net\/wordpress\/wp-content\/uploads\/2019\/09\/CALCIO-A-5-POLPET-GUARDIA-FINANZA-BELLUNO.jpg 1280w\" sizes=\"auto, (max-width: 300px) 100vw, 300px\" \/><\/a>\n\t\t\t\t<\/dt><\/dl><dl class='gallery-item'>\n\t\t\t\t<dt class='gallery-icon landscape'>\n\t\t\t\t\t<a class=\"rollover\" href='https:\/\/www.radiopiu.net\/wordpress\/calcio-a-5-polpet-6-memorial-bruno-longhi\/calcio-a-5-polpet-avvocati-belluno\/'><img loading=\"lazy\" decoding=\"async\" width=\"300\" height=\"146\" src=\"https:\/\/www.radiopiu.net\/wordpress\/wp-content\/uploads\/2019\/09\/CALCIO-A-5-POLPET-AVVOCATI-BELLUNO-300x146.jpg\" class=\"attachment-medium size-medium\" alt=\"\" srcset=\"https:\/\/www.radiopiu.net\/wordpress\/wp-content\/uploads\/2019\/09\/CALCIO-A-5-POLPET-AVVOCATI-BELLUNO-300x146.jpg 300w, https:\/\/www.radiopiu.net\/wordpress\/wp-content\/uploads\/2019\/09\/CALCIO-A-5-POLPET-AVVOCATI-BELLUNO-768x373.jpg 768w, https:\/\/www.radiopiu.net\/wordpress\/wp-content\/uploads\/2019\/09\/CALCIO-A-5-POLPET-AVVOCATI-BELLUNO-1024x498.jpg 1024w, https:\/\/www.radiopiu.net\/wordpress\/wp-content\/uploads\/2019\/09\/CALCIO-A-5-POLPET-AVVOCATI-BELLUNO.jpg 1280w\" sizes=\"auto, (max-width: 300px) 100vw, 300px\" \/><\/a>\n\t\t\t\t<\/dt><\/dl><dl class='gallery-item'>\n\t\t\t\t<dt class='gallery-icon landscape'>\n\t\t\t\t\t<a class=\"rollover\" href='https:\/\/www.radiopiu.net\/wordpress\/calcio-a-5-polpet-6-memorial-bruno-longhi\/calcio-a-5-polpet-ipa-vicenza\/'><img loading=\"lazy\" decoding=\"async\" width=\"300\" height=\"146\" src=\"https:\/\/www.radiopiu.net\/wordpress\/wp-content\/uploads\/2019\/09\/CALCIO-A-5-POLPET-IPA-VICENZA-300x146.jpg\" class=\"attachment-medium size-medium\" alt=\"\" srcset=\"https:\/\/www.radiopiu.net\/wordpress\/wp-content\/uploads\/2019\/09\/CALCIO-A-5-POLPET-IPA-VICENZA-300x146.jpg 300w, https:\/\/www.radiopiu.net\/wordpress\/wp-content\/uploads\/2019\/09\/CALCIO-A-5-POLPET-IPA-VICENZA-768x373.jpg 768w, https:\/\/www.radiopiu.net\/wordpress\/wp-content\/uploads\/2019\/09\/CALCIO-A-5-POLPET-IPA-VICENZA-1024x498.jpg 1024w, https:\/\/www.radiopiu.net\/wordpress\/wp-content\/uploads\/2019\/09\/CALCIO-A-5-POLPET-IPA-VICENZA.jpg 1280w\" sizes=\"auto, (max-width: 300px) 100vw, 300px\" \/><\/a>\n\t\t\t\t<\/dt><\/dl><br style=\"clear: both\" \/><dl class='gallery-item'>\n\t\t\t\t<dt class='gallery-icon landscape'>\n\t\t\t\t\t<a class=\"rollover\" href='https:\/\/www.radiopiu.net\/wordpress\/calcio-a-5-polpet-6-memorial-bruno-longhi\/calcio-a-5-polpet-sostenitori-delle-forze-armate\/'><img loading=\"lazy\" decoding=\"async\" width=\"300\" height=\"146\" src=\"https:\/\/www.radiopiu.net\/wordpress\/wp-content\/uploads\/2019\/09\/CALCIO-A-5-POLPET-SOSTENITORI-DELLE-FORZE-ARMATE-300x146.jpg\" class=\"attachment-medium size-medium\" alt=\"\" srcset=\"https:\/\/www.radiopiu.net\/wordpress\/wp-content\/uploads\/2019\/09\/CALCIO-A-5-POLPET-SOSTENITORI-DELLE-FORZE-ARMATE-300x146.jpg 300w, https:\/\/www.radiopiu.net\/wordpress\/wp-content\/uploads\/2019\/09\/CALCIO-A-5-POLPET-SOSTENITORI-DELLE-FORZE-ARMATE-768x373.jpg 768w, https:\/\/www.radiopiu.net\/wordpress\/wp-content\/uploads\/2019\/09\/CALCIO-A-5-POLPET-SOSTENITORI-DELLE-FORZE-ARMATE-1024x498.jpg 1024w, https:\/\/www.radiopiu.net\/wordpress\/wp-content\/uploads\/2019\/09\/CALCIO-A-5-POLPET-SOSTENITORI-DELLE-FORZE-ARMATE.jpg 1280w\" sizes=\"auto, (max-width: 300px) 100vw, 300px\" \/><\/a>\n\t\t\t\t<\/dt><\/dl><dl class='gallery-item'>\n\t\t\t\t<dt class='gallery-icon landscape'>\n\t\t\t\t\t<a class=\"rollover\" href='https:\/\/www.radiopiu.net\/wordpress\/calcio-a-5-polpet-6-memorial-bruno-longhi\/calcio-a-5-polpet-polizia-penitenziaria-belluno\/'><img loading=\"lazy\" decoding=\"async\" width=\"300\" height=\"146\" src=\"https:\/\/www.radiopiu.net\/wordpress\/wp-content\/uploads\/2019\/09\/CALCIO-A-5-POLPET-POLIZIA-PENITENZIARIA-BELLUNO-300x146.jpg\" class=\"attachment-medium size-medium\" alt=\"\" srcset=\"https:\/\/www.radiopiu.net\/wordpress\/wp-content\/uploads\/2019\/09\/CALCIO-A-5-POLPET-POLIZIA-PENITENZIARIA-BELLUNO-300x146.jpg 300w, https:\/\/www.radiopiu.net\/wordpress\/wp-content\/uploads\/2019\/09\/CALCIO-A-5-POLPET-POLIZIA-PENITENZIARIA-BELLUNO-768x373.jpg 768w, https:\/\/www.radiopiu.net\/wordpress\/wp-content\/uploads\/2019\/09\/CALCIO-A-5-POLPET-POLIZIA-PENITENZIARIA-BELLUNO-1024x498.jpg 1024w, https:\/\/www.radiopiu.net\/wordpress\/wp-content\/uploads\/2019\/09\/CALCIO-A-5-POLPET-POLIZIA-PENITENZIARIA-BELLUNO.jpg 1280w\" sizes=\"auto, (max-width: 300px) 100vw, 300px\" \/><\/a>\n\t\t\t\t<\/dt><\/dl><dl class='gallery-item'>\n\t\t\t\t<dt class='gallery-icon landscape'>\n\t\t\t\t\t<a class=\"rollover\" href='https:\/\/www.radiopiu.net\/wordpress\/calcio-a-5-polpet-6-memorial-bruno-longhi\/calcio-a-5-polpet-amici-dellipa\/'><img loading=\"lazy\" decoding=\"async\" width=\"300\" height=\"146\" src=\"https:\/\/www.radiopiu.net\/wordpress\/wp-content\/uploads\/2019\/09\/CALCIO-A-5-POLPET-AMICI-DELLIPA-300x146.jpg\" class=\"attachment-medium size-medium\" alt=\"\" srcset=\"https:\/\/www.radiopiu.net\/wordpress\/wp-content\/uploads\/2019\/09\/CALCIO-A-5-POLPET-AMICI-DELLIPA-300x146.jpg 300w, https:\/\/www.radiopiu.net\/wordpress\/wp-content\/uploads\/2019\/09\/CALCIO-A-5-POLPET-AMICI-DELLIPA-768x373.jpg 768w, https:\/\/www.radiopiu.net\/wordpress\/wp-content\/uploads\/2019\/09\/CALCIO-A-5-POLPET-AMICI-DELLIPA-1024x498.jpg 1024w, https:\/\/www.radiopiu.net\/wordpress\/wp-content\/uploads\/2019\/09\/CALCIO-A-5-POLPET-AMICI-DELLIPA.jpg 1280w\" sizes=\"auto, (max-width: 300px) 100vw, 300px\" \/><\/a>\n\t\t\t\t<\/dt><\/dl><br style=\"clear: both\" \/><dl class='gallery-item'>\n\t\t\t\t<dt class='gallery-icon landscape'>\n\t\t\t\t\t<a class=\"rollover\" href='https:\/\/www.radiopiu.net\/wordpress\/calcio-a-5-polpet-6-memorial-bruno-longhi\/calcio-a-5-polpet-carabinieri-belluno\/'><img loading=\"lazy\" decoding=\"async\" width=\"300\" height=\"146\" src=\"https:\/\/www.radiopiu.net\/wordpress\/wp-content\/uploads\/2019\/09\/CALCIO-A-5-POLPET-CARABINIERI-BELLUNO-300x146.jpg\" class=\"attachment-medium size-medium\" alt=\"\" srcset=\"https:\/\/www.radiopiu.net\/wordpress\/wp-content\/uploads\/2019\/09\/CALCIO-A-5-POLPET-CARABINIERI-BELLUNO-300x146.jpg 300w, https:\/\/www.radiopiu.net\/wordpress\/wp-content\/uploads\/2019\/09\/CALCIO-A-5-POLPET-CARABINIERI-BELLUNO-768x373.jpg 768w, https:\/\/www.radiopiu.net\/wordpress\/wp-content\/uploads\/2019\/09\/CALCIO-A-5-POLPET-CARABINIERI-BELLUNO-1024x498.jpg 1024w, https:\/\/www.radiopiu.net\/wordpress\/wp-content\/uploads\/2019\/09\/CALCIO-A-5-POLPET-CARABINIERI-BELLUNO.jpg 1280w\" sizes=\"auto, (max-width: 300px) 100vw, 300px\" \/><\/a>\n\t\t\t\t<\/dt><\/dl><dl class='gallery-item'>\n\t\t\t\t<dt class='gallery-icon landscape'>\n\t\t\t\t\t<a class=\"rollover\" href='https:\/\/www.radiopiu.net\/wordpress\/calcio-a-5-polpet-6-memorial-bruno-longhi\/calcio-a-5-polpet-questura-belluno\/'><img loading=\"lazy\" decoding=\"async\" width=\"300\" height=\"146\" src=\"https:\/\/www.radiopiu.net\/wordpress\/wp-content\/uploads\/2019\/09\/CALCIO-A-5-POLPET-QUESTURA-BELLUNO-300x146.jpg\" class=\"attachment-medium size-medium\" alt=\"\" srcset=\"https:\/\/www.radiopiu.net\/wordpress\/wp-content\/uploads\/2019\/09\/CALCIO-A-5-POLPET-QUESTURA-BELLUNO-300x146.jpg 300w, https:\/\/www.radiopiu.net\/wordpress\/wp-content\/uploads\/2019\/09\/CALCIO-A-5-POLPET-QUESTURA-BELLUNO-768x373.jpg 768w, https:\/\/www.radiopiu.net\/wordpress\/wp-content\/uploads\/2019\/09\/CALCIO-A-5-POLPET-QUESTURA-BELLUNO-1024x498.jpg 1024w, https:\/\/www.radiopiu.net\/wordpress\/wp-content\/uploads\/2019\/09\/CALCIO-A-5-POLPET-QUESTURA-BELLUNO.jpg 1280w\" sizes=\"auto, (max-width: 300px) 100vw, 300px\" \/><\/a>\n\t\t\t\t<\/dt><\/dl><dl class='gallery-item'>\n\t\t\t\t<dt class='gallery-icon landscape'>\n\t\t\t\t\t<a class=\"rollover\" href='https:\/\/www.radiopiu.net\/wordpress\/calcio-a-5-polpet-6-memorial-bruno-longhi\/calcio-a-5-polpet-ipa-belluno\/'><img loading=\"lazy\" decoding=\"async\" width=\"300\" height=\"146\" src=\"https:\/\/www.radiopiu.net\/wordpress\/wp-content\/uploads\/2019\/09\/CALCIO-A-5-POLPET-IPA-BELLUNO-300x146.jpg\" class=\"attachment-medium size-medium\" alt=\"\" srcset=\"https:\/\/www.radiopiu.net\/wordpress\/wp-content\/uploads\/2019\/09\/CALCIO-A-5-POLPET-IPA-BELLUNO-300x146.jpg 300w, https:\/\/www.radiopiu.net\/wordpress\/wp-content\/uploads\/2019\/09\/CALCIO-A-5-POLPET-IPA-BELLUNO-768x373.jpg 768w, https:\/\/www.radiopiu.net\/wordpress\/wp-content\/uploads\/2019\/09\/CALCIO-A-5-POLPET-IPA-BELLUNO-1024x498.jpg 1024w, https:\/\/www.radiopiu.net\/wordpress\/wp-content\/uploads\/2019\/09\/CALCIO-A-5-POLPET-IPA-BELLUNO.jpg 1280w\" sizes=\"auto, (max-width: 300px) 100vw, 300px\" \/><\/a>\n\t\t\t\t<\/dt><\/dl><br style=\"clear: both\" \/>\n\t\t\t<\/div>\n\n<p>&nbsp;<\/p>\n<p>&nbsp;<\/p>\n<p><center><\/center><center><\/center><center><a class=\"dt-pswp-item\" href=\"http:\/\/www.radiopiu.net\/wordpress\/wp-content\/uploads\/2018\/09\/WhatsApp-Image-2018-09-20-at-16.04.06.jpeg\" data-dt-img-description=\"\" data-large_image_width=\"800\" data-large_image_height=\"100\"><img loading=\"lazy\" decoding=\"async\" class=\"aligncenter wp-image-61378 size-full\" src=\"http:\/\/www.radiopiu.net\/wordpress\/wp-content\/uploads\/2018\/09\/WhatsApp-Image-2018-09-20-at-16.04.06.jpeg\" alt=\"\" width=\"800\" height=\"100\" srcset=\"https:\/\/www.radiopiu.net\/wordpress\/wp-content\/uploads\/2018\/09\/WhatsApp-Image-2018-09-20-at-16.04.06.jpeg 800w, https:\/\/www.radiopiu.net\/wordpress\/wp-content\/uploads\/2018\/09\/WhatsApp-Image-2018-09-20-at-16.04.06-300x38.jpeg 300w, https:\/\/www.radiopiu.net\/wordpress\/wp-content\/uploads\/2018\/09\/WhatsApp-Image-2018-09-20-at-16.04.06-768x96.jpeg 768w\" sizes=\"auto, (max-width: 800px) 100vw, 800px\" \/><\/a><\/center><center><\/center><center><b>Lunedi 9<\/b><\/center><b>Tempo atteso: <\/b>Dopo i possibili, residui fenomeni notturni sul Bellunese, la giornata sar\u00e0 in prevalenza soleggiata, fresca e generalmente stabile. Al mattino cielo sereno o poco nuvoloso, salve qualche nebbia o nube bassa al primo mattino in Valbelluna. Nel pomeriggio-sera cielo poco nuvoloso\/parzialmente velato, salvo qualche breve addensamento sul Bellunese, specie verso sera.<br \/>\n<b>Precipitazioni: <\/b>Generalmente assenti (0-10%). Verso sera non escluso del tutto qualche piovasco sul Bellunese (10-20%).<br \/>\n<b>Temperature: <\/b>Temperature minime in diminuzione, massime in aumento, anche sensibile. Su Prealpi a 1500 m min 6\u00b0C max 9\u00b0C, a 2000 m min 3\u00b0C max 7\u00b0C. Su Dolomiti a 2000 m min 0\u00b0C max 8\u00b0C, a 3000 m min -5\u00b0C max -3\u00b0C.<br \/>\n<b>Venti: <\/b>Nelle valli deboli\/variabili, salvo rinforzi di F\u00f6hn nella notte e al primo mattino; in quota inizialmente moderati o tesi da Nord, poi in giornata deboli \/moderati occidentali, a 10-20 km\/h a 2000 m, 20-30 km\/h a 3000 m.<\/p>\n<hr \/>\n<p><center><b>Martedi 10<\/b><\/center><b>Tempo atteso: <\/b>Tempo soleggiato e stabile, con cielo poco nuvoloso, salvo iniziali nubi basse in Valbelluna, in successivo diradamento. In serata velatura del cielo per l&#8217;arrivo da Sud di nubi alte e sottili.<br \/>\n<b>Precipitazioni: <\/b>Assenti (0%)<br \/>\n<b>Temperature: <\/b>In aumento, salvo rimanere quasi stazionarie le minime a fondovalle. Su Prealpi a 1500 m min 7\u00b0C max 11\u00b0C, a 2000 m min 4\u00b0C max 8\u00b0C. Su Dolomiti a 2000 m min 1\u00b0C max 9\u00b0C, a 3000 m min -3\u00b0C max 0\u00b0C.<br \/>\n<b>Venti: <\/b>Nelle valli deboli a regime di brezza; in quota deboli o moderati da Sud-Ovest, a 5-15 km\/h a 2000 m, 15-30 km\/h a 3000 m.<\/p>\n<hr \/>\n<p><center><b>Mercoledi 11<\/b><\/center>In prevalenza soleggiato, con cielo poco nuvoloso\/parzialmente velato per nubi medio\/alte irregolari. Temperature in aumento. Venti in quota deboli o moderati da Sud-Est, in attenuazione e rotazione a Est verso sera.<\/p>\n<hr \/>\n<p><center><b>Giovedi 12<\/b><\/center>Giornata bella e calda per il periodo. Temperature in ulteriore, lieve aumento, su valori 3-4\u00b0C superiori alla norma. Venti in quota generalmente deboli, di direzione variabile. Previsore: B.R.<\/p>\n<p>&nbsp;<\/p>\n<p>&nbsp;<\/p>\n","protected":false},"excerpt":{"rendered":"<p>Era stato preannunciato un fine settimana con il maltempo e maltempo \u00e8 stato, non a caso tanti eventi sono stati annullati o rinviati. Pioggia battente in tutta la provincia, soprattutto in Cadore e in Valbelluna. Oltre i 2000 metri \u00e8 caduta la prima neve, le foto con il manto bianco di Passo Fedaia hanno fatto&hellip;<\/p>\n","protected":false},"author":1,"featured_media":97708,"comment_status":"closed","ping_status":"closed","sticky":false,"template":"","format":"standard","meta":{"_monsterinsights_skip_tracking":false,"_monsterinsights_sitenote_active":false,"_monsterinsights_sitenote_note":"","_monsterinsights_sitenote_category":0,"footnotes":""},"categories":[86],"tags":[],"class_list":["post-97697","post","type-post","status-publish","format-standard","has-post-thumbnail","hentry","category-gr","category-86","description-off"],"img_url":"https:\/\/www.radiopiu.net\/wordpress\/wp-content\/uploads\/2019\/09\/WhatsApp-Image-2019-09-08-at-13.13.34.jpeg","_links":{"self":[{"href":"https:\/\/www.radiopiu.net\/wordpress\/wp-json\/wp\/v2\/posts\/97697","targetHints":{"allow":["GET"]}}],"collection":[{"href":"https:\/\/www.radiopiu.net\/wordpress\/wp-json\/wp\/v2\/posts"}],"about":[{"href":"https:\/\/www.radiopiu.net\/wordpress\/wp-json\/wp\/v2\/types\/post"}],"author":[{"embeddable":true,"href":"https:\/\/www.radiopiu.net\/wordpress\/wp-json\/wp\/v2\/users\/1"}],"replies":[{"embeddable":true,"href":"https:\/\/www.radiopiu.net\/wordpress\/wp-json\/wp\/v2\/comments?post=97697"}],"version-history":[{"count":0,"href":"https:\/\/www.radiopiu.net\/wordpress\/wp-json\/wp\/v2\/posts\/97697\/revisions"}],"wp:featuredmedia":[{"embeddable":true,"href":"https:\/\/www.radiopiu.net\/wordpress\/wp-json\/wp\/v2\/media\/97708"}],"wp:attachment":[{"href":"https:\/\/www.radiopiu.net\/wordpress\/wp-json\/wp\/v2\/media?parent=97697"}],"wp:term":[{"taxonomy":"category","embeddable":true,"href":"https:\/\/www.radiopiu.net\/wordpress\/wp-json\/wp\/v2\/categories?post=97697"},{"taxonomy":"post_tag","embeddable":true,"href":"https:\/\/www.radiopiu.net\/wordpress\/wp-json\/wp\/v2\/tags?post=97697"}],"curies":[{"name":"wp","href":"https:\/\/api.w.org\/{rel}","templated":true}]}}