{"id":97776,"date":"2019-09-10T05:59:36","date_gmt":"2019-09-10T03:59:36","guid":{"rendered":"http:\/\/www.radiopiu.net\/wordpress\/?p=97776"},"modified":"2019-09-10T06:09:00","modified_gmt":"2019-09-10T04:09:00","slug":"in-memoria-dei-dimenticati","status":"publish","type":"post","link":"https:\/\/www.radiopiu.net\/wordpress\/in-memoria-dei-dimenticati\/","title":{"rendered":"IN MEMORIA DEI DIMENTICATI"},"content":{"rendered":"<h3><\/h3>\n<p style=\"text-align: left;\"><strong><a class=\"dt-pswp-item\" href=\"http:\/\/www.radiopiu.net\/wordpress\/wp-content\/uploads\/2019\/09\/download-3.jpg\" data-dt-img-description=\"\" data-large_image_width=\"259\" data-large_image_height=\"194\"><img loading=\"lazy\" decoding=\"async\" class=\" wp-image-97775 alignleft\" src=\"http:\/\/www.radiopiu.net\/wordpress\/wp-content\/uploads\/2019\/09\/download-3.jpg\" alt=\"\" width=\"227\" height=\"170\" \/><\/a>FALCADE<\/strong> Per iniziativa del Comune di Falcade questa sera alle 18 si terr\u00e0 una messa nella Cappella Barbieri, a seguire la deposizione di una corona di allora sulla lapide commemorativa. Saranno rammentati gli orrori e i danni prodotti dalla follia della guerra in Valle del Biois. L&#8217;ingiusto prezzo di una guerra, pagato dai civili inermi che non finsice con la distruzione da parte dei tedeschi dei paesi, ovvero degli appartenenti al Battaglion Bozen, composto principalmente da militari provenienti da paesi oggi italiani, ma si perpetua con il terrore permesso dall&#8217;anarchia che impevers\u00f2 tra il 1944 e il 1945. Il tempo allevia il dolore e guarisce le ferite, ma \u00e8 opportuno non dimenticare perch\u00e9 le generazioni future non debbano subire mai pi\u00f9 tali violenze, ma possano vivere nella pace e concordia. Considerato che ricordare civili inermi uccisi non vuole dire negare quanto successo il 20 agosto del 1944, non si mettono sullo stesso piano aguzzini ed inermi civili, anzi si differenziano gli schintholzer da chi pag\u00f2 con la vita la sua presenza in valle.<\/p>\n","protected":false},"excerpt":{"rendered":"<p>FALCADE Per iniziativa del Comune di Falcade questa sera alle 18 si terr\u00e0 una messa nella Cappella Barbieri, a seguire la deposizione di una corona di allora sulla lapide commemorativa. Saranno rammentati gli orrori e i danni prodotti dalla follia della guerra in Valle del Biois. L&#8217;ingiusto prezzo di una guerra, pagato dai civili inermi&hellip;<\/p>\n","protected":false},"author":1,"featured_media":97775,"comment_status":"closed","ping_status":"closed","sticky":false,"template":"","format":"standard","meta":{"_monsterinsights_skip_tracking":false,"_monsterinsights_sitenote_active":false,"_monsterinsights_sitenote_note":"","_monsterinsights_sitenote_category":0,"footnotes":""},"categories":[51,49],"tags":[],"class_list":["post-97776","post","type-post","status-publish","format-standard","has-post-thumbnail","hentry","category-evidenza-top","category-news-18","category-51","category-49","description-off"],"img_url":"https:\/\/www.radiopiu.net\/wordpress\/wp-content\/uploads\/2019\/09\/download-3.jpg","_links":{"self":[{"href":"https:\/\/www.radiopiu.net\/wordpress\/wp-json\/wp\/v2\/posts\/97776","targetHints":{"allow":["GET"]}}],"collection":[{"href":"https:\/\/www.radiopiu.net\/wordpress\/wp-json\/wp\/v2\/posts"}],"about":[{"href":"https:\/\/www.radiopiu.net\/wordpress\/wp-json\/wp\/v2\/types\/post"}],"author":[{"embeddable":true,"href":"https:\/\/www.radiopiu.net\/wordpress\/wp-json\/wp\/v2\/users\/1"}],"replies":[{"embeddable":true,"href":"https:\/\/www.radiopiu.net\/wordpress\/wp-json\/wp\/v2\/comments?post=97776"}],"version-history":[{"count":0,"href":"https:\/\/www.radiopiu.net\/wordpress\/wp-json\/wp\/v2\/posts\/97776\/revisions"}],"wp:featuredmedia":[{"embeddable":true,"href":"https:\/\/www.radiopiu.net\/wordpress\/wp-json\/wp\/v2\/media\/97775"}],"wp:attachment":[{"href":"https:\/\/www.radiopiu.net\/wordpress\/wp-json\/wp\/v2\/media?parent=97776"}],"wp:term":[{"taxonomy":"category","embeddable":true,"href":"https:\/\/www.radiopiu.net\/wordpress\/wp-json\/wp\/v2\/categories?post=97776"},{"taxonomy":"post_tag","embeddable":true,"href":"https:\/\/www.radiopiu.net\/wordpress\/wp-json\/wp\/v2\/tags?post=97776"}],"curies":[{"name":"wp","href":"https:\/\/api.w.org\/{rel}","templated":true}]}}