{"id":97819,"date":"2019-09-09T16:46:58","date_gmt":"2019-09-09T14:46:58","guid":{"rendered":"http:\/\/www.radiopiu.net\/wordpress\/?p=97819"},"modified":"2019-09-09T16:46:58","modified_gmt":"2019-09-09T14:46:58","slug":"per-family-audit-un-contributo-di-200-mila-euro","status":"publish","type":"post","link":"https:\/\/www.radiopiu.net\/wordpress\/per-family-audit-un-contributo-di-200-mila-euro\/","title":{"rendered":"PER FAMILY AUDIT UN CONTRIBUTO DI 200 MILA EURO"},"content":{"rendered":"<p><strong><a class=\"dt-pswp-item\" href=\"http:\/\/www.radiopiu.net\/wordpress\/wp-content\/uploads\/2019\/09\/Gruppo-Family-Audit.jpg\" data-dt-img-description=\"\" data-large_image_width=\"4000\" data-large_image_height=\"3000\"><img loading=\"lazy\" decoding=\"async\" class=\" wp-image-97822 alignleft\" src=\"http:\/\/www.radiopiu.net\/wordpress\/wp-content\/uploads\/2019\/09\/Gruppo-Family-Audit-300x225.jpg\" alt=\"\" width=\"372\" height=\"279\" srcset=\"https:\/\/www.radiopiu.net\/wordpress\/wp-content\/uploads\/2019\/09\/Gruppo-Family-Audit-300x225.jpg 300w, https:\/\/www.radiopiu.net\/wordpress\/wp-content\/uploads\/2019\/09\/Gruppo-Family-Audit-768x576.jpg 768w, https:\/\/www.radiopiu.net\/wordpress\/wp-content\/uploads\/2019\/09\/Gruppo-Family-Audit-1024x768.jpg 1024w\" sizes=\"auto, (max-width: 372px) 100vw, 372px\" \/><\/a>FELTRE<\/strong>\u00a0 Conciliare i tempi di lavoro con quelli di cura della famiglia, nell\u2019ottica di migliorare le pratiche e le ricadute in entrambi gli ambienti. E\u2019 questo l\u2019obiettivo del progetto Family Audit presentato nel municipio di Feltre, il Comune che lo ha promosso, aggregando attorno a s\u00e9 una serie di soggetti ed enti che collaboreranno poi alla sua declinazione sul territorio. Tra di essi il Consorzio Bim Piave, che funger\u00e0 da soggetto capofila ed attuatore della parte amministrativa; con lui oltre \u2013 come detto &#8211; al Comune di Feltre, la Provincia di Belluno, Confindustria Belluno Dolomiti, le organizzazioni sindacali, la Provincia di Trento. Le risorse derivanti dal progetto, uno dei soli sei approvati a livello nazionale nell\u2019ambito di un\u2019iniziativa della Presidenza del Consiglio dei Ministri \u2013 Dipartimento per le Politiche della Famiglia, saranno messe a disposizione delle imprese interessate a costruire, in co-finanziamento, un percorso di work life balance (bilanciamento dei tempi vita\/lavoro) progettato grazie a dei consulenti esperti del settore; al termine di un percorso rigoroso della durata di circa tre anni, l\u2019azienda ricever\u00e0 quindi certificata grazie al \u201cbollino\u201d Family Audit\u201d. L\u2019obiettivo primario dell\u2019iniziativa, \u00e8 stato sottolineato da pi\u00f9 parti, non \u00e8 peraltro solo e soltanto quello di una certificazione, pur importante, di un percorso virtuoso, ma piuttosto quello di promuovere un approccio nuovo e accompagnare anche le imprese meno strutturate lungo un percorso di politiche family friendly, di concerto con i lavoratori e le organizzazioni sindacali. Conciliare in maniera produttiva i tempi di vita privata e di lavoro \u00e8 certamente una delle sfide del nuovo secolo, anche con riguardo ad alcune questioni importanti, come il riconoscimento della parit\u00e0 di genere e la tutela delle prerogative della maternit\u00e0 e della paternit\u00e0. Nelle prossime settimane il Consorzio Bim Piave, di concerto con gli altri attori coinvolti, metter\u00e0 a punto il bando di accesso ai finanziamenti, previsti in ragione di ciascuna impresa tra i 5 e i 10 mila euro, e le modalit\u00e0 per prendervi parte.<\/p>\n<p><strong>L&#8217;ASSESSORE DEBORA NICOLETTO<\/strong><\/p>\n<audio class=\"wp-audio-shortcode\" id=\"audio-97819-1\" preload=\"none\" style=\"width: 100%;\" controls=\"controls\"><source type=\"audio\/mpeg\" src=\"http:\/\/www.radiopiu.net\/wordpress\/wp-content\/uploads\/2019\/09\/nicoletta.mp3?_=1\" \/><a href=\"http:\/\/www.radiopiu.net\/wordpress\/wp-content\/uploads\/2019\/09\/nicoletta.mp3\">http:\/\/www.radiopiu.net\/wordpress\/wp-content\/uploads\/2019\/09\/nicoletta.mp3<\/a><\/audio>\n<p><strong>IL PRESIDENTE CONSORZIO BIM UMBERTO SOCCAL<\/strong><\/p>\n<audio class=\"wp-audio-shortcode\" id=\"audio-97819-2\" preload=\"none\" style=\"width: 100%;\" controls=\"controls\"><source type=\"audio\/mpeg\" src=\"http:\/\/www.radiopiu.net\/wordpress\/wp-content\/uploads\/2019\/09\/soccal.mp3?_=2\" \/><a href=\"http:\/\/www.radiopiu.net\/wordpress\/wp-content\/uploads\/2019\/09\/soccal.mp3\">http:\/\/www.radiopiu.net\/wordpress\/wp-content\/uploads\/2019\/09\/soccal.mp3<\/a><\/audio>\n<p>&nbsp;<\/p>\n","protected":false},"excerpt":{"rendered":"<p>FELTRE\u00a0 Conciliare i tempi di lavoro con quelli di cura della famiglia, nell\u2019ottica di migliorare le pratiche e le ricadute in entrambi gli ambienti. E\u2019 questo l\u2019obiettivo del progetto Family Audit presentato nel municipio di Feltre, il Comune che lo ha promosso, aggregando attorno a s\u00e9 una serie di soggetti ed enti che collaboreranno poi&hellip;<\/p>\n","protected":false},"author":1,"featured_media":97822,"comment_status":"closed","ping_status":"closed","sticky":false,"template":"","format":"standard","meta":{"_monsterinsights_skip_tracking":false,"_monsterinsights_sitenote_active":false,"_monsterinsights_sitenote_note":"","_monsterinsights_sitenote_category":0,"footnotes":""},"categories":[49],"tags":[],"class_list":["post-97819","post","type-post","status-publish","format-standard","has-post-thumbnail","hentry","category-news-18","category-49","description-off"],"img_url":"https:\/\/www.radiopiu.net\/wordpress\/wp-content\/uploads\/2019\/09\/Gruppo-Family-Audit.jpg","_links":{"self":[{"href":"https:\/\/www.radiopiu.net\/wordpress\/wp-json\/wp\/v2\/posts\/97819","targetHints":{"allow":["GET"]}}],"collection":[{"href":"https:\/\/www.radiopiu.net\/wordpress\/wp-json\/wp\/v2\/posts"}],"about":[{"href":"https:\/\/www.radiopiu.net\/wordpress\/wp-json\/wp\/v2\/types\/post"}],"author":[{"embeddable":true,"href":"https:\/\/www.radiopiu.net\/wordpress\/wp-json\/wp\/v2\/users\/1"}],"replies":[{"embeddable":true,"href":"https:\/\/www.radiopiu.net\/wordpress\/wp-json\/wp\/v2\/comments?post=97819"}],"version-history":[{"count":0,"href":"https:\/\/www.radiopiu.net\/wordpress\/wp-json\/wp\/v2\/posts\/97819\/revisions"}],"wp:featuredmedia":[{"embeddable":true,"href":"https:\/\/www.radiopiu.net\/wordpress\/wp-json\/wp\/v2\/media\/97822"}],"wp:attachment":[{"href":"https:\/\/www.radiopiu.net\/wordpress\/wp-json\/wp\/v2\/media?parent=97819"}],"wp:term":[{"taxonomy":"category","embeddable":true,"href":"https:\/\/www.radiopiu.net\/wordpress\/wp-json\/wp\/v2\/categories?post=97819"},{"taxonomy":"post_tag","embeddable":true,"href":"https:\/\/www.radiopiu.net\/wordpress\/wp-json\/wp\/v2\/tags?post=97819"}],"curies":[{"name":"wp","href":"https:\/\/api.w.org\/{rel}","templated":true}]}}